{"id":1805,"date":"2020-09-29T06:40:25","date_gmt":"2020-09-29T06:40:25","guid":{"rendered":"https:\/\/www.discover-innsbruck.at\/?p=1805"},"modified":"2026-01-12T10:47:02","modified_gmt":"2026-01-12T10:47:02","slug":"servitenkirche","status":"publish","type":"post","link":"https:\/\/www.discover-innsbruck.at\/en\/servitenkirche\/","title":{"rendered":"Servitenkirche"},"content":{"rendered":"<p>[et_pb_section fb_built=&#8220;1&#8243; specialty=&#8220;on&#8220; _builder_version=&#8220;4.24.3&#8243; _module_preset=&#8220;default&#8220; global_colors_info=&#8220;{}&#8220;][et_pb_column type=&#8220;1_2&#8243; specialty_columns=&#8220;2&#8243; _builder_version=&#8220;4.16&#8243; custom_padding=&#8220;|||&#8220; global_colors_info=&#8220;{}&#8220; custom_padding__hover=&#8220;|||&#8220;][et_pb_row_inner _builder_version=&#8220;4.16&#8243; _module_preset=&#8220;default&#8220; global_colors_info=&#8220;{}&#8220;][et_pb_column_inner saved_specialty_column_type=&#8220;1_2&#8243; _builder_version=&#8220;4.16&#8243; _module_preset=&#8220;default&#8220; global_colors_info=&#8220;{}&#8220;][et_pb_text admin_label=&#8220;Titel und Adresse&#8220; _builder_version=&#8220;4.24.3&#8243; text_text_color=&#8220;#000000&#8243; header_font=&#8220;|on|||&#8220; header_text_align=&#8220;center&#8220; header_text_color=&#8220;#e09900&#8243; header_font_size=&#8220;42px&#8220; header_line_height=&#8220;1.3em&#8220; header_2_text_color=&#8220;#e09900&#8243; background_color=&#8220;rgba(255,255,255,0.8)&#8220; background_layout=&#8220;dark&#8220; custom_padding=&#8220;20px|20px|20px|20px|true|true&#8220; header_font_size_last_edited=&#8220;off|desktop&#8220; border_radii=&#8220;on|10px|10px|10px|10px&#8220; box_shadow_style=&#8220;preset1&#8243; locked=&#8220;off&#8220; global_colors_info=&#8220;{}&#8220;]<\/p>\n<h2>Servitenkirche<\/h2>\n<p>Maria-Theresienstra\u00dfe 42<\/p>\n<p>[\/et_pb_text][et_pb_image src=&#8220;https:\/\/www.discover-innsbruck.at\/wp-content\/uploads\/2020\/09\/Servitenkloster-Innsbruck-Kopie.jpg&#8220; alt=&#8220;Servitenkloster Innsbruck Kopie&#8220; title_text=&#8220;Servitenkloster Innsbruck Kopie&#8220; disabled_on=&#8220;on|on|on&#8220; _builder_version=&#8220;4.27.4&#8243; _module_preset=&#8220;default&#8220; border_radii=&#8220;on|10px|10px|10px|10px&#8220; box_shadow_style=&#8220;preset1&#8243; disabled=&#8220;on&#8220; global_colors_info=&#8220;{}&#8220;][\/et_pb_image][et_pb_gallery gallery_ids=&#8220;59814,65068,1273,68955&#8243; fullwidth=&#8220;on&#8220; admin_label=&#8220;Galerie Servitenkirche&#8220; _builder_version=&#8220;4.27.4&#8243; _module_preset=&#8220;default&#8220; pagination_text_color=&#8220;#E09900&#8243; border_radii=&#8220;on|5px|5px|5px|5px&#8220; box_shadow_style=&#8220;preset1&#8243; global_module=&#8220;61918&#8243; saved_tabs=&#8220;all&#8220; global_colors_info=&#8220;{}&#8220;][\/et_pb_gallery][\/et_pb_column_inner][\/et_pb_row_inner][\/et_pb_column][et_pb_column type=&#8220;1_2&#8243; _builder_version=&#8220;4.16&#8243; custom_padding=&#8220;|||&#8220; global_colors_info=&#8220;{}&#8220; custom_padding__hover=&#8220;|||&#8220;][et_pb_toggle title=&#8220;Wissenswert&#8220; open=&#8220;on&#8220; open_toggle_text_color=&#8220;#e09900&#8243; open_toggle_background_color=&#8220;#ffffff&#8220; closed_toggle_text_color=&#8220;#e09900&#8243; closed_toggle_background_color=&#8220;#ffffff&#8220; icon_color=&#8220;#e09900&#8243; open_icon_color=&#8220;#e09900&#8243; admin_label=&#8220;Servitenkirche&#8220; _builder_version=&#8220;4.27.4&#8243; _module_preset=&#8220;default&#8220; title_text_color=&#8220;#e09900&#8243; title_font_size=&#8220;18px&#8220; hover_enabled=&#8220;0&#8243; border_radii=&#8220;on|5px|5px|5px|5px&#8220; box_shadow_style=&#8220;preset1&#8243; global_module=&#8220;59032&#8243; saved_tabs=&#8220;all&#8220; global_colors_info=&#8220;{}&#8220; sticky_enabled=&#8220;0&#8243;]<\/p>\n<p>Die Geschichte der Servitenkirche ist spannender als man dem unscheinbaren Gotteshaus ansieht. Anna Catarina Gonzaga (1566 \u2013 1621), die zweite Frau von Landesf\u00fcrst Ferdinand II.,\u00a0gr\u00fcndete 1612 in Innsbruck mit dem Servitenkloster die erste Niederlassung des \u201e<em>Ordo Servorum Mariae<\/em>\u201c (Orden der Diener Marias). Das Kloster war zu dieser Zeit das einzige dem Heiligen Josef geweihte Konvent n\u00f6rdlich der Alpen. Das Mosaik im farbenpr\u00e4chtigen Eingangsgew\u00f6lbe zeigt das Wappen des Herzogtums Mantua mit den vier schwarzen Adlern und dem roten L\u00f6wen gemeinsam mit dem Wappen des Erzherzogtums \u00d6sterreich. Es symbolisiert die Verbindung Ferdinands und Anna Catarina Gonzagas und ihrer Dynastien. Die Stadtstaaten Italiens hatten ihre beste Zeit zwar hinter sich, trotzdem verf\u00fcgten sie noch immer Mittel, um sich mit den h\u00f6chsten Kreisen der europ\u00e4ischen Aristokratie zu verm\u00e4hlen. Die norditalienischen F\u00fcrstent\u00fcmer und die Habsburger waren in dieser Zeit der Kirchenspaltung das katholische Bollwerk Europas. Die Ansiedlung dieses strengen Ordens war der frommen Landesf\u00fcrsten aus Norditalien ein gro\u00dfes Anliegen. Die Serviten widmeten sich als Bettelorden in ihrer Fr\u00fchzeit der Armenf\u00fcrsorge. W\u00e4hrend der Reformation wurde der aus der Toskana stammende Servitenorden im deutschsprachigen Raum komplett aufgel\u00f6st und konnte sich erst im 17. Jahrhundert von Innsbruck aus wieder ausbreiten.<\/p>\n<p>Dem Servitenorden war in Innsbruck kein einfaches Los bestimmt. Nur wenige Jahre nach der Kirchenweihe brannte der erste Bau 1620 zu einem gro\u00dfen Teil ab. Erhalten blieb der gotische Eingangsbereich des ersten Gotteshauses mit den markanten S\u00e4ulen. Der Plan der Stifterin, sich in dem selbst gestifteten Gotteshaus beerdigen zu lassen, musste erstmal zur\u00fcckstehen.\u00a0Johann Martin und Georg Anton Gumpp\u00a0planten den Neubau 1626 im Barockstil. Anna Caterina Gonzaga war zu diesem Zeitpunkt bereits verstorben. Anstatt wie geplant in der Servitenkirche wurde sie bis zur Fertigstellung im Servitinnenklosters, sp\u00e4ter in der Jesuitenkirche begraben. Erst 1693 fand sie nach erneuter \u00dcberstellung ihren Platz gemeinsam mit ihrer Tochter in der Kirche. Im 20. Jahrhundert stand das Servitenkloster erneut vor dem Ende. Am 3. November 1938 l\u00f6sten die Nationalsozialisten den Servitenorden als erstes Kloster in Innsbruck \u201e<em>zum Schutze des Volkes<\/em>\u201c auf. Besonders im katholischen Tirol mussten Aktionen gegen die Kirche mit gro\u00dfer Sorgfalt geplant und kommuniziert werden. Oft wurden daf\u00fcr die haarstr\u00e4ubendsten Geschichten in die Welt gesetzt. In der \u00d6sterreichausgabe des \u201e<em>V\u00f6lkischen Beobachter<\/em>\u201c vom 4. November 1938 ist als Grund daf\u00fcr zu lesen:<\/p>\n<p>\u201e<em>Staatspolizeiliche Untersuchungen im Servitenkloster in Innsbruck ergaben, dass in diesem Kloster derart sittenwidrige Zust\u00e4nde herrschen, dass es unm\u00f6glich ist, sie in der \u00d6ffentlichkeit zu unterbreiten. Es handelt sich bei dem genannten Kloster um eine Lasterh\u00f6hle erster Ordnung, hinter deren Treiben das staatsfeindliche Verhalten, das durch aufgefundene Schriften festgestellt wurde, weit in den Hintergrund <\/em>tritt.\u201c<\/p>\n<p>Am 15. Dezember 1943 wurde die Servitenkirche beim ersten Luftangriff auf Innsbruck zerst\u00f6rt. Nur kleine Teil der der historischen Struktur und einige Bilder und Relikte in der Kunstkammer und im Museum des Klosters blieben unbesch\u00e4digt. Das markante Gem\u00e4lde an der Au\u00dfenseite wurde nach 1945 beim Wiederaufbau von Hans Andre (1902 \u2013 1991), der nach dem Krieg auch die ramponierte Spitalskirche auf Vordermann brachte, neu geschaffen. Der geb\u00fcrtige Innsbrucker absolvierte wie so viele Tiroler K\u00fcnstler des 20. Jahrhunderts die Gewerbeschule, die heutige HTL. Nach f\u00fcnf Jahren an der Universit\u00e4t f\u00fcr angewandte Kunst und kurzer Zusammenarbeit mit Clemens Holzmeister kehrte er nach Innsbruck zur\u00fcck. Nach dem Zweiten Weltkrieg besch\u00e4ftigte er sich vor allem damit, vom Krieg ramponierte Gottesh\u00e4user wieder erstrahlen zu lassen. Seine gleichzeitig barocke und modern anmutende Interpretation der Kreuzigungsszene an der Au\u00dfenfassade dr\u00fcckt die ged\u00e4mpfte Stimmung der Nachkriegszeit aus. Auch die Malereien im Innenbereich des Kirchenraumes wurde von Andre erschaffen.<\/p>\n<p>[\/et_pb_toggle][et_pb_toggle title=&#8220;Anna Caterina Gonzaga &#8211; die fromme Landesf\u00fcrstin&#8220; open_toggle_text_color=&#8220;#e09900&#8243; open_toggle_background_color=&#8220;#ffffff&#8220; closed_toggle_text_color=&#8220;#e09900&#8243; closed_toggle_background_color=&#8220;#ffffff&#8220; icon_color=&#8220;#e09900&#8243; open_icon_color=&#8220;#e09900&#8243; admin_label=&#8220;Anna Caterina Gonzaga &#8211; die fromme Landesf\u00fcrstin&#8220; _builder_version=&#8220;4.27.0&#8243; _module_preset=&#8220;default&#8220; title_text_color=&#8220;#e09900&#8243; title_font_size=&#8220;18px&#8220; border_radii=&#8220;on|5px|5px|5px|5px&#8220; box_shadow_style=&#8220;preset1&#8243; global_module=&#8220;53705&#8243; saved_tabs=&#8220;all&#8220; global_colors_info=&#8220;{}&#8220;]<\/p>\n<p>Innsbrucker sehen sich gerne als eine Art n\u00f6rdlicher Vorposten Italiens, eine Mischung aus italienischer Lebenskunst und deutscher Pr\u00e4zision. Neben der Vorliebe f\u00fcr Wein und Bier in gleichem Ma\u00dfe k\u00f6nnte auch die Vorliebe Tiroler Landesf\u00fcrsten f\u00fcr die T\u00f6chter der italienischen Hocharistokratie und deren Einfluss auf die Stadt ein Grund daf\u00fcr sein. Anna Caterina Gonzaga (1566 \u2013 1621), als &#8222;<em>Principessa<\/em>&#8220; von Mantua geboren, musste mit 16 Jahren Ferdinand II., den als Lebemann bekannten Landesf\u00fcrsten von Tirol, heiraten. Noch w\u00e4hrend dessen erste Frau Philippine Welser lebte, jedoch bereits krank war, hatte er um ihre Hand angehalten. Mantua war damals einer der reichsten F\u00fcrstenh\u00f6fe Europas und ein Zentrum der Renaissance. Ferdinand war bei der Hochzeit schon 53. Zudem war er dank ung\u00fcnstiger Verquickungen durch die Hochzeitspolitik vergangener Jahrzehnte der Onkel Anna Caterina Gonzagas. Um die Hochzeit durchf\u00fchren zu k\u00f6nnen, musste der Papst eine Sondererlaubnis ausstellen. Notwendig wurde die Ehe, weil Ferdinand aus seiner ersten Ehe keinen Thronfolger geltend machen konnte. Auch mit Anna Catarina gelangen Ferdinand II. &#8222;nur&#8220; drei T\u00f6chter. F\u00fcr das Haus Habsburg bedeutete die Heirat eine betr\u00e4chtliche Mitgift, die aus Mantua nach Tirol kam. Der Vater Anna Caterina Gonzagas durfte sich im Gegenzug mit dem Titel <em>Hoheit<\/em> schm\u00fccken, den ihm Kaiser Rudolf II., wie Ferdinand ein Habsburger, verlieh.<\/p>\n<p>Die fromme Mantovanerin fl\u00fcchtete sich in Tirol in ihren Glauben. Nach den Jesuiten unter Ferdinand I. und den Franziskanern lie\u00dfen sich unter der Obhut Anna Caterina Gonzagas 1593 die Kapuziner in Innsbruck nieder. In der Silbergasse am Ostende des Hofgartens entstand ein <em>Regelhaus<\/em>, um es der Landesf\u00fcrstin zu erm\u00f6glichen ihrem Glauben in aller Stille nachgehen zu k\u00f6nnen, ohne sich in aller Strenge dem Klosterleben unterwerfen zu m\u00fcssen. Nach dem Tod Ferdinands im Jahre 1595 gr\u00fcndete die nunmehrige Landesf\u00fcrstin von Tirol und tiefgl\u00e4ubige Frau das Servitenkloster in Innsbruck. Die Serviten waren im Volk sehr beliebt, hielten sie doch Armenspeisungen ab. Gro\u00dfz\u00fcgige Stiftungen an die Kirche waren nicht ungew\u00f6hnlich. Neben einem gottgef\u00e4lligen Leben waren Geschenke an die Kirche und Gebete nach dem Ableben eine M\u00f6glichkeit, das Seelenheil zu erlangen. Mitglieder des Hauses Habsburg im Speziellen hatten diese Sitte seit jeher betrieben und damit die \u00f6ffentliche Wohlfahrt in ihren Territorien ma\u00dfgeblich betrieben. Anna Caterina Gonzaga trat mit ihrer Tochter Maria in das offene Damenkloster mit etwas legereren Regeln ein, wo sie bis an ihr Lebensende ihrem Glauben nachging. Ihre Grablege fand sie zun\u00e4chst in der Gruft des Servitinnenklosters gemeinsam mit ihrer Tochter. 1693 wurden die sterblichen \u00dcberreste der beiden Frauen in die Jesuitenkirche \u00fcberstellt. Erst im Jahr 1906 fanden sie ihre letzte Ruhest\u00e4tte im Servitenkloster in der Maria-Theresien-Stra\u00dfe.<\/p>\n<p>[\/et_pb_toggle][et_pb_toggle title=&#8220;Auferstanden aus Ruinen&#8220; open_toggle_text_color=&#8220;#e09900&#8243; open_toggle_background_color=&#8220;#ffffff&#8220; closed_toggle_text_color=&#8220;#e09900&#8243; closed_toggle_background_color=&#8220;#ffffff&#8220; icon_color=&#8220;#e09900&#8243; open_icon_color=&#8220;#e09900&#8243; admin_label=&#8220;Auferstanden aus Ruinen die Nachkriegszeit in Innsbruck&#8220; _builder_version=&#8220;4.27.4&#8243; _module_preset=&#8220;default&#8220; title_text_color=&#8220;#e09900&#8243; title_font_size=&#8220;18px&#8220; border_radii=&#8220;on|5px|5px|5px|5px&#8220; box_shadow_style=&#8220;preset1&#8243; saved_tabs=&#8220;all&#8220; global_colors_info=&#8220;{}&#8220; global_module=&#8220;63476&#8243; theme_builder_area=&#8220;post_content&#8220;]<\/p>\n<p>Nach Kriegsende kontrollierten US-Truppen f\u00fcr zwei Monate Tirol. Anschlie\u00dfend \u00fcbernahm die Siegermacht Frankreich die Verwaltung. Den Tirolern blieb die sowjetische Besatzung, die \u00fcber Ost\u00f6sterreich hereinbrach, erspart. Besonders in den ersten drei Nachkriegsjahren war der Hunger der gr\u00f6\u00dfte Feind der Menschen. Der Mai 1945 brachte nicht nur das Kriegsende, sondern auch Schnee. Der Winter 1946\/47 ging als besonders kalt und lang in die Tiroler Klimageschichte ein, der Sommer als besonders hei\u00df und trocken. Es kam zu Ernteausf\u00e4llen von bis zu 50%. Die Versorgungslage war vor allem in der Stadt in der unmittelbaren Nachkriegszeit katastrophal. Die t\u00e4gliche Nahrungsmittelbeschaffung wurde zur lebensgef\u00e4hrlichen Sorge im Alltag der Innsbrucker. Neben den eigenen B\u00fcrgern mussten auch tausende von <em>Displaced Persons<\/em>, freigekommenen Zwangsarbeitern und Besatzungssoldaten ern\u00e4hrt werden. Um diese Aufgabe zu bew\u00e4ltigen, war die Tiroler Landesregierung auf die Hilfe von au\u00dferhalb angewiesen. Der Vorsitzende der UNRRA <em>(Anm.: United Nations Relief and Rehabilitation Administration<\/em>), die Kriegsgebiete mit dem N\u00f6tigsten versorgte, Fiorello La Guardia z\u00e4hlte \u00d6sterreich \u201e<em>zu jenen V\u00f6lkern der Welt, die dem Hungertod am n\u00e4chsten sind.<\/em>\u201c Milch, Brot, Eier, Zucker, Mehl, Fett \u2013 von allem war zu wenig da. Die franz\u00f6sische Besatzung konnte den Bedarf an ben\u00f6tigten Kilokalorien pro Kopf nicht abdecken, fehlte es doch der eigenen Bev\u00f6lkerung und den Einsatzkr\u00e4ften oft an der Versorgung. Bis 1946 entnahmen sie der Tiroler Wirtschaft sogar G\u00fcter.<\/p>\n<p>Die Lebensmittelversorgung erfolgte schon wenige Wochen nach Kriegsende \u00fcber Lebensmittelkarten. Erwachsene mussten eine Best\u00e4tigung des Arbeitsamtes vorlegen, um an diese Karten zu kommen. Die Rationen unterschieden sich je nach Kategorie der Arbeiter. Schwerstarbeiter, Schwangere und stillende M\u00fctter erhielten Lebensmittel im \u201eWert\u201c von 2700 Kalorien. Handwerker mit leichten Berufen, Beamte und Freiberufler erhielten 1850 Kilokalorien, Angestellte 1450 Kalorien. Hausfrauen und andere \u201eNormalverbraucher\u201c konnten nur 1200 Kalorien beziehen. Zus\u00e4tzlich gab es Initiativen wie Volksk\u00fcchen oder Ausspeisungen f\u00fcr Schulkinder, die von ausl\u00e4ndischen Hilfsorganisationen \u00fcbernommen wurden. Aus Amerika kamen Carepakete von der Wohlfahrtsorganisation <em>Cooperative for American Remittances to Europe<\/em>. Viele Kinder wurden im Sommer zu Pflegehaushalten in die Schweiz verschickt, um wieder zu Kr\u00e4ften zu kommen und ein paar zus\u00e4tzliche Kilo auf die Rippen zu bekommen.<\/p>\n<p>F\u00fcr alle reichten all diese Ma\u00dfnahmen allerdings nicht aus. Vor allem Hausfrauen und andere \u201eNormalverbraucher\u201c litten unter den geringen Zuteilungen. Viele Innsbrucker machten sich trotz der Gefahr, festgenommen zu werden, auf den Weg in die umliegenden D\u00f6rfer, um zu hamstern. Wer Geld hatte, bezahlte teils utopische Preise bei den Bauern. Wer keins hatte, musste um Nahrungsmittel betteln. Frauen, deren M\u00e4nner gefallen, in Gefangenschaft oder vermisst waren, sahen in Extremf\u00e4llen keinen anderen Ausweg, als sich zu prostituieren. Diese Frauen, besonders die ungl\u00fccklichen, die schwanger wurden, mussten \u00fcber sich und ihren Nachwuchs \u00fcbelste Beschimpfungen ergehen lassen. Vom legalen Schwangerschaftsabbruch war man in \u00d6sterreich noch 30 Jahre entfernt.<\/p>\n<p>Die Politik stand dem zu einem gro\u00dfen Teil machtlos gegen\u00fcber. Alle Interessen zu befrieden, war schon in normalen Zeiten unm\u00f6glich. Viele Entscheidung zwischen dem Parlament in Wien, dem Tiroler Landtag und dem Innsbrucker Rathaus waren f\u00fcr die Menschen nicht nachvollziehbar. W\u00e4hrend Kinder auf Obst und Vitamine verzichten mussten, wurde von manchen Bauern legal gewinnbringender Schnaps gebrannt. Amtsgeb\u00e4ude und Gewerbebetriebe bekamen vom Elektrizit\u00e4tswerk Innsbruck freie Hand, w\u00e4hrend den Privathaushalten ab Oktober 1945 der Zugang zum Strom an mehreren Tagzeiten eingeschr\u00e4nkt wurde. Selbige Benachteiligung der Haushalte gegen\u00fcber der Wirtschaft galt f\u00fcr die Versorgung mit Kohle. Die alten Gr\u00e4ben zwischen Stadt und Land wurden gr\u00f6\u00dfer und hasserf\u00fcllter. Innsbrucker warfen der Umlandbev\u00f6lkerung vor, bewusst Lebensmittel f\u00fcr den Schwarzmarkt zur\u00fcckzuhalten. Es kam zu \u00dcberf\u00e4llen, Diebst\u00e4hlen und Holzschl\u00e4gerungen. Transporte am Bahnhof wurden von bewaffneten Einheiten bewacht. Sich Lebensmittel aus einem Lager anzueignen war illegal und Alltag zu gleich. Kinder und Jugendliche streunten hungrig durch die Stadt und nahmen jede Gelegenheit sich etwas zu Essen oder Brennmaterial zu besorgen wahr. Der erste Tiroler Landeshauptmann Gruber, w\u00e4hrend des Krieges selbst illegal im Widerstand, hatte zwar Verst\u00e4ndnis f\u00fcr die Situation der Menschen, die sich gegen das System auflehnten, konnte aber nichts daran \u00e4ndern. Auch dem Innsbrucker B\u00fcrgermeister Anton Melzer waren die H\u00e4nde gebunden. Es war nicht nur schwierig, die Bed\u00fcrfnisse aller Interessensgruppen unter einen Hut zu bringen, immer wieder kam es unter der Beamtenschaft zu F\u00e4llen von Korruption und Gef\u00e4lligkeiten gegen\u00fcber Verwandten und Bekannten. Grubers Nachfolger am Landeshauptmannsessel Alfons Wei\u00dfgatterer musste gleich mehrere kleine Aufst\u00e4nde \u00fcberstehen, als sich der Volkszorn Luft machte und Steine Richtung Landhaus flogen Die Antwort der Landesregierung erfolgte \u00fcber die <em>Tiroler Tageszeitung<\/em>. Das Blatt war 1945 unter der Verwaltung der US-Streitkr\u00e4fte zur Demokratisierung und Entnazifizierung gegr\u00fcndet worden, ging aber bereits im Folgejahr an die Schl\u00fcssel GmbH unter Leitung des \u00d6VP Politikers Joseph Moser. Dank der hohen Auflage und ihrem fast unmittelbaren Einfluss auf den Inhalt konnte die Tiroler Landesregierung die \u00f6ffentliche Stimmung lenken:<\/p>\n<p>\u201e<em>Sind etwa die zerbrochenen Fensterscheiben, die gestern vom Landhaus auf die Stra\u00dfe klirrten, geeignete Argumente, um unseren Willen zum Wiederaufbau zu beweisen? Sollten wir uns nicht daran erinnern, dass noch niemals in irgendeinem Lande wirtschaftliche Schwierigkeiten durch Demonstrationen und Kundgebungen beseitigt worden sind?<\/em>\u201c<\/p>\n<p>Mindestens gleich schlecht war die Wohnsituation. Gesch\u00e4tzte 30.000 Innsbrucker waren obdachlos, lebten auf engstem Raum bei Verwandten oder in Barackensiedlungen wie dem ehemaligen Arbeitslager in der Reichenau, in der vom Volksmund \u201eAusl\u00e4nderlager\u201c genannten Barackensiedlung f\u00fcr Vertriebene aus den ehemals deutschen Gebieten Europas oder der <em>Bocksiedlung<\/em>. Weniges erinnert noch an den desastr\u00f6sen Zustand, in dem sich Innsbruck nach den Luftangriffen der letzten Kriegsjahre in den ersten Nachkriegsjahren befand. Zehntausende B\u00fcrger halfen mit, Schutt und Tr\u00fcmmer von den Stra\u00dfen zu schaffen. Die Maria-Theresien-Stra\u00dfe, die Museumstra\u00dfe, das Bahnhofsviertel, Wilten oder die Pradlerstra\u00dfe w\u00e4ren wohl um einiges ansehnlicher, h\u00e4tte man nicht die L\u00f6cher im Stra\u00dfenbild schnell stopfen m\u00fcssen, um so schnell als m\u00f6glich Wohnraum f\u00fcr die vielen Obdachlosen und R\u00fcckkehrer zu schaffen. \u00c4sthetik aber war ein Luxus, den man sich in dieser Situation nicht leisten konnte. Die ausgezehrte Bev\u00f6lkerung ben\u00f6tigte neuen Wohnraum, um den gesundheitssch\u00e4dlichen Lebensbedingungen, in denen Gro\u00dffamilien teils in Einraumwohnungen einquartiert waren, zu entfliehen.<\/p>\n<p><em>\u201eDie Notlage gef\u00e4hrdet die Behaglichkeit des Heims. Sie zehrt an den Wurzeln der Lebensfreude. Niemand leidet mehr darunter als die Frau, deren Gl\u00fcck es bildet, einen zufriedenen, trauten Familienkreis, um sich zu sehen. Welche Anspannung der seelischen Kraft erfordern der t\u00e4glich zerm\u00fcrbende Kampf um ein bisschen Einkauf, die M\u00fchsal des Schlangestehens, die Entt\u00e4uschungen der Absagen und Abweisungen und der Blick in den unmutigen Gesichtern der von Entbehrungen gepeinigten Lieben.\u201c<\/em><\/p>\n<p>Was in der <em>Tiroler Tageszeitung<\/em> zu lesen stand, war nur ein Teil der harten Alltagsrealit\u00e4t. Wie schon nach dem Ersten Weltkrieg, als die Spanische Grippe viele Opfer forderte, kam es auch 1945 zu einem Anstieg gef\u00e4hrlicher Infektionen. Impfstoffe gegen Tuberkulose konnten im ersten Winter nicht geliefert werden. Auch Krankenhausbetten waren Mangelware. Auch wenn sich die Situation nach 1947 entspannte, blieben die Lebensumst\u00e4nde in Tirol prek\u00e4r. Bis es zu merklichen Verbesserungen kam, dauerte es Jahre. Die Lebensmittelrationierungen wurde am 1. Juli 1953 eingestellt. Im selben Jahr konnte B\u00fcrgermeister Greiter verk\u00fcnden, dass alle w\u00e4hrend der Luftangriffe zerst\u00f6rten Geb\u00e4ude wieder in Stand gesetzt worden waren.<\/p>\n<p>Zu verdanken war dies auch den Besatzern. Die franz\u00f6sischen Truppen unter Emile Bethouart verhielten sich sehr milde und kooperativ gegen\u00fcber dem ehemaligen Feind und begegneten der Tiroler Kultur und Bev\u00f6lkerung freundlich und aufgeschlossen. Stand man der Besatzungsmacht anfangs feindlich gesinnt gegen\u00fcber &#8211; schon wieder war ein Krieg verloren gegangen &#8211; wich die Skepsis der Innsbrucker mit der Zeit. Die Soldaten waren vor allem bei den Kindern beliebt wegen der Schokoladen und S\u00fc\u00dfigkeiten, die sie verteilten. Viele Menschen erhielten innerhalb der franz\u00f6sischen Verwaltung Arbeit. Manch ein Tiroler sah dank der Uniformierten <em>der 4. Marokkanischen Gebirgsdivision<\/em>, die bis September 1945 den Gro\u00dfteil der Soldaten stellten, zum ersten Mal dunkelh\u00e4utige Menschen. Die Besatzer stellten, soweit dies in ihren M\u00f6glichkeiten lag, auch die Versorgung sicher. Zeitzeugen erinnern sich mit Grauen an die Konservendosen, die sie als Hauptnahrungsmittel erhielten. Um die Logistik zu erleichtern legten die Franzosen bereits 1946 den Grundstein f\u00fcr den neuen Flughafen auf der <em>Ulfiswiese<\/em> in der H\u00f6ttinger Au, der den 20 Jahre zuvor er\u00f6ffneten in der Reichenau nach zwei Jahren Bauzeit ersetzte. Das Franzosendenkmal am Landhausplatz erinnert an die franz\u00f6sische Besatzungszeit. Am <em>Emile-Bethouart-Steg<\/em>, der St. Nikolaus und die Innenstadt \u00fcber den Inn verbindet, befindet sich eine Gedenktafel, die die Beziehung zwischen Besatzung und Bev\u00f6lkerung gut zum Ausdruck bringt:<\/p>\n<p><em>\u201eAls Sieger gekommen.<\/em><\/p>\n<p><em>Als Besch\u00fctzer geblieben.<\/em><\/p>\n<p><em>Als Freund in die Heimat zur\u00fcckgekehrt.\u201c<\/em><\/p>\n<p>Neben den materiellen N\u00f6ten bestimmte das kollektive Kriegstrauma die Gesellschaft. Die Erwachsenen der 1950er Jahre waren Produkte der Erziehung der Zwischenkriegszeit und des Nationalsozialismus. M\u00e4nner, die an der Front gek\u00e4mpft hatten, konnten als Kriegsverlierer nur in bestimmten Kreisen von ihren grauenhaften Erlebnissen sprechen, Frauen hatten meist gar kein Forum zur Verarbeitung ihrer \u00c4ngste und Sorgen. H\u00e4usliche Gewalt und Alkoholismus waren weit verbreitet. Lehrer, Polizisten, Politiker und Beamte kamen vielfach aus der nationalsozialistischen Anh\u00e4ngerschaft, die nicht einfach mit dem Ende des Krieges verschwand, sondern lediglich \u00f6ffentlich totgeschwiegen wurde. Am <em>Innsbrucker Volksgerichtshof<\/em> kam es unter der Regie der Siegerm\u00e4chte zwar zu einer gro\u00dfen Anzahl an Verfahren gegen Nationalsozialisten, die Anzahl an Verurteilungen spiegelte aber nicht das Ausma\u00df des Geschehens wider. Der gr\u00f6\u00dfte Teil der Beschuldigten kam frei. Besonders belastete Vertreter des Systems kamen f\u00fcr einige Zeit ins Gef\u00e4ngnis, konnten aber nach Verb\u00fc\u00dfung der Haft relativ unbehelligt an ihr altes Leben ankn\u00fcpfen, zumindest im Beruflichen. Nicht nur wollte man einen Schlussstrich unter die letzten Jahrzehnte ziehen, man ben\u00f6tigte die T\u00e4ter von gestern, um die Gesellschaft von heute am Laufen zu halten.<\/p>\n<p>Das Problem an dieser Strategie des Verdr\u00e4ngens war, dass niemand die Verantwortung f\u00fcr das Geschehene \u00fcbernahm, auch wenn vor allem zu Beginn die Begeisterung und Unterst\u00fctzung f\u00fcr den Nationalsozialismus gro\u00df war. Es gab kaum eine Familie, die nicht mindestens ein Mitglied mit einer wenig r\u00fchmlichen Geschichte zwischen 1933 und 1945 hatte. Scham \u00fcber das, was seit 1938 und in den Jahren in der Politik \u00d6sterreichs geschehen war mischte sich zur Angst davor, von den Besatzungsm\u00e4chten USA, Gro\u00dfbritannien, Frankreich und die UDSSR als Kriegsschuldiger \u00e4hnlich wie 1918 behandelt zu werden. Es entstand ein Klima, in dem niemand, weder die daran beteiligte noch die nachfolgende Generation \u00fcber das Geschehene sprach. Diese Haltung verhinderte lange die Aufarbeitung dessen, was seit 1933 geschehen war. Der Mythos von \u00d6sterreich als erstem Opfer des Nationalsozialismus, der erst mit der Aff\u00e4re Waldheim in den 1980er Jahren langsam zu br\u00f6ckeln begann, war geboren. Polizisten, Lehrer, Richter \u2013 sie alle wurden trotz ihrer politischen Gesinnung an ihrem Platz gelassen. Die Gesellschaft brauchte sie, um am Laufen zu bleiben.<\/p>\n<p>Ein Beispiel f\u00fcr den gro\u00dfz\u00fcgig ausgebreiteten Mantel des Vergessens mit gro\u00dfem Bezug zu Innsbruck ist die Vita des Arztes Burghard Breitner (1884-1956). Breitner wuchs in einem wohlbetuchten b\u00fcrgerlichen Haushalt auf. Die <em>Villa Breitner<\/em> am Mattsee war Sitz eines Museums \u00fcber den vom Vater verehrten deutschnationalen Dichter Josef Viktor Scheffel. Nach der Matura entschied sich Breitner gegen eine Karriere in der Literatur und f\u00fcr ein Medizinstudium. Anschlie\u00dfend beschloss er seinen Milit\u00e4rdienst und begann seine Karriere als Arzt. 1912\/13 diente er als Milit\u00e4rarzt im Balkankrieg. 1914 verschlug es ihn an die Ostfront, wo er in russische Kriegsgefangenschaft geriet. Als Arzt k\u00fcmmerte er sich im Gefangenenlager aufopferungsvoll um seine Kameraden. Erst 1920 sollte er als Held und \u201e<em>Engel von Sibirien<\/em>\u201c aus dem Gefangenenlager wieder nach \u00d6sterreich zur\u00fcckkehren. 1932 begann seine Laufbahn an der Universit\u00e4t Innsbruck. 1938 stand Breitner vor dem Problem, dass er auf Grund des j\u00fcdischen Hintergrundes seiner Gro\u00dfmutter v\u00e4terlicherseits den \u201e<em>Gro\u00dfen Ariernachweis<\/em>\u201c nicht erbringen konnte. Auf Grund seines guten Verh\u00e4ltnisses zum Rektor der Uni Innsbruck und zu wichtigen Nationalsozialisten konnte er aber schlussendlich an der Universit\u00e4tsklinik weiterarbeiten. W\u00e4hrend des NS-Regimes war Breitner als Vorstand der Klinik Innsbruck f\u00fcr Zwangssterilisierungen und \u201e<em>freiwillige Entmannungen<\/em>\u201c verantwortlich, auch wenn er wohl keine der Operationen pers\u00f6nlich durchf\u00fchrte. Nach dem Krieg schaffte es der \u201eEngel von Sibirien\u201c mit einigen M\u00fchen sich durch das Entnazifizierungsverfahren zu winden. 1951 wurde er als Kandidat des <em>VDU<\/em>, einem politischen Sammelbecken \u00fcberzeugter Nationalsozialisten, als Kandidat f\u00fcr die Bundespr\u00e4sidentschaftswahl aufgestellt. 1952 wurde Breitner Rektor der Universit\u00e4t Innsbruck. Nach seinem Tod widmete ihm die Stadt Innsbruck ein Ehrengrab am Westfriedhof Innsbruck. In der Reichenau ist ihm in unmittelbarer N\u00e4he des Standortes des ehemaligen Konzentrationslagers eine Stra\u00dfe gewidmet.<\/p>\n<p>[\/et_pb_toggle][et_pb_toggle title=&#8220;Glaube, Kirche, Obrigkeit und Herrschaft&#8220; open=&#8220;on&#8220; open_toggle_text_color=&#8220;#e09900&#8243; open_toggle_background_color=&#8220;#ffffff&#8220; closed_toggle_text_color=&#8220;#e09900&#8243; closed_toggle_background_color=&#8220;#ffffff&#8220; icon_color=&#8220;#e09900&#8243; open_icon_color=&#8220;#e09900&#8243; admin_label=&#8220;Glaube, Kirche, Obrigkeit und Herrschaft&#8220; _builder_version=&#8220;4.27.4&#8243; _module_preset=&#8220;default&#8220; title_text_color=&#8220;#e09900&#8243; title_font_size=&#8220;18px&#8220; border_radii=&#8220;on|5px|5px|5px|5px&#8220; box_shadow_style=&#8220;preset1&#8243; global_module=&#8220;53360&#8243; saved_tabs=&#8220;all&#8220; global_colors_info=&#8220;{}&#8220;]<\/p>\n<p>Die F\u00fclle an Kirchen, Kapellen, Kruzifixen und Wandmalereien im \u00f6ffentlichen Raum wirkt auf viele Besucher Innsbrucks aus anderen L\u00e4ndern eigenartig. Nicht nur Gottesh\u00e4user, auch viele Privath\u00e4user sind mit Darstellungen der Heiligen Familie oder biblischen Szenen geschm\u00fcckt. Der christliche Glaube und seine Institutionen waren in ganz Europa \u00fcber Jahrhunderte alltagsbestimmend. Innsbruck als Residenzstadt der streng katholischen Habsburger und Hauptstadt des selbsternannten <em>Heiligen Landes Tirol<\/em> wurde bei der Ausstattung mit kirchlichen Bauwerkern besonders begl\u00fcckt. Allein die Dimension der Kirchen umgelegt auf die Verh\u00e4ltnisse vergangener Zeiten sind gigantisch. Die Stadt mit ihren knapp 5000 Einwohnern besa\u00df im 16. Jahrhundert mehrere Kirchen, die in Pracht und Gr\u00f6\u00dfe jedes andere Geb\u00e4ude \u00fcberstrahlte, auch die Pal\u00e4ste der Aristokratie. Das Kloster Wilten war ein Riesenkomplex inmitten eines kleinen Bauerndorfes, das sich darum gruppierte. Die r\u00e4umlichen Ausma\u00dfe der Gottesh\u00e4user spiegelt die Bedeutung im politischen und sozialen Gef\u00fcge wider.<\/p>\n<p>Die Kirche war f\u00fcr viele Innsbrucker nicht nur moralische Instanz, sondern auch weltlicher Grundherr. Der Bischof von Brixen war formal hierarchisch dem Landesf\u00fcrsten gleichgestellt. Die Bauern arbeiteten auf den Landg\u00fctern des Bischofs wie sie auf den Landg\u00fctern eines weltlichen F\u00fcrsten f\u00fcr diesen arbeiteten. Damit hatte sie die Steuer- und Rechtshoheit \u00fcber viele Menschen. Die kirchlichen Grundbesitzer galten dabei nicht als weniger streng, sondern sogar als besonders fordernd gegen\u00fcber ihren Untertanen. Gleichzeitig war es auch in Innsbruck der Klerus, der sich in gro\u00dfen Teilen um das Sozialwesen, Krankenpflege, Armen- und Waisenversorgung, Speisungen und Bildung sorgte. Der Einfluss der Kirche reichte in die materielle Welt \u00e4hnlich wie es heute der Staat mit Finanzamt, Polizei, Schulwesen und Arbeitsamt tut. Was uns heute Demokratie, Parlament und Marktwirtschaft sind, waren den Menschen vergangener Jahrhunderte Bibel und Pfarrer: Eine Realit\u00e4t, die die Ordnung aufrecht h\u00e4lt. Zu glauben, alle Kirchenm\u00e4nner w\u00e4ren zynische Machtmenschen gewesen, die ihre ungebildeten Untertanen ausn\u00fctzten, ist nicht richtig. Der Gro\u00dfteil sowohl des Klerus wie auch der Adeligen war fromm und gottergeben, wenn auch auf eine aus heutiger Sicht nur schwer verst\u00e4ndliche Art und Weise. Verletzungen der Religion und Sitten wurden in der sp\u00e4ten Neuzeit vor weltlichen Gerichten verhandelt und streng geahndet. Die Anklage bei Verfehlungen lautete H\u00e4resie, worunter eine Vielzahl an Vergehen zusammengefasst wurde. Sodomie, also jede sexuelle Handlung, die nicht der Fortpflanzung diente, Zauberei, Hexerei, Gottesl\u00e4sterung \u2013 kurz jede Abwendung vom rechten Gottesglauben, konnte mit Verbrennung geahndet werden. Das Verbrennen sollte die Verurteilten gleichzeitig reinigen und sie samt ihrem s\u00fcndigen Treiben endg\u00fcltig vernichten, um das B\u00f6se aus der Gemeinschaft zu tilgen. Bis in die Angelegenheiten des t\u00e4glichen Lebens regelte die Kirche lange Zeit das allt\u00e4gliche Sozialgef\u00fcge der Menschen. Kirchenglocken bestimmten den Zeitplan der Menschen. Ihr Klang rief zur Arbeit, zum Gottesdienst oder informierte als Totengel\u00e4ut \u00fcber das Dahinscheiden eines Mitglieds der Gemeinde. Menschen konnten einzelne Glockenkl\u00e4nge und ihre Bedeutung voneinander unterscheiden. Sonn- und Feiertage strukturierten die Zeit. Fastentage regelten den Speiseplan. Familienleben, Sexualit\u00e4t und individuelles Verhalten hatten sich an den von der Kirche vorgegebenen Moral zu orientieren. Das Seelenheil im n\u00e4chsten Leben war f\u00fcr viele Menschen wichtiger als das Lebensgl\u00fcck auf Erden, war dies doch ohnehin vom determinierten Zeitgeschehen und g\u00f6ttlichen Willen vorherbestimmt. Fegefeuer, letztes Gericht und H\u00f6llenqualen waren Realit\u00e4t und verschreckten und disziplinierten auch Erwachsene.<\/p>\n<p>W\u00e4hrend das Innsbrucker B\u00fcrgertum von den Ideen der Aufkl\u00e4rung nach den Napoleonischen Kriegen zumindest sanft wachgek\u00fcsst wurde, blieb der Gro\u00dfteil der Menschen weiterhin der Mischung aus konservativem Katholizismus und abergl\u00e4ubischer Volksfr\u00f6mmigkeit verbunden. Religiosit\u00e4t war nicht unbedingt eine Frage von Herkunft und Stand, wie die gesellschaftlichen, medialen und politischen Auseinandersetzungen entlang der Bruchlinie zwischen Liberalen und Konservativ immer wieder aufzeigten. Seit der <em>Dezemberverfassung<\/em> von 1867 war die freie Religionsaus\u00fcbung zwar gesetzlich verankert, Staat und Religion blieben aber eng verkn\u00fcpft. Die <em>Wahrmund-Aff\u00e4re<\/em>, die sich im fr\u00fchen 20. Jahrhundert ausgehend von der Universit\u00e4t Innsbruck \u00fcber die gesamte K.u.K. Monarchie ausbreitete, war nur eines von vielen Beispielen f\u00fcr den Einfluss, den die Kirche bis in die 1970er Jahre hin aus\u00fcbte. Kurz vor dem Ersten Weltkrieg nahm diese politische Krise, die die gesamte Monarchie erfassen sollte in Innsbruck ihren Anfang. Ludwig Wahrmund (1861 \u2013 1932) war Ordinarius f\u00fcr Kirchenrecht an der Juridischen Fakult\u00e4t der Universit\u00e4t Innsbruck. Wahrmund, vom Tiroler Landeshauptmann eigentlich daf\u00fcr ausgew\u00e4hlt, um den Katholizismus an der als zu liberal eingestuften Innsbrucker Universit\u00e4t zu st\u00e4rken, war Anh\u00e4nger einer aufgekl\u00e4rten Theologie. Im Gegensatz zu den konservativen Vertretern in Klerus und Politik sahen Reformkatholiken den Papst nur als spirituelles Oberhaupt, nicht aber als weltlich Instanz, an. Studenten sollten nach Wahrmunds Auffassung die L\u00fccke und die Gegens\u00e4tze zwischen Kirche und moderner Welt verringern, anstatt sie einzuzementieren. Seit 1848 hatten sich die Gr\u00e4ben zwischen liberal-nationalen, sozialistischen, konservativen und reformorientiert-katholischen Interessensgruppen und Parteien vertieft. Eine der heftigsten Bruchlinien verlief durch das Bildungs- und Hochschulwesen entlang der Frage, wie sich das \u00fcbernat\u00fcrliche Gebaren und die Ansichten der Kirche, die noch immer ma\u00dfgeblich die Universit\u00e4ten besetzten, mit der modernen Wissenschaft vereinbaren lie\u00dfen. Liberale und katholische Studenten verachteten sich gegenseitig und krachten immer aneinander. Bis 1906 war Wahrmund Teil der <em>Leo-Gesellschaft<\/em>, die die F\u00f6rderung der Wissenschaft auf katholischer Basis zum Ziel hatte, bevor er zum Obmann der Innsbrucker Ortsgruppe des Vereins <em>Freie Schule<\/em> wurde, der f\u00fcr eine komplette Entklerikalisierung des gesamten Bildungswesens eintrat. Vom Reformkatholiken wurde er zu einem Verfechter der kompletten Trennung von Kirche und Staat. Seine Vorlesungen erregten immer wieder die Aufmerksamkeit der Obrigkeit. Angeheizt von den Medien fand der Kulturkampf zwischen liberalen Deutschnationalisten, Konservativen, Christlichsozialen und Sozialdemokraten in der Person Ludwig Wahrmunds eine ideale Projektionsfl\u00e4che. Was folgte waren Ausschreitungen, Streiks, Schl\u00e4gereien zwischen Studentenverbindungen verschiedener Couleur und Ausrichtung und gegenseitige Diffamierungen unter Politikern. Die <em>Los-von-Rom Bewegung<\/em> des Deutschradikalen Georg Ritter von Sch\u00f6nerer (1842 \u2013 1921) krachte auf der B\u00fchne der Universit\u00e4t Innsbruck auf den politischen Katholizismus der Christlichsozialen. Die deutschnationalen Akademiker erhielten Unterst\u00fctzung von den ebenfalls antiklerikalen Sozialdemokraten sowie von B\u00fcrgermeister Greil, auf konservativer Seite sprang die Tiroler Landesregierung ein. Die <em>Wahrmund Aff\u00e4re<\/em> schaffte es als <em>Kulturkampfdebatte<\/em> bis in den Reichsrat. F\u00fcr Christlichsoziale war es ein \u201e<em>Kampf des freissinnigen Judentums gegen das Christentum<\/em>\u201c in dem sich \u201e<em>Zionisten, deutsche Kulturk\u00e4mpfer, tschechische und ruthenische Radikale<\/em>\u201c in einer \u201e<em>internationalen Koalition<\/em>\u201c als \u201e<em>freisinniger Ring des j\u00fcdischen Radikalismus und des radikalen Slawentums<\/em>\u201c pr\u00e4sentierten. Wahrmund hingegen bezeichnete in der allgemein aufgeheizten Stimmung katholische Studenten als \u201e<em>Verr\u00e4ter und Parasiten<\/em>\u201c. Als Wahrmund 1908 eine seiner Reden, in der er Gott, die christliche Moral und die katholische Heiligenverehrung anzweifelte, in Druck bringen lie\u00df, erhielt er eine Anzeige wegen Gottesl\u00e4sterung. Nach weiteren teils gewaltt\u00e4tigen Versammlungen sowohl auf konservativer und antiklerikaler Seite, studentischen Ausschreitungen und Streiks musste kurzzeitig sogar der Unibetrieb eingestellt werden. Wahrmund wurde zuerst beurlaubt, sp\u00e4ter an die deutsche Universit\u00e4t Prag versetzt.<\/p>\n<p>Auch in der Ersten Republik war die Verbindung zwischen Kirche und Staat stark. Der christlichsoziale, als <em>Eiserner Pr\u00e4lat<\/em> in die Geschichte eingegangen Ignaz Seipel schaffte es in den 1920er Jahren bis ins h\u00f6chste Amt des Staates. Bundeskanzler Engelbert Dollfu\u00df sah seinen St\u00e4ndestaat als Konstrukt auf katholischer Basis als Bollwerk gegen den Sozialismus. Auch nach dem Zweiten Weltkrieg waren Kirche und Politik in Person von Bischof Rusch und Kanzler Walln\u00f6fer ein Gespann. Erst dann begann eine ernsthafte Trennung. Glaube und Kirche haben noch immer ihren fixen Platz im Alltag der Innsbrucker, wenn auch oft unbemerkt. Die Kirchenaustritte der letzten Jahrzehnte haben der offiziellen Mitgliederzahl zwar eine Delle versetzt und Freizeitevents werden besser besucht als Sonntagsmessen. Die r\u00f6misch-katholische Kirche besitzt aber noch immer viel Grund in und rund um Innsbruck, auch au\u00dferhalb der Mauern der jeweiligen Kl\u00f6ster und Ausbildungsst\u00e4tten. Etliche Schulen in und rund um Innsbruck stehen ebenfalls unter dem Einfluss konservativer Kr\u00e4fte und der Kirche. Und wer immer einen freien Feiertag genie\u00dft, ein Osterei ans andere peckt oder eine Kerze am Christbaum anz\u00fcndet, muss nicht Christ sein, um als Tradition getarnt im Namen Jesu zu handeln.<\/p>\n<p>[\/et_pb_toggle][et_pb_toggle title=&#8220;Barock: Kunstrichtung und Lebenskunst&#8220; open_toggle_text_color=&#8220;#e09900&#8243; open_toggle_background_color=&#8220;#ffffff&#8220; closed_toggle_text_color=&#8220;#e09900&#8243; closed_toggle_background_color=&#8220;#ffffff&#8220; icon_color=&#8220;#e09900&#8243; open_icon_color=&#8220;#e09900&#8243; admin_label=&#8220;Barock: Kunstrichtung und Lebenskunst&#8220; _builder_version=&#8220;4.27.4&#8243; _module_preset=&#8220;default&#8220; title_text_color=&#8220;#e09900&#8243; title_font_size=&#8220;18px&#8220; border_radii=&#8220;on|5px|5px|5px|5px&#8220; box_shadow_style=&#8220;preset1&#8243; global_module=&#8220;53500&#8243; saved_tabs=&#8220;all&#8220; global_colors_info=&#8220;{}&#8220;]<\/p>\n<p>Wer in \u00d6sterreich unterwegs ist, kennt die Kuppen und Zwiebelt\u00fcrme der Kirchen in D\u00f6rfern und St\u00e4dten. Diese Form der Kircht\u00fcrme entstand in der Zeit der Gegenreformation und ist ein typisches Kennzeichen des Architekturstils Barock. Auch in Innsbrucks Stadtbild sind sie vorherrschend. Die bekanntesten Gottesh\u00e4user Innsbrucks wie der Dom, die Johanneskirche oder die Jesuitenkirche, sind im Stile des Barocks gehalten. Prachtvoll und prunkvoll sollten Gottesh\u00e4user sein, ein Symbol des Sieges des rechten Glaubens. Die Religiosit\u00e4t spiegelte sich in Kunst und Kultur wider: Gro\u00dfes Drama, Pathos, Leiden, Glanz und Herrlichkeit vereinten sich zum Barock, der den gesamten katholisch orientierten Einflussbereich der Habsburger und ihrer Verb\u00fcndeten zwischen Spanien und Ungarn nachhaltig pr\u00e4gte.<\/p>\n<p>Das Stadtbild Innsbrucks ver\u00e4nderte sich enorm. Die Gumpps und Johann Georg Fischer als Baumeister sowie die Bilder Franz Altmutters pr\u00e4gen Innsbruck bis heute nachhaltig. Das Alte Landhaus in der Altstadt, das Neue Landhaus in der Maria-Theresien-Stra\u00dfe, die unz\u00e4hligen Palazzi, Bilder, Figuren \u2013 der Barock war im 17. und 18. Jahrhundert das stilbildende Element des Hauses Habsburg und brannte sich in den Alltag ein. Das B\u00fcrgertum wollte den Adeligen und F\u00fcrsten nicht nachstehen und lie\u00dfen ihre Privath\u00e4user im Stile des Barocks errichten. Auf Bauernh\u00e4usern prangen Heiligenbilder, Darstellungen der Mutter Gottes und des Herzen Jesu.<\/p>\n<p>Barock war nicht nur eine architektonische Stilrichtung, es war ein Lebensgef\u00fchl, das seinen Ausgang nach dem Ende des Drei\u00dfigj\u00e4hrigen Krieges nahm. Die T\u00fcrkengefahr aus dem Osten, die in der zweimaligen Belagerung Wiens gipfelte, bestimmte die Au\u00dfenpolitik des Reiches, w\u00e4hrend die Reformation die Innenpolitik dominierte. Die Barockkultur war ein zentrales Element des Katholizismus und der politischen Darstellung derselben in der \u00d6ffentlichkeit, das Gegenmodell zum spr\u00f6den und strengen Lebensentwurf Calvins und Luthers. Feiertage mit christlichem Hintergrund wurden eingef\u00fchrt, um den Alltag der Menschen aufzuhellen. Architektur, Musik und Malerei waren reich, f\u00fcllig und \u00fcppig. In Theaterh\u00e4usern wie dem <em>Comedihaus<\/em> in Innsbruck wurden Dramen mit religi\u00f6sem Hintergrund aufgef\u00fchrt. Kreuzwege mit Kapellen und Darstellungen des gekreuzigten Jesus durchzogen die Landschaft. Die Volksfr\u00f6mmigkeit in Form der Wallfahrten, Marien- und Heiligenverehrung hielt Einzug in den Kirchenalltag. Multiple Krisen pr\u00e4gten den Alltag der Menschen. Neben Krieg und Hunger brach die Pest im 17. Jahrhundert besonders h\u00e4ufig aus. Die<em> Barockfr\u00f6mmigkeit<\/em> wurde auch zur Erziehung der Untertanen eingesetzt. Auch wenn der Ablasshandel in der Zeit nach dem 16. Jahrhundert keine g\u00e4ngige Praxis mehr in der katholischen Kirche war, so gab es doch noch eine rege Vorstellung von Himmel und H\u00f6lle. Durch ein tugendhaftes Leben, sprich ein Leben im Einklang mit katholischen Werten und gutem Verhalten als Untertan gegen\u00fcber der g\u00f6ttlichen Ordnung, konnte man dem Paradies einen gro\u00dfen Schritt n\u00e4herkommen. Die sogenannte <em>Christliche Erbauungsliteratur<\/em> war nach der Schulreformation des 18. Jahrhunderts in der Bev\u00f6lkerung beliebt und zeigte vor, wie das Leben zu f\u00fchren war. Das Leiden des Gekreuzigten f\u00fcr die Menschheit galt als Symbol f\u00fcr die M\u00fchsal der Untertanen auf Erden innerhalb des Feudalsystems. Mit Votivbildern baten Menschen um Beistand in schweren Zeiten oder bedankten sich vor allem bei der Mutter Gottes f\u00fcr \u00fcberstandene Gefahren und Krankheiten.<\/p>\n<p>Der Historiker Ernst Hanisch beschrieb den Barock und den Einfluss, den er auf die \u00f6sterreichische Lebensart hatte, so:<\/p>\n<p>\u201e<em>\u00d6sterreich entstand in seiner modernen Form als Kreuzzugsimperialismus gegen die T\u00fcrken und im Inneren gegen die Reformatoren. Das brachte B\u00fcrokratie und Milit\u00e4r, im \u00c4u\u00dferen aber Multiethnien. Staat und Kirche probierten den intimen Lebensbereich der B\u00fcrger zu kontrollieren. Jeder musste sich durch den Beichtstuhl reformieren, die Sexualit\u00e4t wurde eingeschr\u00e4nkt, die normengerechte Sexualit\u00e4t wurden erzwungen. Menschen wurden systematisch zum Heucheln angeleitet.<\/em>\u201c<\/p>\n<p>Die Rituale und das untert\u00e4nige Verhalten gegen\u00fcber der Obrigkeit hinterlie\u00dfen ihre Spuren in der Alltagskultur, die katholische L\u00e4nder wie \u00d6sterreich und Italien bis heute von protestantisch gepr\u00e4gten Regionen wie Deutschland, England oder Skandinavien unterscheiden. Die Leidenschaft f\u00fcr akademische Titel der \u00d6sterreicher hat ihren Ursprung in den barocken Hierarchien. Der Ausdruck <em>Barockf\u00fcrst<\/em> bezeichnet einen besonders patriarchal-g\u00f6nnerhaften Politiker, der mit gro\u00dfen Gesten sein Publikum zu becircen wei\u00df. W\u00e4hrend man in Deutschland politische Sachlichkeit sch\u00e4tzt, ist der Stil von \u00f6sterreichischen Politikern theatralisch, ganz nach dem \u00f6sterreichischen Bonmot des \u201e<em>Schaumamal<\/em>\u201c.<\/p>\n<p>[\/et_pb_toggle][et_pb_toggle title=&#8220;Die Baumeister Gumpp und die Barockisierung Innsbrucks&#8220; open_toggle_text_color=&#8220;#e09900&#8243; open_toggle_background_color=&#8220;#ffffff&#8220; closed_toggle_text_color=&#8220;#e09900&#8243; closed_toggle_background_color=&#8220;#ffffff&#8220; icon_color=&#8220;#e09900&#8243; open_icon_color=&#8220;#e09900&#8243; admin_label=&#8220;Die Baumeister Gumpp und die Barockisierung Innsbrucks&#8220; _builder_version=&#8220;4.27.4&#8243; _module_preset=&#8220;default&#8220; title_text_color=&#8220;#e09900&#8243; title_font_size=&#8220;18px&#8220; border_radii=&#8220;on|5px|5px|5px|5px&#8220; box_shadow_style=&#8220;preset1&#8243; global_module=&#8220;53389&#8243; global_colors_info=&#8220;{}&#8220;]<\/p>\n<p>Die Werke der Familie Gumpp bestimmen bis heute sehr stark das Aussehen Innsbrucks. Vor allem die barocken Teile der Stadt sind auf sie zur\u00fcckzuf\u00fchren. Der Begr\u00fcnder der Dynastie in Tirol, Christoph Gumpp (1600-1672) war eigentlich Tischler. Sein Talent allerdings hatte ihn f\u00fcr h\u00f6here Weihen auserkoren. Den Beruf des Architekten oder K\u00fcnstler gab es zu dieser Zeit noch nicht, selbst Michelangelo und Leonardo da Vinci galten als Handwerker. Der geb\u00fcrtige Schwabe Gumpp trat nach seiner Mitarbeit an der Dreifaltigkeitskirche in die Fu\u00dfstapfen der italienischen Baumeister, die unter Ferdinand II den Ton angegeben hatten. Auf Gehei\u00df Leopolds V. reiste Gumpp nach Italien, um dort Theaterbauten zu studieren und bei den zeitgen\u00f6ssisch stilbildenden Kollegen sein Know-How f\u00fcr das geplante landesf\u00fcrstliche <em>Comedihaus<\/em> aufzupolieren.<\/p>\n<p>Seine offizielle T\u00e4tigkeit als Hofbaumeister begann 1633.\u00a0Neue Zeiten bedurften eines neuen Designs, abseits des architektonisch von der Gotik gepr\u00e4gten Mittelalters und den Schrecken des Drei\u00dfigj\u00e4hrigen Krieges. \u00dcber die folgenden Jahrzehnte wurde Innsbruck unter der Regentschaft Claudia de Medicis einer kompletten Renovierung unterzogen. Gumpp vererbte seinen Titel an die n\u00e4chsten beiden Generationen innerhalb der Familie weiter. Die Gumpps traten nicht nur als Baumeister in Erscheinung. Sie waren Tischler, Maler, Kupferstecher und Architekten, was ihnen erlaubte, \u00e4hnlich der Bewegung der <em>Tiroler Moderne<\/em> rund um Franz Baumann und Clemens Holzmeister Anfang des 20. Jahrhunderts, Projekte ganzheitlich umzusetzen. Auch bei der Errichtung der Schanzwerke zur Landesverteidigung w\u00e4hrend des Drei\u00dfigj\u00e4hrigen Krieges waren sie als Planer beteiligt.<\/p>\n<p>Christoph Gumpps Meisterst\u00fcck aber war die Errichtung des <em>Comedihaus<\/em> im ehemaligen Ballhaus. Die \u00fcberdimensionierten Ma\u00dfe des damals richtungsweisenden Theaters, das in Europa zu den ersten seiner Art \u00fcberhaupt geh\u00f6rte, erlaubte nicht nur die Auff\u00fchrung von Theaterst\u00fccken, sondern auch Wasserspiele mit echten Schiffen und aufw\u00e4ndige Pferdeballettauff\u00fchrungen. Das Comedihaus war ein Gesamtkunstwerk an und f\u00fcr sich, das in seiner damaligen Bedeutung wohl mit dem Festspielhaus in Bayreuth des 19. Jahrhunderts oder der Elbphilharmonie heute verglichen werden muss.<\/p>\n<p>Seine Nachfahren Johann Martin Gumpp der \u00c4ltere, Georg Anton Gumpp und Johann Martin Gumpp der J\u00fcngere waren f\u00fcr viele der bis heute pr\u00e4gendsten Geb\u00e4ude im Stadtbild zust\u00e4ndig. So stammen die Wiltener Stiftskirche, die Mariahilfkirche, die Johanneskirche und die Spitalskirche von den Gumpps. Neben dem Entwurf von Kirchen und ihrer Arbeit als Hofbaumeister machten sie sich auch als Planer von Profanbauten einen Namen. Viele der B\u00fcrgerh\u00e4user und Stadtpal\u00e4ste Innsbrucks wie das Taxispalais oder das Alte Landhaus in der Maria-Theresien-Stra\u00dfe wurden von Ihnen entworfen. Mit dem Verlust des Status als Residenzstadt gingen die prunkvollen Gro\u00dfauftr\u00e4ge zur\u00fcck und damit auch der Ruhm der Familie Gumpp. Ihr ehemaliges Wohnhaus beherbergt heute die Konditorei Munding in der Altstadt. Im Stadtteil Pradl erinnert die Gumppstra\u00dfe an die Innsbrucker Baumeisterdynastie.<\/p>\n<p>[\/et_pb_toggle][et_pb_toggle title=&#8220;Luftangriffe auf Innsbruck&#8220; open_toggle_text_color=&#8220;#e09900&#8243; open_toggle_background_color=&#8220;#ffffff&#8220; closed_toggle_text_color=&#8220;#e09900&#8243; closed_toggle_background_color=&#8220;#ffffff&#8220; icon_color=&#8220;#e09900&#8243; open_icon_color=&#8220;#e09900&#8243; admin_label=&#8220;Luftangriffe auf Innsbruck&#8220; _builder_version=&#8220;4.27.4&#8243; _module_preset=&#8220;default&#8220; title_text_color=&#8220;#e09900&#8243; title_font_size=&#8220;18px&#8220; border_radii=&#8220;on|5px|5px|5px|5px&#8220; box_shadow_style=&#8220;preset1&#8243; global_module=&#8220;53501&#8243; global_colors_info=&#8220;{}&#8220;]<\/p>\n<p>Wie der Lauf der Geschichte der Stadt unterliegt auch ihr Aussehen einem st\u00e4ndigen Wandel. Besonders gut sichtbare Ver\u00e4nderungen im Stadtbild erzeugten die Jahre rund um 1500 und zwischen 1850 bis 1900, als sich politische, wirtschaftliche und gesellschaftliche Ver\u00e4nderungen in besonders schnellem Tempo abspielten. Das einschneidendste Ereignis mit den gr\u00f6\u00dften Auswirkungen auf das Stadtbild waren aber wohl die Luftangriffe auf die Stadt im Zweiten Weltkrieg, als aus der \u201e<em>Heimatfront<\/em>\u201c der Nationalsozialisten ein tats\u00e4chlicher Kriegsschauplatz wurde. Die Lage am Fu\u00dfe des Brenners war \u00fcber Jahrhunderte ein Segen f\u00fcr die Stadt gewesen, nun wurde sie zum Verh\u00e4ngnis. Innsbruck war ein wichtiger Versorgungsbahnhof f\u00fcr den Nachschub an der Italienfront. In der Nacht vom 15. auf den 16. Dezember 1943 erfolgte der erste alliierte Luftangriff auf die schlecht vorbereitete Stadt. 269 Menschen fielen den Bomben zum Opfer, 500 wurden verletzt und mehr als 1500 obdachlos. \u00dcber 300 Geb\u00e4ude, vor allem in Wilten und der Innenstadt, wurden zerst\u00f6rt und besch\u00e4digt. Am Montag, den 18. Dezember fanden sich in den <em>Innsbrucker Nachrichten<\/em>, dem Vorg\u00e4nger der <em>Tiroler Tageszeitung<\/em>, auf der Titelseite allerhand propagandistische Meldungen vom erfolgreichen und heroischen Abwehrkampf der Deutschen Wehrmacht an allen Fronten gegen\u00fcber dem B\u00fcndnis aus <em>Anglo-Amerikanern<\/em> und <em>dem Russen<\/em>, nicht aber vom Bombenangriff auf Innsbruck.<\/p>\n<p><strong><em>Bombenterror \u00fcber Innsbruck<\/em><\/strong><\/p>\n<p><em>Innsbruck, 17. Dez. Der 16. Dezember wird in der Geschichte Innsbrucks als der Tag vermerkt bleiben, an dem der Luftterror der Anglo-Amerikaner die Gauhauptstadt mit der ganzen Schwere dieser gemeinen und brutalen Kampfweise, die man nicht mehr Kriegf\u00fchrung nennen kann, getroffen hat. In mehreren Wellen flogen feindliche Kampfverb\u00e4nde die Stadt an und richteten ihre Angriffe mit zahlreichen Spreng- und Brandbomben gegen die Wohngebiete. Schwerste Sch\u00e4den an Wohngeb\u00e4uden, an Krankenh\u00e4usern und anderen Gemeinschaftseinrichtungen waren das traurige, alle bisherigen Sch\u00e4den \u00fcbersteigende Ergebnis dieses verbrecherischen \u00dcberfalles, der \u00fcber zahlreiche Familien unserer Stadt schwerste Leiden und empfindliche Belastung der Lebensf\u00fchrung, das bittere Los der Vernichtung liebgewordenen Besitzes, der Zerst\u00f6rung von Heim und Herd und der Heimatlosigkeit gebracht hat. Grenzenloser Ha\u00df und das gl\u00fchende Verlangen diese unmenschliche Untat mit schonungsloser Sch\u00e4rfe zu vergelten, sind die einzige Empfindung, die au\u00dfer der Auseinandersetzung mit den eigenen und den Gemeinschaftssorgen alle Gem\u00fcter bewegt. Wir alle blicken voll Vertrauen auf unsere Soldaten und erwarten mit Zuversicht den Tag, an dem der F\u00fchrer den Befehl geben wird, ihre geballte Kraft mit neuen Waffen gegen den Feind im Westen einzusetzen, der durch seinen Mord- und Brandterror gegen Wehrlose neuerdings bewiesen hat, da\u00df er sich von den asiatischen Bestien im Osten durch nichts unterscheidet \u2013 es w\u00e4re denn durch gr\u00f6\u00dfere Feigheit. Die Luftschutzeinrichtungen der Stadt haben sich ebenso bew\u00e4hrt, wie die Luftschutzdisziplin der Bev\u00f6lkerung. Bis zur Stunde sind 26 Gefallene gemeldet, deren Zahl sich aller Voraussicht nach nicht wesentlich erh\u00f6hen d\u00fcrfte. Die Hilfsma\u00dfnahmen haben unter F\u00fchrung der Partei und tatkr\u00e4ftigen Mitarbeit der Wehrmacht sofort und wirkungsvoll eingesetzt. <\/em><\/p>\n<p>Diese durch Zensur und Gleichschaltung der Medien fantasievoll gestaltete Nachricht schaffte es gerade mal auf Seite 3. Prominenter wollte man die schlechte Vorbereitung der Stadt auf das absehbare Bombardement wohl nicht dem Volksk\u00f6rper pr\u00e4sentieren. Ganz so gro\u00df wie 1938 nach dem Anschluss, als Hitler am 5. April von 100.000 Menschen in Innsbruck begeistert empfangen worden war, war die Begeisterung f\u00fcr den Nationalsozialismus nicht mehr. Zu gro\u00df waren die Sch\u00e4den an der Stadt und die pers\u00f6nlichen, tragischen Verluste in der Bev\u00f6lkerung. Dass die sterblichen \u00dcberreste der Opfer des Luftangriffes vom 15. Dezember 1943 am heutigen Landhausplatz vor dem neu errichteten Gauhaus als Symbol nationalsozialistischer Macht im Stadtbild aufgebahrt wurden, zeugt von trauriger Ironie des Schicksals.<\/p>\n<p>Im J\u00e4nner 1944 begann man Luftschutzstollen und andere Schutzma\u00dfnahmen zu errichten. Die Arbeiten wurden zu einem gro\u00dfen Teil von Gefangenen des Konzentrationslagers Reichenau durchgef\u00fchrt. Insgesamt wurde Innsbruck zwischen 1943 und 1945 zweiundzwanzig Mal angegriffen. Dabei wurden knapp 3833, also knapp 50%, der Geb\u00e4ude in der Stadt besch\u00e4digt und 504 Menschen starben. In den letzten Kriegsmonaten war an Normalit\u00e4t nicht mehr zu denken. Die Bev\u00f6lkerung lebte in dauerhafter Angst. Die Schulen wurden bereits vormittags geschlossen. An einen geregelten Alltag war nicht mehr zu denken. Die Stadt wurde zum Gl\u00fcck nur Opfer gezielter Angriffe. Deutsche St\u00e4dte wie Hamburg oder Dresden wurden von den Alliierten mit Feuerst\u00fcrmen mit Zehntausenden Toten innerhalb weniger Stunden komplett dem Erdboden gleichgemacht. Viele Geb\u00e4ude wie die Jesuitenkirche, das Stift Wilten, die Servitenkirche, der Dom, das Hallenbad in der Amraserstra\u00dfe wurden getroffen. Besondere Behandlung erfuhren w\u00e4hrend der Angriffe historische Geb\u00e4ude und Denkm\u00e4ler. Das <em>Goldene Dachl<\/em> wurde mit einer speziellen Konstruktion ebenso gesch\u00fctzt wie der Sarkophag Maximilians in der Hofkirche. Die Figuren der Hofkirche, die <em>Schwarzen Mannder<\/em>, wurden nach Kundl gebracht. Die Madonna Lucas Cranachs aus dem Innsbrucker Dom wurde w\u00e4hrend des Krieges ins \u00d6tztal \u00fcberf\u00fchrt.<\/p>\n<p>Der Luftschutzstollen s\u00fcdlich von Innsbruck an der Brennerstra\u00dfe und die Kennzeichnungen von H\u00e4usern mit Luftschutzkellern mit ihren schwarzen Vierecken und den wei\u00dfen Kreisen und Pfeilen kann man heute noch begutachten. Zwei der Stellungen der Flugabwehrgesch\u00fctze, mittlerweile nur noch zugewachsene Mauerreste, k\u00f6nnen am Lanser K\u00f6pfl oberhalb von Innsbruck besichtigt werden. In Pradl, wo neben Wilten die meisten Geb\u00e4ude besch\u00e4digt wurden, weisen an den betroffenen H\u00e4usern Bronzetafeln mit dem Hinweis auf den Wiederaufbau auf einen Bombentreffer hin.<\/p>\n<p>[\/et_pb_toggle][et_pb_toggle title=&#8220;Innsbruck und der Nationalsozialismus&#8220; open_toggle_text_color=&#8220;#e09900&#8243; open_toggle_background_color=&#8220;#ffffff&#8220; closed_toggle_text_color=&#8220;#e09900&#8243; closed_toggle_background_color=&#8220;#ffffff&#8220; icon_color=&#8220;#e09900&#8243; open_icon_color=&#8220;#e09900&#8243; admin_label=&#8220;Innsbruck und der Nationalsozialismus&#8220; _builder_version=&#8220;4.27.4&#8243; _module_preset=&#8220;default&#8220; title_text_color=&#8220;#e09900&#8243; title_font_size=&#8220;18px&#8220; border_radii=&#8220;on|5px|5px|5px|5px&#8220; box_shadow_style=&#8220;preset1&#8243; global_module=&#8220;53649&#8243; saved_tabs=&#8220;all&#8220; global_colors_info=&#8220;{}&#8220;]<\/p>\n<p>In den 1920er und 30er wuchs und gedieh die NSDAP auch in Tirol. Die erste Ortsgruppe der NSDAP in Innsbruck wurde bereits 1923 gegr\u00fcndet. Mit \u201e<em>Der Nationalsozialist \u2013 Kampfblatt f\u00fcr Tirol und Vorarlberg<\/em>\u201c erschien ein eigenes Wochenblatt. 1933 erlebte die NSDAP mit dem R\u00fcckenwind aus Deutschland auch in Innsbruck einen kometenhaften Aufstieg. Die allgemeine Unzufriedenheit und Politikverdrossenheit der B\u00fcrger und theatralisch inszenierte Fackelz\u00fcge durch die Stadt samt hakenkreuzf\u00f6rmiger Bergfeuer auf der Nordkette im Wahlkampf verhalfen der Partei zu einem gro\u00dfen Zugewinn. \u00dcber 1800 Innsbrucker waren Mitglied der SA, die ihr Quartier in der B\u00fcrgerstra\u00dfe 10 hatte. Konnten die Nationalsozialisten bei ihrem ersten Antreten bei einer Gemeinderatswahl 1921 nur 2,8% der Stimmen erringen, waren es bei den Wahlen 1933 bereits 41%. Neun Mandatare, darunter der sp\u00e4tere B\u00fcrgermeister Egon Denz und der Gauleiter Tirols Franz Hofer, zogen in den Gemeinderat ein. Nicht nur die Wahl Hitlers zum Reichskanzler in Deutschland, auch Kampagnen und Manifestationen in Innsbruck verhalfen der ab 1934 in \u00d6sterreich verbotenen Partei zu diesem Ergebnis. Wie \u00fcberall waren es auch in Innsbruck vor allem junge Menschen, die sich f\u00fcr den Nationalsozialismus begeisterten. Das Neue, das Aufr\u00e4umen mit alten Hierarchien und Strukturen wie der katholischen Kirche, der Umbruch und der noch nie dagewesene Stil zogen sie an. Besonders unter den gro\u00dfdeutsch gesinnten Burschen der Studentenverbindungen und vielfach auch unter Professoren war der Nationalsozialismus beliebt.<\/p>\n<p>Als der Anschluss \u00d6sterreichs an Deutschland im M\u00e4rz 1938 erfolgte, kam es zu b\u00fcrgerkriegs\u00e4hnlichen Szenen. Bereits im Vorfeld des Einmarsches war es immer wieder zu Aufm\u00e4rschen und Kundgebungen der Nationalsozialisten gekommen, nachdem das Verbot der Partei aufgehoben worden war. Noch bevor Bundeskanzler Schuschnigg seine letzte Rede an das Volk vor der Macht\u00fcbergabe an die Nationalsozialisten mit den Worten \u201e<em>Gott sch\u00fctze \u00d6sterreich<\/em>\u201c am 11. M\u00e4rz 1938 geschlossen hatte, rotteten sich bereits die Nationalsozialisten in der Innenstadt zusammen um den Einmarsch der deutschen Truppen vorzufeiern. Die Polizei des St\u00e4ndestaates war dem Aufruhr der organisierten Manifestationen teils gewogen, teils stand sie dem Treiben machtlos gegen\u00fcber. Landhaus und Maria-Theresien-Stra\u00dfe wurden zwar abgeriegelt und mit Maschinengewehrst\u00e4nden gesichert, an ein Durchgreifen seitens der Exekutive war aber nicht zu denken. \u201e<em>Ein Volk \u2013 ein Reich \u2013 ein F\u00fchrer<\/em>\u201c hallte durch die Stadt. Die Bedrohung des deutschen Milit\u00e4rs und der Aufmarsch von SA-Truppen beseitigten die letzten Zweifel. Mehr und mehr schloss sich die begeisterte Bev\u00f6lkerung an. Am Tiroler Landhaus, damals noch in der Maria-Theresienstra\u00dfe, sowie im provisorischen Hauptquartier der Nationalsozialisten im Gasthaus <em>Alt-Innsprugg<\/em>, wurde die Hakenkreuzfahne gehisst.<\/p>\n<p>Am 12. M\u00e4rz empfingen die Innsbrucker das deutsche Milit\u00e4r frenetisch. Um die Gastfreundschaft gegen\u00fcber den Nationalsozialisten sicherzustellen, lie\u00df B\u00fcrgermeister Egon Denz jedem Arbeiter einen Wochenlohn auszahlen. Am 5. April besuchte Adolf Hitler pers\u00f6nlich Innsbruck, um sich von der Menge feiern zu lassen. Archivbilder zeigen eine euphorische Menschenmenge in Erwartung des F\u00fchrers, des Heilsversprechers. Auf der Nordkette wurden Bergfeuer in Hakenkreuzform entz\u00fcndet. Die Volksbefragung am 10. April ergab eine Zustimmung von \u00fcber 99% zum Anschluss \u00d6sterreichs an Deutschland. Die Menschen waren nach der wirtschaftlichen Not der Zwischenkriegszeit, der Wirtschaftskrise und den Regierungen unter Dollfu\u00df und Schuschnigg m\u00fcde und wollten Ver\u00e4nderung. Welche Art von Ver\u00e4nderung, war im ersten Moment weniger wichtig als die Ver\u00e4nderung an und f\u00fcr sich. \u201e<em>Es denen da oben zu zeigen<\/em>\u201c, das war Hitlers Versprechen. Wehrmacht und Industrie boten jungen Menschen eine Perspektive, auch denen, die mit der Ideologie des Nationalsozialismus an und f\u00fcr sich wenig anfangen konnten. Dass es immer wieder zu Gewaltausbr\u00fcchen kam, war f\u00fcr die Zwischenkriegszeit in \u00d6sterreich ohnehin nicht un\u00fcblich. Anders als heute war Demokratie nichts, woran sich jemand in der kurzen, von politischen Extremen gepr\u00e4gten Zeit zwischen der Monarchie 1918 bis zur Ausschaltung des Parlaments unter Dollfu\u00df 1933 h\u00e4tte gew\u00f6hnen k\u00f6nnen. Was faktisch nicht in den K\u00f6pfen der Bev\u00f6lkerung existiert, muss man nicht abschaffen.<\/p>\n<p>Tirol und Vorarlberg wurden in einem Reichsgau zusammengefasst mit Innsbruck als Hauptstadt. Auch wenn der Nationalsozialismus von einem guten Teil der Bev\u00f6lkerung skeptisch gesehen wurde, gab es kaum organisierten oder gar bewaffneten Widerstand, dazu waren der katholische Widerstand OE5 und die Linke in Tirol nicht stark genug. Unorganisiertes subversives Verhalten der Bev\u00f6lkerung, vor allem in den erzkatholischen Landgemeinden rund um Innsbruck gab es vereinzelt. Zu allumfassend dominierte der Machtapparat den Alltag der Menschen. Viele Arbeitsstellen und sonstige Annehmlichkeiten des Lebens waren an eine zumindest \u00e4u\u00dferlich parteitreue Gesinnung gebunden. Eine Inhaftierung blieb dem gr\u00f6\u00dften Teil der Bev\u00f6lkerung zwar erspart, die Angst davor war aber allgegenw\u00e4rtig.<\/p>\n<p>Das Regime unter Hofer und Gestapochef Werner Hilliges leistete auch ganze Arbeit bei der Unterdr\u00fcckung. InTirol war die Kirche das gr\u00f6\u00dfte Hindernis. W\u00e4hrend des Nationalsozialismus wurde die katholische Kirche systematisch bek\u00e4mpft. Katholische Schulen wurden umfunktioniert, Jugendorganisationen und Vereine verboten, Kl\u00f6ster geschlossen, der Religionsunterricht abgeschafft und eine Kirchensteuer eingef\u00fchrt. Besonders hartn\u00e4ckige Pfarrer wie Otto Neururer wurden in Konzentrationslager gebracht. Auch Lokalpolitiker wie die sp\u00e4teren Innsbrucker B\u00fcrgermeister Anton Melzer und Franz Greiter mussten fl\u00fcchten oder worden verhaftet. Gewalt und die Verbrechen an der j\u00fcdischen Bev\u00f6lkerung, dem Klerus, politisch Verd\u00e4chtigen, Zivilpersonen und Kriegsgefangenen auch nur \u00fcberblicksm\u00e4\u00dfig zusammenzufassen w\u00fcrde den Rahmen sprengen. Das Hauptquartier der Gestapo befand sich in der Herrengasse 1. Hier wurden Verd\u00e4chtige schwer misshandelt und teils mit F\u00e4usten zu Tode gepr\u00fcgelt. 1941 wurde in der Rossau in der N\u00e4he des Bauhofs Innsbruck das Arbeitslager Reichenau errichtet. Verd\u00e4chtige Personen aller Art wurden hier zu Zwangsarbeiten in sch\u00e4bigen Baracken verwahrt. \u00dcber 130 Personen fanden in diesem Lager bestehend aus 20 Baracken den Tod durch Krankheit, die schlechten Bedingungen, Arbeitsunf\u00e4lle oder Hinrichtungen. Auch im 10 km von Innsbruck entfernten Dorf Kematen kamen im Messerschmitt Werk Gefangene zum Zwangseinsatz. Darunter waren politische H\u00e4ftlinge, russische Kriegsgefangene und Juden. Zu den Zwangsarbeiten geh\u00f6rten unter anderem die Errichtung der <em>S\u00fcdtiroler Siedlungen<\/em> in der Endphase oder die Stollen zum Schutz vor den Luftangriffen im S\u00fcden Innsbrucks. In der Klinik Innsbruck wurden Behinderte und vom System als nicht genehm empfundene Menschen wie Homosexuelle zwangssterilisiert.<\/p>\n<p>Die Erinnerungsorte an die Zeit des Nationalsozialismus sind rar ges\u00e4t. Das Tiroler Landhaus mit dem Befreiungsdenkmal und das Geb\u00e4ude der Alten Universit\u00e4t sind die beiden auff\u00e4lligsten Denkm\u00e4ler. Der Vorplatz der Universit\u00e4t und eine kleine S\u00e4ule am s\u00fcdlichen Eingang der Klinik wurden ebenfalls im Gedenken an das wohl dunkelste Kapitel \u00d6sterreichs Geschichte gestaltet.<\/p>\n<p>[\/et_pb_toggle][\/et_pb_column][\/et_pb_section]<\/p>\n","protected":false},"excerpt":{"rendered":"<p>Maria-Theresienstrasse 42<\/p>","protected":false},"author":1,"featured_media":59814,"comment_status":"open","ping_status":"closed","sticky":false,"template":"","format":"standard","meta":{"_et_pb_use_builder":"on","_et_pb_old_content":"","_et_gb_content_width":"","wds_primary_category":0,"footnotes":""},"categories":[78,154,16,38,32,15,67,47],"tags":[],"class_list":["post-1805","post","type-post","status-publish","format-standard","has-post-thumbnail","hentry","category-anna-caterina-gonzaga-die-fromme-landesfuerstin","category-auferstanden-aus-ruinen-die-nachkriegszeit-in-innsbruck","category-barock","category-die-baumeister-gumpp-und-die-barockisierung-innsbrucks","category-glaube-kirche-obrigkeit-und-herrschaft","category-innenstadt-2","category-innsbruck-und-der-nationalsozialismus","category-luftangriffe-auf-innsbruck"],"_links":{"self":[{"href":"https:\/\/www.discover-innsbruck.at\/en\/wp-json\/wp\/v2\/posts\/1805","targetHints":{"allow":["GET"]}}],"collection":[{"href":"https:\/\/www.discover-innsbruck.at\/en\/wp-json\/wp\/v2\/posts"}],"about":[{"href":"https:\/\/www.discover-innsbruck.at\/en\/wp-json\/wp\/v2\/types\/post"}],"author":[{"embeddable":true,"href":"https:\/\/www.discover-innsbruck.at\/en\/wp-json\/wp\/v2\/users\/1"}],"replies":[{"embeddable":true,"href":"https:\/\/www.discover-innsbruck.at\/en\/wp-json\/wp\/v2\/comments?post=1805"}],"version-history":[{"count":0,"href":"https:\/\/www.discover-innsbruck.at\/en\/wp-json\/wp\/v2\/posts\/1805\/revisions"}],"wp:featuredmedia":[{"embeddable":true,"href":"https:\/\/www.discover-innsbruck.at\/en\/wp-json\/wp\/v2\/media\/59814"}],"wp:attachment":[{"href":"https:\/\/www.discover-innsbruck.at\/en\/wp-json\/wp\/v2\/media?parent=1805"}],"wp:term":[{"taxonomy":"category","embeddable":true,"href":"https:\/\/www.discover-innsbruck.at\/en\/wp-json\/wp\/v2\/categories?post=1805"},{"taxonomy":"post_tag","embeddable":true,"href":"https:\/\/www.discover-innsbruck.at\/en\/wp-json\/wp\/v2\/tags?post=1805"}],"curies":[{"name":"wp","href":"https:\/\/api.w.org\/{rel}","templated":true}]}}