{"id":1851,"date":"2020-09-29T10:37:36","date_gmt":"2020-09-29T10:37:36","guid":{"rendered":"https:\/\/www.discover-innsbruck.at\/?p=1851"},"modified":"2025-12-10T13:10:26","modified_gmt":"2025-12-10T13:10:26","slug":"claudiana-altes-regierungsgebaeude","status":"publish","type":"post","link":"https:\/\/www.discover-innsbruck.at\/en\/claudiana-altes-regierungsgebaeude\/","title":{"rendered":"Claudiana \u2013 Altes Regierungsgeb\u00e4ude"},"content":{"rendered":"<p>[et_pb_section fb_built=&#8220;1&#8243; specialty=&#8220;on&#8220; _builder_version=&#8220;4.24.3&#8243; _module_preset=&#8220;default&#8220; global_colors_info=&#8220;{}&#8220;][et_pb_column type=&#8220;1_2&#8243; specialty_columns=&#8220;2&#8243; _builder_version=&#8220;4.16&#8243; custom_padding=&#8220;|||&#8220; global_colors_info=&#8220;{}&#8220; custom_padding__hover=&#8220;|||&#8220;][et_pb_row_inner _builder_version=&#8220;4.16&#8243; _module_preset=&#8220;default&#8220; global_colors_info=&#8220;{}&#8220;][et_pb_column_inner saved_specialty_column_type=&#8220;1_2&#8243; _builder_version=&#8220;4.16&#8243; _module_preset=&#8220;default&#8220; global_colors_info=&#8220;{}&#8220;][et_pb_text admin_label=&#8220;Titel und Adresse&#8220; _builder_version=&#8220;4.24.3&#8243; text_text_color=&#8220;#000000&#8243; header_font=&#8220;|on|||&#8220; header_text_align=&#8220;center&#8220; header_text_color=&#8220;#e09900&#8243; header_font_size=&#8220;42px&#8220; header_line_height=&#8220;1.3em&#8220; header_2_text_color=&#8220;#e09900&#8243; background_color=&#8220;rgba(255,255,255,0.8)&#8220; background_layout=&#8220;dark&#8220; custom_padding=&#8220;20px|20px|20px|20px|true|true&#8220; header_font_size_last_edited=&#8220;off|desktop&#8220; border_radii=&#8220;on|10px|10px|10px|10px&#8220; box_shadow_style=&#8220;preset1&#8243; locked=&#8220;off&#8220; global_colors_info=&#8220;{}&#8220;]<\/p>\n<h2>Claudiana &#8211; Altes Regierungsgeb\u00e4ude<\/h2>\n<p>Herzog-Friedrich-Stra\u00dfe 3<\/p>\n<p>[\/et_pb_text][et_pb_gallery gallery_ids=&#8220;2137,63578&#8243; fullwidth=&#8220;on&#8220; admin_label=&#8220;Galerie Claudiana&#8220; _builder_version=&#8220;4.27.4&#8243; _module_preset=&#8220;default&#8220; pagination_text_color=&#8220;#E09900&#8243; border_radii=&#8220;on|5px|5px|5px|5px&#8220; box_shadow_style=&#8220;preset1&#8243; global_module=&#8220;63592&#8243; saved_tabs=&#8220;all&#8220; global_colors_info=&#8220;{}&#8220;][\/et_pb_gallery][\/et_pb_column_inner][\/et_pb_row_inner][\/et_pb_column][et_pb_column type=&#8220;1_2&#8243; _builder_version=&#8220;4.16&#8243; custom_padding=&#8220;|||&#8220; global_colors_info=&#8220;{}&#8220; custom_padding__hover=&#8220;|||&#8220;][et_pb_toggle title=&#8220;Wissenswert&#8220; open=&#8220;on&#8220; open_toggle_text_color=&#8220;#e09900&#8243; open_toggle_background_color=&#8220;#ffffff&#8220; closed_toggle_text_color=&#8220;#e09900&#8243; closed_toggle_background_color=&#8220;#ffffff&#8220; icon_color=&#8220;#e09900&#8243; open_icon_color=&#8220;#e09900&#8243; admin_label=&#8220;Claudiana &#8211; Altes Regierungsgeb\u00e4ude&#8220; _builder_version=&#8220;4.27.4&#8243; _module_preset=&#8220;default&#8220; title_text_color=&#8220;#e09900&#8243; title_font_size=&#8220;18px&#8220; hover_enabled=&#8220;0&#8243; border_radii=&#8220;on|5px|5px|5px|5px&#8220; box_shadow_style=&#8220;preset1&#8243; global_module=&#8220;58871&#8243; saved_tabs=&#8220;all&#8220; global_colors_info=&#8220;{}&#8220; sticky_enabled=&#8220;0&#8243;]<\/p>\n<p>Gegen\u00fcber dem <em>Gasthof Goldener Adler\u00a0<\/em>befindet sich das\u00a0Alte Regierungsgeb\u00e4ude, das seit 1569 den Tiroler Landesf\u00fcrsten als Gerichts- und Verwaltungsgeb\u00e4ude sowie als Landhaus diente.\u00a0 Der Einfluss des Klerus und des Adels innerhalb des Feudalsystems nahm w\u00e4hrend seiner Regierung unter dem schweren finanziellen Erbe, das Maximilian I. in Tirol hinterlassen hatte, zu. Sein Urenkel Erzherzog Ferdinand II. war als Renaissancef\u00fcrst von einer Demokratie im heutigen Sinn weit entfernt, nach dem Aufstand von 1525 unter Michael Gaismair und den Wirren der Zeit nach Maximilian I. war er aber durchaus darauf bedacht, sich in Regierungsgesch\u00e4ften von den Tiroler St\u00e4nden beraten zu lassen. Die neue Landesregierung bedurfte eines offiziellen Sitzes nahe dem landesf\u00fcrstlichen Hof. Ferdinand\u00a0hatte daf\u00fcr das als\u00a0<em>Zerrenmantelhaus<\/em> bekannte Wohnhaus gekauft und zur Heimst\u00e4tte des Landtags umfunktioniert.<\/p>\n<p>Mit Leopold V. und seiner Gattin Claudia de Medici erhielt das Landhaus nicht nur einen neuen Landesf\u00fcrsten, sondern auch ein komplett neues \u00c4u\u00dferes. Ein Wasserschaden sorgte f\u00fcr eine komplette Renovierung. Abwasser aus dem Hofwaschhaus hatte 1641 f\u00fcr markante Sch\u00e4den am Regierungsgeb\u00e4ude gesorgt. Claudia lie\u00df das Geb\u00e4ude 1645 umbauen. Die Ratsstuben lie\u00df sie aufw\u00e4ndig im Stil ihrer Heimat Florenz gestalten. Nur wenige Jahre sp\u00e4ter musste erneut Hand an das Regierungsgeb\u00e4ude gelegt werden. Nach dem Erdbeben, das Innsbruck 1689 ersch\u00fctterte, wurde das nun als\u00a0<em>Claudiana<\/em>\u00a0bekannte Geb\u00e4ude an der Fassade durch\u00a0Johann Martin Gumpp den \u00c4lteren\u00a0im\u00a0Barockstil\u00a0renoviert. Gumpp verpasste ihm das barocke Antlitz, das zwischen den anderen Geb\u00e4uden des <em>Unteren Stadtplatzes<\/em> heraussticht.\u00a0 Die gotische Innenausstattung der\u00a0R\u00e4ume blieb aber erhalten. 1732 erfolgte die einfach und schlicht gehaltene Erneuerung der Fassade zur Innseite hin. F\u00fcr \u00fcbertrieben Prunk und repr\u00e4sentativen \u00dcberschwang war keine Notwendigkeit mehr geboten. Der Tiroler Landtag war mittlerweile vor die Stadttore hinaus ins <em>Neue Landhaus<\/em> in die Vorstadt gezogen. Den gotischen Kern der Claudiana kann man im Innenhof erahnen. Der T\u00fcringsaal gl\u00e4nzt immer noch mit seinem eindrucksvollen Gew\u00f6lbe. Der pr\u00e4chtigste der S\u00e4le, der Claudianasaal mit dem barocken Ofen und der wundersch\u00f6nen Holzdecke, die noch heute das Wappen der florentinischen Familie der Medici tr\u00e4gt, ist leider nur bei Konzerten und Veranstaltungen der Universit\u00e4t Innsbruck zug\u00e4nglich.<\/p>\n<p>[\/et_pb_toggle][et_pb_toggle title=&#8220;Leopold V. &#038; Claudia de Medici: Glanz und Gloria in Innsbruck&#8220; open=&#8220;on&#8220; open_toggle_text_color=&#8220;#e09900&#8243; open_toggle_background_color=&#8220;#ffffff&#8220; closed_toggle_text_color=&#8220;#e09900&#8243; closed_toggle_background_color=&#8220;#ffffff&#8220; icon_color=&#8220;#e09900&#8243; open_icon_color=&#8220;#e09900&#8243; admin_label=&#8220;Leopold V. &#038; Claudia de Medici: Glanz und Gloria in Innsbruck&#8220; _builder_version=&#8220;4.27.4&#8243; _module_preset=&#8220;default&#8220; title_text_color=&#8220;#e09900&#8243; title_font_size=&#8220;18px&#8220; border_radii=&#8220;on|5px|5px|5px|5px&#8220; box_shadow_style=&#8220;preset1&#8243; global_module=&#8220;53486&#8243; saved_tabs=&#8220;all&#8220; global_colors_info=&#8220;{}&#8220;]<\/p>\n<p>Das f\u00fcr das barocke Gesicht Innsbrucks bedeutendste F\u00fcrstenpaar regierte Tirol w\u00e4hrend der Zeit, in der der Drei\u00dfigj\u00e4hrige Krieg Europa verheerte. Der Habsburger Leopold (1586 \u2013 1632) um die landesf\u00fcrstlichen Regierungsgesch\u00e4fte im ober\u00f6sterreichischen Regiment in Tirol und den Vorlanden zu f\u00fchren. Er hatte die klassische Erziehung unter den Fittichen der Jesuiten genossen. In Graz und Judenburg studierte er Philosophie und Theologie, um sich f\u00fcr den machtpolitischen Bereich des Klerus vorzubereiten, eine \u00fcbliche Karriere nachgeborener S\u00f6hne, die kaum Chancen auf weltliche Throne hatten. Leopolds fr\u00fche Karriere im Machtapparat der Kirche steht f\u00fcr all das, was Protestanten und Kirchenreformer an der katholischen Kirche ablehnten. Mit 12 Jahren wurde er zum Bischof von Passau gew\u00e4hlt, mit dreizehn wurde er zum Koadjutor des Bistums Stra\u00dfburg in Lothringen ernannt. Kirchliche Weihen hingegen erhielt er nie. F\u00fcr die geistlichen Pflichten war sein F\u00fcrstbischof zust\u00e4ndig. Er war leidenschaftlicher Politiker, reiste viel zwischen seinen Bist\u00fcmern und beteiligte sich auf kaiserlicher Seite am Konflikt zwischen Rudolf II. und Matthias, der Vorlage f\u00fcr Franz Grillparzers \u201e<em>Bruderzwist im Hause Habsburg<\/em>\u201c. Diese Agenden, die einem Kirchenmann nicht unbedingt zur Ehre gereichten, sollten Leopolds Chance auf weltliche F\u00fcrstenw\u00fcrden am Leben halten.<\/p>\n<p>Diese Chance kam, als der unverheiratete Maximilian III. 1618 kinderlos verstarb. Leopold fungierte auf Gehei\u00df seines Bruders als habsburgischer <em>Gubernator und Regierer dieser Ober- und Vorder\u00f6sterreichischen, auch Mitincorpierter Leuth und Lannde<\/em>. In seinen ersten Jahren als Regent musste er weiterhin zwischen seinen von den Wirren des Drei\u00dfigj\u00e4hrigen Krieges bedrohten Bist\u00fcmern in S\u00fcd- und Westdeutschland pendeln. Der ambitionierte Machtpolitiker war zwar wohl mit dem aufregenden Leben inmitten der hohen Politik zufrieden, nicht aber mit seinem Status als Gubernator. Er wollte den Titel des Landesf\u00fcrsten samt Huldigung und dynastischem Erbrecht. F\u00fcr den F\u00fcrstentitel und um einen Hofstaat einzurichten, fehlten eine passende Braut, Zeit und Geld. Die kostspieligen Auseinandersetzungen, an denen er beteiligt war, hatten Leopolds S\u00e4ckel geleert.<\/p>\n<p>Das Geld kam mit der Braut und mit ihr auch die Zeit. Claudia de Medici (1604 \u2013 1648) aus dem reichen toskanischen Kaufmanns- und F\u00fcrstengeschlecht wurde dazu auserkoren, den mittlerweile schon auf die 40 zugehenden Landesf\u00fcrsten in Spe mit dynastischen Freuden zu begl\u00fccken. Claudia war bereits im Kindesalter dem Herzog von Urbino versprochen worden, den sie mit 17 Jahren trotz eines Antrags Kaiser Ferdinands II. heiratete. Nach zwei Jahren Ehe verstarb ihr Gatte. Die Bande mit den Habsburgern waren noch vorhanden. Sp\u00e4testens seit der Hochzeit Francesco de Medici mit Johanna von Habsburg, einer Tochter Ferdinands I. waren die beiden Dynastien gut verzahnt. Auch Leopold und Claudia waren ein <em>Perfect Match<\/em> aus Titel, Macht, barocker Fr\u00f6mmigkeit und Geld. Leopolds Schwester Maria Magdalena war als angeheiratete Gro\u00dfherzogin der Toskana in Florenz gelandet und schickte ihrem Bruder ein gemaltes Portrait der jungen Witwe Claudia mit den Begleitworten, dass sie \u201e<em>von gesicht, leib und tugendt sch\u00f6n<\/em>\u201c sei. Nach einem Tanz im Huhn-Ei-Prinzip \u2013 die Familie der Braut wollte eine Versicherung um die Titel des Schwiegersohnes w\u00e4hrend dessen Bruder der Kaiser f\u00fcr die Vergabe der Herzogsw\u00fcrde den Beweis einer Braut forderte \u2013 war es so weit. 1625 verzichtete der mittlerweile zum Herzog erhobene, wohlgen\u00e4hrte und vierzig Jahre alte Leopold auf seine kirchlichen Besitzt\u00fcmer und W\u00fcrden, um heiraten und mit seiner fast 20 Jahre j\u00fcngeren Braut eine neue Tiroler Linie des Hauses Habsburg gr\u00fcnden zu k\u00f6nnen.<\/p>\n<p>Die Verbindung des Landesf\u00fcrsten mit der Italienerin sollten Innsbruck pr\u00e4gen. Die Medici hatten mit Baumwoll- und Textilhandel, vor allem aber mit Finanzgesch\u00e4ften ein Verm\u00f6gen verdient und waren zu politischer Macht gekommen. Unter den Medici war Florenz das kulturelle und finanzwirtschaftliche Zentrum Europas geworden, vergleichbar mit dem New York des 20 oder den Arabischen Emiraten des 21. Jahrhunderts. Der Florentiner Dom, der im Auftrag der m\u00e4chtigen Wollh\u00e4ndlergilde errichtet wurde, war in Ausstattung und Gr\u00f6\u00dfe das spektakul\u00e4rste Geb\u00e4ude weltweit. Galileo Galilei war Erster Mathematiker Herzog Cosimos II. 1570 wurde Cosimo de Medici vom Papst zum ersten Gro\u00dfherzog der Toskana ernannt. Aus dem toskanischen Geldadel wurde dank gro\u00dfz\u00fcgiger Kredite und Spenden europ\u00e4ischer Hochadel. Im 17. Jahrhundert hatte die Stadt am Arno zwar an politischem Gewicht eingeb\u00fc\u00dft, in kultureller Hinsicht war Florenz aber noch immer die Benchmark. Leopold setzte alles daran, um seine Residenzstadt in diese Liga zu katapultieren.<\/p>\n<p>Im Februar 1622 hatten die Hochzeitsfeierlichkeiten zwischen Kaiser Ferdinand II. und Eleonore von Mantua in Innsbruck stattgefunden. F\u00fcr den norditalienischen Brautanhang war Innsbruck leichter zu erreichen als Wien. Tirol war auch konfessionell geeint und war von den ersten Jahren des Drei\u00dfigj\u00e4hrigen Krieges verschont geblieben. W\u00e4hrend die kaiserliche Hochzeit in f\u00fcnf Tagen erledigt war, zog sich die Party von Leopold und Claudia \u00fcber 2 Wochen. Die offizielle Hochzeit hatte ohne Beisein des Br\u00e4utigams im Florentiner Dom stattgefunden. Das anschlie\u00dfende Fest zu Ehren der Verbindung von Habsburg und Medici ging als eines der pr\u00e4chtigsten in Geschichte Innsbrucks ein und hielt die Stadt zwei Wochen lang in Atem. Nach einem frostigen Einzug vom verschneiten Brenner herunter empfing Innsbruck seine neue F\u00fcrstin und ihre Familie. Ehemann und Untertanen hatten zur inneren Reinigung im Vorfeld gebetet, um g\u00f6ttlichen Segen zu erbitten. Das Brautpaar zog wie zuvor der Kaiser in einem langen Zug durch zwei eigens errichtete Pforten in der Stadt ein. 1500 Sch\u00fctzen feuerten Salven aus allen Rohren ab. Trommler, Pfeifer und die Glocken der Hofkirche untermalten den Zug, der aus 750 Personen am staunenden Volk vorbeizog. Ein breites Unterhaltungsprogramm mit Jagden, Theater, T\u00e4nzen, Musik sowie allerlei exotischem wie \u201e<em>B\u00e4ren, T\u00fcrggen und Mohren<\/em>\u201c versetzten G\u00e4ste und Stadtb\u00fcrger in Verz\u00fcckung und Erstaunen. Aus heutiger Sicht wenig glanzvolles Highlights war das <em>Katzenrennen<\/em>, bei dem mehrere Reiter danach trachteten, einer an den Beinen aufgeh\u00e4ngten Katze im Vorbeireiten den Kopf abzuhacken.<\/p>\n<p>Weniger glorreich waren Leopolds fr\u00fche Regierungsjahre f\u00fcr seine Untertanen. Seine Politik wurde von vielen Auseinandersetzungen mit den Landst\u00e4nden gepr\u00e4gt. Er war als Hardliner der Gegenreformation ein Unterst\u00fctzer der kaiserlichen Truppen. Das Unterengadin, \u00fcber das Leopold die Gerichtsgewalt hatte, war ein steter Unruheherd. Unter dem Vorwand, die dort ans\u00e4ssigen katholischen Untertanen vor protestantischen \u00dcbergriffen zu sch\u00fctzen, lie\u00df Leopold das Gebiet besetzen. Er konnte Aufst\u00e4nde zwar immer wieder erfolgreich unterdr\u00fccken, die Ressourcen, die daf\u00fcr n\u00f6tig waren, brachten Bev\u00f6lkerung und Landst\u00e4nde aber in Rage. Auch an der Nordgrenze zu Bayern war die Lage unruhig und erforderte Leopold als Kriegsherrn. Herzog Bernhard von Weimar hatte F\u00fcssen eingenommen und stand bei der Ehrenberger Klause vor den Landesgrenzen. Innsbruck blieb zwar von direkten Kriegshandlungen verschont, war aber dank den nahen Fronten trotzdem Teil des Drei\u00dfigj\u00e4hrigen Krieges.<\/p>\n<p>Die finanziellen Mittel daf\u00fcr stellte er \u00fcber eine umfassende Steuerreform zu Ungunsten der Mittelschicht zur Verf\u00fcgung. Die in Kriegen \u00fcbliche Inflation durch das Stocken des f\u00fcr Innsbruck wichtigen Handels verschlechterte das Leben der Untertanen. 1622 versch\u00e4rfte eine wetterbedingte Missernte die Lage, die durch die Zinsbelastung des Staatshaushaltes durch Altlasten ohnehin stets angespannt war. Auch sein Beharren auf fl\u00e4chendeckende Durchsetzung des modernen R\u00f6mischen Rechtes gegen\u00fcber dem traditionellen Gewohnheitsrecht brachte ihm bei vielen Untertanen keine Sympathiepunkte ein.<\/p>\n<p>Das alles hielt Leopold und Claudia nicht davon ab, in absolutistischer Manier pr\u00e4chtig Hof zu halten. Innsbruck wurde unter Leopolds Regentschaft gro\u00dffl\u00e4chig barock umgestaltet. Am Hof fanden Feste im Beisein des europ\u00e4ischen Hochadels statt. Showeinlagen wie L\u00f6wenk\u00e4mpfe mit den exotischen Tieren aus dem landesf\u00fcrstlichen Bestand, den Ferdinand II. am Hofgarten gr\u00fcnden lie\u00df, Theater und Konzerte dienten der Zerstreuung der h\u00f6fischen Gesellschaft.<\/p>\n<p>Moral und Sitten der rauen \u00c4lpler sollten sich bessern. Es war ein Balanceakt zwischen Festen bei Hof und Verbot von Karnevalsfeiern f\u00fcr normale B\u00fcrger. Der Zorn Gottes, der immerhin Pest und Krieg nach sich gezogen hatte, sollte so gut als m\u00f6glich durch tugendhaftes Verhalten ferngehalten werden. Fluchen, Herumschreien und der Gebrauch von Schusswaffen auf offener Stra\u00dfe wurden verboten. Gegen Zuh\u00e4lterei, Prostitution, Ehebruch und moralischen Verfall ging man am frommen Hof streng vor. Juden hatten unter Leopold und Claudia ebenfalls schwere Zeiten. Der Hass auf die immer schon ungeliebten <em>Hebreer<\/em> brachte eine der unappetitlichsten Traditionen Tiroler Fr\u00f6mmigkeit hervor. 1642 verfasste der italienischst\u00e4mmige Stiftsarzt zu Hall und Gr\u00fcnder der Karlskirche in Volders Dr. Hippolyt Guarinoni die Legende des <em>M\u00e4rtyrerkinds Anderle von Rinn<\/em>. Angeregt vom angeblich durch Juden 1475 in seiner Heimatstadt ermordeten Simon von Trient verfasste Guarinoni 1642 das <em>Anderl-Lied<\/em> in Versform. In Rinn bei Innsbruck entwickelte sich rund um die Gebeine des angeblich 1462 von Juden ermordeten Andreas Oxner, die Jahreszahl war dem Doktor im Traum erschienen, ein antisemitischer Anderl-Kult, der erst 1989 vom Innsbrucker Bischof verboten wurde.<\/p>\n<p>Innsbruck wurde nicht nur moralisch, sondern auch tats\u00e4chlich ges\u00e4ubert. Abf\u00e4lle, die besonders bei ausbleibendem Regen, wenn kein Wasser durch das Kanalsystem floss, ein Problem waren, wurden per f\u00fcrstlicher Verordnung regelm\u00e4\u00dfig gereinigt. Nutztiere durften nicht mehr frei innerhalb der Stadtmauern herumlaufen. Die Pestwelle wenige Jahre vorher war noch frisch im Ged\u00e4chtnis. Schlechte Ger\u00fcche und Miasmen sollten um jeden Preis ferngehalten werden.<\/p>\n<p>Nach dem fr\u00fchen Tod Leopolds regierte Claudia an Stelle ihres minderj\u00e4hrigen Sohnes das Land mit Hilfe ihres Hofkanzlers Wilhelm Biener (1590 \u2013 1651) mit moderner, konfessionell motivierter, fr\u00fchabsolutistischer Politik und strenger Hand. Sie konnte sich dabei auf eine gut funktionierende Verwaltung st\u00fctzen. Die junge Witwe umgab sich mit Italienern und italienischsprachigen Tirolern, die frische Ideen ins Land brachten, gleichzeitig aber auch H\u00e4rte im Kampf gegen den <em>Lutheranismo<\/em> zeigten. Um Feuer zu vermeiden, 1636 waren direkt vor der Hofburg das <em>L\u00f6wenhaus<\/em> und der <em>Ansitz Ruhelust<\/em> Ferdinands II. abgebrannt, mussten St\u00e4lle und andere Geb\u00e4ude aus Holz innerhalb der Stadtmauern abgerissen werden. Die Seidenraupenzucht im Trentino und erste, zarte \u00dcberlegungen rund um eine Tiroler Universit\u00e4t gediehen unter Claudias Regentschaft. Kanzler Biener zentralisierte Teile der Verwaltung. Vor allem das fragmentierte Rechtsystem innerhalb der Tiroler Territorien sollte durch einen allgemeing\u00fcltigen Kodex ersetzt werden. Daf\u00fcr musste der oft willk\u00fcrlich agierende lokale Kleinadel zu Gunsten des Landesf\u00fcrsten weiter entmachtet werden.<\/p>\n<p>Dieses System sollte nicht nur den teuren Hofstaat, sondern auch die Landesverteidigung finanzieren. Nicht nur protestantische Truppen aus S\u00fcddeutschland bedrohten den habsburgischen Besitz. Auch Frankreich, eigentlich eine katholische Macht, wollte sich an den L\u00e4ndern der Casa de Austria in Spanien, Italien und den Vorlanden, den heutigen Benelux-Staaten, schadlos halten. Innsbruck wurde zu einem der Zentren des habsburgischen Kriegsrates. Am Rande der Front in den deutschen L\u00e4ndern und mittig zwischen Wien und der Toskana war die Stadt perfekt f\u00fcr \u00d6sterreicher, Spanier und Italiener, um sich zu treffen. Die f\u00fcr ihre Brutalit\u00e4t ber\u00fcchtigten Schweden bedrohten Tirol direkt, konnten aber vom Einmarsch abgehalten werden. Die Burg- und Wallanlagen, die Tirol sch\u00fctzten, wurden von unerw\u00fcnschten Bewohnern des Landes, Bettlern, Zigeunern und desertierten Soldaten in Zwangsarbeit errichtet. Bei Scharnitz an der heutigen deutschen Grenze wurden Verteidigungsanlagen errichtet und nach der Landesf\u00fcrstin <em>Porta Claudia<\/em> genannt.<\/p>\n<p>Als Claudia de Medici 1648 starb, kam es wie fast zur gleichen Zeit in England unter Cromwell zu einem Aufstand der St\u00e4nde gegen die Zentralregierung. Claudia, die nie die deutsche Landessprache gelernt hatte und auch sonst auch nach \u00fcber 20 Jahren noch mit lokalen Br\u00e4uchen fremdelte, war nie besonders beliebt in der Bev\u00f6lkerung gewesen. An eine Absetzung war aber nicht zu denken. Der Schierlingsbecher wurde an ihren Kanzler weitergereicht. Der unbequeme Biener wurde vom Nachfolger Claudias, Erzherzog Ferdinand Karl, und den Landst\u00e4nden als <em>Persona non grata<\/em> inhaftiert und 1651 wie Charles I. zwei Jahre nach einem Schauprozess gek\u00f6pft.<\/p>\n<p>Ein Hauch Florenz und Medici pr\u00e4gt Innsbruck bis heute: Sowohl in der Jesuitenkirche, wo Claudia und Leopold ihre letzte Ruhest\u00e4tte fanden, als auch in der Pfarrkirche Mariahilf prangt bis heute das Wappen ihrer Familie mit den roten Kugeln und den Lilien. Das Alte Rathaus in der Altstadt ist auch als <em>Claudiana<\/em> bekannt. \u00dcberreste der Porta Claudia bei Scharnitz stehen ebenfalls bis heute. Mit Leopolds Namen verbunden ist in Innsbruck besonders das Theater. Der Leopoldsbrunnen vor dem Haus der Musik erinnert an ihn. Wer sich an die Besteigung des markanten Berges Serles wagt, startet die Wanderung beim Kloster Maria Waldrast, das Leopold 1621 hingebungsvoll zum <em>wunderbarlichen Unser lieben Frawen bildnus auf der Waldrast<\/em> dem Servitenorden stiftete und Claudia ausbauen lie\u00df. Kanzler Wilhelm Biener wurde ein Stra\u00dfenname im Saggen gewidmet.<\/p>\n<p>[\/et_pb_toggle][et_pb_toggle title=&#8220;Innsbruck &#8211; Stadt der B\u00fcrokraten und Beamten&#8220; open_toggle_text_color=&#8220;#e09900&#8243; open_toggle_background_color=&#8220;#ffffff&#8220; closed_toggle_text_color=&#8220;#e09900&#8243; closed_toggle_background_color=&#8220;#ffffff&#8220; icon_color=&#8220;#e09900&#8243; open_icon_color=&#8220;#e09900&#8243; admin_label=&#8220;Innsbruck &#8211; Stadt der B\u00fcrokraten und Beamten&#8220; _builder_version=&#8220;4.27.4&#8243; _module_preset=&#8220;default&#8220; title_text_color=&#8220;#e09900&#8243; title_font_size=&#8220;18px&#8220; border_radii=&#8220;on|5px|5px|5px|5px&#8220; box_shadow_style=&#8220;preset1&#8243; global_module=&#8220;65694&#8243; global_colors_info=&#8220;{}&#8220;]<\/p>\n<p>Innsbruck br\u00fcstet sich voll Stolz seiner vielen Titulierungen. Universit\u00e4tsstadt, \u00d6sterreichs Hauptstadt des Sportes oder Heimat des weltbesten Krankenhauses. Wirft man einen Blick auf die Liste der gr\u00f6\u00dften Arbeitgeber der Region oder in die Geschichte, ist Innsbruck vor allem eins: Beamtenstadt. Universit\u00e4t und Landeskrankenhaus sind die gr\u00f6\u00dften singul\u00e4ren Arbeitgeber. Rechnet man aber die \u00f6ffentlichen Bediensteten aller Ebenen, Stadt, Land und Bund zusammen und nimmt die ausgelagerten Unternehmen im Besitz der \u00f6ffentlichen Hand wie die \u00d6BB, TIWAG oder die Innsbrucker Kommunalbetriebe hinzu sowie Lehrer und Polizei, sind die Beamten klar in der \u00dcberzahl. Sp\u00e4testens seit der \u00dcbersiedlung der landesf\u00fcrstlichen Residenz unter Friedrich IV. machte die Beamtenschaft nicht nur einen betr\u00e4chtlichen quantitativen Teil der B\u00fcrgerschaft aus, sie bestimmt die Geschicke der Stadt in einflussreicher, wenn auch unauff\u00e4lliger Manier. Bis heute sind es Beamten, die den Laden am Laufen halten. Sie setzen Gesetze durch, k\u00fcmmern sich um die Planung und Instandhaltung von Infrastruktur, machen eifrig Aufzeichnungen \u00fcber die Bev\u00f6lkerung, um Steuern ein- und Soldaten auszuheben.<\/p>\n<p>Die erste nennenswerte B\u00fcrokratie kam wohl mit dem <em>Imperium Romanum<\/em>. Den R\u00f6mern folgten im fr\u00fchen Mittelalter die Br\u00fcder des Stiftes Wilten. Die schreibkundigen M\u00e4nner verwalteten nicht nur die herzoglichen und eigenen Besitzt\u00fcmer durch ihre Urbare und hoben die Abgaben bei den b\u00e4uerlichen Untertanen ein, sondern legten Taufmatrikel, Heiratsverzeichnisse und Sterbeb\u00fccher an. Die Feudalherrschaft erforderte zwar einen Panoramablick \u00fcber das, was sich innerhalb ihres Herrschaftsbereichs abspielte, vor allem in der Stadt war das Leben aber eher von den Beschr\u00e4nkungen der Z\u00fcnfte als von denen der Obrigkeit bestimmt. Ein Magistrat war nur oberfl\u00e4chlich vorhanden. Es gab Gesetze, aber keine Polizei, Steuern aber kein Finanzamt. St\u00e4dtische Infrastruktur war praktisch nicht vorhanden, schlie\u00dflich gab es weder flie\u00dfend Wasser, elektrischen Strom, Kanalisation, st\u00e4dtische Kindergarten, ein Arbeitsamt oder eine Krankenkasse. Die zur Stadt erhobene Gemeinde Innsbruck wurde lange von einem Stadtrichter, ab dem 14. Jahrhundert von einem B\u00fcrgermeister mit Gemeinderat regiert. Es handelte sich dabei nicht um hauptberufliche Beamte, sondern Mitglieder der st\u00e4dtischen Elite. Nur wenige Menschen wie Z\u00f6llner, Kornmesser, Schreiber oder Turmw\u00e4chter standem bei der Stadt unter Lohn und Brot.<\/p>\n<p>Im 15. Jahrhundert wurden Berufswelt und Gesellschaft differenzierter, die Heere gr\u00f6\u00dfer und die Steuerbelastungen h\u00f6her. Das traditionelle Gewohnheitsrecht wurde vom modernen, f\u00fcr Unkundige schwerer durchschaubaren R\u00f6mischen Recht abgel\u00f6st. Mit der Stadt wuchs auch der Beamtenapparat. Zwischen Anfang des 15. Jahrhunderts und der Regierung Leopolds V. war Innsbruck von einer Handels- und Transportsiedlung zu einer Beamtenstadt geworden. Von den circa 5500 Einwohnern geh\u00f6rte mehr als die H\u00e4lfte dem Hofstaat, der st\u00e4dtischen Beamtenschaft, der Universit\u00e4t oder dem Klerus an. Hofhaltung, Verwaltung, Zoll, Steuern, Fernhandel und Finanzwirtschaft ben\u00f6tigten schreibkundiges Personal. Die Verwaltung war, vor Handwerk, Transport und Gastronomie zum wichtigsten Wirtschaftszweig der Stadt geworden.<\/p>\n<p>Wenn \u00fcberhaupt kamen die B\u00fcrger mit diesen fremden Beamten nur in unangenehmen Situationen in Ber\u00fchrung. Besonders straff wurden die Z\u00fcgel von Maximilian I. angezogen. Seine zentral beschlossenen Gesetze wurden von den Reichskreisen lokal umgesetzt. Die besoldeten Beamten durchdrangen das Leben des Einzelnen in einer Art und Weise, die es im Mittelalter so nicht gab. Zu allem \u00dcbel kamen die Beamten oft aus dem Ausland. Besonders Italiener und Burgunder waren gefragte Schl\u00fcsselarbeitskr\u00e4fte, die aber mit der einheimischen Bev\u00f6lkerung fremdelten. Nicht nur sprachen sie oft kein Deutsch, sie konnten lesen und schreiben, waren Angestellte und keine untert\u00e4nigen Landwirten. Sie hatten mehr Geld zur Verf\u00fcgung, kleideten sich anders, hatten andere Sitten und a\u00dfen andere Speisen. Anders als der Landesf\u00fcrst beriefen sie sich nicht auf Gott, sondern auf von Menschen geschriebene, von der Antike und der Vernunft inspirierte Regelwerke. Je nach Mode, Sitte und Moralvorstellung der Zeit, \u00e4nderten sich die Gesetze. So wie Naturschutz oder Tempolimits auf Autobahnen heute immer wieder zur Diskussion gestellt werden, obwohl sie Sinn machen, wurden damals Verbote von Ausspucken, Entsorgung des Nachttopfes, Holzbauten und Viehhaltung innerhalb der Stadtmauern kritisch gesehen, obwohl sie Hygiene und Sicherheit drastisch erh\u00f6hten.<\/p>\n<p>War es lange Sitte gewesen, dass B\u00fcrger sich in Abwesenheit des Regenten gewisse Freiheiten bei der Holzschl\u00e4gerung, dem Bauwesen, der Jagd und der Fischerei herausnahmen, war die B\u00fcrokratie immer anwesend. W\u00e4hrend der Landesf\u00fcrst als guter Vater seiner Untertanen gesehen wurde und Bisch\u00f6fe und \u00c4bte zwar strenge Grundherren waren, aber als Gegenleistung zumindest Seelenheil anbieten konnten, erschienen die neue Amtsgewalt anonym, abgehoben, gesichtslos, fremd und distanziert. Die Verhandlungsbasis, die man im direkten Kontakt als Untertan mit seinem Grundherrn hatte, wurde vom gnadenlosen Gesetz beerdigt, zumindest wenn man keine Bestechungsgelder bezahlen konnte oder niemand in h\u00f6herer Position kannte. Als der unbedingte Glaube an den immer korrupter werdenden Klerus zu br\u00f6ckeln begann und Ferdinand I. den Spanier Salamanca als obersten Finanzverwalter des Landes einsetzte, verwandelte sich das unterschwellige unzufriedene Brodeln 1525 in eine offene Rebellion. Die Untertanen forderten nicht die Absetzung des F\u00fcrsten, sondern eine Ver\u00e4nderung der Herrschaft des Klerus und der fremdl\u00e4ndischen Beamtenschaft. Auch im 17. Jahrhundert war es mit Wilhelm Biener der oberste Beamte des Landes, dessen Kopf rollte und nicht der des Landesherrn.<\/p>\n<p>Dabei barg die B\u00fcrokratie, die Herrschaft der Verwaltung, durchaus auch Vorteile f\u00fcr die Untertanen. Sie setzte fixe Regeln dort ein, wo oft Willk\u00fcr herrschte. Das \u00fcber unterschiedliche Territorien harmonisierte Gesetz war berechenbarer. Und man konnte mit etwas Gl\u00fcck und Talent auch ohne dem Adel anzugeh\u00f6ren sozial durch den Dienst f\u00fcr die \u00f6ffentliche Hand sozial aufsteigen. Michael Gaismair, einer der Anf\u00fchrer der Rebellion von 1525, war als Sohn eines Bergwerksunternehmers vor seiner Karriere als Revolution\u00e4r in Diensten des Landeshauptmanns gestanden.<\/p>\n<p>Die n\u00e4chste Modernisierung der Verwaltung erfolgte im 18. Jahrhundert. Unter den aufgekl\u00e4rten, absolutistischen Monarchen Maria Theresia und Josef II. wehte ein neuer Wind bis hin zur Kommunalebene. Innsbruck erhielt erstmals eine Polizei. Die Stadtverwaltung wurde 1784 modernisiert. Anstelle des alten Stadtrats mit <em>Gemein<\/em> regierte nun ein von einem Rat, vor allem aber von Beamten unterst\u00fctzter B\u00fcrgermeister. Dieser Magistrat bestand aus besoldeten Experten, die zwar immer noch vorwiegend aus Mitgliedern des Kleinadels bestanden, sich nun aber durch Pr\u00fcfungen f\u00fcr die Aus\u00fcbung ihres Amtes qualifizieren mussten. Die B\u00fcrokratie erhielt auf operativer politischer Ebene mehr Macht. W\u00e4hrend der B\u00fcrgermeisterposten zeitlich begrenzt war, kamen Beamte in den Genuss einer lebenslangen, unk\u00fcndbaren Stellung. Diese Pragmatisierung und ein neuerlicher Schwall an neuen, oftmals den Traditionen widersprechenden Gesetzen, verst\u00e4rkten den Ruf der Beamten, abgehoben und b\u00fcrgerfern zu sein. Als mit der bayerischen Besetzung Tirols das Element des ausl\u00e4ndischen, noch dazu nach franz\u00f6sischem Vorbild, dazukam, brach 1809 erneut ein Aufstand aus. Die Massenaushebung junger M\u00e4nner f\u00fcr den Milit\u00e4rdienst, eine Reglementierung des religi\u00f6sen Lebens und eine Impfpflicht, durchgesetzt von bayerischen Beamten, war zu viel f\u00fcr die Tiroler Seelenlandschaft.<\/p>\n<p>Nach 1809 hielt die B\u00fcrokratie im Rahmen der Industrialisierung und neuen Technologien in immer mehr Lebensbereichen Einzug. Nicht nur das Staatswesen \u00fcber Steuern und Milit\u00e4r, auch Universit\u00e4t, Schulen, Bauwesen, Eisenbahn, Post und Institutionen wie die Kammer f\u00fcr Handel und Gewerbe bedurften Verwaltungsmitarbeitern. Die Stadt wuchs was Einwohner und Unternehmen anbelangte. Neue Infrastruktur wie Gas, Kanalisation und Elektrizit\u00e4t und neue Vorstellungen was Hygiene, Lebensmittelkontrolle, Gesundheit und Bildung anbelangte, verlangten nach neuen Mitarbeitern im Stadtmagistrat. Das alte Rathaus in der Altstadt wurde zu klein. Eine angedachte Erweiterung erwies sich als unm\u00f6glich. 1897 \u00fcbersiedelten die Beamten in das neue Rathaus in der Maria-Theresien-Stra\u00dfe. Erm\u00f6glicht wurde der Umzug durch die gro\u00dfz\u00fcgige Schenkung des Industriellen und Hoteliers Leonhard Lang. Er hatte aus dem ehemaligen Palais K\u00fcnigl das <em>Hotel d\u00b4Autriche<\/em> gemacht, bevor der B\u00fcrgermeister und seine Entourage Einzug hielten.<\/p>\n<p>Als 1918 die Monarchie zusammenbrach, war der \u00dcbergang nicht nahtlos, dank der Strukturen verlief er aber unvorstellbar glatt. Es war aber nicht mehr der Kaiser, der die Last des Staates trug, sondern eine Heerschar an Staatsbediensteten und H\u00fctern der Ordnung, die f\u00fcr Wasser, Strom und ein funktionierendes Eisenbahnnetz sorgten. Mit Eduard Klingler und Theodor Prachensky hinterlie\u00dfen zwei Bauamtsleiter in der ersten H\u00e4lfte des 20. Jahrhunderts ihre bis heute gut sichtbaren Spuren im Innsbrucker Stadtbild. Die Republik \u00fcbernahm mit Agenden wie dem \u00f6ffentlichen Wohnbau, dem Arbeitsamt, dem Bildungswesen, der st\u00e4dtischen Infrastruktur, Stra\u00dfenbau, \u00f6ffentlichem Verkehr bis hin zu Meldewesen und Hochzeit mehr oder minder alle Aufgaben des t\u00e4glichen Lebens von Monarchie und Kirche. Wer sich also beim n\u00e4chsten Besuch im Neuen Rathaus \u00fcber \u00fcberbordendes Beamtentum und qu\u00e4lend langsame B\u00fcrokratie \u00e4rgert, dem sei in Erinnerung gerufen, dass der Wohlfahrtsstaat in Person seiner Staatsdiener von der Wiege bis zur Bahre das soziale Auskommen und \u00f6ffentliche Infrastruktur Tausender Menschen meist unbemerkt managet.<\/p>\n<p>[\/et_pb_toggle][et_pb_toggle title=&#8220;Die Tirolische Nation, %22Demokratie%22 und das Herz Jesu&#8220; open_toggle_text_color=&#8220;#e09900&#8243; open_toggle_background_color=&#8220;#ffffff&#8220; closed_toggle_text_color=&#8220;#e09900&#8243; closed_toggle_background_color=&#8220;#ffffff&#8220; icon_color=&#8220;#e09900&#8243; open_icon_color=&#8220;#e09900&#8243; admin_label=&#8220;Tiroler Demokratie und das Herz Jesu&#8220; _builder_version=&#8220;4.27.4&#8243; _module_preset=&#8220;default&#8220; title_text_color=&#8220;#e09900&#8243; title_font_size=&#8220;18px&#8220; border_radii=&#8220;on|5px|5px|5px|5px&#8220; box_shadow_style=&#8220;preset1&#8243; global_module=&#8220;53480&#8243; saved_tabs=&#8220;all&#8220; global_colors_info=&#8220;{}&#8220;]<\/p>\n<p>Viele Tiroler sehen sich bis heute oft und gerne als eigene Nation. Mit \u201e<em>Tirol isch lei oans<\/em>\u201c, \u201e<em>Zu Mantua in Banden<\/em>\u201c und \u201e<em>Dem Land Tirol die Treue<\/em>\u201c besitzt das Bundesland gleich drei mehr oder weniger offizielle Hymnen. Dieser ausgepr\u00e4gte Lokalpatriotismus hat wie auch in anderen Bundesl\u00e4ndern historische Gr\u00fcnde. Oft wird die Tiroler Freiheit und Unabh\u00e4ngigkeit wie ein lokales Heiligtum herangezogen, um das zu untermauern. Gerne wird von der ersten Demokratie Festlandeuropas gesprochen, was wohl eine ma\u00dflose \u00dcbertreibung ist, betrachtet man die feudale und von Hierarchien gepr\u00e4gte Geschichte des Landes bis ins 20. Jahrhundert an. Eine gewisse Eigenheit in der Entwicklung kann man dem Land allerdings nicht absprechen, auch wenn es sich dabei weniger um Partizipation breiter Teile der Bev\u00f6lkerung als vielmehr die Beschneidung der Macht des Landesf\u00fcrsten von Seiten der lokalen Eliten handelte.<\/p>\n<p>Den ersten Akt stellte das dar, was der Innsbrucker Historiker Otto Stolz (1881 \u2013 1957) in den 1950ern in Anlehnung an die englische Geschichte \u00fcberschw\u00e4nglich als <em>Magna Charta Libertatum<\/em> feierte. Nach der Hochzeit des Bayern Ludwigs von Wittelsbach mit der Tiroler Landesf\u00fcrstin Margarete von Tirol-G\u00f6rz waren die bayrischen Wittelsbacher f\u00fcr kurze Zeit Landesherren von Tirol. Um die Tiroler Bev\u00f6lkerung auf seine Seite zu ziehen, beschloss Ludwig den Landst\u00e4nden im 14. Jahrhundert ein Zuckerl anzubieten. Im <em>Gro\u00dfen Freiheitsbrief<\/em> von 1342\u00a0versprach Ludwig den Tirolern keine Gesetze oder Steuererh\u00f6hungen zu erlassen, ohne sich nicht vorher mit den Landst\u00e4nden zu besprechen. Von einer demokratischen Verfassung im Verst\u00e4ndnis des 21. Jahrhunderts kann allerdings keine Rede sein, waren diese Landst\u00e4nde doch vor allem die adeligen, landbesitzenden Klassen, die dementsprechend auch ihre Interessen vertraten. In einer Ausfertigung der Urkunde war zwar davon die Rede, Bauern als Stand in den Landtag miteinzubeziehen, offiziell wurde diese Version allerdings nie.<\/p>\n<p>Als im 15. Jahrhundert St\u00e4dte und B\u00fcrgertum durch ihre wirtschaftliche Bedeutung mehr politisches Gewicht erlangten, entwickelte sich ein Gegengewicht zum Adel innerhalb der Landst\u00e4nde. Beim Landtag von 1423 unter Friedrich IV. trafen erstmals 18 Mitglieder des Adels auf 18 Mitglieder der St\u00e4dte und der Bauernschaft. Nach und nach entwickelte sich in den Landtagen des 15. und 16. Jahrhundert eine feste Zusammensetzung. Vertreten waren die Tiroler Bisch\u00f6fe von Brixen und Trient, die \u00c4bte der Tiroler Kl\u00f6ster, der Adel, Vertreter der St\u00e4dte und der Bauernschaft. Den Vorsitz hatte der Landeshauptmann.\u00a0Nat\u00fcrlich waren die Beschl\u00fcsse und W\u00fcnsche des Landtags f\u00fcr den F\u00fcrsten nicht bindend, allerdings war es f\u00fcr den Regenten wohl ein beruhigendes Gef\u00fchl, wenn er die Vertreter der Bev\u00f6lkerung auf seiner Seite wusste oder schwere Entscheidungen mitgetragen wurden.\u00a0<\/p>\n<p>Eine weitere wichtige Urkunde f\u00fcr das Land war das <em>Tiroler Landlibell<\/em>.\u00a0Maximilian hielt darin im Jahr 1511 unter anderem fest, Tiroler Soldaten nur f\u00fcr den Kriegsdienst zur Verteidigung des eigenen Landes heranzuziehen. Der Grund f\u00fcr Maximilians Gro\u00dfz\u00fcgigkeit war weniger seine Liebe zu den Tirolern als die Notwendigkeit die Tiroler Bergwerke am Laufen zu halten, anstatt die kostbaren Arbeiter und die sie versorgende Bauernschaft auf den Schlachtfeldern Europas zu verheizen. Dass im <em>Landlibell<\/em> gleichzeitig massive Einschr\u00e4nkungen der Bev\u00f6lkerung und h\u00f6here Belastungen einhergingen, wird oft gerne vergessen. Das <em>Landlibell<\/em> regelte neben der St\u00e4rke der Truppenkontingente auch die Sondersteuern, die eingehoben wurden. Adel und Klerus mussten den Kapitalertrag aus ihren L\u00e4ndereien als Steuerbasis heranziehen, was oft einer groben Sch\u00e4tzung gleichkam. St\u00e4dte hingegen wurden nach der Anzahl der Feuerst\u00e4tten in den H\u00e4usern besteuert, was recht genau erhoben werden konnte. Die begehrten Bergwerksarbeiter waren von diesen Steuern ausgenommen und mussten auch nur im \u00e4u\u00dfersten Notfall zum Heeresdienst antreten.<\/p>\n<p>Diese im Landlibell festgehaltene Sonderregelung bei der Landesverteidigung war einer der Gr\u00fcnde f\u00fcr die Erhebung von 1809, als junge Tiroler bei der Mobilisierung der Streitkr\u00e4fte im Rahmen der allgemeinen Wehrpflicht ausgehoben wurden.\u00a0Bis heute pr\u00e4gen die Napoleonischen Kriege, als das katholische Kronland von den \u201egottlosen Franzosen\u201c und der revolution\u00e4ren Gesellschaftsordnung bedroht wurde, das Tiroler Selbstverst\u00e4ndnis. Bei diesem Abwehrkampf entstand ein Bund zwischen Katholizismus und Tirol. Die Tiroler Sch\u00fctzen vertrauten ihr Schicksal vor einer entscheidenden Schlacht im Kampf gegen Napoleons Armeen im Juni 1796 dem Herzen Jesu an und schlossen einen Bund mit Gott pers\u00f6nlich, der ihr <em>Heiliges Land Tirol<\/em> beh\u00fcten sollte. Eine weitere identit\u00e4tsstiftende Legende des Jahres 1796 rankt sich um eine junge Frau aus dem Dorf Spinges. Katharina Lanz, die als die\u00a0<em>Jungfrau von Spinges<\/em>\u00a0in die Landesgeschichte als identit\u00e4tsstiftende Nationalheldin einging, soll die beinahe geschlagenen Tiroler Truppen mit ihrem herrischen Auftreten im Kampf solcherart motiviert haben, dass sie schlussendlich den Sieg \u00fcber die franz\u00f6sische \u00dcbermacht davontragen konnten. Je nach Darstellung soll sie mit einer Mistgabel, einem Dreschflegel oder einer Sense \u00e4hnlich der franz\u00f6sischen Jungfrau Johanna von Orleans den Truppen Napoleons das F\u00fcrchten gelehrt haben. Legenden und Traditionen rund um die Sch\u00fctzen und das Gef\u00fchl, eine selbstst\u00e4ndige und von Gott auserw\u00e4hlte Nation zu sein, die zuf\u00e4llig der Republik \u00d6sterreich angeh\u00e4ngt wurde, gehen auf diese Legenden zur\u00fcck.<\/p>\n<p>Die partikularen Identit\u00e4ten der einzelnen Kronl\u00e4nder entsprachen nicht dem, was sich aufgekl\u00e4rte Politik unter einem modernen Staatswesen vorstellten. Unter Maria Theresia erfuhr der Zentralstaat eine St\u00e4rkung gegen\u00fcber den Kronl\u00e4ndern und dem lokalen Adel. Das Zugeh\u00f6rigkeitsgef\u00fchl der Untertanen sollte nicht dem Land Tirol, sondern dem Haus Habsburg gelten. Im 19. Jahrhundert wollte man die Identifikation mit der Monarchie st\u00e4rken und ein Nationalbewusstsein entwickeln. Die Presse, Besuche der Herrscherfamilie, Denkm\u00e4ler wie der Rudolfsbrunnen oder die Er\u00f6ffnung des Berg Isels mit Hofer als kaisertreuem Tiroler sollten dabei helfen, die Bev\u00f6lkerung in kaisertreue Untertanen zu verwandeln.<\/p>\n<p>Als nach dem Ersten Weltkrieg das Habsburgerreich zusammenbrach, zerbrach auch das Kronland Tirol. Das, was man bis 1918 als S\u00fcdtirol bezeichnete, der italienischsprachige Landesteil zwischen Riva am Gardasee und Salurn im Etschtal, wurde zum Trentino mit der Hauptstadt Trient. Der deutschsprachige Landesteil zwischen Neumarkt und dem Brenner ist heute S\u00fcdtirol \/ Alto Adige, eine autonome Region der Republik Italien mit der Hauptstadt Bozen.<\/p>\n<p>Innsbrucker f\u00fchlten sich durch die Jahrhunderte hindurch als Tiroler, Deutsche, Katholiken und Untertanen des Kaisers. Als \u00d6sterreicher aber f\u00fchlte sich vor 1945 kaum jemand. Erst nach dem 2. Weltkrieg begann sich auch in Tirol langsam ein Zugeh\u00f6rigkeitsgef\u00fchl zu \u00d6sterreich zu entwickeln. Bis heute aber sind viele Tiroler vor allem stolz auf ihre lokale Identit\u00e4t und grenzen sich gerne von den Bewohnern anderer Bundesl\u00e4nder und Staaten ab. F\u00fcr viele Tiroler stellt der Brenner nach \u00fcber 100 Jahren noch immer eine <em>Unrechtsgrenze<\/em> dar, auch wenn man im <em>Europa der Regionen<\/em> auf EU-Ebene politisch grenz\u00fcberschreitend zusammenarbeitet.<\/p>\n<p>Die Legende vom <em>Heiligen Land<\/em>, der unabh\u00e4ngigen <em>Tirolischen Nation<\/em> und ersten Festlanddemokratie h\u00e4lt sich bis heute. Das Bonmot \u201e<em>bisch a Tiroler bisch a Mensch, bisch koana, bisch a Oasch<\/em>\u201c fasst den Tiroler Nationalismus knackig zusammen. Dass das historische Kronland Tirol mit Italienern, Ladinern, Zimbern und R\u00e4toromanen ein multiethnisches Konstrukt war, wird dabei in rechtsgerichteten Kreisen gerne \u00fcbersehen. Gesetze aus der Bundeshauptstadt Wien oder gar der EU in Br\u00fcssel werden bis heute skeptisch betrachtet. Nationalisten zu beiden Seiten des Brenners bedienen sich noch heute der\u00a0<em>Jungfrau von Spinges<\/em>, dem Herzen Jesu und Andreas Hofers, um ihre Anliegen publikumstauglich anzubringen. Die <em>S\u00e4cularfeier des Bundes Tirols mit dem g\u00f6ttlichen Herzen Jesu<\/em> wurde noch im 20. Jahrhundert unter gro\u00dfer Anteilnahme der politischen Elite gefeiert.<\/p>\n<p>[\/et_pb_toggle][et_pb_toggle title=&#8220;Die Baumeister Gumpp und die Barockisierung Innsbrucks&#8220; open_toggle_text_color=&#8220;#e09900&#8243; open_toggle_background_color=&#8220;#ffffff&#8220; closed_toggle_text_color=&#8220;#e09900&#8243; closed_toggle_background_color=&#8220;#ffffff&#8220; icon_color=&#8220;#e09900&#8243; open_icon_color=&#8220;#e09900&#8243; admin_label=&#8220;Die Baumeister Gumpp und die Barockisierung Innsbrucks&#8220; _builder_version=&#8220;4.27.4&#8243; _module_preset=&#8220;default&#8220; title_text_color=&#8220;#e09900&#8243; title_font_size=&#8220;18px&#8220; border_radii=&#8220;on|5px|5px|5px|5px&#8220; box_shadow_style=&#8220;preset1&#8243; global_module=&#8220;53389&#8243; global_colors_info=&#8220;{}&#8220;]<\/p>\n<p>Die Werke der Familie Gumpp bestimmen bis heute sehr stark das Aussehen Innsbrucks. Vor allem die barocken Teile der Stadt sind auf sie zur\u00fcckzuf\u00fchren. Der Begr\u00fcnder der Dynastie in Tirol, Christoph Gumpp (1600-1672) war eigentlich Tischler. Sein Talent allerdings hatte ihn f\u00fcr h\u00f6here Weihen auserkoren. Den Beruf des Architekten oder K\u00fcnstler gab es zu dieser Zeit noch nicht, selbst Michelangelo und Leonardo da Vinci galten als Handwerker. Der geb\u00fcrtige Schwabe Gumpp trat nach seiner Mitarbeit an der Dreifaltigkeitskirche in die Fu\u00dfstapfen der italienischen Baumeister, die unter Ferdinand II den Ton angegeben hatten. Auf Gehei\u00df Leopolds V. reiste Gumpp nach Italien, um dort Theaterbauten zu studieren und bei den zeitgen\u00f6ssisch stilbildenden Kollegen sein Know-How f\u00fcr das geplante landesf\u00fcrstliche <em>Comedihaus<\/em> aufzupolieren.<\/p>\n<p>Seine offizielle T\u00e4tigkeit als Hofbaumeister begann 1633.\u00a0Neue Zeiten bedurften eines neuen Designs, abseits des architektonisch von der Gotik gepr\u00e4gten Mittelalters und den Schrecken des Drei\u00dfigj\u00e4hrigen Krieges. \u00dcber die folgenden Jahrzehnte wurde Innsbruck unter der Regentschaft Claudia de Medicis einer kompletten Renovierung unterzogen. Gumpp vererbte seinen Titel an die n\u00e4chsten beiden Generationen innerhalb der Familie weiter. Die Gumpps traten nicht nur als Baumeister in Erscheinung. Sie waren Tischler, Maler, Kupferstecher und Architekten, was ihnen erlaubte, \u00e4hnlich der Bewegung der <em>Tiroler Moderne<\/em> rund um Franz Baumann und Clemens Holzmeister Anfang des 20. Jahrhunderts, Projekte ganzheitlich umzusetzen. Auch bei der Errichtung der Schanzwerke zur Landesverteidigung w\u00e4hrend des Drei\u00dfigj\u00e4hrigen Krieges waren sie als Planer beteiligt.<\/p>\n<p>Christoph Gumpps Meisterst\u00fcck aber war die Errichtung des <em>Comedihaus<\/em> im ehemaligen Ballhaus. Die \u00fcberdimensionierten Ma\u00dfe des damals richtungsweisenden Theaters, das in Europa zu den ersten seiner Art \u00fcberhaupt geh\u00f6rte, erlaubte nicht nur die Auff\u00fchrung von Theaterst\u00fccken, sondern auch Wasserspiele mit echten Schiffen und aufw\u00e4ndige Pferdeballettauff\u00fchrungen. Das Comedihaus war ein Gesamtkunstwerk an und f\u00fcr sich, das in seiner damaligen Bedeutung wohl mit dem Festspielhaus in Bayreuth des 19. Jahrhunderts oder der Elbphilharmonie heute verglichen werden muss.<\/p>\n<p>Seine Nachfahren Johann Martin Gumpp der \u00c4ltere, Georg Anton Gumpp und Johann Martin Gumpp der J\u00fcngere waren f\u00fcr viele der bis heute pr\u00e4gendsten Geb\u00e4ude im Stadtbild zust\u00e4ndig. So stammen die Wiltener Stiftskirche, die Mariahilfkirche, die Johanneskirche und die Spitalskirche von den Gumpps. Neben dem Entwurf von Kirchen und ihrer Arbeit als Hofbaumeister machten sie sich auch als Planer von Profanbauten einen Namen. Viele der B\u00fcrgerh\u00e4user und Stadtpal\u00e4ste Innsbrucks wie das Taxispalais oder das Alte Landhaus in der Maria-Theresien-Stra\u00dfe wurden von Ihnen entworfen. Mit dem Verlust des Status als Residenzstadt gingen die prunkvollen Gro\u00dfauftr\u00e4ge zur\u00fcck und damit auch der Ruhm der Familie Gumpp. Ihr ehemaliges Wohnhaus beherbergt heute die Konditorei Munding in der Altstadt. Im Stadtteil Pradl erinnert die Gumppstra\u00dfe an die Innsbrucker Baumeisterdynastie.<\/p>\n<p>[\/et_pb_toggle][et_pb_toggle title=&#8220;Innsbruck und das Haus Habsburg&#8220; open_toggle_text_color=&#8220;#e09900&#8243; open_toggle_background_color=&#8220;#ffffff&#8220; closed_toggle_text_color=&#8220;#e09900&#8243; closed_toggle_background_color=&#8220;#ffffff&#8220; icon_color=&#8220;#e09900&#8243; open_icon_color=&#8220;#e09900&#8243; admin_label=&#8220;Innsbruck und das Haus Habsburg&#8220; _builder_version=&#8220;4.27.4&#8243; _module_preset=&#8220;default&#8220; title_text_color=&#8220;#e09900&#8243; title_font_size=&#8220;18px&#8220; border_radii=&#8220;on|5px|5px|5px|5px&#8220; box_shadow_style=&#8220;preset1&#8243; global_module=&#8220;53484&#8243; saved_tabs=&#8220;all&#8220; global_colors_info=&#8220;{}&#8220;]<\/p>\n<p>Innsbrucks Innenstadt wird heute von Geb\u00e4uden und Denkm\u00e4lern gepr\u00e4gt, die an die Familie Habsburg erinnern. Die Habsburger waren \u00fcber viele Jahrhunderte ein europ\u00e4isches Herrscherhaus, zu dessen Einflussbereich verschiedenste Territorien geh\u00f6rten. Am Zenit ihrer Macht waren sie die Herrscher \u00fcber ein \u201e<em>Reich, in dem die Sonne nie untergeht<\/em>\u201c. Durch Kriege und geschickte Heirats- und Machtpolitik sa\u00dfen sie in verschiedenen Epochen an den Schalthebeln der Macht zwischen S\u00fcdamerika und der Ukraine. Innsbruck war immer wieder Schicksalsort dieser Herrscherdynastie. Besonders intensiv war das Verh\u00e4ltnis zwischen dem 15. und dem 17. Jahrhundert. Durch die strategisch g\u00fcnstige Lage zwischen den italienischen St\u00e4dten und deutschen Zentren wie Augsburg und Regensburg kam Innsbruck sp\u00e4testens nach der Erhebung zur Residenzstadt unter Kaiser Maximilian ein besonderer Platz im Reich zu.<\/p>\n<p>Tirol war Provinz und als konservativer Landstrich der Dynastie meist zugetan. Brav feierte man auch nach der Zeit als Residenzstadt die Geburt neuer Kinder der Herrscherfamilie mit Paraden und Prozessionen, trauerte bei Todesf\u00e4llen in Gedenkmessen und verewigte Erzherz\u00f6ge, K\u00f6nige und Kaiser im \u00f6ffentlichen Raum mit Statuen und Bildern. Auch die Habsburger sch\u00e4tzten die Nibelungentreue ihrer alpinen Untertanen. Der Jesuit Hartmann Grisar schrieb im 19. Jahrhundert folgendes \u00fcber die Feierlichkeiten anl\u00e4sslich der Geburt Erzherzog Leopolds im Jahr 1716:<\/p>\n<p><em>\u201eWelch imposanter Anblick aber, als bei hereinbrechender Nacht der Abt von Wilten vor der durch das Blut des Landes eingeweihten Annas\u00e4ule, umgeben von den Studentenreihen und dem dichtgedr\u00e4ngten Volke, die religi\u00f6se Schlu\u00dffunktion abhielt; als da bei dem Scheine von Tausenden brennender Lichter und Fackeln die ganze Stadt zugleich mit der studirenden Jugend, der Hoffnung des Landes, den Himmel um Segen f\u00fcr den neugeborenen ersten Sohn des Kaisers anflehte.\u201c<\/em><\/p>\n<p>\u00a0Die schwer zug\u00e4ngliche Lage machte es zum perfekten Fluchtort in unruhigen und krisenhaften Zeiten. Karl V. (1500 \u2013 1558) floh w\u00e4hrend einer Auseinandersetzung mit dem protestantischen <em>Schmalkaldischen Bund<\/em> f\u00fcr einige Zeit nach Innsbruck. Ferdinand I. (1793 \u2013 1875) lie\u00df seine Familie fern der osmanischen Bedrohung im Osten \u00d6sterreichs in Innsbruck verweilen. \u00a0Franz Josef I. genoss kurz vor seiner Kr\u00f6nung im turbulenten Sommer der Revolution 1848 gemeinsam mit seinem Bruder Maximilian, der sp\u00e4ter als Kaiser von Mexiko von Aufst\u00e4ndischen Nationalisten erschossen wurde, die Abgeschiedenheit Innsbrucks. Eine Tafel am Alpengasthof Heiligwasser \u00fcber Igls erinnert daran, dass der Monarch hier im Rahmen seiner Besteigung des Patscherkofels n\u00e4chtigte. Einige der Tiroler Landesf\u00fcrsten aus dem Haus Habsburg hatten weder eine besondere Beziehung zu Tirol noch brachten sie diesem deutschen Land besondere Zuneigung entgegen. Ferdinand I. (1503 \u2013 1564) wurde am spanischen Hof erzogen. Maximilians Enkel Karl V. war in Burgund aufgewachsen. Als er mit 17 Jahren zum ersten Mal spanischen Boden betrat, um das Erbe seiner Mutter Johanna \u00fcber die Reiche Kastilien und Aragorn anzutreten, sprach er kein Wort spanisch. Als er 1519 zum Deutschen Kaiser gew\u00e4hlt wurde, sprach er kein Wort Deutsch.<\/p>\n<p>Es waren auch nicht alle Habsburger gl\u00fccklich in Innsbruck sein zu \u201ed\u00fcrfen\u201c. Angeheiratete Prinzen und Prinzessinnen wie Maximilians zweite Frau Bianca Maria Sforza oder Ferdinand II. zweite Frau Anna Caterina Gonzaga strandeten ungefragt nach der Hochzeit in der rauen, deutschsprachigen Bergwelt. Stellt man sich zudem vor, was ein Umzug samt Heirat von Italien nach Tirol zu einem fremden Mann f\u00fcr einen Teenager bedeutet, kann man erahnen, wie schwer das Leben der Prinzessinnen war. Kinder der Aristokratie wurden bis ins 20. Jahrhundert vor allem dazu erzogen, politisch verheiratet zu werden. Widerspruch dagegen gab es keinen. Man mag sich das h\u00f6fische Leben als prunkvoll vorstellen, Privatsph\u00e4re war in all dem Luxus nicht vorgesehen.<\/p>\n<p>Seine habsburgische Bl\u00fctezeit erlebte Innsbruck, als die Stadt Hauptresidenz der Tiroler Landesf\u00fcrsten war. Ferdinand II., Maximilian III. und Leopold V. pr\u00e4gten mit ihren Gattinnen die Stadt w\u00e4hrend ihrer Regentschaft. Als Sigismund Franz von Habsburg (1630 \u2013 1665) als letzter Landesf\u00fcrst kinderlos starb, war auch der Titel der Residenzstadt Geschichte und Tirol wurde von einem Statthalter regiert. Der Tiroler Bergbau hatte an Wichtigkeit eingeb\u00fc\u00dft und bedurfte keiner gesonderten Aufmerksamkeit. Kurz darauf verloren die Habsburger mit Spanien und Burgund ihre Besitzungen in Westeuropa, was Innsbruck vom Zentrum an den Rand des Imperiums r\u00fcckte. In der K.u.K. Monarchie des 19. Jahrhunderts war Innsbruck der westliche Au\u00dfenposten eines Riesenreiches, das sich bis in die heutige Ukraine erstreckte. Franz Josef I. (1830 \u2013 1916) herrschte zwischen 1848 und 1916 \u00fcber ein multiethnisches Vielv\u00f6lkerreich. Sein neoabsolutistisches Herrschaftsverst\u00e4ndnis allerdings war aus der Zeit gefallen. \u00d6sterreich hatte seit 1867 zwar ein Parlament und eine Verfassung, der Kaiser betrachtete diese Regierung allerdings als \u201eseine\u201c. Minister waren dem Kaiser gegen\u00fcber verantwortlich, der \u00fcber der Regierung stand. In der zweiten H\u00e4lfte des 19. Jahrhunderts zerbrach das marode Reich. Am 28. Oktober 1918 wurde die Republik Tschechoslowakei ausgerufen, am 29. Oktober verabschiedeten sich Kroaten, Slowenen und Serben aus der Monarchie. Der letzte Kaiser Karl dankte am 11. November ab.\u00a0 Am 12. November erkl\u00e4rte sich \u201e<em>Deutsch\u00f6sterreich zur demokratischen Republik, in der alle Gewalt vom Volke ausgeht\u201c<\/em>. Das Kapitel der Habsburger war beendet.<\/p>\n<p>Bei allen nationalen, wirtschaftlichen und demokratiepolitischen Problemen, die es in den Vielv\u00f6lkerstaaten gab, die in verschiedenen Kompositionen und Auspr\u00e4gungen den Habsburgern unterstanden, die nachfolgenden Nationalstaaten schafften es teilweise wesentlich schlechter die Interessen von Minderheiten und kulturellen Unterschiede innerhalb ihres Territoriums unter einen Hut zu bringen. Seit der EU-Osterweiterung wird die Habsburgermonarchie von einigen wohlmeinenden Historikern als ein vormoderner Vorg\u00e4nger der Europ\u00e4ischen Union gesehen. Gemeinsam mit der katholischen Kirche pr\u00e4gten die Habsburger den \u00f6ffentlichen Raum \u00fcber Architektur, Kunst und Kultur. <em>Goldenes Dachl<\/em>, Hofburg, die Triumphpforte, Schloss Ambras, der Leopoldsbrunnen und viele weitere Bauwerke erinnern bis heute an die Pr\u00e4senz der wohl bedeutendsten Herrscherdynastie der europ\u00e4ischen Geschichte in Innsbruck.<\/p>\n<p>[\/et_pb_toggle][et_pb_toggle title=&#8220;Ferdinand II.: Principe und Renaissancef\u00fcrst&#8220; open_toggle_text_color=&#8220;#e09900&#8243; open_toggle_background_color=&#8220;#ffffff&#8220; closed_toggle_text_color=&#8220;#e09900&#8243; closed_toggle_background_color=&#8220;#ffffff&#8220; icon_color=&#8220;#e09900&#8243; open_icon_color=&#8220;#e09900&#8243; admin_label=&#8220;Ferdinand II.: Renaissance, Glanz und Glamour&#8220; _builder_version=&#8220;4.27.4&#8243; _module_preset=&#8220;default&#8220; title_text_color=&#8220;#e09900&#8243; title_font_size=&#8220;18px&#8220; border_radii=&#8220;on|5px|5px|5px|5px&#8220; box_shadow_style=&#8220;preset1&#8243; global_module=&#8220;53487&#8243; saved_tabs=&#8220;all&#8220; global_colors_info=&#8220;{}&#8220;]<\/p>\n<p><span style=\"font-weight: 400;\">Erzherzog Ferdinand II. von \u00d6sterreich (1529 \u2013 1595) z\u00e4hlt zu den schillerndsten Figuren der Tiroler Landesgeschichte. Sein Vater Kaiser Ferdinand I. lie\u00df ihm eine ausgezeichnete Ausbildung angedeihen. Er wuchs am spanischen Hof seines Onkels Kaiser Karl V auf. Die Jahre, in denen Ferdinand seine Schulbildung erhielt, fallen in die Anfangszeit des jesuitischen Einflusses an den habsburgischen H\u00f6fen. Der junge Staatsmann wurde ganz im Sinne des frommen Humanismus erzogen. Dazu gesellten sich die Sitten des Hochadels der Renaissance. In jungen Jahren reiste er durch Italien und Burgund und hatte an den wohlhabenden H\u00f6fen dort einen Lebensstil kennengelernt, der sich unter der deutschen Aristokratie noch nicht durchgesetzt hatte. Ferdinand war das, was man heute als Globetrotter, Mitglied der Bildungselite oder Kosmopolit bezeichnen w\u00fcrde. Er galt als intelligent, charmant und kunstsinnig. Bei weniger exzentrischen Zeitgenossen genoss Ferdinand den Ruf eines unmoralischen und genusss\u00fcchtigen W\u00fcstlings. Es wurde ihm schon zu Lebzeiten nachgesagt, ausschweifende und unsittliche Orgien zu veranstalten.\u00a0<\/span><\/p>\n<p><span style=\"font-weight: 400;\">Ferdinands Vater teilte sein Reich unter seinen S\u00f6hnen auf. Maximilian II., der zu Recht unter dem elterlichen Verdacht der H\u00e4resie und dem Anh\u00e4ngen protestantischer Lehren stand, erbte Ober- und Nieder\u00f6sterreich sowie B\u00f6hmen und Ungarn. Ferdinands j\u00fcngerer Bruder Karl regierte in Inner\u00f6sterreich, also K\u00e4rnten, Steiermark und der Krain. Das Mittelkind erhielt Tirol, das damals bis ins Engadin reichte, und die zerst\u00fcckelten habsburgischen Vorlande im Westen der zentraleurop\u00e4ischen Besitzungen. Ferdinand \u00fcbernahm das Land Tirol als Landesf\u00fcrst in turbulenten Zeiten. Er hatte bereits in seiner Jugend einige Jahre in Innsbruck verbracht. Die Bergwerke in Schwaz begannen wegen des billigen Silbers aus Amerika unrentabel zu werden. Die Silberschwemme aus den habsburgischen Besitzungen in <\/span><i><span style=\"font-weight: 400;\">Neu-Spanien<\/span><\/i><span style=\"font-weight: 400;\"> jenseits des Atlantiks f\u00fchrte zu einer Inflation.\u00a0<\/span><\/p>\n<p><span style=\"font-weight: 400;\">Diese finanziellen Probleme hielten Ferdinand aber nicht davon ab, pers\u00f6nliche und \u00f6ffentliche Infrastruktur in Auftrag zu geben. Innsbruck profitierte wirtschaftlich und kulturell enorm davon, dass es nach Jahren ohne dezidiert einen Landesf\u00fcrsten zu haben, nun wieder zum Zentrum eines Regenten wurde. Ferdinands erzherzogliche Pr\u00e4senz lockte Aristokratie und Beamtenschaft nach den Jahrzehnten der Vernachl\u00e4ssigung nach Maximilians Ableben wieder an. In den sp\u00e4ten 1560er Jahren war die Verwaltung wieder auf 1000 Personen angewachsen, die mit ihrem Geld die lokale Wirtschaft anfachten. B\u00e4cker, Metzger und Gasth\u00f6fe florierten nach einigen kargeren Jahren wieder. Innsbruck besa\u00df Ende des 16. Jahrhunderts im Vergleich mit anderen St\u00e4dten \u00fcberdurchschnittlich viele Gastwirte, die \u00fcberdurchschnittlich gut an den H\u00e4ndlern, G\u00e4sten und Durchreisenden verdienten. Weinh\u00e4user waren nicht nur Gastbetriebe, sondern auch Lager- und Handelsst\u00e4tten.\u00a0<\/span><\/p>\n<p><span style=\"font-weight: 400;\">Die italienischen St\u00e4dte Florenz, Venedig und Mailand waren stilbildend in Kultur, Kunst und Architektur. Der Tiroler Hof Ferdinands sollte ihnen in nichts nachstehen. Vorbei sollten die Zeiten sein, in denen Deutsche in den sch\u00f6neren St\u00e4dten s\u00fcdlich der Alpen als unzivilisiert,<\/span><i><span style=\"font-weight: 400;\"> barbarisch<\/span><\/i><span style=\"font-weight: 400;\"> oder gar als <\/span><i><span style=\"font-weight: 400;\">Schweine<\/span><\/i><span style=\"font-weight: 400;\"> bezeichnet wurden. Dazu lie\u00df er Innsbruck im Geist der Renaissance umgestalten. Ganz im Trend der Zeit ahmte er die italienischen Adelsh\u00f6fe nach. Hofarchitekt Giovanni Lucchese stand ihm dabei zur Seite. Einen ansehnlichen Teil seines Lebens verbrachte Ferdinand auf Schloss Ambras bei Innsbruck, wo er sich eine der kostbarsten Sammlungen von Kunstwerken und R\u00fcstungen anlegte, die noch heute zu den wertvollsten der Welt ihrer Art zu z\u00e4hlen ist. Ferdinand verwandelte die Burg oberhalb des Dorfes Amras in einen modernen Hof. Seine Feste, Maskenb\u00e4lle und Umz\u00fcge waren legend\u00e4r. W\u00e4hrend der Hochzeit eines Neffen lie\u00df er 1800 K\u00e4lber und 130 Ochsen braten. Aus den Brunnen soll 10 Tage lang Wein statt Wasser geflossen sein.\u00a0<\/span><\/p>\n<p><span style=\"font-weight: 400;\">Mit dem Schloss Ambras war es aber nicht getan, was die Ver\u00e4nderung Innsbrucks anbelangt. Westlich der Stadt erinnert ein Torbogen noch an den <\/span><i><span style=\"font-weight: 400;\">Tiergarten<\/span><\/i><span style=\"font-weight: 400;\">, ein Jagdrevier Ferdinands samt Lusthaus entworfen ebenfalls von Lucchese. Damit der Landesf\u00fcrst sein Wochenenddomizil erreichen konnte, wurde eine Stra\u00dfe in die sumpfige H\u00f6ttinger Au gelegt, die die Basis f\u00fcr die heutige Kranebitter Allee bildete. Das Lusthaus wurde 1786 durch den heute als <\/span><i><span style=\"font-weight: 400;\">Pulverturm<\/span><\/i><span style=\"font-weight: 400;\"> bekannten Bau ersetzt, der einen Teil der sportwissenschaftlichen Fakult\u00e4t der Universit\u00e4t Innsbruck beheimatet. Dem f\u00fcrstlichen Sport des Jagens folgte im ehemaligen <\/span><i><span style=\"font-weight: 400;\">Lusthaus<\/span><\/i><span style=\"font-weight: 400;\">, das der Pulverturm war, die Sportuniversit\u00e4t nach. In der Innenstadt lie\u00df er das f\u00fcrstliche <\/span><i><span style=\"font-weight: 400;\">Comedihaus<\/span><\/i><span style=\"font-weight: 400;\"> am heutigen Rennweg errichten. Um Innsbrucks Trinkwasserversorgung zu verbessern, wurde unter Ferdinand die M\u00fchlauerbr\u00fccke errichtet, um eine Wasserleitung vom M\u00fchlaubach ins Stadtgebiet zu verlegen. Die Jesuiten, kurz vor Ferdinands Amtsantritt in Innsbruck eingetroffen, um l\u00e4stigen Reformatoren und Kirchenkritikern das Leben schwer zu machen und das Bildungswesen neu aufzustellen, erhielten in der Silbergasse eine neue Kirche. Zahlreiche Neubauten wie die Kl\u00f6ster der Jesuiten, der Franziskaner, Kapuziner und Servitinnen kurbelten das Handwerk und die Baubranche an.\u00a0<\/span><\/p>\n<p><span style=\"font-weight: 400;\">Die neuen Orden unterst\u00fctzten Ferdinands Augenmerk auf die konfessionelle Ausrichtung seiner Sch\u00e4fchen. In seiner 1573 erlassenen Tiroler Landesordnung schob er nicht nur Unzucht, Fluchen und Prostitution einen Riegel vor, sondern verpflichtete seine Untertanen zu einer gottesf\u00fcrchtigen, also katholischen Lebensf\u00fchrung. Das \u201e<\/span><i><span style=\"font-weight: 400;\">Verbott der Zauberey und Abgerglaubigen Warsagerey<\/span><\/i><span style=\"font-weight: 400;\">\u201c untersagte jedwegliche Abweichung vom wahren Glauben bei Androhung von Kerker, k\u00f6rperlicher Z\u00fcchtigung und Enteignung. Juden mussten einen jederzeit gut sichtbaren Ring aus gelbem Stoff auf der linken Brustseite ihres Gewandes tragen. Gleichzeitig brachte Ferdinand einen j\u00fcdischen Finanzier nach Innsbruck, um die Geldgesch\u00e4fte f\u00fcr die aufw\u00e4ndige Hoff\u00fchrung abzuwickeln. Samuel May und seine Familie lebten als F\u00fcrstliche Schutzjuden in der Stadt. Daniel Levi erfreute Ferdinand mit Tanz und Harfenspiel am Theater und Elieser Lazarus k\u00fcmmerte sich als Hofarzt um seine Gesundheit.\u00a0<\/span><\/p>\n<p><span style=\"font-weight: 400;\">Die Bev\u00f6lkerung zu schr\u00f6pfen, prunkvoll zu leben, Protestantismus unter seinen wichtigen Beratern zu tolerieren und gleichzeitig den Protestantismus im Volk zu bek\u00e4mpfen, war f\u00fcr den gelernten Renaissancef\u00fcrsten kein Widerspruch. Bereits mit 15 Jahren zog er unter seinem Onkel Karl V. im <\/span><i><span style=\"font-weight: 400;\">Schmalkaldischen Krieg<\/span><\/i><span style=\"font-weight: 400;\"> in die Schlacht gegen die Feinde der R\u00f6mischen Kirche. Als Landesf\u00fcrst verstand er sich als <\/span><i><span style=\"font-weight: 400;\">Advocatus Ecclesiae (Anm.: Vertreter der Kirche)<\/span><\/i><span style=\"font-weight: 400;\"> in einem konfessionell absolutistischen Sinn, der f\u00fcr das Seelenheil seiner Untertanen verantwortlich war. Zwangsma\u00dfnahmen, Stiftung von Kirchen und Kl\u00f6stern wie den Franziskanern und den Kapuzinern in Innsbruck, verbesserte Seelsorge und die Inszenierung jesuitischer Theaterst\u00fccke wie \u201e<\/span><i><span style=\"font-weight: 400;\">Die Enthauptung des Johannes<\/span><\/i><span style=\"font-weight: 400;\">\u201c waren die Waffen der Wahl gegen den Protestantismus. Ferdinands Fr\u00f6mmigkeit war zwar nicht aufgesetzt, er schaffte es aber wie die meisten seiner Zeitgenossen, sich situationselastisch anzupassen.\u00a0<\/span><\/p>\n<p><span style=\"font-weight: 400;\">Die Politik Ferdinands stand unter passendem italienischem Einfluss der zeitgen\u00f6ssischen Avantgarde. Machiavelli schrieb sein Werk \u201e<\/span><i><span style=\"font-weight: 400;\">Il Principe<\/span><\/i><span style=\"font-weight: 400;\">\u201c, in dem davon die Rede war, dass Regierenden alles erlaubt sei, was f\u00fcr den Erfolg n\u00f6tig ist, so sie denn unf\u00e4hig waren, sie auch abgesetzt werden k\u00f6nnten. Ferdinand II. probierte diesem fr\u00fchen absolutistischen F\u00fchrungsstil gerecht zu werden und erlie\u00df mit seiner <\/span><i><span style=\"font-weight: 400;\">Tiroler Landesordnung<\/span><\/i><span style=\"font-weight: 400;\"> f\u00fcr damalige Verh\u00e4ltnisse ein modernes juristisches Regelwerk. F\u00fcr seine Untertanten bedeutete das h\u00f6here Steuerabgaben auf ihre Ertr\u00e4ge sowie weitgehende Einschr\u00e4nkungen bei Almende, Fischerei- und Jagdrechten. Die Knappen, Bergbauunternehmer und die ausl\u00e4ndischen Handelsgesellschaften mit ihren Kontoreien in Innsbruck trieben die Lebensmittelpreise zus\u00e4tzlich in die H\u00f6he. Man k\u00f6nnte es zusammenfassen, dass Ferdinand auf seinen Anwesen vergn\u00fcglich dem exklusiven Jagdvergn\u00fcgen nachging, w\u00e4hrend seine Untertanten durch steigende Belastungen, Preise und Wildsch\u00e4den am Existenzminimum lebten.\u00a0<\/span><\/p>\n<p><span style=\"font-weight: 400;\">Sein Beziehungsleben war f\u00fcr ein Mitglied der Hocharistokratie exzentrisch. In erster &#8222;halbwilder Ehe&#8220; war Ferdinand mit der B\u00fcrgerlichen Philippine Welser verheiratet. Nachdem Ehefrau #1 verstorben war, heiratete Ferdinand mit 53 Jahren die tiefgl\u00e4ubige Anna Caterina Gonzaga, eine erst 16j\u00e4hrige Prinzessin von Mantua. Gro\u00dfe Zuneigung haben die beiden allem Anschein nach aber nicht zueinander empfunden, zumal Anna Caterina eine Nichte Ferdinands war. Die Habsburger waren beim Thema Hochzeit unter Verwandten weniger zimperlich als bei der Ehe eines Adeligen mit einer B\u00fcrgerlichen. Auch mit ihr konnte er allerdings &#8222;nur&#8220; drei T\u00f6chter zeugen. Seine letzte Ruhest\u00e4tte fand Ferdinand in der Silbernen Kapelle bei seiner ersten Ehefrau Philippine Welser.\u00a0<\/span><\/p>\n<p><br style=\"font-weight: 400;\" \/><br style=\"font-weight: 400;\" \/><\/p>\n<p>[\/et_pb_toggle][\/et_pb_column][\/et_pb_section]<\/p>\n","protected":false},"excerpt":{"rendered":"<p>Herzog-Friedrich-Stra\u00dfe 3<\/p>","protected":false},"author":1,"featured_media":2137,"comment_status":"open","ping_status":"closed","sticky":false,"template":"","format":"standard","meta":{"_et_pb_use_builder":"on","_et_pb_old_content":"","_et_gb_content_width":"","wds_primary_category":0,"footnotes":""},"categories":[20,16,162,38,41,43,40,42],"tags":[],"class_list":["post-1851","post","type-post","status-publish","format-standard","has-post-thumbnail","hentry","category-altstadt","category-barock","category-burokraten-und-beamtenstadt-innsbruck","category-die-baumeister-gumpp-und-die-barockisierung-innsbrucks","category-tiroler-demokratie-und-das-herz-jesu","category-ferdinand-ii-renaissance","category-innsbruck-und-das-haus-habsburg","category-leopold-v-claudia-de-medici-glanz-und-gloria-in-innsbruck"],"_links":{"self":[{"href":"https:\/\/www.discover-innsbruck.at\/en\/wp-json\/wp\/v2\/posts\/1851","targetHints":{"allow":["GET"]}}],"collection":[{"href":"https:\/\/www.discover-innsbruck.at\/en\/wp-json\/wp\/v2\/posts"}],"about":[{"href":"https:\/\/www.discover-innsbruck.at\/en\/wp-json\/wp\/v2\/types\/post"}],"author":[{"embeddable":true,"href":"https:\/\/www.discover-innsbruck.at\/en\/wp-json\/wp\/v2\/users\/1"}],"replies":[{"embeddable":true,"href":"https:\/\/www.discover-innsbruck.at\/en\/wp-json\/wp\/v2\/comments?post=1851"}],"version-history":[{"count":0,"href":"https:\/\/www.discover-innsbruck.at\/en\/wp-json\/wp\/v2\/posts\/1851\/revisions"}],"wp:featuredmedia":[{"embeddable":true,"href":"https:\/\/www.discover-innsbruck.at\/en\/wp-json\/wp\/v2\/media\/2137"}],"wp:attachment":[{"href":"https:\/\/www.discover-innsbruck.at\/en\/wp-json\/wp\/v2\/media?parent=1851"}],"wp:term":[{"taxonomy":"category","embeddable":true,"href":"https:\/\/www.discover-innsbruck.at\/en\/wp-json\/wp\/v2\/categories?post=1851"},{"taxonomy":"post_tag","embeddable":true,"href":"https:\/\/www.discover-innsbruck.at\/en\/wp-json\/wp\/v2\/tags?post=1851"}],"curies":[{"name":"wp","href":"https:\/\/api.w.org\/{rel}","templated":true}]}}