{"id":1885,"date":"2020-09-29T11:36:43","date_gmt":"2020-09-29T11:36:43","guid":{"rendered":"https:\/\/www.discover-innsbruck.at\/?p=1885"},"modified":"2025-12-10T12:50:05","modified_gmt":"2025-12-10T12:50:05","slug":"cafe-munding","status":"publish","type":"post","link":"https:\/\/www.discover-innsbruck.at\/en\/cafe-munding\/","title":{"rendered":"Cafe Munding"},"content":{"rendered":"<p>[et_pb_section fb_built=&#8220;1&#8243; specialty=&#8220;on&#8220; _builder_version=&#8220;4.24.3&#8243; _module_preset=&#8220;default&#8220; global_colors_info=&#8220;{}&#8220;][et_pb_column type=&#8220;1_2&#8243; specialty_columns=&#8220;2&#8243; _builder_version=&#8220;4.16&#8243; custom_padding=&#8220;|||&#8220; global_colors_info=&#8220;{}&#8220; custom_padding__hover=&#8220;|||&#8220;][et_pb_row_inner _builder_version=&#8220;4.16&#8243; _module_preset=&#8220;default&#8220; global_colors_info=&#8220;{}&#8220;][et_pb_column_inner saved_specialty_column_type=&#8220;1_2&#8243; _builder_version=&#8220;4.16&#8243; _module_preset=&#8220;default&#8220; global_colors_info=&#8220;{}&#8220;][et_pb_text admin_label=&#8220;Titel und Adresse&#8220; _builder_version=&#8220;4.24.3&#8243; text_text_color=&#8220;#000000&#8243; header_font=&#8220;|on|||&#8220; header_text_align=&#8220;center&#8220; header_text_color=&#8220;#e09900&#8243; header_font_size=&#8220;42px&#8220; header_line_height=&#8220;1.3em&#8220; header_2_text_color=&#8220;#e09900&#8243; background_color=&#8220;rgba(255,255,255,0.8)&#8220; background_layout=&#8220;dark&#8220; custom_padding=&#8220;20px|20px|20px|20px|true|true&#8220; header_font_size_last_edited=&#8220;off|desktop&#8220; border_radii=&#8220;on|10px|10px|10px|10px&#8220; box_shadow_style=&#8220;preset1&#8243; locked=&#8220;off&#8220; global_colors_info=&#8220;{}&#8220;]<\/p>\n<h2>Cafe Munding<\/h2>\n<p>Kiebachgasse 16 \/ Mundingplatz<\/p>\n<p>[\/et_pb_text][et_pb_gallery gallery_ids=&#8220;65129,64326,2136,65783&#8243; fullwidth=&#8220;on&#8220; admin_label=&#8220;Galerie Cafe Munding&#8220; _builder_version=&#8220;4.27.4&#8243; _module_preset=&#8220;default&#8220; pagination_text_color=&#8220;#E09900&#8243; border_radii=&#8220;on|5px|5px|5px|5px&#8220; box_shadow_style=&#8220;preset1&#8243; global_module=&#8220;65208&#8243; saved_tabs=&#8220;all&#8220; global_colors_info=&#8220;{}&#8220;][\/et_pb_gallery][\/et_pb_column_inner][\/et_pb_row_inner][\/et_pb_column][et_pb_column type=&#8220;1_2&#8243; _builder_version=&#8220;4.16&#8243; custom_padding=&#8220;|||&#8220; global_colors_info=&#8220;{}&#8220; custom_padding__hover=&#8220;|||&#8220;][et_pb_toggle title=&#8220;Wissenswert&#8220; open=&#8220;on&#8220; open_toggle_text_color=&#8220;#e09900&#8243; open_toggle_background_color=&#8220;#ffffff&#8220; closed_toggle_text_color=&#8220;#e09900&#8243; closed_toggle_background_color=&#8220;#ffffff&#8220; icon_color=&#8220;#e09900&#8243; open_icon_color=&#8220;#e09900&#8243; admin_label=&#8220;Cafe Munding&#8220; _builder_version=&#8220;4.27.4&#8243; _module_preset=&#8220;default&#8220; title_text_color=&#8220;#e09900&#8243; title_font_size=&#8220;18px&#8220; hover_enabled=&#8220;0&#8243; border_radii=&#8220;on|5px|5px|5px|5px&#8220; box_shadow_style=&#8220;preset1&#8243; global_module=&#8220;58860&#8243; saved_tabs=&#8220;all&#8220; global_colors_info=&#8220;{}&#8220; sticky_enabled=&#8220;0&#8243;]<\/p>\n<p>Das auff\u00e4llige Geb\u00e4ude neben dem <em>Kolbenturm<\/em> war einst die Heimst\u00e4tte einer der einflussreichsten Dynastien Innsbrucks. Die Baumeister aus dem Gumpp-Clan pr\u00e4gte \u00fcber Generationen das Stadtbild mit ihren barocken Geb\u00e4uden. Innsbruck ist voll von Hinterlassenschaften der Gumpps, ihr eigenes Wohnhaus w\u00fcrden sie aber wohl nicht wiedererkennen. Der Kern des Gumpphauses geht zwar noch auf das 17. Jahrhundert zur\u00fcck, 1911 wurde die Fassade aber einem kompletten Remake unterzogen. Anton Kirchmayr gestaltete das Munding in einem w\u00fcsten Stilmix zwischen Tiroler Heimat-, Jugendstil und Historismus. Leider hatten diese sehenswerten Wandgem\u00e4lde keinen Bestand. 1936 wurde das Geb\u00e4ude im Stil der <em>Tiroler Moderne<\/em> renoviert, einer Stilrichtung, die sich vom typischen Alpencharme mit ausufernder Holzvert\u00e4felung abwandte. Heute schm\u00fcckt ein gro\u00dfes Bild des <em>Heiligen Christophorus<\/em> samt einem Gedicht in Tiroler Mundart die Fassade.<\/p>\n<p>Seit 1803 betreibt die Familie Munding im <em>Gumpphaus<\/em> eine Konditorei. Der Gr\u00fcnder des Cafe, Johann Nepomuk Munding, war auf seiner Gesellenwanderung von der heute deutschen Seite des Bodensees, damals ein Teil des Habsburger Reiches, \u00fcber Graub\u00fcnden nach Tirol gekommen. In Innsbruck begann er in der Stadtk\u00fcche zu arbeiten. Mit seinen Ersparnissen er\u00f6ffnete er trotz der unruhigen Kriegszeiten, die ganz Europa pr\u00e4gten, das mittlerweile \u00e4lteste Cafe der Stadt. Die Auswirkungen der Napoleonischen Feldz\u00fcge erreichten auch Innsbruck. Mehrere Belagerungen, Pl\u00fcnderungen und st\u00e4ndig wechselnde Machtverh\u00e4ltnisse pr\u00e4gten die ersten zehn Jahre. Wer die Hausmauer n\u00e4her unter die Lupe nimmt, entdeckt eine Gesch\u00fctzkugel, die von den turbulenten Jahren der bayerischen Besatzung und der Tiroler Erhebung von 1809 zeugt. Neben dem Cafe Katzung und dem Cafe Central war das Munding einer der Treffpunkte f\u00fcr das wachsende B\u00fcrgertum im Innsbruck der <em>Belle Epoque<\/em>. Mit dem <em>Damen Cafe- und Tee Salon<\/em> bot das Munding auch der Damenwelt ein gesellschaftliches Forum, was bis in die zweite H\u00e4lfte des 20. Jahrhunderts durchaus ungew\u00f6hnlich war. W\u00e4hrend das <em>Katzung<\/em> mittlerweile modern eingerichtet ist und das <em>Central<\/em> mit Charme und Eleganz eines Wiener Kaffeehauses besticht, scheint im <em>Munding<\/em> die Zeit stehengeblieben zu sein. Wer hier einkehrt, kann sich nicht nur auf hervorragende Kuchen und Kaffeespezialit\u00e4ten freuen, sondern auch die zu einem gro\u00dfen Teil noch erhaltene Einrichtung und Ausstattung aus dieser Zeit begutachten. Fenster, Decken und viele M\u00f6bel und Lampen sind im Stil der 1930er Jahre erhalten geblieben.<\/p>\n<p>[\/et_pb_toggle][et_pb_toggle title=&#8220;Kolonialwaren, Kaffee und Aufkl\u00e4rung&#8220; open_toggle_text_color=&#8220;#e09900&#8243; open_toggle_background_color=&#8220;#ffffff&#8220; closed_toggle_text_color=&#8220;#e09900&#8243; closed_toggle_background_color=&#8220;#ffffff&#8220; icon_color=&#8220;#e09900&#8243; open_icon_color=&#8220;#e09900&#8243; admin_label=&#8220;Kolonialwaren, Kaffee und Aufkl\u00e4rung&#8220; _builder_version=&#8220;4.27.4&#8243; _module_preset=&#8220;default&#8220; title_text_color=&#8220;#e09900&#8243; title_font_size=&#8220;18px&#8220; border_radii=&#8220;on|5px|5px|5px|5px&#8220; box_shadow_style=&#8220;preset1&#8243; global_module=&#8220;68105&#8243; saved_tabs=&#8220;all&#8220; global_colors_info=&#8220;{}&#8220;]<\/p>\n<p>Die Legende besagt, dass die T\u00fcrken, als sie 1683 Wien belagerten, zwei Dinge nach \u00d6sterreich brachten, die das Fr\u00fchst\u00fcck bis heute nachhaltig beeinflussen: Das halbmondf\u00f6rmige Kipferl und den Kaffee. Wie es tats\u00e4chlich geschah, dass das exotische Getr\u00e4nk seinen Weg von den Anbaugebieten in \u00dcbersee in die deutschsprachige Welt kam, ist wohl nicht mehr einwandfrei nachzuvollziehen, auf dem Schlachtfeld vor Wien zur\u00fcckgelassene S\u00e4cke voll mit Kaffeebohnen waren es aber wohl nicht. Zur\u00fcckzuf\u00fchren ist diese Urban Legend wohl auf den Zeitpunkt im sp\u00e4ten 17. Jahrhundert, als sich die Kaffeebohne als Genussmittel der politischen und wirtschaftlichen Elite in Europa zu etablieren begann. Es war die Epoche der gro\u00dfen Handelskompanien, der ersten B\u00f6rsen und der Philosophen, Rechtsgelehrten und \u00d6konomen der fr\u00fchen Aufkl\u00e4rung, in der der lukrative \u00dcberseehandel die Kaffeebohne und die sich daraus entwickelnden Wirtschaftszweige in die St\u00e4dte Europas brachte. Innsbruck war als Teil des Habsburgerreichs und Handelsstadt seit dem 16. Jahrhundert Teil des imperialen Business. Der Fernhandel war ein integraler Teil der Wirtschaft. Dank der Innbr\u00fccke und seiner g\u00fcnstigen Position war die Stadt seit dem 12. Jahrhundert in die europ\u00e4ischen Netzwerke eingebunden. Die wohlhabende Elite der Stadt, die \u00fcber den Stadtrat auch politischen Einfluss hatte, entstammte zu einem guten Teil aus der Schicht der H\u00e4ndler.<\/p>\n<p>Anfang des 18. Jahrhunderts erschien Kaffee zum ersten Mal in der Innsbrucker Gesetzgebung, was ein starkes Indiz daf\u00fcr ist, dass er die Schwelle zur Bedeutung innerhalb des Stadtgeschehens \u00fcberschritt. 1713 beschloss der Stadtrat den Kauf von Kaffee ausschlie\u00dflich in Apotheken zuzulassen. \u00c4hnlich wie <em>Red Bull<\/em> in den 1990er Jahren stand das exotische Getr\u00e4nk unter dem Verdacht des Anr\u00fcchigen. Als die Nachfrage im Klima der Aufkl\u00e4rung in der Zeit Kaiser Josefs II. stieg und das Genussmittel mehr und mehr in der Gesellschaft ankam, lockerte man die Regelungen. Kaffee war aber noch immer kein Alltagsgetr\u00e4nk, sondern ein exklusives und teures Vergn\u00fcgen exzentrischer Eliten. Spezereien, Gesch\u00e4fte f\u00fcr Gew\u00fcrze und Lebensmittel, begannen Kaffee zu verkaufen. Die noch immer bestehende Innsbrucker Kaffeemarke <em>Nosko<\/em> beansprucht als Nachfolgeunternehmen der 1751 er\u00f6ffneten Spezerei Josef Ulrich M\u00fcllers in der Seilergasse 18 den Titel der \u00e4ltesten R\u00f6sterei der Stadt f\u00fcr sich. Auch <em>Unterberger&amp;Comp Kolonialwaren<\/em>, die zweite bis heute bestehende Kaffeer\u00f6sterei Innsbrucks, nahm in einer Spezerei ihren Anfang. Jakob Fischnaller \u00fcbernahm ein seit 1660 in der Altstadt ans\u00e4ssiges Gesch\u00e4ft, in dem er ab 1768 Kaffee verkaufte.<\/p>\n<p>Mit den ersten Kaffeeschenkern Ende der 1750er begann der Siegeszug der Bohne. Die ersten Etablissements hatten noch wenig mit der heute weltweit bekannten Wiener Kaffeehauskultur zu tun. 1793 \u00f6ffnete das Cafe Katzung seine Pforten f\u00fcr das zahlungskr\u00e4ftige B\u00fcrgertum, das den \u00f6ffentlichen Raum mit Billardtisch und Zeitungsst\u00e4nder f\u00fcr sich zu erobern begann. 50 Jahre sp\u00e4ter gab es bereits 8 Kaffeeh\u00e4user im kleinen Innsbruck. Anders als traditionelle Gasth\u00e4user waren sie Symbol f\u00fcr einen neuen, urbanen und aufgekl\u00e4rten Lifestyle, ein Unterscheidungsmerkmal zwischen Stadt und Umland. Lange Zeit waren Wein und Bier die Alltagsgetr\u00e4nke der Massen gewesen. Auch wenn der Wein im Mittelalter nicht besonders stark war, tr\u00fcbte er doch die Sinne. In der Arbeiterklasse waren Spirituosen, am Land selbstgebrannter Schnaps beliebt und problematisch gleicherma\u00dfen. Wer auf sich hielt, hielt sich davon fern. Kaffee hingegen machte wach und leistungsf\u00e4hig und beg\u00fcnstigte die neuen Tugenden der Arbeitsamkeit und des Flei\u00dfes. Der willige Untertan wurde in St\u00e4dten wie Innsbruck mehr und mehr vom kritischen, Zeitung lesenden B\u00fcrger abgel\u00f6st. Durch den Genuss der teuren Kolonialware konnte man sich als Connaisseur, der den billigen, mit allerhand F\u00fcllmaterial versetzten Sud von echtem Bohnenkaffee zu unterscheiden wusste und ihn sich leisten konnte, vom niederen <em>Pofl<\/em> abheben. Als Napoleon 1810 in den von ihm kontrollierten Territorien den Import Kaffee verbot, um die englische Wirtschaft, die auf dem Fernhandel basierte, zu schw\u00e4chen, kam es in ganz Europa zu heftigen Protesten. Feigen- und Zichorienkaffee als Ersatzprodukt erfreute sich, wie es sp\u00e4ter auch w\u00e4hrend der Weltkriege der Fall sein sollte, keiner besonderen Beliebtheit in der B\u00fcrgerschaft.<\/p>\n<p>Einen H\u00f6hepunkt des Kolonialwarenhandels, der die ausbeuterischen Gesch\u00e4ftsmodelle afrikanischer Kaffeeplantagen, amerikanischer Tabakplantagen und s\u00fcdamerikanischer Obstplantagen mit den Alpen verband, erreichte Innsbruck wie der gesamte deutschsprachige Raum ab dem Ende des 19. Jahrhunderts, als der Wettlauf um Afrika der europ\u00e4ischen M\u00e4chte auf die Zielgerade einbog. 1900 gab es in Innsbruck um die 40 Kolonialwarenh\u00e4ndler. Dabei handelte es sich meistens um Spezereien und Gemischtwarenh\u00e4ndler, die unterschiedliche, in der Regel kostspielige G\u00fcter aus der ganzen Welt verkauften. Vor allem Genussmittel wie Rum, Tabak, Kakao, Tee und Kaffee oder exotische Fr\u00fcchte wie Bananen wurden als Kolonialwaren an das zahlungskr\u00e4ftige Innsbrucker B\u00fcrgertum verkauft. Ab dieser Zeit setzte sich auch die Wiener Kaffeehauskultur mit all ihren Eigenheiten endg\u00fcltig als Standard f\u00fcr die b\u00fcrgerliche Kultur der k.u.k. Monarchie durch. Egal wo man sich befand zwischen Innsbruck im Westen und Czernowitz im Osten des Riesenreiches, man konnte sich darauf verlassen, einen Bahnhof, ein angemessenes Hotel und ein Caf\u00e9haus mit deutschsprachigem Personal und \u00e4hnlicher Speisekarte und Einrichtung vorzufinden. Kaffeeh\u00e4user waren, anders als traditionelle Gastwirtschaften, Orte, an denen sich nicht nur Aristokratie und neue Eliten, sondern auch Mann und Frau, wenn auch h\u00e4ufig in getrennten Bereichen wie im Cafe Munding, aufhalten konnte.<\/p>\n<p>Weder Kaffeehauskultur noch die Kolonialwarengesch\u00e4fte verschwanden mit der Z\u00e4sur des Ersten Weltkrieges und dem Ende der Monarchie aus dem Alltag der Republik \u00d6sterreich. In den 1930er Jahren waren um die 60 dieser Gesch\u00e4fte in Innsbruck ans\u00e4ssig. Es gab noch keine Superm\u00e4rkte, die wie heute gro\u00dfe Gesamtsortimente hatten, Eink\u00e4ufe wurden noch immer an Markst\u00e4nden oder in kleinen L\u00e4den get\u00e4tigt. Die \u201e<em>Einkaufsvereinigung der Specerei- und Kolonialwaren-Gro\u00dfh\u00e4ndler Nordtirol Ges.m.b.H<\/em>\u201c. Erst nach dem Zweiten Weltkrieg verschwand der Ausdruck Kolonialwaren aus den Branchenb\u00fcchern der Stadt und wurden durch die Ausdr\u00fccke Kaffeer\u00f6sterei und Fruchtimport ersetzt. Gekommen, um zu bleiben ist nicht nur die Wiener Kaffeehauskultur. Mit dem Katzung, dem Munding und dem Central gibt es noch einige der \u00e4ltesten ihrer Art in Innsbruck. Die Firma Ischia vertreibt seit 1884 exotische Fr\u00fcchte in der Stadt und ist bis heute mit ihrem markanten Logo am Firmengeb\u00e4ude neben der neuen Stadtbibliothek prominent im Stadtbild vertreten. Ein Messingschild in der Herzog-Friedrich-Stra\u00dfe 26 und eine gro\u00dfe Version des Logos mit dem Handelsschiff an der Hauptverkehrsader Egger-Lienz-Stra\u00dfe beim Westbahnhof zeugen von der Pr\u00e4senz der Marke Unterberger. Wesentlich konfliktbeladener ist das Logo von Praxmarer Kaffee, das an einer Fassade in der Amraserstra\u00dfe einen knieenden Mohren mit dargebotener Tasse zeigt. Das Traditionsunternehmen selbst gibt es nicht mehr, mit dem Unternehmen Praxmarer Obst gibt es aber noch einen Handel f\u00fcr S\u00fcdfr\u00fcchte mit selbem Namen.<\/p>\n<p>[\/et_pb_toggle][et_pb_toggle title=&#8220;Die Baumeister Gumpp und die Barockisierung Innsbrucks&#8220; open_toggle_text_color=&#8220;#e09900&#8243; open_toggle_background_color=&#8220;#ffffff&#8220; closed_toggle_text_color=&#8220;#e09900&#8243; closed_toggle_background_color=&#8220;#ffffff&#8220; icon_color=&#8220;#e09900&#8243; open_icon_color=&#8220;#e09900&#8243; admin_label=&#8220;Die Baumeister Gumpp und die Barockisierung Innsbrucks&#8220; _builder_version=&#8220;4.27.4&#8243; _module_preset=&#8220;default&#8220; title_text_color=&#8220;#e09900&#8243; title_font_size=&#8220;18px&#8220; border_radii=&#8220;on|5px|5px|5px|5px&#8220; box_shadow_style=&#8220;preset1&#8243; global_module=&#8220;53389&#8243; saved_tabs=&#8220;all&#8220; global_colors_info=&#8220;{}&#8220;]<\/p>\n<p>Die Werke der Familie Gumpp bestimmen bis heute sehr stark das Aussehen Innsbrucks. Vor allem die barocken Teile der Stadt sind auf sie zur\u00fcckzuf\u00fchren. Der Begr\u00fcnder der Dynastie in Tirol, Christoph Gumpp (1600-1672) war eigentlich Tischler. Sein Talent allerdings hatte ihn f\u00fcr h\u00f6here Weihen auserkoren. Den Beruf des Architekten oder K\u00fcnstler gab es zu dieser Zeit noch nicht, selbst Michelangelo und Leonardo da Vinci galten als Handwerker. Der geb\u00fcrtige Schwabe Gumpp trat nach seiner Mitarbeit an der Dreifaltigkeitskirche in die Fu\u00dfstapfen der italienischen Baumeister, die unter Ferdinand II den Ton angegeben hatten. Auf Gehei\u00df Leopolds V. reiste Gumpp nach Italien, um dort Theaterbauten zu studieren und bei den zeitgen\u00f6ssisch stilbildenden Kollegen sein Know-How f\u00fcr das geplante landesf\u00fcrstliche <em>Comedihaus<\/em> aufzupolieren.<\/p>\n<p>Seine offizielle T\u00e4tigkeit als Hofbaumeister begann 1633.\u00a0Neue Zeiten bedurften eines neuen Designs, abseits des architektonisch von der Gotik gepr\u00e4gten Mittelalters und den Schrecken des Drei\u00dfigj\u00e4hrigen Krieges. \u00dcber die folgenden Jahrzehnte wurde Innsbruck unter der Regentschaft Claudia de Medicis einer kompletten Renovierung unterzogen. Gumpp vererbte seinen Titel an die n\u00e4chsten beiden Generationen innerhalb der Familie weiter. Die Gumpps traten nicht nur als Baumeister in Erscheinung. Sie waren Tischler, Maler, Kupferstecher und Architekten, was ihnen erlaubte, \u00e4hnlich der Bewegung der <em>Tiroler Moderne<\/em> rund um Franz Baumann und Clemens Holzmeister Anfang des 20. Jahrhunderts, Projekte ganzheitlich umzusetzen. Auch bei der Errichtung der Schanzwerke zur Landesverteidigung w\u00e4hrend des Drei\u00dfigj\u00e4hrigen Krieges waren sie als Planer beteiligt.<\/p>\n<p>Christoph Gumpps Meisterst\u00fcck aber war die Errichtung des <em>Comedihaus<\/em> im ehemaligen Ballhaus. Die \u00fcberdimensionierten Ma\u00dfe des damals richtungsweisenden Theaters, das in Europa zu den ersten seiner Art \u00fcberhaupt geh\u00f6rte, erlaubte nicht nur die Auff\u00fchrung von Theaterst\u00fccken, sondern auch Wasserspiele mit echten Schiffen und aufw\u00e4ndige Pferdeballettauff\u00fchrungen. Das Comedihaus war ein Gesamtkunstwerk an und f\u00fcr sich, das in seiner damaligen Bedeutung wohl mit dem Festspielhaus in Bayreuth des 19. Jahrhunderts oder der Elbphilharmonie heute verglichen werden muss.<\/p>\n<p>Seine Nachfahren Johann Martin Gumpp der \u00c4ltere, Georg Anton Gumpp und Johann Martin Gumpp der J\u00fcngere waren f\u00fcr viele der bis heute pr\u00e4gendsten Geb\u00e4ude im Stadtbild zust\u00e4ndig. So stammen die Wiltener Stiftskirche, die Mariahilfkirche, die Johanneskirche und die Spitalskirche von den Gumpps. Neben dem Entwurf von Kirchen und ihrer Arbeit als Hofbaumeister machten sie sich auch als Planer von Profanbauten einen Namen. Viele der B\u00fcrgerh\u00e4user und Stadtpal\u00e4ste Innsbrucks wie das Taxispalais oder das Alte Landhaus in der Maria-Theresien-Stra\u00dfe wurden von Ihnen entworfen. Mit dem Verlust des Status als Residenzstadt gingen die prunkvollen Gro\u00dfauftr\u00e4ge zur\u00fcck und damit auch der Ruhm der Familie Gumpp. Ihr ehemaliges Wohnhaus beherbergt heute die Konditorei Munding in der Altstadt. Im Stadtteil Pradl erinnert die Gumppstra\u00dfe an die Innsbrucker Baumeisterdynastie.<\/p>\n<p>[\/et_pb_toggle][et_pb_toggle title=&#8220;M\u00e4rz 1848&#8230; und was er brachte&#8220; open_toggle_text_color=&#8220;#e09900&#8243; open_toggle_background_color=&#8220;#ffffff&#8220; closed_toggle_text_color=&#8220;#e09900&#8243; closed_toggle_background_color=&#8220;#ffffff&#8220; icon_color=&#8220;#e09900&#8243; open_icon_color=&#8220;#e09900&#8243; admin_label=&#8220;Das Jahr 1848 und seine Folgen&#8220; _builder_version=&#8220;4.27.4&#8243; _module_preset=&#8220;default&#8220; title_text_color=&#8220;#e09900&#8243; title_font_size=&#8220;18px&#8220; border_radii=&#8220;on|5px|5px|5px|5px&#8220; box_shadow_style=&#8220;preset1&#8243; global_module=&#8220;53607&#8243; global_colors_info=&#8220;{}&#8220;]<\/p>\n<p>Das Jahr 1848 nimmt einen mythischen Platz in der europ\u00e4ischen Geschichte ein. Die Hotspots waren zwar nicht im abgeschiedenen Tirol, sondern in den gro\u00dfen Metropolen wie Paris, Wien, Budapest, Mailand oder Berlin zu finden, auch im <em>Heiligen Land<\/em> hinterlie\u00df das Revolutionsjahr aber kr\u00e4ftige Spuren.\u00a0 Im Gegensatz zum b\u00e4uerlich gepr\u00e4gten Umland hatte sich in Innsbruck ein aufgekl\u00e4rtes Bildungsb\u00fcrgertum entwickelt. Aufgekl\u00e4rte Menschen wollten keine Untertanen eines Monarchen oder Landesf\u00fcrsten mehr sein, sondern B\u00fcrger mit Rechten und Pflichten gegen\u00fcber einem Staat. Studenten und Freiberufler forderten politische Mitsprache, Pressefreiheit und B\u00fcrgerrechte. Arbeiter verlangten nach besseren L\u00f6hnen und Arbeitsbedingungen. Besonders radikale Liberale und Nationalisten stellten sogar die Allmacht der Kirche in Frage.<\/p>\n<p>Im M\u00e4rz 1848 entlud sich in vielen St\u00e4dten Europas dieses sozial und politisch hochexplosive Gemisch in Aufst\u00e4nden. In Innsbruck feierten Studenten und Professoren die neu erlassene Pressefreiheit mit einem Fackelzug. Im Gro\u00dfen und Ganzen ging die Revolution im gem\u00e4chlichen Tirol aber ruhig vonstatten. Von einem spontanen Ausbruch der Emotionen zu sprechen w\u00e4re verwegen, der Termin des Zuges wurde wegen Schlechtwetter vom 20. auf den 21. M\u00e4rz verschoben. Es kam kaum zu antihabsburgischen Ausschreitungen oder \u00dcbergriffen, ein verirrter Stein in ein Fenster der Jesuiten war einer der H\u00f6hepunkte der alpinen Variante der Revolution von 1848. Die Studenten unterst\u00fctzten das Stadtmagistrat sogar dabei, die \u00f6ffentliche Ordnung zu \u00fcberwachen, um so dem Monarchen ihre Dankbarkeit f\u00fcr die neu gew\u00e4hrten Freiheiten und ihre Treue zu zeigen.<\/p>\n<p>Die anf\u00e4ngliche Begeisterung f\u00fcr b\u00fcrgerliche Revolution wurde in Innsbruck schnell von deutschnationalem, patriotischen Rausch abgel\u00f6st. Am 6. April 1848 wurde vom Gubernator Tirols die deutsche Fahne w\u00e4hrend eines feierlichen Umzugs geschwungen. Auch auf dem Stadtturm wurde eine deutsche <em>Tricolore<\/em> gehisst. W\u00e4hrend sich Studenten, Arbeiter, liberal-nationalistisch gesinnte B\u00fcrger, Republikaner, Anh\u00e4nger einer konstitutionellen Monarchie und katholische Konservative bei gesellschaftlichen Themen wie der Pressefreiheit nicht einig wurden, teilte man die Abneigung gegen die italienische Unabh\u00e4ngigkeitsbewegung, die von Piemont und Mailand ausgehend Norditalien erfasst hatte. Innsbrucker Studenten und Sch\u00fctzen zogen mit Unterst\u00fctzung der k.k. Armeef\u00fchrung ins Trentino, um die Unruhen und Aufst\u00e4nde im Keim zu ersticken. Bekannte Mitglieder dieses Korps waren der bereits in die Jahre gekommene Pater Haspinger, der bereits mit Andreas Hofer 1809 zu Felde zog, und Adolf Pichler. Johann Nepomuk Mahl-Schedl, verm\u00f6gender Besitzer von Schloss B\u00fcchsenhausen, stattete sogar eine eigene Kompanie aus, mit der er zur Grenzsicherung \u00fcber den Brenner zog.<\/p>\n<p>Auch die Stadt Innsbruck als politisches und wirtschaftliches Zentrum des multinationalen Kronlandes Tirol und Heimat vieler Italienischsprachiger wurde zur Arena dieses Nationalit\u00e4tenkonflikts. In Kombination mit reichlich Alkohol bereiteten anti-italienische Gef\u00fchle in Innsbruck mehr Gefahr f\u00fcr die \u00f6ffentliche Ordnung als die nach b\u00fcrgerlichen Freiheiten. Ein Streit zwischen einem deutschsprachigen Handwerker und einem italienischsprachigen Ladiner schaukelte sich derma\u00dfen auf, dass es beinahe zu einem Pogrom gegen\u00fcber den zahlreichen Betrieben und Gastst\u00e4tten von italienischsprachigen Tirolern gekommen w\u00e4re.<\/p>\n<p>Die relative Beschaulichkeit Innsbrucks kam dem unter Druck stehenden Kaiserhaus recht. Als es in Wien auch nach dem M\u00e4rz nicht aufh\u00f6rte zu brodeln, floh Kaiser Ferdinand im Mai nach Tirol. Folgt man den Presseberichten aus dieser Zeit, wurde er von der Bev\u00f6lkerung begeistert empfangen.<\/p>\n<p>&#8222;<em>Wie hei\u00dft das Land, dem solche Ehre zu Theil wird, wer ist das Volk, das ein solches Vertrauen genie\u00dft in dieser verh\u00e4ngni\u00dfvollen Zeit? St\u00fctzt sich die Ruhe und Sicherheit hier blo\u00df auf die Sage aus alter Zeit, oder liegt auch in der Gegenwart ein Grund, auf dem man bauen kann, den der Wind nicht weg bl\u00e4st, und der Sturm nicht ersch\u00fcttert? Dieses Alipenland hei\u00dft Tirol, gef\u00e4llts dir wohl? Ja, das tirolische Volk allein bew\u00e4hrt in der Mitte des aufgew\u00fchlten Europa die Ehrfurcht und Treue, den Muth und die Kraft f\u00fcr sein angestammtes Regentenhaus, w\u00e4hrend ringsum Auflehnung, Widerspruch. Trotz und Forderung, h\u00e4ufig sogar Aufruhr und Umsturz toben; Tirol allein h\u00e4lt fest ohne Wanken an Sitte und Gehorsam, auf Religion, Wahrheit und Recht, w\u00e4hrend anderw\u00e4rts die Frechheit und L\u00fcge, der Wahnsinn und die Leidenschaften herrschen anstatt folgen wollen. Und w\u00e4hrend im gro\u00dfen Kaiserreiche sich die Bande \u00fcberall lockern, oder gar zu l\u00f6sen drohen; wo die Willk\u00fchr, von den Begierden getrieben, Gesetze umst\u00fcrzt, offenen Aufruhr predigt, t\u00e4glich mit neuen Forderungen losgeht; eigenm\u00e4chtig ephemere- wie das Wetter wechselnde Einrichtungen schafft; w\u00e4hrend Wien, die alte sonst so friedliche Kaiserstadt, sich von der erhitzten Phantasie der Jugend lenken und g\u00e4ngeln l\u00e4\u00dft, und die R\u00e4the des Reichs auf eine schm\u00e4hliche Weise behandelt, nach Laune beliebig, und mit jakobinischer Anma\u00dfung, \u00fcber alle Provinzen verf\u00fcgend, absetzt und anstellt, ja sogar ohne Ehrfurcht, den Kaiser mit Sturm-Petitionen verfolgt; w\u00e4hrend jetzt von allen Seiten her Deputationen mit Ergebenheits-Addressen mit Bittgesuchen und Loyalit\u00e4tsversicherungen dem Kaiser nach Innsbruck folgen, steht Tirol ganz ruhig, gleich einer stillen Insel, mitten im brausenden Meeressturme, und des kleinen V\u00f6lkchens treue Brust bildet, wie seine Berge und Felsen, eine feste Mauer in Gesetz und Ordnung, f\u00fcr den Kaiser und das Vaterland.<\/em>&#8222;<\/p>\n<p>Im Juni stieg auch ein junger Franz Josef, damals noch nicht Kaiser, am R\u00fcckweg von den Schlachtfeldern Norditaliens in der Hofburg ab, anstatt direkt nach Wien zu reisen. Innsbruck war wieder Residenzstadt, wenn auch nur f\u00fcr einen Sommer. W\u00e4hrend in Wien, Mailand und Budapest Blut floss, genoss die kaiserliche Familie das Tiroler Landleben. Ferdinand, Franz Karl, seine Frau Sophie und Franz Josef empfingen G\u00e4ste von ausl\u00e4ndischen F\u00fcrstenh\u00f6fen und lie\u00dfen sich im Viersp\u00e4nner zu den Ausflugszielen der Region wie der Weiherburg, zur Stefansbr\u00fccke, nach Kranebitten und hoch hinauf bis Heiligwasser chauffieren. Wenig sp\u00e4ter war es allerdings vorbei mit der Gem\u00fctlichkeit. Der als nicht mehr amtstauglich geltende Ferdinand \u00fcbergab unter sanftem Druck die Fackel der Regentenw\u00fcrde an Franz Josef I. Im Juli 1848 kam es in Wien in der Hofreitschule zur Abhaltung einer ersten parlamentarischen Sitzung. Eine erste Verfassung wurde in Kraft gesetzt. Der Reformwille der Monarchie flachte aber schnell wieder ab. Das neue Parlament war ein Reichsrat, es konnte keine bindenden Gesetze erlassen, der Kaiser besuchte es Zeit seines Lebens nie und verstand auch nicht, warum die Donaumonarchie als von Gott eingesetzt diesen Rat ben\u00f6tigt.<\/p>\n<p>Die zart in Gang gesetzte Liberalisierung nahm in den St\u00e4dten trotzdem ihren Lauf. Innsbruck erhielt den Status einer Stadt mit eigenem Statut. Das Innsbrucker Gemeinderecht sah ein B\u00fcrgerrecht vor, das zwar an Besitz oder die Abgabe von Steuern gebunden war, jedoch den Angeh\u00f6rigen der Gemeinde gewisse Rechte gesetzlich zusicherte. Das Heimatrecht konnte durch Geburt, Verehelichung oder au\u00dferordentlicher Verleihung erworben werden und verlieh zumindest den m\u00e4nnlichen Vollj\u00e4hrigen das Wahlrecht auf kommunaler Ebene. Geriet man in finanzielle Notlage, so hatte man das Anrecht auf eine Grundversorgung durch die Stadt.<\/p>\n<p>Innerhalb der Stadtregierung setzte sich dank des Mehrheitswahlrechtes nach Zensus die gro\u00dfdeutsch-liberale Fraktion durch, in der H\u00e4ndler, Gewerbetreibende, Industrielle und Gastwirte den Ton angaben. Am 2. Juni 1848 erschien die erste Ausgabe der liberal und gro\u00dfdeutsch gesinnten <em>Innsbrucker Zeitung<\/em>, der obiger Artikel zur Ankunft des Kaisers in Innsbruck entnommen ist. Konservative hingegen lasen das <em>Volksblatt f\u00fcr Tirol und Vorarlberg<\/em>. Gem\u00e4\u00dfigte Leser, die eine konstitutionelle Monarchie bef\u00fcrworteten, konsumierten bevorzugt den <em>Bothen f\u00fcr Tirol und Vorarlberg<\/em>. Mit der Pressefreiheit war es aber schnell wieder vorbei. Die zuvor abgeschaffte Zensur wurde in Teilen wieder eingef\u00fchrt. Herausgeber von Zeitungen mussten einigen Schikanen der Obrigkeit unterziehen. Zeitungen durften nicht gegen Landesregierung, Monarchie oder Kirche schreiben.<\/p>\n<p><em>&#8222;Wer durch Druckschriften andere zu Handlungen auffordert, aneifert oder zu verleiten sucht, durch welche die gewaltsame Losrei\u00dfung eines Theiles von dem einheitlichen Staatsverbande&#8230; des Kaiserthums \u00d6sterreich bewirkt&#8230; oder der allgemeine \u00f6ster. Reichstag oder die Landtage der einzelnen Kronl\u00e4nder&#8230; gewaltt\u00e4tig st\u00f6rt&#8230; wird mit schwerem Kerker von zwei bis zehn Jahren Haft bestraft.&#8220;<\/em><\/p>\n<p>Nachdem Innsbruck 1849 Meran auch offiziell als Landeshauptstadt abgel\u00f6ste hatte und somit auch endg\u00fcltig zum politischen Zentrum Tirols geworden war, bildeten sich Parteien. Ab 1868 stellte die liberal und gro\u00dfdeutsch orientierte Partei den B\u00fcrgermeister der Stadt Innsbruck. Der Einfluss der Kirche nahm in Innsbruck im Gegensatz zu den Umlandgemeinden ab. Individualismus, Kapitalismus, Nationalismus und Konsum sprangen in die Bresche. Neue Arbeitswelten, Kaufh\u00e4user, Theater, Caf\u00e9s und Tanzlokale verdr\u00e4ngten Religion zwar auch in der Stadt nicht, die Gewichtung wurde durch die 1848 errungenen b\u00fcrgerlichen Freiheiten aber eine andere.<\/p>\n<p>Die vielleicht wichtigste Gesetzes\u00e4nderung war das <em>Grundentlastungspatent<\/em>. In Innsbruck hielt der Klerus, vor allem das Stift Wilten, einen gro\u00dfen Teil des b\u00e4uerlichen Grundbesitzes. Kirche und Adel waren nicht steuerpflichtig. 1848\/49 wurden in \u00d6sterreich Grundherrschaft und Untert\u00e4nigkeitsverh\u00e4ltnis aufgehoben. Abgel\u00f6st wurden damit Grundzinsen, Zehent und Robot. Die Grundherren erhielten im Rahmen der Grundentlastung ein Drittel des Wertes ihrer L\u00e4ndereien vom Staat, ein Drittel wurde als Steuererleichterung gewertet, ein Drittel der Abl\u00f6se mussten die Bauern selbst \u00fcbernehmen. Sie konnten diesen Betrag in Raten innert zwanzig Jahren abzahlen.<\/p>\n<p>Die Nachwirkungen sind bis heute zu sp\u00fcren. Die Nachkommen der damals erfolgreichen Bauern genie\u00dfen durch den geerbten Landbesitz, der auf die Grundentlastung 1848 zur\u00fcckzuf\u00fchren ist, die Fr\u00fcchte des Wohlstandes und auch politischen Einfluss durch Grundst\u00fccksverk\u00e4ufe f\u00fcr Wohnbau, Pachten und Abl\u00f6sen der \u00f6ffentlichen Hand f\u00fcr Infrastrukturprojekte. Die grundbesitzenden Adeligen von einst mussten sich mit der Schmach abfinden, b\u00fcrgerlicher Arbeit nachzugehen. Der \u00dcbergang vom Geburtsrecht zum privilegierten Status innerhalb der Gesellschaft dank finanzieller Mittel, Netzwerken und Ausbildung gelang h\u00e4ufig. Viele Innsbrucker Akademikerdynastien nahmen ihren Ausgang in den Jahrzehnten nach 1848.<\/p>\n<p>Das bis dato unbekannte Ph\u00e4nomen der Freizeit kam, wenn auch f\u00fcr den gr\u00f6\u00dften Teil nur sp\u00e4rlich, auf und beg\u00fcnstigte gemeinsam mit frei verf\u00fcgbarem Einkommen einer gr\u00f6\u00dferen Anzahl an Menschen Hobbies. Zivile Organisationen und Vereine, vom Lesezirkel \u00fcber S\u00e4ngerb\u00fcnde, Feuerwehren und Sportvereine, gr\u00fcndeten sich. Auch im Stadtbild manifestierte sich das Revolutionsjahr. Parks wie der Englische Garten beim Schloss Ambras oder der Hofgarten waren nicht mehr exklusiv der Aristokratie vorbehalten, sondern dienten den B\u00fcrgern als Naherholungsgebiete vom beengten Dasein. In St. Nikolaus entstand der <em>Waltherpark<\/em> als kleine Ruheoase. Einen Stock h\u00f6her er\u00f6ffnete im Schloss B\u00fcchsenhausen Tirols erste Schwimm- und Badeanstalt, wenig sp\u00e4ter folgte ein weiteres Bad in Dreiheiligen. Ausflugsgasth\u00f6fe rund um Innsbruck florierten. Neben den gehobenen Restaurants und Hotels entstand eine Szene aus Gastwirtschaften, in denen sich auch Arbeiter und Angestellte gem\u00fctliche Abende bei Theater, Musik und Tanz leisten konnten.<\/p>\n<p>[\/et_pb_toggle][et_pb_toggle title=&#8220;Andreas Hofer und die Tiroler Erhebung von 1809&#8243; open_toggle_text_color=&#8220;#e09900&#8243; open_toggle_background_color=&#8220;#ffffff&#8220; closed_toggle_text_color=&#8220;#e09900&#8243; closed_toggle_background_color=&#8220;#ffffff&#8220; icon_color=&#8220;#e09900&#8243; open_icon_color=&#8220;#e09900&#8243; admin_label=&#8220;Andreas Hofer und die Tiroler Erhebung von 1809&#8243; _builder_version=&#8220;4.27.4&#8243; _module_preset=&#8220;default&#8220; title_text_color=&#8220;#e09900&#8243; title_font_size=&#8220;18px&#8220; border_radii=&#8220;on|5px|5px|5px|5px&#8220; box_shadow_style=&#8220;preset1&#8243; global_module=&#8220;53390&#8243; saved_tabs=&#8220;all&#8220; global_colors_info=&#8220;{}&#8220;]<\/p>\n<p>Die Zeit der Napoleonischen Kriege bescherte dem Land Tirol ein nationales Epos und mit Andreas Hofer einen Helden, dessen Glanz bis in die heutige Zeit strahlt. Subtrahiert man allerdings die sorgsam konstruierte Legende vom Tiroler Aufstand gegen die Fremdherrschaft, war die Zeit vor und nach 1809 ein dunkles Kapitel in der Innsbrucker Stadtgeschichte, gepr\u00e4gt von wirtschaftlichen N\u00f6ten, Kriegsverheerung und mehreren Pl\u00fcnderungen. Das K\u00f6nigreich Bayern war w\u00e4hrend der Napoleonischen Kriege mit Frankreich verb\u00fcndet und konnte in mehreren Auseinandersetzungen zwischen 1796 und 1805 das Land Tirol von den Habsburgern \u00fcbernehmen. Innsbruck war nicht mehr Hauptstadt eines Kronlandes, sondern nur noch eine von vielen Kreishauptst\u00e4dten der Verwaltungseinheit <em>Innkreis<\/em>. Einnahmen aus Maut und Zoll sowie auf das Haller Salz verlie\u00dfen das Land Richtung Norden. Die britische Kolonialsperre gegen Napoleon hatte zur Folge, dass der stets florierende und Wohlstand bringende Innsbrucker Fernhandel und das Transportwesen als Wirtschaftszweige einbrachen. Innsbrucker B\u00fcrger mussten bayerische Soldaten in ihren H\u00e4usern einquartieren. Die Aufhebung der Tiroler Landesregierung, des Guberniums und des Tiroler Landtags bedeuteten aber nicht nur den Verlust von Status, sondern auch von Arbeitspl\u00e4tzen und finanziellen Mitteln. Ganz vom Geist der Aufkl\u00e4rung, der Vernunft und der Franz\u00f6sischen Revolution beseelt, machten sich die neuen Landesherren daran, die althergebrachte Ordnung umzukrempeln. W\u00e4hrend die Stadt, wie es zu jeder Zeit ist, unter dem Kriegstreiben finanziell litt, er\u00f6ffneten sich gesellschaftspolitisch durch den Umbruch neue M\u00f6glichkeiten. <em>Der Krieg ist der Vater aller Dinge<\/em>, vielen B\u00fcrgern kam der frische Wind nicht ungelegen. Moderne Gesetze wie die <em>Gassen-S\u00e4uberungs-Ordnung<\/em> oder eine verpflichtende Pockenimpfung sollten Sauberkeit und Gesundheit in der Stadt zutr\u00e4glich sein. Zu Anfang des 19. Jahrhunderts verstarb noch immer eine betr\u00e4chtliche Anzahl von Menschen an Krankheiten, die auf mangelnde Hygiene und verseuchtem Trinkwasser zur\u00fcckzuf\u00fchren waren. Ein neues Steuersystem wurde eingef\u00fchrt und die Befugnisse des Adels weiter verringert. Die bayerische Verwaltung erlaubt das 1797 verbotene Vereinswesen wieder. Auch das Zur\u00fcckdr\u00e4ngen der Kirche aus dem Bildungswesen gefiel liberalen Innsbruckern. So wurde der Benediktinerpater und sp\u00e4tere Mitbegr\u00fcnder des Musikvereins Innsbrucks Martin Goller wurde nach Innsbruck berufen, um die musikalische Ausbildung zu forcieren.<\/p>\n<p>Diese Reformen behagten einem gro\u00dfen Teil der Tiroler Bev\u00f6lkerung nicht. Katholische Prozessionen und religi\u00f6se Feste fielen dem aufkl\u00e4rerischen Programm der neuen Landesherren zum Opfer. 1808 wurde vom bayerischen K\u00f6nig f\u00fcr seinen gesamten Herrschaftsbereich das Gemeindeedikt eingef\u00fchrt. Die Untertanen wurden darin verpflichtet \u00f6ffentliche Geb\u00e4ude, Brunnen, Wege, Br\u00fccken und andere Infrastruktur in Stand zu halten. F\u00fcr die Tiroler Bauern, die seit Jahrhunderten von Fronarbeit gr\u00f6\u00dftenteils befreit waren, bedeutete das eine zus\u00e4tzliche Belastung und war ein Affront gegen ihren Standesstozl. Der Funke, der das Pulverfass zur Explosion brachte, war die Aushebung junger M\u00e4nner zum Dienst in der bayrisch-napoleonischen Armee, obwohl Tiroler seit dem <em>Landlibell<\/em>, einem Gesetz Kaiser Maximilians, nur f\u00fcr die Verteidigung der eigenen Grenzen herangezogen werden durften. Am 10. April kam es bei einer Aushebung in Axams bei Innsbruck zu einem Tumult, der schlie\u00dflich zu einem Aufstand f\u00fchrte. <em>F\u00fcr Gott, Kaiser und Vaterland<\/em> kamen Abteilungen der Tiroler Landesverteidigung zusammen, um den kleinen Armeeteil und die Verwaltungsbeamten der Bayern aus Innsbruck zu vertreiben. Angef\u00fchrt wurden die Sch\u00fctzen von Andreas Hofer (1767 \u2013 1810), einen Wirt, Wein- und Pferdeh\u00e4ndler aus dem S\u00fcdtiroler Passeiertal bei Meran. Ihm zur Seite standen nicht nur weitere Tiroler wie Pater Haspinger, Peter Mayr und Josef Speckbacher, sondern im Hintergrund auch der Habsburger Erzherzog Johann.<\/p>\n<p>In Innsbruck angekommen pl\u00fcnderten die Sch\u00fctzen nicht nur offizielle Einrichtungen. Wie bereits beim Bauernaufstand unter Michael Gaismair war der Heldenmut nicht nur von Adrenalin, sondern auch von Alkohol befl\u00fcgelt. Der wilde Mob war f\u00fcr die Stadt wohl sch\u00e4dlicher als die bayrischen Verwalter seit 1805. Vor allem gegen b\u00fcrgerliche Damen und den kleinen j\u00fcdischen Bev\u00f6lkerungsanteil Innsbrucks kam es zu heftigen Ausschreitungen der \u201eBefreier\u201c.<\/p>\n<p>Im Juli 1809 hatten Bayern und Franzosen die Kontrolle \u00fcber Innsbruck nach dem mit den Habsburgern geschlossenen <em>Frieden von Znaim<\/em>, der vielen bis heute als Wiener Verrat am Land Tirol gilt, zur\u00fcckerlangt. Was nun folgte, war das, was als <em>Tiroler Erhebung<\/em> unter Andreas Hofer, der mittlerweile das Oberkommando \u00fcber die Tiroler Landesverteidigung \u00fcbernommen hatte, in die Geschichtsb\u00fccher eingehen sollte. Insgesamt drei Mal konnten die Tiroler Aufst\u00e4ndischen den Sieg vom Schlachtfeld tragen. Besonders bekannt ist die 3. Schlacht im August 1809 am Berg Isel. \u201e<em>Innsbruck sieht und h\u00f6rt, was es noch nie geh\u00f6rt und gesehen: eine Schlacht von 40.000 Kombattanten\u2026<\/em>\u201c F\u00fcr kurze Zeit war Andreas Hofer in Ermangelung regul\u00e4rer Tatsachen Oberkommandant Tirols, auch f\u00fcr zivile Angelegenheiten. Finanziell \u00e4nderte sich die missliche Lage Innsbrucks nicht. Anstelle der bayerischen und franz\u00f6sischen Soldaten mussten die Stadtb\u00fcrger nun ihre Landsleute aus dem Bauernregiment beherbergen und verk\u00f6stigen und Abgaben f\u00fcr die neue Landesregierung entrichten. Besonders die liberalen und verm\u00f6genden Eliten der Stadt waren nicht gl\u00fccklich mit den neuen Stadtherren. Die von ihm als Landeskommandant erlassenen Verordnungen erinnern eher an einen Gottesstaat als ein Gesetzwerk des 19. Jahrhunderts. Frauen durften nur noch z\u00fcchtig verh\u00fcllt auf die Stra\u00dfe gehen, Tanzveranstaltungen wurden verboten und freiz\u00fcgige Denkm\u00e4ler wie die am <em>Leopoldsbrunnen<\/em> zu besichtigenden Nymphen wurden aus dem \u00f6ffentlichen Raum verbannt. Bildungsagenden sollten wieder an den Klerus gehen. Liberale und Intellektuelle wurden verhaftet, daf\u00fcr wurde das <em>Rosenkranzbeten<\/em> zum Gebot. Am Ende gab es im Herbst 1809 in der vierten und letzten Schlacht am Berg Isel eine empfindliche Niederlage gegen die franz\u00f6sische \u00dcbermacht. Die Regierung in Wien hatte die Tiroler Aufst\u00e4ndischen vor allem als taktischen Prellbock im Krieg gegen Napoleon benutzt. Bereits zuvor hatte der Kaiser das Land Tirol offiziell im Friedensvertrag von Sch\u00f6nbrunn wieder abtreten m\u00fcssen. Innsbruck war zwischen 1810 und 1814 wieder unter bayrischer Verwaltung. Auch die Bev\u00f6lkerung war nur noch m\u00e4\u00dfig motiviert, Krieg zu f\u00fchren. Wilten wurde von den Kampfhandlungen stark in Mitleidenschaft gezogen. Das Dorf schrumpfte von \u00fcber 1000 Einwohnern auf knapp 700. Hofer selbst war zu dieser Zeit bereits ein von der Belastung dem Alkohol gezeichneter Mann. Er wurde gefangengenommen und am 20. Januar 1810 in Mantua hingerichtet. Zu allem \u00dcberfluss wurde das Land geteilt. Das Etschtal und das Trentino wurden Teil des von Napoleon aus dem Boden gestampften K\u00f6nigreich Italien, das Pustertal wurde den franz\u00f6sisch kontrollierten <em>Illyrischen Provinzen<\/em> angeschlossen.<\/p>\n<p>Der \u201e<em>Freiheitskampf<\/em>\u201c symbolisiert bis heute f\u00fcr das Tiroler Selbstverst\u00e4ndnis. Lange Zeit galt Andreas Hofer als unumstrittener Held und als Prototyp des wehrhaften, vaterlandstreuen und standhaften Tirolers. Der Underdog, der sich gegen die fremde \u00dcbermacht und unheilige Sitten wehrte. Tats\u00e4chlich war Hofer wohl ein charismatischer Anf\u00fchrer, ein politisch aber unbegabter und konservativ-klerikaler, simpler Geist. Seine Taktik bei der 3. Schlacht am Berg Isel \u201e<em>Grad nit aufferlassen tiat sie<\/em>\u201c (Ann.: Ihr d\u00fcrft sie nur nicht heraufkommen lassen) fasst sein Wesen wohl ganz gut zusammen. In konservativen Kreisen Tirols wie den Sch\u00fctzen wird Hofer unkritisch und kultisch verehrt. Das Tiroler Sch\u00fctzenwesen ist gelebtes Brauchtum, das sich zwar modernisiert hat, in vielen dunklen Winkeln aber noch reaktion\u00e4r ausgerichtet ist. Wiltener, Amraser, Pradler und H\u00f6ttinger Sch\u00fctzen marschieren immer noch eintr\u00e4chtig neben Klerus, Trachtenvereinen und Marschmusikkapellen bei kirchlichen Prozessionen und schie\u00dfen in die Luft, um alles \u00dcbel von Tirol und der katholischen Kirche fernzuhalten. \u00dcber die Stadt verteilt erinnern viele Denkm\u00e4ler an das Jahr 1809. Die zweite H\u00e4lfte des 19. Jahrhunderts erfuhr eine Heroisierung der K\u00e4mpfer, die als deutsches Bollwerk gegen fremde V\u00f6lkerschaften charakterisiert wurden. Der Berg Isel wurde der Stadt f\u00fcr die Verehrung der Freiheitsk\u00e4mpfer vom Stift Wilten, der katholischen Instanz Innsbrucks, zur Verf\u00fcgung gestellt. Andreas Hofer und seinen Mitstreitern Josef Speckbacher, Peter Mayer, Pater Haspinger und Kajetan Sweth wurden im Stadtteil Wilten, das in der Zeit des gro\u00dfdeutsch-liberal dominierten Gemeinderats 1904 zu Innsbruck kam und lange unter der Verwaltung des Stiftes gestanden hatte, Stra\u00dfennamen gewidmet. Das kurze Rote Gassl im alten Kern von Wilten erinnert an die Tiroler Sch\u00fctzen, die, in ihnen wohl f\u00e4lschlich nachgesagten roten Uniformen, dem siegreichen Feldherrn Hofer nach dem Sieg in der zweiten Berg Isel Schlacht an dieser Stelle in Massen gehuldigt haben sollen. In Tirol wird Andreas Hofer bis heute gerne f\u00fcr alle m\u00f6glichen Initiativen und Pl\u00e4ne vor den Karren gespannt. Vor allem im Nationalismus des 19. Jahrhunderts berief man sich immer wieder auf den verkl\u00e4rten Helden Andreas Hofer. Hofer wurde \u00fcber Gem\u00e4lde, Flugbl\u00e4tter und Schauspiele zur Ikone stilisiert. Aber auch heute noch kann man das Konterfei des Obersch\u00fctzen sehen, wenn sich Tiroler gegen unliebsame Ma\u00dfnahmen der Bundesregierung, den Transitbestimmungen der EU oder der FC Wacker gegen ausw\u00e4rtige Fu\u00dfballvereine zur Wehr setzen. Das Motto lautet dann \u201e<em>Mannder, s\u00b4isch Zeit<\/em>!\u201c. Die Legende vom wehrf\u00e4higen Tiroler Bauern, der unter Tags das Feld bestellt und sich abends am Schie\u00dfstand zum Scharfsch\u00fctzen und Verteidiger der Heimat ausbilden l\u00e4sst, wird immer wieder gerne aus der Schublade geholt zur St\u00e4rkung der \u201eechten\u201c Tiroler Identit\u00e4t. Die Feiern zum Todestag Andreas Hofers am 20. Februar locken bis heute regelm\u00e4\u00dfig Menschenmassen aus allen Landesteilen Tirols in die Stadt. Erst in den letzten Jahrzehnten setzte eine kritische Betrachtung des erzkonservativen und mit seiner Aufgabe als Tiroler Landeskommandanten wohl \u00fcberforderten Sch\u00fctzenhauptmanns ein, der angestachelt von Teilen der Habsburger und der katholischen Kirche nicht nur Franzosen und Bayern, sondern auch das liberale Gedankengut der Aufkl\u00e4rung vehement aus Tirol fernhalten wollte.<\/p>\n<p>[\/et_pb_toggle][\/et_pb_column][\/et_pb_section]<\/p>\n","protected":false},"excerpt":{"rendered":"<p>Kiebachgasse 16 \/ Mundingplatz<\/p>","protected":false},"author":1,"featured_media":65129,"comment_status":"open","ping_status":"closed","sticky":false,"template":"","format":"standard","meta":{"_et_pb_use_builder":"on","_et_pb_old_content":"","_et_gb_content_width":"","wds_primary_category":0,"footnotes":""},"categories":[20,39,61,38,113,169],"tags":[],"class_list":["post-1885","post","type-post","status-publish","format-standard","has-post-thumbnail","hentry","category-altstadt","category-andreas-hofer-und-die-tiroler-erhebung-von-1809","category-das-jahr-1848-und-die-industrialisierung","category-die-baumeister-gumpp-und-die-barockisierung-innsbrucks","category-historische-gaststaetten","category-kolonialwaren-kaffee-und-aufklarung"],"_links":{"self":[{"href":"https:\/\/www.discover-innsbruck.at\/en\/wp-json\/wp\/v2\/posts\/1885","targetHints":{"allow":["GET"]}}],"collection":[{"href":"https:\/\/www.discover-innsbruck.at\/en\/wp-json\/wp\/v2\/posts"}],"about":[{"href":"https:\/\/www.discover-innsbruck.at\/en\/wp-json\/wp\/v2\/types\/post"}],"author":[{"embeddable":true,"href":"https:\/\/www.discover-innsbruck.at\/en\/wp-json\/wp\/v2\/users\/1"}],"replies":[{"embeddable":true,"href":"https:\/\/www.discover-innsbruck.at\/en\/wp-json\/wp\/v2\/comments?post=1885"}],"version-history":[{"count":0,"href":"https:\/\/www.discover-innsbruck.at\/en\/wp-json\/wp\/v2\/posts\/1885\/revisions"}],"wp:featuredmedia":[{"embeddable":true,"href":"https:\/\/www.discover-innsbruck.at\/en\/wp-json\/wp\/v2\/media\/65129"}],"wp:attachment":[{"href":"https:\/\/www.discover-innsbruck.at\/en\/wp-json\/wp\/v2\/media?parent=1885"}],"wp:term":[{"taxonomy":"category","embeddable":true,"href":"https:\/\/www.discover-innsbruck.at\/en\/wp-json\/wp\/v2\/categories?post=1885"},{"taxonomy":"post_tag","embeddable":true,"href":"https:\/\/www.discover-innsbruck.at\/en\/wp-json\/wp\/v2\/tags?post=1885"}],"curies":[{"name":"wp","href":"https:\/\/api.w.org\/{rel}","templated":true}]}}