{"id":2619,"date":"2020-10-16T07:13:50","date_gmt":"2020-10-16T07:13:50","guid":{"rendered":"https:\/\/www.discover-innsbruck.at\/?p=2619"},"modified":"2026-03-06T09:40:37","modified_gmt":"2026-03-06T09:40:37","slug":"siebererschule-waisenheim","status":"publish","type":"post","link":"https:\/\/www.discover-innsbruck.at\/en\/siebererschule-waisenheim\/","title":{"rendered":"Orphanage - Siebererschule"},"content":{"rendered":"<p>[et_pb_section fb_built=&#8220;1&#8243; specialty=&#8220;on&#8220; _builder_version=&#8220;4.24.3&#8243; _module_preset=&#8220;default&#8220; global_colors_info=&#8220;{}&#8220;][et_pb_column type=&#8220;1_2&#8243; specialty_columns=&#8220;2&#8243; _builder_version=&#8220;4.16&#8243; custom_padding=&#8220;|||&#8220; global_colors_info=&#8220;{}&#8220; custom_padding__hover=&#8220;|||&#8220;][et_pb_row_inner _builder_version=&#8220;4.16&#8243; _module_preset=&#8220;default&#8220; global_colors_info=&#8220;{}&#8220;][et_pb_column_inner saved_specialty_column_type=&#8220;1_2&#8243; _builder_version=&#8220;4.16&#8243; _module_preset=&#8220;default&#8220; global_colors_info=&#8220;{}&#8220;][et_pb_text admin_label=&#8220;Titel und Adresse&#8220; _builder_version=&#8220;4.24.3&#8243; text_text_color=&#8220;#000000&#8243; header_font=&#8220;|on|||&#8220; header_text_align=&#8220;center&#8220; header_text_color=&#8220;#e09900&#8243; header_font_size=&#8220;42px&#8220; header_line_height=&#8220;1.3em&#8220; header_2_text_color=&#8220;#e09900&#8243; background_color=&#8220;rgba(255,255,255,0.8)&#8220; background_layout=&#8220;dark&#8220; custom_padding=&#8220;20px|20px|20px|20px|true|true&#8220; header_font_size_last_edited=&#8220;off|desktop&#8220; border_radii=&#8220;on|10px|10px|10px|10px&#8220; box_shadow_style=&#8220;preset1&#8243; locked=&#8220;off&#8220; global_colors_info=&#8220;{}&#8220;]<\/p>\n<h2>Waisenhaus &amp; Siebererschule<\/h2>\n<p>Siebererstra\u00dfe 7-9<\/p>\n<p>[\/et_pb_text][et_pb_image src=&#8220;https:\/\/www.discover-innsbruck.at\/wp-content\/uploads\/2020\/10\/Sieberer-Waisenheim-und-Siebererschule-1.jpeg&#8220; alt=&#8220;Sieberer Waisenheim und Siebererschule&#8220; title_text=&#8220;Sieberer Waisenheim und Siebererschule&#8220; disabled_on=&#8220;on|on|on&#8220; _builder_version=&#8220;4.24.3&#8243; _module_preset=&#8220;default&#8220; border_radii=&#8220;on|10px|10px|10px|10px&#8220; box_shadow_style=&#8220;preset1&#8243; disabled=&#8220;on&#8220; global_colors_info=&#8220;{}&#8220;][\/et_pb_image][et_pb_gallery gallery_ids=&#8220;59818,55457,60480,2623,66565&#8243; fullwidth=&#8220;on&#8220; admin_label=&#8220;Galerie Waisenhaus &#8211; Siebererschule&#8220; _builder_version=&#8220;4.27.4&#8243; _module_preset=&#8220;default&#8220; pagination_text_color=&#8220;#E09900&#8243; border_radii=&#8220;on|5px|5px|5px|5px&#8220; box_shadow_style=&#8220;preset1&#8243; global_module=&#8220;61963&#8243; saved_tabs=&#8220;all&#8220; global_colors_info=&#8220;{}&#8220;][\/et_pb_gallery][\/et_pb_column_inner][\/et_pb_row_inner][\/et_pb_column][et_pb_column type=&#8220;1_2&#8243; _builder_version=&#8220;4.16&#8243; custom_padding=&#8220;|||&#8220; global_colors_info=&#8220;{}&#8220; custom_padding__hover=&#8220;|||&#8220;][et_pb_toggle title=&#8220;Wissenswert&#8220; open=&#8220;on&#8220; open_toggle_text_color=&#8220;#e09900&#8243; open_toggle_background_color=&#8220;#ffffff&#8220; closed_toggle_text_color=&#8220;#e09900&#8243; closed_toggle_background_color=&#8220;#ffffff&#8220; icon_color=&#8220;#e09900&#8243; open_icon_color=&#8220;#e09900&#8243; admin_label=&#8220;Siebererschule Waisenhaus&#8220; _builder_version=&#8220;4.27.4&#8243; _module_preset=&#8220;default&#8220; title_text_color=&#8220;#e09900&#8243; title_font_size=&#8220;18px&#8220; hover_enabled=&#8220;0&#8243; border_radii=&#8220;on|5px|5px|5px|5px&#8220; box_shadow_style=&#8220;preset1&#8243; global_module=&#8220;59169&#8243; saved_tabs=&#8220;all&#8220; global_colors_info=&#8220;{}&#8220; sticky_enabled=&#8220;0&#8243;]<\/p>\n<p>Als am 1. Oktober 1889 das Sieberer\u00b4sche Waisenhaus er\u00f6ffnet wurde, \u00fcberschlugen sich die Innsbrucker Nachrichten in ihrem Lob f\u00fcr den G\u00f6nner Johann von Sieberer, dessen Spende das Projekt erst erm\u00f6glicht hatte.<\/p>\n<p>&#8222;<em>Wohl selten hat eine Stadtgemeinde gerechtere und begr\u00fcndetere Ursache sich zu freuen und festlich zu schm\u00fccken, als heute die Stadt Innsbruck, da eine Stiftung derselben \u00fcbergeben wird, wie eine solche wohl selten eine Stadt sich erfreuen kann. Diese Freude und Festestimmung wird noch erh\u00f6ht durch die Anwesenheit des erlauchten Bruders unseres geliebten Monarchen, seiner k. und k. Hoheit des Herrn Erzherzogs Karl Ludwig, der hierher gekommen ist um zu beweisen wie hoch der edle Prinz ein Werk reinster Menschenfreundlichkeit zu sch\u00e4tzen wei\u00df und demselben seine Anerkennung zu zollen. Schon wenn der Name des kaiserlichen Prinzen ert\u00f6nt, schl\u00e4gt h\u00f6her das Tiroler Herz&#8230;<\/em>.&#8220;\u00a0<\/p>\n<p>Sieberer war mit Leonhard Lang und Josef Kiebach einer der b\u00fcrgerlichen G\u00f6nner Innsbrucks. Alle drei M\u00e4nner waren durch Flei\u00df und Gl\u00fcck in der zweiten H\u00e4lfte des 19. Jahrhunderts zu Verm\u00f6gen gekommen. Sieberer fasste 1885 den Beschluss zum Bau des Waisenhauses, nachdem das Land Salzburg sein Angebot mit der Begr\u00fcndung ausschlug, dass es dort bereits gen\u00fcgend solcher Institutionen. Es war pures Gl\u00fcck, dass sich Sieberer seiner Tiroler Wurzeln entsann und die Hauptstadt Innsbruck f\u00fcr sein Wirken auserkor. Die Stadt hatte eine Unternehmung in diese Richtung selbst schon erwogen, es fehlten aber die finanziellen Mittel. Sieberer \u00fcberlie\u00df der Stadt einen Teil seines Verm\u00f6gens in Form einer Kaution auf seine Wiener Immobilien, um damit Grundst\u00fcck und Bau zu bezahlen. Die Stadt stellte im Gegenzug das Grundst\u00fcck im noch unbebauten Saggen zur Verf\u00fcgung. Die Widmung war an die Bedingung gekn\u00fcpft, dass das Waisenhaus vom Orden der Barmherzigen Schwestern betrieben werde und maximal 200 katholische Kinder Innsbrucker Eltern zwischen 6 und 15 Jahren aufgenommen werden d\u00fcrfen. Der Bau entstand zwischen 1886 und 1889 und wurde im Neorenaissancestil aufw\u00e4ndig verwirklicht. Das kunstvoll gestaltete Portal zeigt zwei kindliche Engel, Jesus, Maria sowie das Wappen der Stadt Innsbruck. Die beiden Statuen \u00fcber dem Eingang repr\u00e4sentieren den &#8222;<em>Unterricht<\/em>&#8220; und die &#8222;<em>Menschenliebe<\/em>&#8222;, zwei Dinge, die dem katholischen Humanisten Sieberer sehr wichtig waren. Am Giebel ist der in mehreren Evangelien Jesus zugeschriebene Satz \u201e<em>Lasset die Kinder zu mir kommen<\/em>\u201c in Marmor dargestellt. Der Architekt Eugen Sehnal war dazu angehalten die Vorstellungen von Moral und Tugend des Stifters in der Stadt baulich zu verankern. Lange war es unter Strafe gestanden und teils mit dem Pranger oder Schlimmerem bestraft worden, wenn eine Frau ein uneheliches Kind zur Welt brachte. Einen Bastard auszutragen war zwar seit geraumer Zeit kein Strafbestand mehr, vor allem unverheiratetes Dienstpersonal und M\u00e4gde konnten ihre Kinder h\u00e4ufig nicht behalten. Die Kinder wurden, falls es innerhalb der Familie keine M\u00f6glichkeit der Unterbringung gab, katholischen Pflegeeltern oder einem Waisenhaus \u00fcbergeben. Die christliche Moral des Volkes zog noch lange nicht mit dem Gesetz nach. Die betroffenen Frauen blieben, obwohl ein erheblicher Teil der Kinder unehelich war, bis weit ins 20. Jahrhundert ausgegrenzt. Goethes Drama <em>Faust <\/em>gibt einen guten Einblick in die Sitten der Zeit \u00fcber das Schicksal Gretchens, die sich wegen einer unehelichen Schwangerschaft das Leben nimmt. Staatliche Waisenh\u00e4user bereiteten die Buben h\u00e4ufig auf eine Karriere im Milit\u00e4r vor. Das Exerzieren geh\u00f6rte schon von Kindesbeinen an zum Tagesablauf. Waisenh\u00e4user waren f\u00fcr das Milit\u00e4r eine Quelle, um den im 18. Jahrhundert steigenden Bedarf an menschlichem Material zu befriedigen. Gleichzeitig erm\u00f6glichte das Milit\u00e4r den Waisen einen Karriereweg, der den sozial Benachteiligten vorher meist verwehrt geblieben war. Der fromme Sieberer wollte die Kinder aber nicht milit\u00e4risch, sondern christlich erziehen lassen. Bildung, wie er sie erfahren hatte, war f\u00fcr ihn ein wichtiger Baustein in der Entwicklung junger Menschen. Ein Kaplan k\u00fcmmerte sich um Messen und Religionsunterricht, die Ordensfrauen der Barmherzigen Schwestern um die Verpflegung und sonstige Erziehung. Der Alltag der Z\u00f6glinge des Waisenhauses erfolgte ganz im Sinne Sieberers streng nach katholischen Ma\u00dfst\u00e4ben. Der Stifter stand pers\u00f6nlich in stetem Austausch mit dem Personal um den Gesundheitszustand, die Ern\u00e4hrung, Disziplin und Schulerfolg zu \u00fcberwachen. Der Tagesablauf war streng geregelt, Unordnung wurde weder beim Personal noch bei den Kindern geduldet.\u00a0Der Schriftsteller Josef Leitgeb (1897 \u2013 1952), der gemeinsam mit seinem Bruder nach dem Tod seiner Mutter zwischen 1906 und 1910 ein Z\u00f6gling des Waisenhauses war, beschrieb die Atmosph\u00e4re des Hauses in seinem autobiografischen Roman <em>Das unversehrte Jahr<\/em> so:<\/p>\n<p>\u201e<em>\u2026die geometrische Rechtwinkligkeit des Geb\u00e4udes fand in der Hausregel ihr Widerspiel, die nun unser Leben wie ein Netz von feinen Dr\u00e4hten \u00fcberzog. Wir waren aus einem warmen, bl\u00fchenden Ungef\u00e4hr in eine k\u00fchle graue Regelhaftigkeit geraten<\/em>.\u201c<\/p>\n<p>Nach dem Leben im Waisenhaus konnten besonders vielversprechende Talente sogar auf ein Studium an der Universit\u00e4t hoffen. Leonhard Lang (1843 \u2013 1928) hatte die <em>Leonhard und Clara Lang\u00b4sche Stiftung f\u00fcr Studieren, Lehrlinge und Lehrm\u00e4dchen<\/em> eingerichtet, um jungen Menschen den \u00dcbergang ins Berufsleben zu erleichtern. Mit dem Ersten Weltkrieg und den Problemen der Folgezeit mit Geldentwertung und Wirtschaftskrise kam das Waisenhaus nach dem Tod des Stifters in finanzielle Bedr\u00e4ngnis. Damit einher ging der Verlust der Qualit\u00e4t der Versorgung und Erziehung. Das Waisenhaus ist heute eine Volksschule mit Kindergarten.\u00a0Der Stifter blieb dem Geb\u00e4ude erhalten. Anders als Leonhard Lang und Josef Kiebach, denen ein Ehrengrab am Westfriedhof in Wilten spendiert wurde, lie\u00df sich Freiherr Johann von Sieberer im Untergeschoss eine Gruft samt einer letzten Ruhest\u00e4tte aus Marmor errichten.<\/p>\n<p>[\/et_pb_toggle][et_pb_toggle title=&#8220;Johann von Sieberer: Innsbrucks guter Geist&#8220; open_toggle_text_color=&#8220;#e09900&#8243; open_toggle_background_color=&#8220;#ffffff&#8220; closed_toggle_text_color=&#8220;#e09900&#8243; closed_toggle_background_color=&#8220;#ffffff&#8220; icon_color=&#8220;#e09900&#8243; open_icon_color=&#8220;#e09900&#8243; admin_label=&#8220;Johann von Sieberer, der gute Geist Innsbrucks&#8220; _builder_version=&#8220;4.27.4&#8243; _module_preset=&#8220;default&#8220; title_text_color=&#8220;#e09900&#8243; title_font_size=&#8220;18px&#8220; border_radii=&#8220;on|5px|5px|5px|5px&#8220; box_shadow_style=&#8220;preset1&#8243; global_module=&#8220;53642&#8243; saved_tabs=&#8220;all&#8220; global_colors_info=&#8220;{}&#8220;]<\/p>\n<p>Waren es in Mittelalter und Fr\u00fcher Neuzeit vor allem Kirche und Aristokratie, die f\u00fcr die Entwicklung von Infrastruktur und Bauten im \u00f6ffentlichen Raum verantwortlich waren, machten sich im 18. und 19. Jahrhundert Mitglieder des wohlhabenden B\u00fcrgertums dazu auf, das Stadtbild mit ihren Projekten zu pr\u00e4gen. Die politischen Umw\u00e4lzungen von 1848 und 1867 hatten die Karten neu gemischt. Kleinadel und Klerus hatten Verm\u00f6gen, Macht und gesellschaftlichen Einfluss verloren. F\u00fcr sie sprang das gehobene B\u00fcrgertum ein, das sich in Innsbruck aus verm\u00f6genden H\u00e4ndlern, Gastronomen, Hoteliers und Industriellen zusammensetzte. M\u00e4nner wie der Bierbrauer, Schloss- und Lokalbesitzer Robert Ni\u00dfl, Alois Epp, Leonhard Lang oder Josef Kiebach stifteten Teile ihres Verm\u00f6gens und engagierten sich in Vereinen, um Infrastruktur und Soziales am Laufen zu halten. Die Aufstiege zeugen davon, dass es in der zweiten H\u00e4lfte des 19. Jahrhunderts wie nie zuvor m\u00f6glich war, durch Geschick, Flei\u00df und etwas Gl\u00fcck aufzusteigen. Lang war vom Sohn eines Schmieds aus M\u00fchlau durch geschicktes Wirtschaften zum Papierfabrikanten und H\u00e4ndler aufgestiegen. Der Industrielle, nach dem die Langstra\u00dfe in Pradl benannt ist, hatte 1882 unter anderem das <em>Hotel \u00d6sterreichischer Hof<\/em> gekauft. Neben seiner Stiftung engagierte er sich f\u00fcr das Volkskunstmuseum, das Ferdinandeum und erm\u00f6glichte der Stadt Innsbruck den Bau des Neuen Rathauses in der Maria-Theresienstra\u00dfe. Kiebach (1828 \u2013 1875) war der Sohn eines Schlossermeisters. Kiebach erbte sowohl von seinem Vater wie auch seinem Onkel und vermachte nach seinem Tod einen gro\u00dfen Teil seines Verm\u00f6gens, um in den schwierigen Jahren nach der Wirtschaftskrise von 1873 den Armenfonds zu betreiben. Das bekannteste und bis heute am besten im Innsbrucker Stadtbild sichtbare Mitglied dieser neuen Klasse erfolgreicher Unternehmer in Innsbruck war Freiherr Johann von Sieberer.<\/p>\n<p>Johann Sieberer kam 1830 in Going bei Kitzb\u00fchel als uneheliches Kind zur Welt. Der Bischof von Salzburg verbrachte seine freien Tage gerne in den Tiroler Bergen. Das Schulwesen des Tiroler Unterlandes wurde damals ebenfalls von der Di\u00f6zese Salzburg administriert. Bei einer Visite der \u00f6rtlichen Volksschule bemerkte er einen besonders wiffen Burschen. \u00a01840 wurde Sieberer auf Gehei\u00df des Bischofs im <em>Borrom\u00e4um<\/em> zu Salzburg als Singknabe aufgenommen. Der Erzbischof von Salzburg erkannte fr\u00fch das herausragende Talent und erm\u00f6glichte dem Jungen den Besuch des Franziskanergymnasiums in Hall in Tirol. Nach dem Schulabschluss studierte er in Wien Rechtswissenschaften, bevor er in den Dienst der Familie des Bischofs von Salzburg, den F\u00fcrsten von Schwarzenberg eintrat. Diese Familie z\u00e4hlte zu den einflussreichsten der \u00f6sterreichischen Aristokratie. Erzherzog Albrecht, in dessen Dienst Sieberer stand, war der Begr\u00fcnder der Wiener Kunstsammlung <em>Albertina<\/em>. Sieberer arbeitete in der Administration der Industrieanlagen der Familie und lernte auf Reisen durch die Monarchie viele Mitglieder der Aristokratie und des Geldadels der K&amp;K Monarchie kennen. Als er auf Vermittlung Albrechts ab 1860 f\u00fcr die <em>Versicherungsgesellschaft \u00d6sterreichischer Ph\u00f6nix<\/em> arbeitete, konnte er diese Kontakte zu Geld machen. Durch den Verkauf hoher Polizzen an Mitglieder der Habsburgerfamilie und andere Adlige kam er zu einem gro\u00dfen Verm\u00f6gen. In Meidling bei Wien erwarb er seine Privatvilla und legte sein Geld in Zinsh\u00e4usern in der Hauptstadt an.<\/p>\n<p>Wof\u00fcr Johann von Sieberer vor allem bekannt ist, sind seine gro\u00dfz\u00fcgigen Stiftungen in Innsbruck. Mit den gesellschaftlichen Ver\u00e4nderungen des 19. Jahrhunderts begann im st\u00e4dtischen Bereich die traditionelle Gro\u00dffamilie ihre Rolle als erste Anlaufstelle in Not zu verlieren. Der Staat hatte zwar die Wohlfahrt von der Kirche seit Maria Theresia mehr und mehr \u00fcbernommen und an die Kommunen ausgelagert, h\u00e4ufig fehlten aber die Mittel daf\u00fcr. Diese L\u00fccke schloss der streng gl\u00e4ubige und fromme Katholik Sieberer in Innsbruck als eine Art patriotischer M\u00e4zen im Sinne der christlichen N\u00e4chstenliebe.<\/p>\n<p>Von 1885 bis zu seinem Tod 1914 lie\u00df Sieberer der Tiroler Landeshauptstadt seine Wohlt\u00e4tigkeit angedeihen. Das Waisenhaus samt einem Fond zu dessen Betreibung sowie das Franz-Joseph-Jubil\u00e4ums-Greisenasyl gehen auf die Spenden des Menschenfreunds Sieberer zur\u00fcck. Auch am Umbau der Jesuitenkirche beteiligte er sich. Leider nur mehr auf Archivbildern zu sehen ist der prachtvolle <em>Vereinigungsbrunnen<\/em>, der 1906 am damals noch protzigen Bahnhofsplatz im Stile des Historismus errichtet wurde und 1940 dem neuen Verkehrskonzept weichen musste.<\/p>\n<p>Das Waisenhaus und das Kaiser-Franz-Josef-Greisenasyl waren Infrastruktur, die von der Stadt ob der angespannten finanziellen Lage nicht finanziert werden konnte. Sieberer f\u00fchlte sich dem, was Max Weber als protestantische Arbeitsethik bezeichnete, zugeh\u00f6rig, ahmte aber die konservativen Adelskreise, in denen er sozialisiert worden war, nach. Der einzelne, tugendhafte B\u00fcrger sollte dem Kollektiv als Exempel dienen. Seine beiden Bauprojekte waren Statements und Ausdruck eines neuen b\u00fcrgerlichen Selbstverst\u00e4ndnisses. Interessant ist, dass Sieberer sich, anders als Monarchen und F\u00fcrsten der Vergangenheit, nicht namentlich auf seinen Projekten inszenieren lie\u00df.<\/p>\n<p>1909 wurde Sieberer von B\u00fcrgermeister Wilhelm Greil zum Ehrenb\u00fcrger Innsbrucks, 1910 vom Kaiser zum Freiherrn ernannt. In Innsbruck erinnert die Siebererstra\u00dfe im Stadtteil Saggen an diesen gro\u00dfen Innsbrucker. Ein Denkmal zu Ehren Sieberers war noch zu dessen Lebzeiten geplant. Der Erste Weltkrieg und die darauffolgenden politischen und finanziellen Probleme verhinderten die Errichtung.\u00a0<\/p>\n<p>[\/et_pb_toggle][et_pb_toggle title=&#8220;Klingler, Huter, Retter &#038; Co: Baumeister der Erweiterung&#8220; open_toggle_text_color=&#8220;#e09900&#8243; open_toggle_background_color=&#8220;#ffffff&#8220; closed_toggle_text_color=&#8220;#e09900&#8243; closed_toggle_background_color=&#8220;#ffffff&#8220; icon_color=&#8220;#e09900&#8243; open_icon_color=&#8220;#e09900&#8243; admin_label=&#8220;Klingler, Huter, Retter &#038; Co: Baumeister der Erweiterung&#8220; _builder_version=&#8220;4.27.4&#8243; _module_preset=&#8220;default&#8220; title_text_color=&#8220;#e09900&#8243; title_font_size=&#8220;18px&#8220; border_radii=&#8220;on|5px|5px|5px|5px&#8220; box_shadow_style=&#8220;preset1&#8243; global_module=&#8220;53750&#8243; saved_tabs=&#8220;all&#8220; global_colors_info=&#8220;{}&#8220;]<\/p>\n<p>is heute pr\u00e4gen die Geb\u00e4ude der sp\u00e4ten Monarchie das Stadtbild Innsbrucks. Die letzten Jahrzehnte des 19. Jahrhunderts gingen als <em>Gr\u00fcnderzeit<\/em> in die \u00f6sterreichische Geschichte ein. Nach einer Wirtschaftskrise 1873 begann sich die Stadt im Wiederaufschwung auszudehnen. Von 1880 bis 1900 wuchs Innsbrucks Bev\u00f6lkerung von 20.000 auf 26.000 Einwohner an. Das 1904 eingemeindete Wilten verdreifachte sich von 4000 auf 12.000. Zwischen 1850 und 1900 wuchs die Anzahl an Geb\u00e4uden innerhalb der Stadt von 600 auf \u00fcber 900 Geb\u00e4ude an, die meisten davon waren anders als die fr\u00fchneuzeitlichen, kleinen Objekte mehrst\u00f6ckige Zinsh\u00e4user. Im Zuge technischer Innovationen ver\u00e4nderte sich auch die Infrastruktur. Gas, Wasser, Elektrizit\u00e4t wurden Teil des Alltags von immer mehr Menschen. Das alte Stadtspital wich dem neuen Krankenhaus. Im Saggen entstanden das Waisenhaus und das Greisenasyl Sieberers.<\/p>\n<p>Die Geb\u00e4ude, die in den jungen Stadtvierteln gebaut wurden, waren ein Spiegel dieser neuen Gesellschaft. Unternehmer, Freiberufler, Angestellte und Arbeiter mit politischem Stimmrecht entwickelten andere Bed\u00fcrfnisse als Untertanen ohne dieses Recht. Ab den 1870er Jahren entstand in Innsbruck ein modernes Banksystem. Die Kreditinstitute wie die 1821 gegr\u00fcndete Sparkasse oder die Kreditanstalt, deren 1910 errichtetes Geb\u00e4ude bis heute wie ein kleiner Palast in der Maria-Theresien-Stra\u00dfe thront, erm\u00f6glichten nicht nur die Aufnahme von Krediten, sondern traten auch selbst als Bauherren auf. Die Zinsh\u00e4user die entstanden, erm\u00f6glichten auch Nicht-Wohnungseigent\u00fcmern ein modernes Leben. Anders als im l\u00e4ndlichen Bereich Tirols, wo Bauernfamilien samt Knechten und M\u00e4gden in Bauernh\u00e4usern im Verbund einer Sippschaft lebten, kam das Leben in der Stadt dem Familienleben, das wir heute kennen, nahe. Der Wohnraum musste dem entsprechen. Der Lifestyle der St\u00e4dter verlangte nach Mehrzimmerwohnungen und freien Fl\u00e4chen zur Erholung nach der Arbeitszeit. Das wohlhabende B\u00fcrgertum bestehend aus Unternehmern und Freiberuflern hatte den Adel zwar noch nicht \u00fcberholt, den Abstand aber verringert. Sie waren es, die nicht nur private Bauprojekte beauftragten, sondern \u00fcber ihre Stellung im Gemeinderat auch \u00fcber \u00f6ffentliche Bauten entschieden.<\/p>\n<p>Die 40 Jahre vor dem Ersten Weltkrieg waren f\u00fcr Baufirmen, Handwerker, Baumeister und Architekten eine Art Goldgr\u00e4berzeit. Die Geb\u00e4ude spiegelten die Weltanschauung ihrer Bauherren wider. Baumeister vereinten dabei mehrere Rollen und ersetzten oft den Architekten. Die meisten Kunden hatten sehr klare Vorstellungen, was sie wollten. Es sollten keine atemberaubenden Neukreationen sein, sondern Kopien und Anlehnungen an bestehende Geb\u00e4ude. Ganz im Geist der Zeit entwarfen die Innsbrucker Baumeister nach dem Wunsch der finanziell potenten Auftraggeber die Geb\u00e4ude in den Stilen des Historismus und des Klassizismus sowie des Tiroler Heimatstils. Die Wahl des Stils der beim Bau des Eigenheimes zur Anwendung kam, war oft nicht nur optisches, sondern auch ideologisches Statement des Bauherrn. Liberale bevorzugten meist den Klassizismus, Konservative waren dem Tiroler Heimatstil zugetan. W\u00e4hrend der Heimatstil sich neobarock und mit vielen Malereien zeigte, waren klare Formen, Statuen und S\u00e4ulen stilpr\u00e4gende Elemente bei der Anlage neuer Geb\u00e4ude des Klassizismus. In einem teils w\u00fcsten Stilmix wurden die Vorstellungen, die Menschen vom klassischen Griechenland und dem antiken Rom hatten, verwirklicht. Nicht nur Bahnh\u00f6fe und \u00f6ffentliche Geb\u00e4ude, auch gro\u00dfe Mietsh\u00e4user und ganze Stra\u00dfenz\u00fcge, sogar Kirchen und Friedh\u00f6fe entstanden entlang der alten Flurwege in diesem Design. Das gehobene B\u00fcrgertum zeigte sein Faible f\u00fcr die Antike mit neoklassizistischen Fassaden. Katholische Traditionalisten lie\u00dfen Heiligenbilder und Darstellungen der Landesgeschichte Tirols in Wandmalereien auf ihren Heimatstilh\u00e4usern anfertigen. W\u00e4hrend im Saggen und Wilten der Neoklassizismus dominiert, finden sich in Pradl Gro\u00dfteils Geb\u00e4ude im konservativen Heimatstil.<\/p>\n<p>Viele Bauexperten r\u00fcmpften lange Zeit die Nase \u00fcber die Bauten der Empork\u00f6mmlinge und Neureichen. Heinrich Hammer schrieb in seinem Standardwerk \u201e<em>Kunstgeschichte der Stadt Innsbruck<\/em>\u201c:<\/p>\n<p><em>\u201eSchon diese erste rasche Erweiterung der Stadt fiel nun freilich in jene bauk\u00fcnstlerisch unfruchtbare Epoche, in der die Architektur, statt eine selbstst\u00e4ndige, zeiteigene Bauweise auszudenken, der Reihe nach die Baustile der Vergangenheit wiederholte.\u201c<\/em><\/p>\n<p>Die Zeit der gro\u00dfen Villen, die die Adelsansitze vergangener Tage mit b\u00fcrgerlicher Note nachahmten, kam mangels Platzgr\u00fcnden nach einigen wilden Jahrzehnten an ihr Ende. Eine weitere Bebauung des Stadtgebietes mit Einzelh\u00e4usern war nicht mehr m\u00f6glich, zu eng war der Platz geworden. Der Bereich Falkstra\u00dfe \/ G\u00e4nsbachstra\u00dfe \/ Bienerstra\u00dfe gilt bis heute als <em>Villensaggen<\/em>, die Gebiete \u00f6stlich als <em>Blocksaggen<\/em>. In Wilten und Pradl kam es zu dieser Art der Bebauung gar nicht erst gar nicht. Trotzdem versiegelten Baumeister im Goldrausch immer mehr Boden. Albert Gruber hielt zu diesem Wachstum 1907 eine mahnende Rede, in der er vor Wildwuchs in der Stadtplanung und Bodenspekulation warnte.<\/p>\n<p><em>\u201eEs ist die schwierigste und verantwortungsvollste Aufgabe, welche unsere Stadtv\u00e4ter trifft. Bis zu den 80er Jahren (Anm.: 1880), sagen wir im Hinblick auf unsere Verh\u00e4ltnisse, ist noch ein gewisses langsames Tempo in der Stadterweiterung eingehalten worden. Seit den letzten 10 Jahren jedoch, kann man sagen, erweitern sich die St\u00e4dtebilder ungeheuer rasch. Es werden alte H\u00e4user niedergerissen und neue an ihrer Stelle gesetzt. Nat\u00fcrlich, wenn dieses Niederrei\u00dfen und Aufbauen planlos, ohne jede \u00dcberlegung, nur zum Vorteil des einzelnen Individuums getrieben wird, dann entstehen zumeist Ungl\u00fccke, sogenannte architektonische Verbrechen. Um solche planlose, der Allgemeinheit nicht zum Frommen und Nutzen gereichende Bauten zu verh\u00fcten, mu\u00df jede Stadt daf\u00fcr sorgen, da\u00df nicht der Einzelne machen kann, was er will: es mu\u00df die Stadt dem schrankenlosen Spekulantentum auf dem Gebiete der Stadterweiterung eine Grenze setzen. Hierher geh\u00f6rt vor allem die Bodenspekulation.\u201c<\/em><\/p>\n<p>Eine Handvoll Baumeister und das Bauamt Innsbruck begleiteten diese Entwicklung in Innsbruck. Bezeichnet man Wilhelm Greil als B\u00fcrgermeister der Erweiterung, verdient der geb\u00fcrtige Wiener Eduard Klingler (1861 \u2013 1916) wohl den Titel als deren Architekt. Klingler pr\u00e4gte das Stadtbild Innsbrucks in seiner Funktion als Beamter und Baumeister wesentlich mit. 1883 begann er f\u00fcr das Land Tirol zu arbeiten. 1889 trat er zum st\u00e4dtischen Bauamt \u00fcber, das er ab 1902 leitete.\u00a0 In Innsbruck gehen unter anderem die Handelsakademie, die Leitgebschule, der Friedhof Pradl, die Dermatologische Klinik im Klinikareal, der St\u00e4dtische Kindergarten in der Michael-Gaismair-Stra\u00dfe, die <em>Trainkaserne<\/em> (Anm.: heute ein Wohnhaus), die Markthalle und das Tiroler Landeskonservatorium auf Klinglers Konto als Leiter des Bauamtes. Ein sehenswertes Geb\u00e4ude im Heimatstil nach seinem Entwurf ist das Ulrichhaus am Berg Isel, das heute den Alt-Kaiserj\u00e4ger-Club beheimatet.<\/p>\n<p>Das bedeutendste Innsbrucker Baub\u00fcro war <em>Johann Huter &amp; S\u00f6hne<\/em>. Johann Huter \u00fcbernahm die Ziegelei seines Vaters. 1856 erwarb er das erste Firmengel\u00e4nde, die <em>Hutergr\u00fcnde<\/em>, am Innrain. Drei Jahre sp\u00e4ter entstand in der Meranerstra\u00dfe der erste repr\u00e4sentative Hauptsitz. Die Firmeneintragung gemeinsam mit seinen S\u00f6hnen Josef und Peter stellte 1860 den offiziellen Startschuss des bis heute existierenden Unternehmens dar. <em>Huter &amp; S\u00f6hne<\/em> verstand sich wie viele seiner Konkurrenten als kompletter Dienstleister. Eine eigene Ziegelei, eine Zementfabrik, eine Tischlerei und eine Schlosserei geh\u00f6rten ebenso zum Unternehmen wie das Planungsb\u00fcro und die eigentliche Baufirma. 1906\/07 errichteten die Huters ihren eigenen Firmensitz in der Kaiser-Josef-Stra\u00dfe 15 im typischen Stil der letzten Vorkriegsjahre. Das herrschaftliche Haus vereint den Tiroler Heimatstil umgeben von Garten und Natur mit neogotischen und neoromanischen Elementen. Bekannte von <em>Huter &amp; S\u00f6hne<\/em> errichtete Geb\u00e4ude in Innsbruck sind das Kloster der Ewigen Anbetung, die Pfarrkirche St. Nikolaus, das erste Geb\u00e4ude der neuen Klinik und mehrere Geb\u00e4ude am Claudiaplatz. Kurz vor Ausbruch des ersten Weltkriegs besch\u00e4ftigte die Baufirma mehr als 700 Personen.<\/p>\n<p>Der zweite gro\u00dfe Player war Josef Retter (1872 \u2013 1954). Der geb\u00fcrtige Nieder\u00f6sterreicher mit Tiroler Wurzeln absolvierte eine Maurerlehre bevor er die <em>k.k. Staatsgewerbeschule<\/em> in Wien und die Werkmeisterschule der baugewerblichen Abteilung besuchte. Nach Berufserfahrungen \u00fcber das Gebiet der Donaumonarchie verteilt in Wien, Kroatien und Bozen konnte er dank der Mitgift seiner Ehefrau im Alter von 29 Jahren seine eigene Baufirma mit Sitz in Innsbruck er\u00f6ffnen. Wie Huter beinhaltete auch sein Unternehmen ein S\u00e4gewerk, ein Sand- und Schotterwerk und eine Werkstatt f\u00fcr Steinmetzarbeiten. 1904 er\u00f6ffnete er in der Sch\u00f6pfstra\u00dfe 23a seine Wohn- und B\u00fcrogeb\u00e4ude, das bis heute als <em>Retterhaus<\/em> bekannt ist. Der neugotische, dunkle Bau mit dem markanten Erker mit S\u00e4ulen und einem T\u00fcrmchen wird von einem sehenswerten Mosaik, die eine Allegorie der Architektur darstellt, geschm\u00fcckt. Das Giebelrelief zeigt die Verbindung von Kunst und Handwerk, einem Symbol f\u00fcr den Werdegang Retters. Sein Unternehmen pr\u00e4gte vor allem Wilten und den Saggen. Mit einem Neubau des Akademischen Gymnasiums, dem burg\u00e4hnlichen Schulgeb\u00e4ude f\u00fcr die Handelsakademie, der Evangelischen Christuskirche im Saggen, dem Zelgerhaus in der Anichstra\u00dfe, der Sonnenburg in Wilten und dem neugotischen Schloss Mentlberg am Sieglanger realisierte er viele der bedeutendsten Geb\u00e4ude dieser Epoche in Innsbruck.<\/p>\n<p>Sp\u00e4tberufen aber mit einem \u00e4hnlich praxisorientieren Hintergrund, der typisch f\u00fcr die Baumeister des 19. Jahrhunderts war, startete Anton Fritz 1888 sein Baub\u00fcro. Er wuchs abgelegen in Graun im Vinschgau auf. Nach Stationen als Polier, Stuckateur und Maurer beschloss er mit 36 Jahren die Gewerbeschule in Innsbruck zu besuchen. Talent und Gl\u00fcck bescherten ihm mit der Villa im Landhausstil in der Karmelitergasse 12 seinen Durchbruch als Planer. Seine Baufirma besch\u00e4ftigte zur Bl\u00fctezeit 150 Personen. 1912, kurz vor dem Ausbruch des Ersten Weltkriegs und dem damit einhergehenden Einbruch der Baubranche, \u00fcbergab er sein Unternehmen an seinen Sohn Adalbert. Das eigene Wohnhaus in der M\u00fcllerstra\u00dfe 4, das Haus Mader in der Glasmalereistra\u00dfe sowie H\u00e4user am Claudiaplatz und dem Sonnenburgplatz z\u00e4hlen zu den Hinterlassenschaften von Anton Fritz.<\/p>\n<p>Mit Carl Kohnle, Carl Albert, Karl Lubomirski und Simon Tommasi hatte Innsbruck weitere Baumeister, die sich mit typischen Geb\u00e4uden des sp\u00e4ten 19. Jahrhunderts im Stadtbild verewigten. Sie alle lie\u00dfen Innsbrucks neue Stra\u00dfenz\u00fcge im architektonisch vorherrschenden Zeitgeist der letzten 30 Jahre der Donaumonarchie erstrahlen. Wohnh\u00e4user, Bahnh\u00f6fe, Amtsgeb\u00e4ude und Kirchen im Riesenreich zwischen der Ukraine und Tirol schauten sich fl\u00e4chendeckend \u00e4hnlich. Nur z\u00f6gerlich kamen neue Str\u00f6mungen wie der Jugendstil auf. In Innsbruck war es der M\u00fcnchner Architekt Josef Bachmann, der mit der Neugestaltung der Fassade des Winklerhauses einen neuen Akzent in der b\u00fcrgerlichen Gestaltung setzte. Mit dem Beginn des Ersten Weltkrieges setzte die Baut\u00e4tigkeit aus. Nach dem Krieg war die Zeit des neoklassizistischen Historismus und Heimatstils endg\u00fcltig Geschichte. Die Zeiten waren karger und die Anforderungen an Wohnbau hatte sich ge\u00e4ndert. Wichtiger als eine repr\u00e4sentative Fassade und gro\u00dfe, herrschaftliche R\u00e4ume wurden in der Zeit der Wohnungsnot der kargen, jungen Republik Deutsch\u00f6sterreich leistbarer Wohnraum und moderne Ausstattung mit sanit\u00e4ren Anlagen. Auch die professionellere Ausbildung der Baumeister und Architekten an der k.k. Staatsgewerbeschule trug ihren Teil zu einem neuen Verst\u00e4ndnis des Bauwesens bei als sie die oftmals autodidaktischen Veteranen der Goldgr\u00e4berzeit des Klassizismus hatten. Spazierg\u00e4nge im Saggen und in Teilen von Wilten und Pradl versetzen bis heute zur\u00fcck in die <em>Gr\u00fcnderzeit<\/em>. Der Claudiaplatz und der Sonnenburgplatz z\u00e4hlen zu den eindr\u00fccklichsten Beispielen. Die Baufirma <em>Huter und S\u00f6hne<\/em> existiert bis heute. Das Unternehmen ist mittlerweile im Sieglanger in der Josef-Franz-Huter-Stra\u00dfe, benannt nach dem Firmengr\u00fcnder. Das Wohnhaus in der Kaiser-Josef-Stra\u00dfe tr\u00e4gt zwar nicht mehr den Schriftzug der Firma, ist aber in seiner Opulenz noch immer ein sehenswertes Relikt dieser Zeit, die Innsbrucks \u00c4u\u00dferes f\u00fcr immer ver\u00e4nderte. Neben seinem Wohnhaus in der Sch\u00f6pfstra\u00dfe beherbergt Wilten ein zweites Geb\u00e4ude der Familie Retter. Am Innrain gegen\u00fcber der Uni befindet sich die <em>Villa Retter<\/em>. Josef Retters \u00e4lteste Tochter Maria Josefa, die selbst bei der Reformp\u00e4dagogin Maria Montessori erzogen wurde, er\u00f6ffnete 1932 das erst \u201e<em>Haus des Kindes<\/em>\u201c Innsbrucks. \u00dcber dem Eingang zeigt ein Portrait den M\u00e4zen Josef Retter, die S\u00fcdfassade schm\u00fcckt ein Mosaik im typischen Stil der 1930er Jahre, das auf den urspr\u00fcnglichen Zweck des Geb\u00e4udes hinweist. Ein l\u00e4chelndes, blondes M\u00e4dchen umarmt seine Mutter, die ein Buch in der Hand hat, und seinen Vater, der einen Hammer tr\u00e4gt. Auch die kleine Grabkapelle am Westfriedhof, die als Familiengrabst\u00e4tte der Retters fungiert, ist eine sehenswerte Hinterlassenschaft dieser f\u00fcr Innsbruck bedeutenden Familie.<\/p>\n<p>[\/et_pb_toggle][et_pb_toggle title=&#8220;Wilhelm Greil: DER B\u00fcrgermeister Innsbrucks&#8220; open=&#8220;on&#8220; open_toggle_text_color=&#8220;#e09900&#8243; open_toggle_background_color=&#8220;#ffffff&#8220; closed_toggle_text_color=&#8220;#e09900&#8243; closed_toggle_background_color=&#8220;#ffffff&#8220; icon_color=&#8220;#e09900&#8243; open_icon_color=&#8220;#e09900&#8243; admin_label=&#8220;Wilhelm Greil: DER B\u00fcrgermeister Innsbrucks&#8220; _builder_version=&#8220;4.27.4&#8243; _module_preset=&#8220;default&#8220; title_text_color=&#8220;#e09900&#8243; title_font_size=&#8220;18px&#8220; border_radii=&#8220;on|5px|5px|5px|5px&#8220; box_shadow_style=&#8220;preset1&#8243; global_module=&#8220;53535&#8243; global_colors_info=&#8220;{}&#8220;]<\/p>\n<p>Einer der wichtigsten Akteure der Stadtgeschichte war Wilhelm Greil (1850 \u2013 1923). Von 1896 bis 1923 bekleidete der Unternehmer das Amt des B\u00fcrgermeisters, nachdem er vorher bereits als Vizeb\u00fcrgermeister die Geschicke der Stadt mitgestaltet hatte. Es war die Zeit des Wachstums, der Eingemeindung ganzer Stadtviertel, technischer Innovationen und neuer Medien. Die vier Jahrzehnte zwischen der Wirtschaftskrise 1873 und dem Ersten Weltkrieg von einem nie dagewesenen Wirtschaftswachstum und einer rasenden Modernisierung gekennzeichnet. Private Investitionen in Infrastruktur wie Eisenbahn, Energie und Strom waren vom Staat gew\u00fcnscht und wurden steuerlich beg\u00fcnstigt, um die L\u00e4nder und St\u00e4dte der kr\u00e4nkelnden Donaumonarchie in die Moderne zu f\u00fchren. Die Wirtschaft der Stadt boomte. Betriebe in den neuen Stadtteilen Pradl und Wilten entstanden und lockten Arbeitskr\u00e4fte an. Auch der Tourismus brachte frisches Kapital in die Stadt. Die Ansammlung an Menschen auf engstem Raum unter teils prek\u00e4ren Hygieneverh\u00e4ltnissen brachte gleichzeitig aber auch Probleme mit sich. Besonders die Randbezirke der Stadt und die umliegenden D\u00f6rfer wurden regelm\u00e4\u00dfig von Typhus heimgesucht.<\/p>\n<p>Die Innsbrucker Stadtpolitik, in der Greil sich bewegte, war vom Kampf liberaler und konservativer Kr\u00e4fte gepr\u00e4gt. Greil geh\u00f6rte der &#8222;<em>Deutschen Volkspartei<\/em>&#8220; an, einer liberalen und national-gro\u00dfdeutschen Partei. Was heute als Widerspruch erscheint, liberal und national, war im 19. Jahrhundert ein politisch \u00fcbliches und gut funktionierendes Gedankenpaar. Der <em>Pangermanismus<\/em> war keine politische Besonderheit einer rechtsradikalen Minderheit, sondern besonders in deutschsprachigen St\u00e4dten des Reiches eine Str\u00f6mung der Mitte, die bis nach dem Zweiten Weltkrieg durch fast alle Parteien hindurch in unterschiedlicher Auspr\u00e4gung Bedeutung hatte. Innsbrucker, die auf sich hielten, bezeichneten sich nicht als \u00d6sterreicher, sondern als Deutsche. Wer Ausgaben der liberalen <em>Innsbrucker Nachrichten<\/em> der Zeit rund um die Jahrhundertwende unter die Lupe nimmt, findet unz\u00e4hlige Artikel, in denen das Gemeinsame zwischen dem Deutschen Reich und den deutschsprachigen L\u00e4ndern zum Thema des Tages gemacht wurde, w\u00e4hrend man sich von anderen Volksgruppen innerhalb des multinationalen Habsburgerreiches distanzierte. Greil war ein geschickter Politiker, der sich innerhalb der vorgegebenen Machtstrukturen seiner Zeit bewegte. Er wusste sich um die traditionellen Kr\u00e4fte, die Monarchie und den Klerus geschickt zu man\u00f6vrieren und sich mit ihnen zu arrangieren.<\/p>\n<p>Steuern, Gesellschaftspolitik, Bildungswesen, Wohnbau und die Gestaltung des \u00f6ffentlichen Raumes wurden mit Leidenschaft und Eifer diskutiert. Bedingt durch eine Wahlordnung, die auf das Stimmrecht \u00fcber Verm\u00f6gensklassen aufgebaut war, konnten nur etwa 10% der gesamten Innsbrucker Bev\u00f6lkerung zur Wahlurne schreiten. Frauen waren prinzipiell ausgeschlossen. Dabei galt das relative Wahlrecht innerhalb der drei Wahlk\u00f6rper, was so viel hei\u00dft wie: <em>The winner takes it all<\/em>. Greil wohne passenderweise \u00e4hnlich wie ein Renaissancef\u00fcrst. Er entstammte der gro\u00dfb\u00fcrgerlichen Upper Class. Sein Vater konnte es sich leisten, im Palais Lodron in der Maria-Theresienstra\u00dfe die Homebase der Familie zu gr\u00fcnden. Massenparteien wie die Sozialdemokratie konnten sich bis zur Wahlrechtsreform der Ersten Republik nicht durchsetzen. Konservative hatten es in Innsbruck auf Grund der Bev\u00f6lkerungszusammensetzung, besonders bis zur Eingemeindung von Wilten und Pradl, ebenfalls schwer. B\u00fcrgermeister Greil konnte auf 100% R\u00fcckhalt im Gemeinderat bauen, was die Entscheidungsfindung und Lenkung nat\u00fcrlich erheblich vereinfachte. Bei aller Effizienz, die Innsbrucker B\u00fcrgermeister bei oberfl\u00e4chlicher Betrachtung an den Tag legten, sollte man nicht vergessen, dass das nur m\u00f6glich war, weil sie als Teil einer Elite aus Unternehmern, Handelstreibenden und Freiberuflern ohne nennenswerte Opposition und R\u00fccksichtnahme auf andere Bev\u00f6lkerungsgruppen wie Arbeitern, Handwerkern und Angestellten in einer Art gew\u00e4hlten Diktatur durchregierten. Das Reichsgemeindegesetz von 1862 verlieh St\u00e4dten wie Innsbruck und damit den B\u00fcrgermeistern gr\u00f6\u00dfere Befugnisse. Es verwundert kaum, dass die Amtskette, die Greil zu seinem 60. Geburtstag von seinen Kollegen im Gemeinderat verliehen bekam, den Ordensketten des alten Adels erstaunlich \u00e4hnelte.<\/p>\n<p>Unter Greils \u00c4gide und dem allgemeinen wirtschaftlichen Aufschwung, angeheizt von privaten Investitionen, erweiterte sich Innsbruck im Eiltempo. Der Gemeinderat kaufte ganz im Stil eines Kaufmanns vorausschauend Grund an, um der Stadt Neuerungen zu erm\u00f6glichen. Der Politiker Greil konnte sich bei den gro\u00dfen Bauprojekten der Zeit auf die Beamten und Stadtplaner Eduard Klingler, Jakob Albert und Theodor Prachensky st\u00fctzen. Infrastrukturprojekte wie das neue Rathaus in der Maria-Theresienstra\u00dfe 1897, die Er\u00f6ffnung der Mittelgebirgsbahn, die Hungerburgbahn und die <em>Karwendelbahn<\/em> wurden w\u00e4hrend seiner Regierungszeit umgesetzt. Weitere gut sichtbare Meilensteine waren die Erneuerung des Marktplatzes und der Bau der Markthalle.\u00a0Neben den prestigetr\u00e4chtigen Gro\u00dfprojekten entstanden in den letzten Jahrzehnten des 19. Jahrhunderts aber viele unauff\u00e4llige Revolutionen. Vieles, was in der zweiten H\u00e4lfte des 19. Jahrhunderts vorangetrieben wurde, geh\u00f6rt heute zum Alltag. F\u00fcr die Menschen dieser Zeit waren diese Dinge aber eine echte Sensation und lebensver\u00e4ndernd. Bereits Greils Vorg\u00e4nger B\u00fcrgermeister Heinrich Falk (1840 \u2013 1917) hatte erheblich zur Modernisierung der Stadt und zur Besiedelung des Saggen beigetragen. Seit 1859 war die Beleuchtung der Stadt mit Gasrohrleitungen stetig vorangeschritten. Mit dem Wachstum der Stadt und der Modernisierung wurden die Senkgruben, die in Hinterh\u00f6fen der H\u00e4user als Abort dienten und nach Entleerung an umliegende Landwirte als D\u00fcnger verkauft wurden, zu einer Unzumutbarkeit f\u00fcr immer mehr Menschen. 1880 wurde das <em>Raggeln<\/em>, so der Name im Volksmund f\u00fcr die Entleerung der Aborte, in den Verantwortungsbereich der Stadt \u00fcbertragen. Zwei pneumatische Maschinen sollten den Vorgang zumindest etwas hygienischer gestalten. Zwischen 1887 und 1891 wurde Innsbruck mit einer modernen Hochdruckwasserleitung ausgestattet, \u00fcber die auch Wohnungen in h\u00f6her gelegenen Stockwerken mit frischem Wasser versorgt werden konnten. Wer auf sich hielt und es sich leisten konnte, hatte damit erstmals die Gelegenheit eine Sp\u00fcltoilette im Eigenheim zu installieren.<\/p>\n<p>Greil setzte diesen Feldzug der Modernisierung fort. Nach jahrzehntelangen Diskussionen wurde 1903 mit dem Bau einer modernen Schwemmkanalisation begonnen. Ausgehend von der Innenstadt wurden immer mehr Stadtteile an diesen heute allt\u00e4glichen Luxus angeschlossen. 1908 waren nur die <em>Koatlackler<\/em> Mariahilf und St. Nikolaus nicht an das Kanalsystem angeschlossen. Auch der neue Schlachthof im Saggen erh\u00f6hte Hygiene und Sauberkeit in der Stadt. Schlecht kontrollierte Hofschlachtungen geh\u00f6rten mit wenigen Ausnahmen der Vergangenheit an. Das Vieh kam im Zug am Sillspitz an und wurde in der modernen Anlage fachgerecht geschlachtet. Greil \u00fcberf\u00fchrte auch das Gaswerk in Pradl und das Elektrizit\u00e4tswerk in M\u00fchlau in st\u00e4dtischen Besitz. Die Stra\u00dfenbeleuchtung wurde im 20. Jahrhundert von den Gaslaternen auf elektrisches Licht umgestellt. 1888 \u00fcbersiedelte das Krankenhaus von der Maria-Theresienstra\u00dfe an seinen heutigen Standort.\u00a0B\u00fcrgermeister und Gemeinderat konnten sich bei dieser<em> Innsbrucker Renaissance <\/em>neben der wachsenden Wirtschaftskraft in der Vorkriegszeit auch auf M\u00e4zen aus dem B\u00fcrgertum st\u00fctzen. Waren technische Neuerungen und Infrastruktur Sache der Liberalen, verblieb die F\u00fcrsorge der \u00c4rmsten weiterhin bei klerikal gesinnten Kr\u00e4ften, wenn auch nicht mehr bei der Kirche selbst. Freiherr Johann von Sieberer stiftete das Greisenasyl und das Waisenhaus im Saggen. Leonhard Lang stiftete das Geb\u00e4ude in der Maria-Theresienstra\u00dfe, in der sich bis heute das Rathaus befindet gegen das Versprechen der Stadt ein Lehrlingsheim zu bauen.<\/p>\n<p>Im Gegensatz zur boomenden Vorkriegs\u00e4ra war die Zeit nach 1914 vom Krisenmanagement gepr\u00e4gt. In seinen letzten Amtsjahren begleitete Greil Innsbruck am \u00dcbergang von der Habsburgermonarchie zur Republik durch Jahre, die vor allem durch Hunger, Elend, Mittelknappheit und Unsicherheit gepr\u00e4gt waren. Er war 68 Jahre alt, als italienische Truppen nach dem Ersten Weltkrieg die Stadt besetzten und Tirol am Brenner geteilt wurde. Das Ende der Monarchie und des Zensuswahlrechts bedeuteten auch den Niedergang der Liberalen in Innsbruck, auch wenn Greil das in seiner aktiven Karriere nur teilweise miterlebte. 1919 konnten die Sozialdemokraten in Innsbruck zwar zum ersten Mal den Wahlsieg davontragen, dank der Mehrheiten im Gemeinderat blieb Greil aber B\u00fcrgermeister. 1928 verstarb er als Ehrenb\u00fcrger der Stadt Innsbruck im Alter von 78 Jahren. Die Wilhelm-Greil-Stra\u00dfe war noch zu seinen Lebzeiten nach ihm benannt worden.<\/p>\n<p>[\/et_pb_toggle][\/et_pb_column][\/et_pb_section]<\/p>\n","protected":false},"excerpt":{"rendered":"<p>Siebererstra\u00dfe 7-9<\/p>","protected":false},"author":1,"featured_media":59818,"comment_status":"open","ping_status":"closed","sticky":false,"template":"","format":"standard","meta":{"_et_pb_use_builder":"on","_et_pb_old_content":"","_et_gb_content_width":"","wds_primary_category":0,"footnotes":""},"categories":[81,66,26,54],"tags":[],"class_list":["post-2619","post","type-post","status-publish","format-standard","has-post-thumbnail","hentry","category-eduard-klingler-der-baumeister-der-erweiterung","category-johann-von-sieberer-der-gute-geist-innsbrucks","category-saggen","category-wilhelm-greil-der-buergermeister-innsbrucks"],"_links":{"self":[{"href":"https:\/\/www.discover-innsbruck.at\/en\/wp-json\/wp\/v2\/posts\/2619","targetHints":{"allow":["GET"]}}],"collection":[{"href":"https:\/\/www.discover-innsbruck.at\/en\/wp-json\/wp\/v2\/posts"}],"about":[{"href":"https:\/\/www.discover-innsbruck.at\/en\/wp-json\/wp\/v2\/types\/post"}],"author":[{"embeddable":true,"href":"https:\/\/www.discover-innsbruck.at\/en\/wp-json\/wp\/v2\/users\/1"}],"replies":[{"embeddable":true,"href":"https:\/\/www.discover-innsbruck.at\/en\/wp-json\/wp\/v2\/comments?post=2619"}],"version-history":[{"count":0,"href":"https:\/\/www.discover-innsbruck.at\/en\/wp-json\/wp\/v2\/posts\/2619\/revisions"}],"wp:featuredmedia":[{"embeddable":true,"href":"https:\/\/www.discover-innsbruck.at\/en\/wp-json\/wp\/v2\/media\/59818"}],"wp:attachment":[{"href":"https:\/\/www.discover-innsbruck.at\/en\/wp-json\/wp\/v2\/media?parent=2619"}],"wp:term":[{"taxonomy":"category","embeddable":true,"href":"https:\/\/www.discover-innsbruck.at\/en\/wp-json\/wp\/v2\/categories?post=2619"},{"taxonomy":"post_tag","embeddable":true,"href":"https:\/\/www.discover-innsbruck.at\/en\/wp-json\/wp\/v2\/tags?post=2619"}],"curies":[{"name":"wp","href":"https:\/\/api.w.org\/{rel}","templated":true}]}}