{"id":4038,"date":"2020-11-10T09:38:44","date_gmt":"2020-11-10T09:38:44","guid":{"rendered":"https:\/\/www.discover-innsbruck.at\/?p=4038"},"modified":"2026-03-26T14:04:08","modified_gmt":"2026-03-26T14:04:08","slug":"universitaet-innsbruck","status":"publish","type":"post","link":"https:\/\/www.discover-innsbruck.at\/en\/universitaet-innsbruck\/","title":{"rendered":"University of Innsbruck"},"content":{"rendered":"<p>[et_pb_section fb_built=&#8220;1&#8243; specialty=&#8220;on&#8220; _builder_version=&#8220;4.24.3&#8243; _module_preset=&#8220;default&#8220; global_colors_info=&#8220;{}&#8220;][et_pb_column type=&#8220;1_2&#8243; specialty_columns=&#8220;2&#8243; _builder_version=&#8220;4.16&#8243; custom_padding=&#8220;|||&#8220; global_colors_info=&#8220;{}&#8220; custom_padding__hover=&#8220;|||&#8220;][et_pb_row_inner _builder_version=&#8220;4.16&#8243; _module_preset=&#8220;default&#8220; global_colors_info=&#8220;{}&#8220;][et_pb_column_inner saved_specialty_column_type=&#8220;1_2&#8243; _builder_version=&#8220;4.16&#8243; _module_preset=&#8220;default&#8220; global_colors_info=&#8220;{}&#8220;][et_pb_text admin_label=&#8220;Titel und Adresse&#8220; _builder_version=&#8220;4.24.3&#8243; text_text_color=&#8220;#000000&#8243; header_font=&#8220;|on|||&#8220; header_text_align=&#8220;center&#8220; header_text_color=&#8220;#e09900&#8243; header_font_size=&#8220;42px&#8220; header_line_height=&#8220;1.3em&#8220; header_2_text_color=&#8220;#e09900&#8243; background_color=&#8220;rgba(255,255,255,0.8)&#8220; background_layout=&#8220;dark&#8220; custom_padding=&#8220;20px|20px|20px|20px|true|true&#8220; header_font_size_last_edited=&#8220;off|desktop&#8220; border_radii=&#8220;on|10px|10px|10px|10px&#8220; box_shadow_style=&#8220;preset1&#8243; locked=&#8220;off&#8220; global_colors_info=&#8220;{}&#8220;]<\/p>\n<h2>Universit\u00e4t Innsbruck<\/h2>\n<p>Innrain 52<\/p>\n<p>[\/et_pb_text][et_pb_image src=&#8220;https:\/\/www.discover-innsbruck.at\/wp-content\/uploads\/2021\/02\/Universitaet-Innsbruck-Christoph-Probst-Platz.jpg&#8220; alt=&#8220;Hofburg Innsbruck&#8220; title_text=&#8220;Universit\u00e4t Innsbruck Christoph Probst Platz&#8220; disabled_on=&#8220;on|on|on&#8220; _builder_version=&#8220;4.24.3&#8243; _module_preset=&#8220;default&#8220; border_radii=&#8220;on|10px|10px|10px|10px&#8220; box_shadow_style=&#8220;preset1&#8243; disabled=&#8220;on&#8220; global_colors_info=&#8220;{}&#8220;][\/et_pb_image][et_pb_gallery gallery_ids=&#8220;58614,61830,57774,60669,5535,60108,66152,59192,66151,57114,69225&#8243; fullwidth=&#8220;on&#8220; admin_label=&#8220;Galerie Universit\u00e4t&#8220; _builder_version=&#8220;4.27.4&#8243; _module_preset=&#8220;default&#8220; pagination_text_color=&#8220;#E09900&#8243; border_radii=&#8220;on|5px|5px|5px|5px&#8220; box_shadow_style=&#8220;preset1&#8243; global_module=&#8220;62058&#8243; saved_tabs=&#8220;all&#8220; global_colors_info=&#8220;{}&#8220;][\/et_pb_gallery][\/et_pb_column_inner][\/et_pb_row_inner][\/et_pb_column][et_pb_column type=&#8220;1_2&#8243; _builder_version=&#8220;4.16&#8243; custom_padding=&#8220;|||&#8220; global_colors_info=&#8220;{}&#8220; custom_padding__hover=&#8220;|||&#8220;][et_pb_toggle title=&#8220;Wissenswert&#8220; open=&#8220;on&#8220; open_toggle_text_color=&#8220;#e09900&#8243; open_toggle_background_color=&#8220;#ffffff&#8220; closed_toggle_text_color=&#8220;#e09900&#8243; closed_toggle_background_color=&#8220;#ffffff&#8220; icon_color=&#8220;#e09900&#8243; open_icon_color=&#8220;#e09900&#8243; admin_label=&#8220;Universit\u00e4t Innsbruck&#8220; _builder_version=&#8220;4.27.4&#8243; _module_preset=&#8220;default&#8220; title_text_color=&#8220;#e09900&#8243; title_font_size=&#8220;18px&#8220; hover_enabled=&#8220;0&#8243; border_radii=&#8220;on|5px|5px|5px|5px&#8220; box_shadow_style=&#8220;preset1&#8243; global_module=&#8220;59568&#8243; saved_tabs=&#8220;all&#8220; global_colors_info=&#8220;{}&#8220; sticky_enabled=&#8220;0&#8243;]<\/p>\n<p>Als die Universit\u00e4t 1669 ihren offiziellen Dienst antrat, waren es eine Handvoll Professoren und Studenten, die ihren Studien in Innsbruck nachgingen. Die Zahl stieg stetig an, zur Mitte des 18. Jahrhunderts waren bereits etwa 600 Studenten inskribiert. Heute ist die Universit\u00e4t einer der gr\u00f6\u00dften Arbeitgeber und mit den vielen Standpunkten zwischen Flughafen und Rossau der gr\u00f6\u00dfte Immobiliennutzer Innsbrucks. Der erste Standort der Universit\u00e4t befand sich nicht am Innrain, sondern in der Herrengasse in der N\u00e4he der Pfarrkirche St. Jakob. Platzmangel zwang die Studierende und Professoren zum Umzug an den damaligen Stadtrand. Das erste fertiggestellte Geb\u00e4ude war nach drei Jahren Bauzeit die Universit\u00e4tsbibliothek. 1914 begann der Bau des Hauptgeb\u00e4udes nach Pl\u00e4nen Josef Retters. Ionische S\u00e4ulen zieren den Eingangsbereich des palast\u00e4hnlichen Komplexes im Stil des Historismus, der sich wegen der kriegsbedingten Bauverz\u00f6gerung \u00fcber zehn Jahre ziehen sollte. Noch vor ihrer Fertigstellung wurde die Universit\u00e4t zum ersten Mal zweckentfremdet. W\u00e4hrend der Kriegsjahre wurden die halbfertigen R\u00e4umlichkeiten als Milit\u00e4rspital verwendet. Erst nach 1918 nahm das Hauptgeb\u00e4ude im Stil des Historismus seinen Dienst als Bildungsinstitut auf. W\u00e4hrend \u00fcber dem Eingang der 1914 er\u00f6ffneten Bibliothek noch der Doppeladler prangte, musste man sich nach der Abschaffung der Monarchie beim Hauptgeb\u00e4ude mit dem Schriftzug <em>Universitas Leopoldino Franciscea<\/em> als Reverenz an das Haus Habsburg zufriedengeben. Sehenswert ist der alte Lesesaal in der Bibliothek.<\/p>\n<p>Das Universit\u00e4tsgel\u00e4nde am Innrain wurde im Laufe des 20. Jahrhunderts stetig erweitert, um der Anzahl an Fakult\u00e4ten und Studenten Herr zu werden. Der gesamte Campus ist heute eine in sich nicht geschlossene, nicht uninteressante Komposition aus verschiedenen Architekturstilen des 20. und 21. Jahrhunderts. Das moderne <em>Agnes-Heller-Haus<\/em> schlie\u00dft erstaunlich harmonisch an die neobarocken Bauwerke an, die neben dem <em>GeiWI-Turm<\/em> stehen. Westlich davon befindet sich ein Studentenheim. Die 1931 er\u00f6ffnete Universit\u00e4tsbr\u00fccke, die f\u00fcr Verkehrsreduktion der Innbr\u00fccke bei der Ottoburg in den Zeiten des steigenden Individualverkehrs sorgen sollte, trennt die modernen Teile der Universit\u00e4t am Herzog-Otto-Ufer von den Hauptgeb\u00e4uden ab. Der klobige <em>Georg-Trakl-Turm<\/em> h\u00e4ngt mit seiner gewagten Dachkonstruktion \u00fcber den darunterliegenden orangen Geb\u00e4udeteil mit der Neuen Mensa. Das Geb\u00e4ude wurde 2023 nach dem f\u00fcr kurze Zeit in Innsbruck lebenden und in M\u00fchlau begrabenen Lyriker (1887 \u2013 1914) benannt, der sich in Galizien unter den schrecklichen Eindr\u00fccken des Ersten Weltkrieges umbrachte. Das zehnst\u00f6ckige Geb\u00e4ude beheimatet das Brennerarchiv. Besonders kontroversiell ist der Vorplatz der Hauptuniversit\u00e4t am Christoph-Probst-Platz mit dem von Lois Welzenbacher gestalteten <em>Ehrenmal<\/em>, das an die gefallenen Universit\u00e4tsangeh\u00f6rigen des 1. Weltkriegs erinnert. Welzenbacher f\u00fchlte sich wie viele Vertreter der Architektur und Kunst der Moderne der 1920er Jahre vom aufregenden und neuen, das faschistische Bewegungen ausstrahlte, angezogen. Zumindest am Papier wollten Mussolini &amp; Co. die Gesellschaft im Sinne des Futurismus vollkommen umkrempeln. Mit dieser Begeisterung war Welzenbacher keine Ausnahme. Vor allem junge, ambitionierte Menschen mit Aufstiegswillen, die von der tristen Situation nach dem Krieg entt\u00e4uscht waren, f\u00fchlten sich von dem Versprechen nach Erneuerung in allen Lebensbereichen abgeholt und gut aufgehoben, eine gro\u00dfdeutsche Grundeinstellung war in der Bev\u00f6lkerung ohnehin vorhanden. Burschenschafter verschiedener Verbindungen bewegten sich ideell zwischen gro\u00dfdeutschem Nationalismus, konservativ-katholischem Austrofaschismus und Nationalsozialismus. Wissenschaftlicher Antisemitismus sowie Antisozialismus waren salonf\u00e4hig unter Akademikern der Zeit. Prorektor Theodor Rittler weihte das Denkmal mit den Worten ein: <em>\u201eDeutschland, dein Reich komm!\u201c <\/em>Der burschenschaftliche Wahlspruch \u201e<em>Ehre \u2013 Freiheit \u2013 Vaterland<\/em>\u201c wurde erst 2019 jeweils um das Wort \u201eWelche\u201c erweitert. Mit der Umbenennung des Platzes in Christoph-Probst-Platz wird dem Innsbrucker Medizinstudenten gedacht, der 1943 als Mitglied der Widerstandsgruppe <em>Wei\u00dfe Rose<\/em> hingerichtet wurde. Eine Gedenktafel am <em>Ehrenmal <\/em>erinnert ebenfalls an Probst und f\u00fcr die Universit\u00e4t wenig r\u00fchmliche Periode zwischen 1938 und 1945. Eine zweite Gedenktafel weist auf die Befreiungstheologen Ignacio Ellacur\u00eda und Segundo Montes hin, zwei Absolventen der Universit\u00e4t Innsbruck, die in San Salvador 1989 vom dortigen Regime ermordet wurden.<\/p>\n<p>Auf der R\u00fcckseite zum Inn hin treffen sich heute junge Menschen in entspannter Atmosph\u00e4re. Das M\u00e4uerchen oberhalb des Inns, besser bekannt als <em>Sonnendeck<\/em>, wurde in den letzten Jahren zu einem veritablen Diskussionspunkt in der Stadtpolitik. Der studentische Ansatz des konsumlosen Zusammentreffens im \u00f6ffentlichen Raum trifft auf die Ordnungswut st\u00e4dtischer Beamter und Politiker.\u00a0<\/p>\n<p>[\/et_pb_toggle][et_pb_toggle title=&#8220;Universit\u00e4tsstadt Innsbruck&#8220; open_toggle_text_color=&#8220;#e09900&#8243; open_toggle_background_color=&#8220;#ffffff&#8220; closed_toggle_text_color=&#8220;#e09900&#8243; closed_toggle_background_color=&#8220;#ffffff&#8220; icon_color=&#8220;#e09900&#8243; open_icon_color=&#8220;#e09900&#8243; admin_label=&#8220;Universit\u00e4tsstadt Innsbruck&#8220; _builder_version=&#8220;4.27.4&#8243; _module_preset=&#8220;default&#8220; title_text_color=&#8220;#e09900&#8243; title_font_size=&#8220;18px&#8220; border_radii=&#8220;on|5px|5px|5px|5px&#8220; box_shadow_style=&#8220;preset1&#8243; global_module=&#8220;67576&#8243; saved_tabs=&#8220;all&#8220; global_colors_info=&#8220;{}&#8220;]<\/p>\n<p><span style=\"font-weight: 400;\">1669 gilt als das offizielle Gr\u00fcndungsjahr einer der wichtigsten Institutionen der Innsbrucker Stadtgeschichte. Am 15. Oktober gab Kaiser Leopold I. den Tirolern das\u00a0Privileg des \u201e<\/span><i><span style=\"font-weight: 400;\">Haller Salzaufschlags<\/span><\/i><span style=\"font-weight: 400;\">\u201c, der es erm\u00f6glichte die begehrte Handelsware st\u00e4rker zu besteuern und damit den Universit\u00e4tsbetrieb zu finanzieren. Die Universit\u00e4t ging aus der Lateinschule hervor, die von den Jesuiten etwas mehr als hundert Jahre zuvor unter Ferdinand I. gegr\u00fcndet worden war. Der Schwerpunkt am Gymnasium lag auf der humanistischen Bildung. Latein und Griechisch waren Schwerpunkte im Unterricht. Wissenschaftliche B\u00fccher wurden in der Fr\u00fchen Neuzeit noch immer auf Latein verfasst. Auch f\u00fcr h\u00f6here Posten im \u00f6ffentlichen Dienst war Latein Voraussetzung. Die Universit\u00e4t brachte neue Ausbildungsm\u00f6glichkeiten nach Innsbruck. Die erste Fakult\u00e4t, die den Lehrbetrieb aufnahm, war die Philosophie. Theologie, Recht und Medizin folgten kurz darauf. Als Papst Innozenz XI. der Universit\u00e4t 1677 seinen Segen gab, war der Betrieb schon voll angelaufen und Studenten aus Tirol und anderen L\u00e4ndern tummelten sich in Innsbruck. Ein Studium dauerte f\u00fcr gew\u00f6hnlich sieben Jahre, bevor sich der Absolvent als Zeichen seines Status als Doktor einen Ring \u00fcber den Finger streifen durfte. In den ersten beiden Jahren musste jeder Student der Philosophie widmen, bevor er sich f\u00fcr ein Gebiet entschied. Zum geisteswissenschaftlichen Unterricht kamen Kirchendienste, Theaterauff\u00fchrungen, Musizieren und praktische Dinge wie Fechten und Reiten, die im Leben eines gebildeten jungen Mannes nicht fehlen durften.\u00a0<\/span><\/p>\n<p><span style=\"font-weight: 400;\">Die Universit\u00e4t war aber mehr als ein Bildungsinstitut. Studenten und Professoren ver\u00e4nderten das soziale Gef\u00fcge der Stadt. Im ersten Jahrzehnt nach der Gr\u00fcndung lehrten knapp 50 unterschiedliche Intellektuelle aus aller HErren L\u00e4nder Philosophie in Innsbruck vor \u00fcber 300 Studenten. Bei gesellschaftlichen Anl\u00e4ssen wie Prozessionen stachen Abordnungen wie die <\/span><i><span style=\"font-weight: 400;\">Congregation der heiligen Jungfrau<\/span><\/i><span style=\"font-weight: 400;\">, die sich aus Mitgliedern der jesuitisch gepr\u00e4gten Universit\u00e4t speiste, hervor. Die Professoren pflegten in ihren je nach Fachgebiet verschiedenartigen Samtm\u00e4nteln aufzutreten, die Studenten mit den Schwertern, die sie tragen durften. Die Akademiker sprachen auch auf Deutsch anders als die einheimische Bev\u00f6lkerung, offizielles wurde ohnehin meist auf Latein erledigt. 1665 hatte Innsbruck den Rang einer Residenzstadt verloren und damit an Prestige und Glanz verloren. Der Universit\u00e4tsbetrieb machte diese Degradierung etwas wett, blieb die Aristokratie so zumindest in Form von Studenten erhalten. <\/span><i><span style=\"font-weight: 400;\">Work hard, play hard<\/span><\/i><span style=\"font-weight: 400;\"> galt auch damals als Motto. Der von den Professoren streng \u00fcberwachte studentische Alltag in Aula und den H\u00f6rs\u00e4len wurde von einem bunten Mix aus feuchtfr\u00f6hlicher Abendunterhaltung, Ausfl\u00fcgen in die Umgebung Innsbrucks, Musizieren, kirchlichen Prozessionen und Theaterauff\u00fchrungen aufgelockert. Das Zusammentreffen privilegierter Jugendlicher mit B\u00fcrgern, Dienstboten und Handwerkern lief nicht immer reibungsfrei ab. Unter den anfangs knapp 300 Studenten fanden sich viele S\u00f6hne aus Adelsh\u00e4usern wieder.\u00a0Die jungen M\u00e4nner traten, anders als die streng und sittlich gekleideten Einwohner Innsbrucks, bunt und keck nach der Art mittelalterlicher Gecken in Erscheinung. Sie sprachen in einer Art und Weise miteinander, die Uneingeweihten als vollkommen l\u00e4cherlich erscheinen musste. Bei den Studenten handelte es sich trotz ihres gesellschaftlichen Ranges h\u00e4ufig genug auch nicht um strebsame Mustersch\u00fcler, sondern um junge Burschen, die einen gewissen Lebensstil und Status gewohnt waren. So begaben sich im Januar 1674 \u201e<\/span><i><span style=\"font-weight: 400;\">nit allein zu n\u00e4chtlicher Zeit Ungelegenheiten, Rumores und ungereimte Handlungen<\/span><\/i><span style=\"font-weight: 400;\">\u201c und es wurden \u201e<\/span><i><span style=\"font-weight: 400;\">Studenten der Universit\u00e4t angetroffen, die allerlei verbotene Waffen wie Feuerrohr, Pistolen, Terzerol, Stilett, S\u00e4bel, Messer\u2026<\/span><\/i><span style=\"font-weight: 400;\">\u201c bei sich hatten. Die der Oberschicht entstammenden Teenager waren es gewohnt, Waffen zu tragen und auch zu benutzen. Ehrverletzungen konnten, \u00e4hnlich wie beim Milit\u00e4r, auch in studentischen Kreisen zu Duellen f\u00fchren. Besonders in Paarung mit Alkohol waren Ausschreitungen nicht ungew\u00f6hnlich.\u00a0<\/span><\/p>\n<p><span style=\"font-weight: 400;\">Das exzentrische Verhalten der jungen M\u00e4nner f\u00fchrte immer wieder zu skurrilen Problemen untereinander und mit den nicht-akademischen Innsbruckern. Studenten war es zum Beispiel verboten, \u00fcber den Durst zu trinken. Geschah dies doch in einer der Wirtschaften Innsbrucks, so wurde der junge Delinquent ermahnt. Konnte oder wollte er die Rechnung nicht begleichen, konnte der gesch\u00e4digte Wirt bei Gericht keine Anzeige einbringen, da der Ausschank alkoholischer Getr\u00e4nke \u00fcber die Ma\u00dfen an die Studentenschaft verboten war. Um den jungen Eliten Herr zu werden, bedurfte es eines eigenen Rechtssystems. Studenten unterlagen bis zu einem gewissen Grad dem Universit\u00e4tsrecht unterlagen, das vom Stadtrecht losgel\u00f6st war. Um das Recht durchzusetzen, stellte das Rektorat eine eigene Truppe aus. Die Scharwache war mit Hellebarden bewaffnet und sollte die <\/span><i><span style=\"font-weight: 400;\">Rumores<\/span><\/i><span style=\"font-weight: 400;\"> der Studenten so gut als m\u00f6glich verhindern. Sechs Mann hatten Tag und Nacht bewaffneten Dienst, um die Ordnung aufrecht zu erhalten. Die Kosten daf\u00fcr teilten sich die Stadt Innsbruck und die Universit\u00e4t. Es gab auch einen eigenen <\/span><i><span style=\"font-weight: 400;\">Carcer<\/span><\/i><span style=\"font-weight: 400;\">, um \u00dcbelt\u00e4ter bei Wasser und Brot zu verwahren. Freiheitsentzug, Geldbu\u00dfen und sogar Landesverweise konnten von der Universit\u00e4t ausgesprochen werden. Nur f\u00fcr die Blutgerichtsbarkeit musste die Landesregierung angerufen werden.\u00a0<\/span><\/p>\n<p><span style=\"font-weight: 400;\">Die Universit\u00e4t war auch sonst durch ihre Geschichte hindurch ein Politikum. Der Name <\/span><i><span style=\"font-weight: 400;\">Leopold-Franzens-Universit\u00e4t<\/span><\/i><span style=\"font-weight: 400;\"> geht auf die beiden Kaiser Leopold und Franz zur\u00fcck, unter denen sie jeweils gegr\u00fcndet wurde. Zweimal wurde die Universit\u00e4t zu einem Lyzeum herabgestuft oder gar ganz abgeschafft. Kaiser Josef II. schloss die Pforten ebenso wie die bayerische Verwaltung w\u00e4hrend der Napoleonischen Kriege. Die jesuitisch gepr\u00e4gten und Studenten und Professoren waren ihnen suspekt und wurden aus dem Bildungssektor verband. Kaiser Franz I., der in der Restauration wieder mehr auf der traditionell katholischen Linie der Habsburger war, nahm 1826 die Neugr\u00fcndung vor. Unter Beobachtung blieb die Universit\u00e4t aber auch im Polizeistaat Metternichs weiterhin. Im Vorm\u00e4rz waren es nationalistisch und liberal gesinnte Kr\u00e4fte, die man f\u00fcrchtete. Die geheime Staatspolizei war nicht nur in den H\u00f6rs\u00e4len, sondern auch sonst in den studentischen Kreisen pr\u00e4sent, um problematisches Gedankengut junger Aufwiegler m\u00f6glichst fr\u00fch im Keim zu ersticken.\u00a0<\/span><\/p>\n<p><span style=\"font-weight: 400;\">Die Industrialisierung und die damit einhergehenden neuen wirtschaftlichen, politischen und gesellschaftlichen Spielregeln ver\u00e4nderten den Universit\u00e4tsbetrieb. Ganz im Geist der Zeit besch\u00e4ftigte sich die Er\u00f6ffnungsrede des Dekans der philosophischen Fakult\u00e4t Prof. Dr. Joachim Suppan (1794 \u2013 1864), mit einem praktischen Problem der Physik, damit \u201e<\/span><i><span style=\"font-weight: 400;\">eine genauere Kenntnis der so wichtigen und n\u00fctzlichen Erfindung der Dampfmaschine auch f\u00fcr die vaterl\u00e4ndische Industrie, wo dieselbe bisher noch keine Anwendung hat<\/span><\/i><span style=\"font-weight: 400;\">,\u201c erreicht werde. Dass Supan neben seinen Abschl\u00fcssen in Philosophie und Mathematik auch geweihter Priester war, zeigt den Einfluss, den die Kirche auch im 19. Jahrhundert auf das Bildungswesen hatte. Wie sehr die Universit\u00e4t neben der Kirche der staatlichen Obrigkeit verbunden war, zeigt Supans abschlie\u00dfende Ermahnung in Richtung der Studenten, <\/span><i><span style=\"font-weight: 400;\">\u201edereinst dem Vaterlande durch Kenntnis und Tugend ersprie\u00dfliche Dienste zu leisten\u201c<\/span><\/i><span style=\"font-weight: 400;\">.\u00a0<\/span><\/p>\n<p><span style=\"font-weight: 400;\">Die Nationalit\u00e4tenkonflikte der sp\u00e4ten Monarchie spiegelten sich ebenfalls in der Universit\u00e4tsgeschichte wider. Das 19. Jahrhundert war das Zeitalter des Vereinswesens, im Fall der Universit\u00e4t der Studentenverbindungen. Im Falle Innsbruck waren es vor allem Probleme zwischen deutschsprachigen und italienischsprachigen Studenten, die immer wieder zu Problemen f\u00fchrten und ihren H\u00f6hepunkt in den <\/span><i><span style=\"font-weight: 400;\">Fatti di Innsbruck<\/span><\/i><span style=\"font-weight: 400;\"> fanden. Deutschnational gesinnte Studenten spielten auch in weiterer Folge eine Hauptrolle an der Universit\u00e4t. Viele der jungen M\u00e4nner waren im habsburgischen Gro\u00dfreich aufgewachsen und hatten im Ersten Weltkrieg gedient. Die junge Republik \u00d6sterreich lag unter den jungen Akademikern nicht im Trend. Die Begeisterung flog teils dem als modern und dynamisch wirkenden faschistischen Italien und sp\u00e4ter dem nationalsozialistischen Deutschland zu. Mit dem Anschluss an das Deutsche Reiche 1938 wurde die Universit\u00e4t ein weiteres Mal umbenannt. Nach dem Krieg wurde aus der <\/span><i><span style=\"font-weight: 400;\">Deutschen Alpenuniversit\u00e4t<\/span><\/i><span style=\"font-weight: 400;\"> wieder die <\/span><i><span style=\"font-weight: 400;\">Leopold-Franzens-Universit\u00e4t<\/span><\/i><span style=\"font-weight: 400;\">.<\/span><\/p>\n<p><span style=\"font-weight: 400;\">Die Universit\u00e4t war wie so vieles dem Standesdenken ihrer jeweiligen Zeit unterworfen. Frauen und S\u00f6hnen von Handwerksfamilien war das Studium an der Universit\u00e4t lange nicht gestattet. Das \u00e4nderte sich erst in der Zeit nach der Monarchie. Den ersten weiblichen Doktor der Juristerei der Universit\u00e4t feierte man gar erst f\u00fcnf Jahre nach der Entstehung der Republik. Die Presse notierte:<\/span><\/p>\n<p><i><span style=\"font-weight: 400;\">\u201eAm kommenden Samstag wird an der Innsbrucker Universit\u00e4t Fr\u00e4ulein Mitzi Fischer zum Doktor iuris promoviert. Fr\u00e4ulein Fischer ist eine geb\u00fcrtige Wienerin. In Wien absolvierte sie auch das Gymnasium. Nach der Reifepr\u00fcfung oblag sie dem juristischen Studium der Universit\u00e4t Innsbruck. Die zuk\u00fcnftige Doktorin hat s\u00e4mtliche Pr\u00fcfungen mit Auszeichnungen absolviert, m\u00fc\u00dfte also nach dem fr\u00fcheren Brauche sub auspiciis imperatoris promovieren. Jedenfalls ist Fr\u00e4ulein Fischer die erste Dame, die sich an der Innsbrucker Universit\u00e4t den juristischen Doktortitel erwirbt.\u201c<\/span><\/i><\/p>\n<p><span style=\"font-weight: 400;\">Erstaunlich ruhig verhielten sich die Studenten in Innsbruck in den Wendejahren 1848 und 1968 an der Universit\u00e4t. W\u00e4hrend in anderen europ\u00e4ischen St\u00e4dten die Studenten Treiber des Wandels waren, blieb man in Innsbruck unaufgeregt. Es gab in den sp\u00e4ten 1960ern und 70ern zwar einzelne Gruppen wie die <\/span><i><span style=\"font-weight: 400;\">Kommunistische Gruppe Innsbruck<\/span><\/i><span style=\"font-weight: 400;\">, das <\/span><i><span style=\"font-weight: 400;\">Komitee f\u00fcr Solidarit\u00e4t mit Vietnam<\/span><\/i><span style=\"font-weight: 400;\">, die sozialistische VSSt\u00d6 oder die liberal-katholische <\/span><i><span style=\"font-weight: 400;\">Aktion<\/span><\/i><span style=\"font-weight: 400;\"> innerhalb der \u00d6H, zu einer Massenbewegung kam es nicht. W\u00e4hrend in Paris Pflastersteine flogen, gab man sich in Innsbruck mit Boykotten und Sit-ins zufrieden. Der allergr\u00f6\u00dfte Teil der Studenten entstammte der Oberschicht und hatte die Matura in einem katholisch orientierten Gymnasium absolviert. Beethovens Weisheit, dass \u201e<\/span><i><span style=\"font-weight: 400;\">solange der \u00d6sterreicher noch braun\u00b4s Bier und W\u00fcrstel hat, revoltiert er nicht<\/span><\/i><span style=\"font-weight: 400;\">,\u201c traf zu. Nur wenige Studenten konnten sich f\u00fcr Solidarit\u00e4t mit Vietnam, Mao Zedong und Fidel Castro begeistern. Wer wollte schon die eigene Karriere aufs Spiel setzen, in einem Land, das von der Dreifaltigkeit aus Tiroler Tageszeitung, Bischof Paulus Rusch und dem Landtag mit absoluter Mehrheit der \u00d6VP dominiert wurde? Wer es trotzdem wagte, aufs\u00e4ssige Flugbl\u00e4tter oder linke Literatur zu verbreiten, musste mit medialer Diffamierung, einer R\u00fcge durch das Rektorat oder gar dem Besuch der Staatsgewalt rechnen. Kritisiert wurden nur selten die Professoren, die im 20. Jahrhundert h\u00e4ufig noch Distanziertheit und den unnahbaren Nimbus der Fr\u00fchen Neuzeit verspr\u00fchten oder kaum Hehl aus ihrer politischen Gesinnung machten. Eher war die mangelhafte Ausstattung der bescheidenen Lehrs\u00e4le f\u00fcr die stets zunehmende Anzahl an Studenten. Die gro\u00dfe Ver\u00e4nderung in den Universit\u00e4ten wurde in \u00d6sterreich nicht erk\u00e4mpft, sondern gew\u00e4hlt. Unter Bundeskanzler Bruno Kreisky fielen die die Studiengeb\u00fchren. Bildung wurde f\u00fcr eine gr\u00f6\u00dfere Anzahl junger Menschen leist- und vorstellbar. Die Zahl der Studenten an \u00f6sterreichischen Hochschulen stieg dadurch zwischen 1968 und 1974 von 50.000 auf \u00fcber 73.000 Menschen an.<\/span><\/p>\n<p><span style=\"font-weight: 400;\">Trotz aller Widrigkeiten und Kuriosit\u00e4ten durch die Jahrhunderte genoss die Universit\u00e4t Innsbruck seit ihren Anfangstagen meist einen sehr guten Ruf. Lehrende und Studierende sorgten im 20. und 21. Jahrhundert mehrfach f\u00fcr aufsehenerregende Leistungen in der Forschung. Victor Franz Hess wurde f\u00fcr seine Verdienste rund um die Erforschung der kosmischen Strahlung den Nobelpreis f\u00fcr Physik. Auch der Quantenphysiker Anton Zeilinger war an der Universit\u00e4t Innsbruck t\u00e4tig, wenn auch nicht im Jahr 2022 bei seiner Verleihung. Den Nobelpreis f\u00fcr Chemie erhielten auch die Professoren Fritz Pregl, Adolf Windaus und Hans Fischer, wobei auch sie nicht mehr in Innsbruck t\u00e4tig waren. Die Universit\u00e4tsklinik erbrachte sowohl in Forschung und Ausbildung wie auch in der t\u00e4glichen Versorgung der Stadt sehr gute Leistungen und z\u00e4hlt zu den Aush\u00e4ngeschildern Innsbrucks.\u00a0<\/span><\/p>\n<p><span style=\"font-weight: 400;\">Nicht nur in intellektueller und wirtschaftlicher Hinsicht ist die Universit\u00e4t wichtig f\u00fcr die Stadt. 30.000 Studierende bev\u00f6lkern und pr\u00e4gen das Leben zwischen Nordkette und Patscherkofel. Die Zeit, in der junge Aristokraten in bunten Klamotten bei Prozessionen ausf\u00e4llig werden, sind vor\u00fcber. Mittlerweile sind sie eher auf den Skipisten und Mountainbike-Trails zu finden. Das gr\u00f6\u00dfte Problem, das die jungen Damen und Herren verursachen, sind auch keine Pogrome gegen\u00fcber nicht-deutschen Bev\u00f6lkerungsgruppen. Ein gro\u00dfer Teil der Studierenden des 21. Jahrhunderts kommt selbst aus dem Ausland und treibt die Preise am Wohnungsmarkt seit den 1970erJahren auf Rekordh\u00f6he. Im Oktober 1972 kam es zur Besetzung des Hexenhauses, einer leerstehenden Immobilie der Universit\u00e4t in der Sch\u00f6pfstra\u00dfe 24, die kurzerhand von einer Handvoll Studenten okkupiert wurde. Innsbruck gilt als die teuerste Landeshauptstadt, was Wohnraum betrifft, der Leerstand von Immobilien ist mehr als 50 Jahre nach der Hausbesetzung noch immer ein dr\u00e4ngendes Problem. Wie sehr die Studierenden Innsbruck beleben, merkt man erst, wenn die Ausw\u00e4rtigen zwischen den einzelnen Semestern in ihre Heimat zur\u00fcckkehren. Zehntausende beleben nicht nur das Nachtleben, sondern verpassen der Kleinstadt auch fast 400 Jahre nach der Gr\u00fcndung internationales Flair und hippe Urbanit\u00e4t.\u00a0<\/span><\/p>\n<p><br style=\"font-weight: 400;\" \/><br style=\"font-weight: 400;\" \/><\/p>\n<p>[\/et_pb_toggle][et_pb_toggle title=&#8220;Die Wallschen und die Fatti di Innsbruck&#8220; open_toggle_text_color=&#8220;#e09900&#8243; open_toggle_background_color=&#8220;#ffffff&#8220; closed_toggle_text_color=&#8220;#e09900&#8243; closed_toggle_background_color=&#8220;#ffffff&#8220; icon_color=&#8220;#e09900&#8243; open_icon_color=&#8220;#e09900&#8243; admin_label=&#8220;Die Wallschen und die Fatti di Innsbruck&#8220; _builder_version=&#8220;4.27.4&#8243; _module_preset=&#8220;default&#8220; title_text_color=&#8220;#e09900&#8243; title_font_size=&#8220;18px&#8220; border_radii=&#8220;on|5px|5px|5px|5px&#8220; box_shadow_style=&#8220;preset1&#8243; global_module=&#8220;66473&#8243; saved_tabs=&#8220;all&#8220; global_colors_info=&#8220;{}&#8220;]<\/p>\n<p>Vorurteile und Rassismus gegen\u00fcber Zuwanderern waren und sind in Innsbruck wie in allen Gesellschaften \u00fcblich. Egal ob syrische Fl\u00fcchtlinge seit 2015 oder t\u00fcrkische Gastarbeiter in den 1970er und 80er Jahren, das Fremde erzeugt meist wenig wohlgesonnene Animosit\u00e4ten im durchschnittlichen Tiroler. Heute m\u00f6gen Italien das liebste Reiseziel der Innsbrucker und Pizzerien Teil des gastronomischen Alltags sein, lange Zeit waren unsere s\u00fcdlichen Nachbarn die am argw\u00f6hnischsten be\u00e4ugte Bev\u00f6lkerungsgruppe. Was um 1900 dem Wiener Juden und <em>Ziegelb\u00f6hmen <\/em>waren, waren dem Tiroler die <em>Wall\u00b4schen<\/em>.<\/p>\n<p>Die Abneigung gegen\u00fcber Italienern kann in Innsbruck auf eine lange Tradition zur\u00fcckblicken. Italien als eigenst\u00e4ndigen Staat gab es zwar nicht, viele kleine Grafschaften, Stadtstaaten und F\u00fcrstent\u00fcmer zwischen dem Gardasee und Sizilien pr\u00e4gten die politische Landschaft. Auch sprachlich und kulturell unterschieden sich die einzelnen Regionen. Trotzdem begann man im Laufe der Zeit, sich als Italiener zu verstehen. W\u00e4hrend des Mittelalters und der Fr\u00fchen Neuzeit waren sie vor allem als Mitglieder der Beamtenschaft, des Hofstaates Bankiers oder gar Gattinnen diverser Landesf\u00fcrsten in Innsbruck ans\u00e4ssig. Die Abneigung zwischen <em>Italienern<\/em> und <em>Deutschen<\/em> war gegenseitig. Die einen galten wahlweise als ehrlos, unzuverl\u00e4ssig, hochn\u00e4sig, eitel, moralisch verdorben und faul, die anderen als unzivilisiert, barbarisch, ungebildet und Schweine.<\/p>\n<p>Mit den Kriegen zwischen 1848 und 1866 erreichte der Hass auf alles Italienische ein neues Hoch im <em>Heiligen Land Tirol<\/em>, obwohl viele <em>Wallsche<\/em> in der k.u.k. Armee dienten und auch die Landbev\u00f6lkerung gr\u00f6\u00dftenteils unter den italienischsprachigen Tirolern loyal zur Monarchie stand. Die Italiener unter Garibaldi galten als gottlose Aufr\u00fchrer und Republikaner und wurden von den Kirchkanzeln zwischen Kufstein und Riva del Garda sowohl auf Italienisch wie auch auf Deutsch gegei\u00dfelt.<\/p>\n<p>Eine gro\u00dfe Rolle im Konflikt spielte die Tiroler Presselandschaft, die nach der Liberalisierung 1867 einen Aufschwung erlebte. Was heute <em>Social Media<\/em> zur gesellschaftlichen Spaltung beitr\u00e4gt, \u00fcbernahmen damals Zeitungen. Konservative, Katholiken, Gro\u00dfdeutsche, Liberale und Sozialisten hatten jeweils ihre eigenen Presseorgane. Treue Leser dieser wenig neutralen Bl\u00e4tter lebten in ihrer Meinungsblase. Auf italienischer Seite ragte der im Krieg vom \u00f6sterreichischen Milit\u00e4r wegen Hochverrats am W\u00fcrgegalgen hingerichtete Sozialist Cesare Battisti (1875 \u2013 1916) heraus. Der Publizist und Politiker, der in Wien studiert hatte und deswegen vielen nicht nur als Feind, sondern als Verr\u00e4ter galt, befeuerte den Konflikt in den Zeitungen <em>Il Popolo<\/em> und <em>L\u00b4Avvenire<\/em> immer wieder mit spitzer Feder befeuerte.<\/p>\n<p>Auch Vereine spielten bei der Verh\u00e4rtung der Fronten eine tragende Rolle. 1867 war nicht nur das Pressegesetz reformiert worden, auch Vereine konnten nun einfacher gegr\u00fcndet werden. Das l\u00f6ste einen regelrechten Boom aus. Sportvereine, Turnerschaften, Theatergruppen, Sch\u00fctzen oder die <em>Innsbrucker Liedertafel<\/em> dienten oft als eine Art Vorfeldorganisation, die sich politisch verorteten und auch agitierten. Die Vereinsmitglieder trafen sich in eigenen Lokalen und veranstalteten regelm\u00e4\u00dfig Vereinsabende, vielfach auch \u00f6ffentlich. Besonders politisch aktiv und extremistisch in ihren Meinungen waren die Studentenverbindungen. Die jungen M\u00e4nner entstammten dem gehobenen B\u00fcrgertum oder der Aristokratie und waren sowohl gewohnt anzuschaffen als auch Waffen zu tragen. Ein Drittel der Studenten in Innsbruck war in einer Verbindung, davon war knapp die H\u00e4lfte deutschnational orientiert. Anders als heute war es nicht ungew\u00f6hnlich, dass sie sich in voller Wichs in ihrer Couleur, also der Uniform samt S\u00e4bel, Barett und Band in der \u00d6ffentlichkeit zeigten, nicht selten auch mit Stock und Revolver bewaffnet.<\/p>\n<p>Es wundert daher nicht, dass ihr Habitat ein besonderer Brandherd war. Einer der gr\u00f6\u00dften politischen Streitpunkte in der Autonomiedebatte bzw. dem Wunsch, sich dem K\u00f6nigreich Italien anzuschlie\u00dfen, war eine eigene italienische Universit\u00e4t. Durch den Verlust Paduas hatten italienischst\u00e4mmige Tiroler keine M\u00f6glichkeit mehr, das Studium in ihrer Muttersprache im Inland zu absolvieren. Obwohl ein Besuch der Hochschule eigentlich nur eine Angelegenheit einer kleinen Elite war, konnten irredentistische, anti-\u00f6sterreichische Tiroler Abgeordnete aus dem Trentino das Thema als Symbol f\u00fcr die angestrebte Autonomie immer wieder emotional aufladen und den Hass auf Habsburg sch\u00fcren. Die Diskussion, ob man eine Universit\u00e4t in Triest, der bevorzugte Ort der italienischsprachigen Vertreter, Innsbruck, Trient oder Rovereto anvisieren sollte, entspann sich \u00fcber Jahre hinweg. Wilhelm Greil wurde f\u00fcr sein inkorrektes Verhalten gegen\u00fcber der italienischen Bev\u00f6lkerung vom k.k. Statthalter ermahnt, waren doch alle Sprachgruppen innerhalb der Monarchie seit 1867 von Gesetz wegen gleich zu behandeln. \u00a0<\/p>\n<p>Wie gro\u00df die von Deutschnationalen bef\u00fcrchtete \u00dcberfremdung durch italienische Studenten war, zeigt ein Blick in die Statistik. Fakten wurden auch damals im Diskurs oft durch Bauchgef\u00fchl und rassistisch motivierten Populismus ersetzt. Nach der Eingemeindung Pradls und Wiltens 1904 hatte Innsbruck etwas \u00fcber 50.000 Einwohner. Der Anteil der Studenten lag mit etwas \u00fcber 1000 bei unter 2%. Von den etwa 3000 italienischst\u00e4mmigen, die meisten davon <em>Welschtiroler<\/em> aus dem Trentino, waren nur etwas \u00fcber 100 an der Universit\u00e4t inskribiert. Den Gro\u00dfteil der <em>Wallschen<\/em> machten Arbeiter, Wirte, H\u00e4ndler und Soldaten aus. Viele lebten schon lange in und rund um Innsbruck. Besonders in Wilten lie\u00dfen sich viele nieder. Bald fand sich im etwas g\u00fcnstigeren Arbeiterdorf am unteren Stadtplatz eine kleine Diaspora zusammen. Anton Gutmann vertrieb in seiner Kellerei-Genossenschaft Riva in der Leopoldstra\u00dfe 30 italienische Weine, gegen\u00fcber konnte man im Gasthaus Steneck Spezialit\u00e4ten s\u00fcdlich des Brenners gut und g\u00fcnstig essen. Der \u00fcberwiegende Teil war Teil einer anderen Alltagskultur, sprach als Untertanen der Monarchie aber ausgezeichnet Deutsch, nur ein kleiner Teil kam aus Dalmatien oder Triest und war tats\u00e4chlich fremdsprachig. Auch sie gr\u00fcndeten dem Zeitgeist verpflichtet Sportvereine wie den <em>Club Ciclistico<\/em> oder die <em>Unione Ginnastica<\/em>, sozialistisch orientierte Arbeiter- und Konsumorganisationen, Musikvereine und Studentenverbindungen.<\/p>\n<p>Obwohl auch unter ihnen die Studenten nur einen geringen Teil ausmachten, wurde ihnen und der Forderung nach einem Institut mit italienisch als Pr\u00fcfungs- und Unterrichtssprache \u00fcberdurchschnittliche Aufmerksamkeit entgegengebracht. Konservative und deutschnationale Politiker, Studenten und Medien sahen durch eine italienische Universit\u00e4t das Tiroler Deutschtum in Gefahr. Zu den ethnischen und rassistischen Ressentiments gegen\u00fcber den s\u00fcdl\u00e4ndischen Nachbarn kam besonders bei Katholiken auch die Angst vor Charakteren wie Cesare Battisti, der als Sozialist ohnehin das leibhaftig B\u00f6se verk\u00f6rperte. B\u00fcrgermeister Wilhelm Greil nutzte die allgemeine Feindseligkeit gegen\u00fcber italienischsprachigen Einwohnern und Studenten in \u00e4hnlich populistischer Manier wie es sein Wiener Amtskollege Karl Lueger in Wien mit der antisemitischen Stimmungsmache tat.<\/p>\n<p>Nach einigem Hin und Her wurde im September 1904 beschlossen, eine provisorische rechtswissenschaftliche Fakult\u00e4t in Innsbruck zu gr\u00fcnden. Das sollte die Studenten trennen, ohne eine der Gruppen zu vergr\u00e4men. Von Anfang an stand das Projekt aber unter keinem guten Stern. Niemand wollte der Universit\u00e4t die n\u00f6tigen R\u00e4umlichkeiten vermieten. Schlie\u00dflich stellte der gesch\u00e4ftst\u00fcchtige Baumeister Anton Fritz eine Wohnung in einem seiner Mietzinsh\u00e4user in der Liebeneggstra\u00dfe 8 zur Verf\u00fcgung. Bei der Antrittsvorlesung und der feierlichen Abendveranstaltung im <em>Gasthaus zum Wei\u00dfen Kreuz<\/em> am 3. November waren Promis wie Battisti oder der sp\u00e4tere italienische Ministerpr\u00e4sident Alcide de Gasperi anwesend. Je sp\u00e4ter der Abend desto ausgelassener die Stimmung. Als Schm\u00e4hrufe wie \u201e<em>Porchi tedeschi<\/em>\u201c und \u201e<em>Abbasso Austria<\/em>\u201c (Anm.: <em>Deutsche Schweine und Nieder mit \u00d6sterreich<\/em>) fielen, eskalierte die Situation. Eine mit St\u00f6cken, Messern und Revolvern bewaffnete Meute deutschsprachiger Studenten belagerte das <em>Wei\u00dfe Kreuz,<\/em> in dem sich die ebenfalls zu einem gro\u00dfen Teil bewaffneten Italiener verschanzten. Ein Trupp Kaiserj\u00e4ger konnte den ersten Tumult erfolgreich aufl\u00f6sen. Dabei wurde der Kunstmaler August Pezzey (1875 \u2013 1904) durch einen Stich mit dem Bajonett irrt\u00fcmlich von einem \u00fcbertrieben nerv\u00f6sen Soldaten t\u00f6dlich verwundet.<\/p>\n<p>Die <em>Innsbrucker Nachrichten<\/em> erschienen nach den n\u00e4chtlichen Aktivit\u00e4ten am 4. November unter der Headline: \u201e<em>Deutsches Blut geflossen!<\/em>\u201c. Der anwesende Redakteur berichtete von 100 bis 200 Revolversch\u00fcssen, die von den Italienern auf die \u201e<em>Schar von deutschen Studenten<\/em>\u201c abgegeben wurden, die sich vor dem Gasthaus zum Wei\u00dfen Kreuz versammelt hatten. Die neun dadurch Verletzten wurden namentlich aufgez\u00e4hlt, anschlie\u00dfend folgte eine erstaunlich detaillierte Erz\u00e4hlung des Geschehenen inklusive der Verwundung Pezzeys. Die Nachricht \u00fcber den Tod des jungen Mannes l\u00f6ste einen Sturm an Racheakten und Gewalttaten aus. Zu den \u00fcberzeugten Deutschnationalen gesellten sich, wie bei jedem Aufruhr, Schaulustige und Randalierer, die Spa\u00df daran hatten, in der Anonymit\u00e4t der Masse \u00fcber die Str\u00e4nge zu schlagen ohne gro\u00dfartige politische \u00dcberzeugung. W\u00e4hrend die in Haft genommenen Italiener im vollkommen \u00fcberf\u00fcllten Gef\u00e4ngnis die martialische Hymne <em>Inno di Garibaldi<\/em> anstimmten, kam es in der Stadt zu schweren Ausschreitungen gegen italienische Lokale und Betriebe. Die R\u00e4umlichkeiten des <em>Gasthauses zum Wei\u00dfen Kreuz<\/em> wurden in monarchietreuer Manier bis auf ein Portr\u00e4t Kaiser Franz Josefs vollkommen verw\u00fcstet. Randalierer bewarfen den Wohnsitz des Statthalters, das Palais Trapp, mit Steinen, da seine Frau italienische Wurzeln hatte. Das von Anton Fritz der Universit\u00e4t zur Verf\u00fcgung gestellte Geb\u00e4ude in der Liebeneggstra\u00dfe wurde ebenso zerst\u00f6rt wie der private Wohnsitz des Baumeisters.<\/p>\n<p>Der in den Wirren zu Tode gekommene, aus einer Ladiner Familie stammende August Pezzey, wurde in einem nationalen Rausch von Politikern und der Presse zum \u201eDeutschen Helden\u201c erkl\u00e4rt. Er erhielt am Innsbrucker Westfriedhof ein Ehrengrab. Bei seinem Begr\u00e4bnis mit Tausenden Trauernden, verlas B\u00fcrgermeister Greil eine pathetische Rede:<\/p>\n<p><em>\u201e\u2026Ein herrlich sch\u00f6ner Tod war Dir beschieden auf dem Felde der Ehre f\u00fcr das deutsche Volk\u2026 Im Kampfe gegen freche welsche Gewalttaten hast Du Dein Leben ausgehaucht als M\u00e4rtyrer f\u00fcr die deutsche Sache\u2026\u201c<\/em><\/p>\n<p>Berichte von den <em>Fatti di Innsbruck<\/em> schafften es in die internationale Presse und trugen entscheidend zum R\u00fccktritt des \u00f6sterreichischen Ministerpr\u00e4sidenten Ernest von Koerber bei. Je nach Medium wurden die Italiener als ehrlose Banditen oder mutige Nationalhelden, die \u00d6sterreicher als pangermanistische Barbaren oder Bollwerk gegen das <em>Wallsche<\/em> gesehen. Am 17. November, nur zwei Wochen nach der feierlichen Er\u00f6ffnung, wurde die italienische Fakult\u00e4t in Innsbruck wieder aufgel\u00f6st. Eine eigene Universit\u00e4t blieb der Sprachgruppe innerhalb \u00d6sterreich-Ungarns bis zum Ende der Monarchie 1918 verwehrt. Die lange Tradition, Italiener als ehrlos und faul zu betrachten, wurde mit dem Kriegseintritt Italiens an der Seite der Entente noch mehr befeuert. Bis heute halten viele Tiroler die negativen Vorurteile gegen\u00fcber ihren s\u00fcdlichen Nachbarn lebendig.\u00a0<\/p>\n<p>[\/et_pb_toggle][et_pb_toggle title=&#8220;Petrus Canisius und die Jesuiten&#8220; open_toggle_text_color=&#8220;#e09900&#8243; open_toggle_background_color=&#8220;#ffffff&#8220; closed_toggle_text_color=&#8220;#e09900&#8243; closed_toggle_background_color=&#8220;#ffffff&#8220; icon_color=&#8220;#e09900&#8243; open_icon_color=&#8220;#e09900&#8243; admin_label=&#8220;Petrus Canisius und die Jesuiten&#8220; _builder_version=&#8220;4.27.4&#8243; _module_preset=&#8220;default&#8220; title_text_color=&#8220;#e09900&#8243; title_font_size=&#8220;18px&#8220; border_radii=&#8220;on|5px|5px|5px|5px&#8220; box_shadow_style=&#8220;preset1&#8243; global_module=&#8220;53640&#8243; saved_tabs=&#8220;all&#8220; global_colors_info=&#8220;{}&#8220;]<\/p>\n<p>Franziskaner, Pr\u00e4monstratenser, Karmeliten, Serviten, Kapuziner, Ursulinen. Wer Innsbruck besucht, spaziert, meist unbewusst, an vielen Kl\u00f6stern vorbei. Der politisch und gesellschaftlich wohl einflussreichste Orden in der Geschichte der Stadt ab dem 16. Jahrhundert waren die Jesuiten. Die \u201e<em>Soldaten Christi<\/em>\u201c wurden vom spanischen Adeligen Ignatius von Loyola (1491 \u2013 1556) 1540 gegr\u00fcndet. Loyola war ein sittenstrenger Reformator und einflussreicher Kirchenpolitiker, der Zugang zu den h\u00f6chsten Zirkeln der Macht seiner Zeit hatte. Er wollte die Kirche ver\u00e4ndern, anders als Luther aber nicht ohne den Papst als Oberhaupt. Auch eine Aufl\u00f6sung des Eigentums der Kl\u00f6ster stand nicht am Programm. Erneuerung des Glaubens von oben nach unten anstatt Zerst\u00f6rung der bestehenden Ordnung war die Devise der <em>Societas Jesu<\/em>.<\/p>\n<p>Der Orden gewann schnell an Einfluss. Aus dem milit\u00e4rischen Bereich \u00fcbernommene Organisation und Struktur, die Verbindung humanistischer Lehren und katholischer Traditionen, ein Faible f\u00fcr Wissenschaft und Bildung in Kombination mit einer mystisch anmutende Volksfr\u00f6mmigkeit machten sie f\u00fcr viele Menschen, die vom mittelalterlichen Sittenverfall des Klerus entt\u00e4uscht waren, attraktiv. Die Jesuiten waren mit diesen Merkmalen am Puls einer Zeit, die von neuen politischen, gesellschaftlichen und wirtschaftlichen Strukturen gepr\u00e4gt war. Sie nutzten wie protestantische Reformatoren geschickt das neue Medium Buchdruck, um ihre Schriften zu verbreiten. Man k\u00f6nnte sagen, sie waren die konfessionelle Fortsetzung der gesellschaftlichen Durchdringung durch den Staat, New Media und der doppelten Buchhaltung.<\/p>\n<p>Die politische Situation war zur Mitte des 16. Jahrhunderts verfahren und krisenreich. Italien war nach den Kriegen zwischen Frankreich und den Habsburgern arg in Mitleidenschaft gezogen. Gro\u00dfe Handelskonzerne wie die Fugger und die Welser gewannen immer mehr Einfluss. Die deutschen L\u00e4nder hatten unter den Bauernkriegen gelitten. Die Inflation bedrohte und die vielen technischen Neuerungen der Zeit um 1500 machten vielen Menschen Angst. Wie aber sollte man den Zorn Gottes ob der Verfehlungen der Renaissancep\u00e4pste und das drohende Ende der Welt abwenden, wenn nicht durch sittliche Besserung moralisches Leben nach den Lehren Christi?<\/p>\n<p>Ein eifriger F\u00f6rderer der Jesuiten in Tirol war Landesf\u00fcrst und sp\u00e4tere Kaiser Ferdinand I. Er war wie Ignatius von Loyola in Spanien aufgewachsen. Mit den Sitten der Deutschen und der in Spanien nicht existenten Reformationsbewegung hatte er ebenso seine Schwierigkeiten wie mit der Sprache. Die Tiroler Bev\u00f6lkerung auf der anderen Seite fremdelte mit ihrem Landesf\u00fcrsten, den man mit seinem fremdl\u00e4ndischen Hofstaat leicht mit einer Besatzungsmacht verwechseln konnte. Ein verbindendes Element zwischen den beiden Welten war die r\u00f6mische Kirche, speziell der moderne Jesuitenorden.<\/p>\n<p>Der wahrscheinlich bedeutendste jesuitische Theologe war Petrus Canisius (1521 \u2013 1597). Er wuchs als Peter Kanis in einem Haushalt der gehobenen Mittelschicht in den Niederlanden auf. Sein Vater war B\u00fcrgermeister von Nimwegen. Bereits in fr\u00fcher Jugend machte der sp\u00e4tere Kirchenstratege erste Erfahrungen mit der hohen Politik und lernte h\u00f6fisches Benehmen, bevor er nach K\u00f6ln ging, um zu studieren. Canisius war der das erste Ordensmitglied auf dem Gebiet des Heiligen R\u00f6mischen Reiches. Der intelligente und gebildete junge Mann legte eine steile Karriere hin. Ferdinand berief ihn nach Wien, wo er als bisch\u00f6flicher Administrator und an der Universit\u00e4t f\u00fcr Ordnung sorgen sollte. Eine seiner Hauptt\u00e4tigkeiten an der Uni neben Lehre und Forschung war das Ausfindigmachen und Verh\u00f6ren des Protestantismus verd\u00e4chtiger Universit\u00e4tsangeh\u00f6riger.<\/p>\n<p>Canisius verbrachte auch einige Jahre in Innsbruck. Eigentlich h\u00e4tten die Jesuiten in die fertiggestellte Hofkirche einziehen sollen, um die Chorgebete f\u00fcr Maximilian I. an dessen Grabst\u00e4tte zu \u00fcbernehmen. Dies lehnte Canisius als oberster Vertreter des Ordens n\u00f6rdlich der Alpen h\u00f6flich, aber bestimmt ab. F\u00fcr Ferdinand verfasste er eine Gebetsanleitung, um den F\u00fcrsten auf den rechten Weg zu bringen. 1563 schaffte es der Kaiser doch noch ihn in die Alpen zu locken. Der Gelehrte sollte ihm als Berater und Consultant f\u00fcr einen Disput mit dem Papst am Konzil von Trient beistehen. W\u00e4hrend die Innsbrucker viele der anderen fremdl\u00e4ndischen Prediger und Berater, die sich am Hofe tummelten, misstrauisch be\u00e4ugten, war Canisius ein nahbarer Mann des Volkes. Im Oktober 1571 erfuhr die Kirchengemeinde Wiltens aus seinem Mund vom Sieg der p\u00e4pstlich-kaiserlichen Flotte gegen die Osmanen bei Lepanto. Von der Kanzel herab verk\u00fcndete Canisius den Triumph der christlichen Streitkr\u00e4fte gegen die drohende Heidengefahr in der gr\u00f6\u00dften Seeschlacht der Geschichte im Stil eines katholischen Nachrichtensprechers.<\/p>\n<p>Als Hofprediger war Canisius Berater der Aristokratie, seine fromme Begeisterung machte ihn aber auch zum Kirchenmann f\u00fcr die Massen. Im Auftrag des Herrn, oder besser gesagt seiner weltlichen und kirchlichen Herren, reiste er quer durch Europa. Wie Martin Luther schaute auch er \u201e<em>dem Volk aufs Maul<\/em>\u201c. Man darf nicht vergessen, dass Gehen f\u00fcr die meisten Menschen die vorrangige Art des Reisens darstellte. Canisius soll \u00fcber 100.000 Kilometer zwischen den Niederlanden, Rom und Polen zur\u00fcckgelegt haben. Unterwegs \u00fcbernachtete er meist in einfachen Gasth\u00f6fen. Er wusste, wie wichtig es war, die Landbev\u00f6lkerung hinter sich zu bringen. W\u00e4hrend seine Br\u00fcder im fernen Indien missionierten, missionierte er gegen den Protestantismus in den deutschen L\u00e4ndern. Er erkannte, dass Predigten auf Latein nicht geeignet waren, um Bauern, Knechte und M\u00e4gde gegen die Bedrohung der r\u00f6mischen Kirche durch Luthers Protestantismus zu immunisieren. Mit seinem <em>Katechismus<\/em> verfasste Petrus Canisius eine wichtige deutschsprachige Ideensammlung im katholischen Kampf gegen die Reformation, der schnell in alle europ\u00e4ischen Sprachen \u00fcbersetzt und lange als Leitfaden der katholischen Kirche galt. F\u00fcr unterschiedliche Audiences wurden zwischen 1555 und 1558 drei verschieden komplexe Varianten des Werkes geschaffen. Findige Herausgeber schufen f\u00fcr Analphabeten einen Bilderkatechismus, um die Ideen der Kirche unters Volk zu bringen. Noch im 20. Jahrhundert war der Kanisi, so der liebevolle Spitzname des Werkes, Grundlage des Religionsunterrichts an Schulen.<\/p>\n<p>Canisius nutzte auch das neue Medium des Flugblattes, um m\u00f6glichst viele Menschen zu erreichen. Seine Schriften waren gemeinsam mit denen Luthers wahrscheinlich die meistgelesenen des 16. Jahrhunderts. Bis weit ins 19. Jahrhundert, in manchen Regionen sogar bis nach dem 2. Weltkrieg, war der <em>Kanisi<\/em>, wie der Katechismus liebevoll genannt wurde, das einflussreichste religi\u00f6s-philosophische Werk in Tirol.<\/p>\n<p>Die st\u00e4rkste und nachhaltigste S\u00e4ule im Kampf gegen die Reformatoren aber war die Bildung. Canisius sah viele Bisch\u00f6fe und Politiker als korrupt, moralisch verdorben und s\u00fcndhaft. Anstatt sie aber auszumerzen, sollten sie sich unter den Fittichen der Soldaten Jesu bessern. Die Jesuiten setzten durch die Er\u00f6ffnung neuer Kollegien auf eine bessere Ausbildung der Beamtenschaft, des Adels und des Klerus und h\u00f6here moralische, an den christlichen Wurzeln ausgerichtete Ma\u00dfst\u00e4be im Kirchenalltag. Zu diesem Zweck gr\u00fcndeten sie im ganzen Reich Kollegien. Protestantische L\u00e4nder und St\u00e4dte hatten begonnen <em>Deutsche Schulen<\/em>, Akademien und Gymnasien zu installieren. M\u00f6glichst viele Untertanen sollten lesen k\u00f6nnen, um Fr\u00f6mmigkeit und Seelenheil in der individuellen und unmittelbaren Bibellekt\u00fcre zu finden. Die Jesuiten hingegen konzentrierten sich auf die Elitenbildung und erlangten so nachhaltigen Einfluss in den Machtzentren der katholischen Staaten.<\/p>\n<p>Die Jesuiten gr\u00fcndeten in Innsbruck die Lateinschule, aus der sp\u00e4ter die Universit\u00e4t hervorgehen sollte. Das neue Bildungsinstitut hatte gro\u00dfe Auswirkungen auf die Stadtentwicklung. Hier wurde die Intelligenzia ausgebildet, die Innsbrucks Aufstieg zum Verwaltungs- und Wirtschaftsstandort erm\u00f6glichte. Neben Lehrst\u00fchlen an der Universit\u00e4t hatten sie auch das <em>Theresianum<\/em> \u00fcber. In den R\u00e4umlichkeiten des Franziskanerklosters wurden die adeligen Sch\u00fcler des Gymnasiums und Studenten von 1775 bis 1848 in h\u00f6fischen Sitten und tugendhaftem Benehmen unterrichtet und auf ihre berufliche Laufbahn vorbereitet. Die <em>Theresianische Ritterakademie<\/em> beherbergte die jungen M\u00e4nner und vermittelte diplomatische F\u00e4higkeiten wie Fremdsprachen und Tanz und milit\u00e4rische wie Fechten.\u00a0 Unter Josef II. kam es zu einer Unterbrechung ihrer T\u00e4tigkeit. Er entmachtete und enteignete kirchliche Orden, darunter auch die von ihm wenig geliebten Jesuiten, die auch vom Papst als zu m\u00e4chtig empfunden und deshalb verboten wurden. Die Universit\u00e4t Innsbruck wurde 1781 zu einem Lyzeum zur\u00fcckgestuft. Den freigewordenen Platz im Jesuitenkollegium nutzte man, um einen ersten botanischen Garten anzulegen. Als 1808 unter der bayerischen Verwaltung zwischenzeitlich auch das Theresianum aufgehoben wurde, erweiterte man die Gartenanlage. 1838 wurden die Jesuiten wieder nach Innsbruck berufen. 1910 musste der Garten im Rahmen des Schulneubaus nach H\u00f6tting umziehen.<\/p>\n<p>Durch das Netz aus einflussreichen Posten und den Einfluss auf das Bildungssystem wuchs der Orden rasch. Die Jesuiten schafften es vor allem w\u00e4hrend der Gegenreformation als treue Verb\u00fcndete der Dynastie ein besonderes Verh\u00e4ltnis zu den Habsburgern aufzubauen. Vielen Mitgliedern der Dynastie ist in ihrem Herrschen und Tun der Einfluss des Ordens anzumerken, bei dem sie ihre Bildung genossen. Jesuiten wie Bartholom\u00e4us Viller oder Wilhelm Lamormaini waren als Beichtv\u00e4ter und Berater der Habsburger in der Fr\u00fchen Neuzeit politisch einflussreich. Nicht umsonst sind die Jesuiten heute noch die Widersacher der Freimaurer in unz\u00e4hligen Verschw\u00f6rungstheorien und Romanen und gelten vielen als neuzeitliches \u00c4quivalent des James-Bond-B\u00f6sewichts. Sie waren Forschung, Wissenssammlung und Bildung gegen\u00fcber sehr aufgeschlossen und wollten die Welt im Sinne der christlichen Sch\u00f6pfung zu verstehen lernen. Das machte sie f\u00fcr Katholiken zu einem hippen Gegenpol sowohl zu den verstaubten bestehenden Orden wie auch den Protestanten. Glaube und Empirie verbanden sich zu einer Art vormodernen Wissenschaft, die Natur und Physik zu erkl\u00e4ren versucht. Die Sammlung Ferdinands II. auf Schloss Ambras zeugt vom Forschungsdrang der Zeit ebenso wie die heute absurd anmutenden alchemistischen Experimente, die Kaiser Matthias (1557 \u2013 1619) durchf\u00fchrte.<\/p>\n<p>Bei aller Liebe f\u00fcr das Rationale kehrte unter den Jesuiten aber auch das Mystische wieder in den Kirchenalltag zur\u00fcck. Passionsspiele, Ostergr\u00e4ber, Prozessionen und Feiertage sollten die strengen Glaubensgrunds\u00e4tze in Schauspiel und Spektakel weich verpacken. <em>Work hard \u2013 play hard<\/em> war das Motto. Die Feierlichkeiten w\u00e4hrend Prozessionen arteten oft in rauschende Feste aus, bei denen es \u00e4hnlich wie bei heutigen Zeltfesten zu Schl\u00e4gereien, teils sogar zu tumultartigen und blutigen Szenen kam. Brot und Wein des Herrn wurden im Stil von Panem et Circenses (Brot und Spielen) des antiken Rom zelebriert. Petrus Canisius schrieb im Auftrag Ferdinands I. ein Buch \u00fcber ein Wunder in Seefeld mit dem klingenden Namen \u201e<em>Von dem hoch an weitberh\u00fcmpten Wunderzeichen so sich mit dem hochheiligsten Sacrament des Altars auff dem Seefeld in der f\u00fcrstlichen Graffschaft Tyrol Anno 1384 zugetragen und was man sonst darbey christlich und nutzlich zu bedenken hab<\/em>\u201c, um die dortige Wallfahrt anzuheizen.<\/p>\n<p>Bis heute erhielt sich dieses Prinzip der massentauglichen gesellschaftlichen Vereinnahmung. Die <em>Marianische Kongregation<\/em>, in Innsbruck als MK bekannt, war eines der gr\u00f6\u00dften Jugendzentren Europas. Sie kann in einem modernen Sinn durchaus in der Tradition der sanften Einf\u00fchrung in den Glauben und die Erziehung der Jugend durch die Kirche gesehen werden.<\/p>\n<p>Der Jesuitenorden war, ganz dem Volksglauben verpflichtet, auch \u00fcberaus motiviert, wenn es um Verfolgung von Hexen und Andersgl\u00e4ubigen ging. Petrus Canisius war einer der Vordenker der fr\u00fchneuzeitlichen Hexenjagd:<\/p>\n<p><em>\u201e\u00dcberall bestraft man die Hexen, welche merkw\u00fcrdig sich mehren\u2026. Sie beneiden die Kinder um die Gnade der Taufe und berauben sie derselben. Kindesm\u00f6rderinnen befinden sich unter ihnen in gro\u00dfer Zahl\u2026 Man sah fr\u00fcher niemals in Deutschland die Leute so sehr dem Teufel ergeben und verschrieben\u2026\u201c<\/em><\/p>\n<p>Auch als Exorzist, vor allem bei vom Virus des Protestantismus befallenen adeligen Damen, machte er auf sich aufmerksam. Canisius nutzte die Aufmerksamkeit, die Hexen und vom Teufel besessene im Volk auf sich zogen, um die Macht der katholischen Kirche anzupreisen.<\/p>\n<p>Auch in der Missionierung von Heiden in der damals erst k\u00fcrzlich entdeckten Neuen Welt in Amerika und in Asien taten sich die Jesuiten eifrig hervor. Der Heilige Franz Xaver, einer der ersten Mitstreiter Ignatius\u00b4 von Loyola, starb auf Missionsreise in China. In einer Seitenkapelle der Innsbrucker Jesuitenkirche ist diesem <em>Soldaten Christi<\/em> ein Altar geweiht.<\/p>\n<p>Die Jesuiten halten bis heute ihre Hand lehrend \u00fcber Innsbruck. Der Aufenthalt Petrus Canisius machte die Stadt im 16. Jahrhundert zu einem der theologischen Zentren der deutschsprachigen Welt. Sein Auftreten als Prediger und Gelehrter in der Stadt w\u00e4re mit einem Lehrauftrag Albert Einsteins an der Universit\u00e4t in den 1930er Jahren vergleichbar. Er selbst war von den frommen \u00c4lplern ebenfalls angetan.<\/p>\n<p><em>\u201eDas Tirolerland verdiene unsere besondere Aufmerksamkeit, denn es ist noch besser katholisch als irgendein anderes Gebiet Deutschlands und hat sich noch nicht so von den H\u00e4retikern umgarnen lassen wie die anderen L\u00e4nder. Wenn auch schon viele Orte verdorben sind, [\u2026]. Innsbruck ist \u2026 das Herz und das Leben des ganzen Landes.\u201c<\/em><\/p>\n<p>Als Innsbruck 1964 unter dem Jesuiten Paulus Rusch zur eigenen Di\u00f6zese wurde, erkor man Petrus Canisius zu ihrem Patron. Am Karl-Rahner-Platz befindet sich heute nicht nur die Jesuitenkirche, sondern auch die Theologische Fakult\u00e4t der Universit\u00e4t Innsbruck. Im Saggen geh\u00f6rt das Collegium Canisianum den Jesuiten. Auch die MK ist noch immer in der Jugendarbeit t\u00e4tig.<\/p>\n<p>[\/et_pb_toggle][et_pb_toggle title=&#8220;Eine Republik entsteht&#8220; open_toggle_text_color=&#8220;#e09900&#8243; open_toggle_background_color=&#8220;#ffffff&#8220; closed_toggle_text_color=&#8220;#e09900&#8243; closed_toggle_background_color=&#8220;#ffffff&#8220; icon_color=&#8220;#e09900&#8243; open_icon_color=&#8220;#e09900&#8243; admin_label=&#8220;Eine Erste Republik entsteht&#8220; _builder_version=&#8220;4.27.4&#8243; _module_preset=&#8220;default&#8220; title_text_color=&#8220;#e09900&#8243; title_font_size=&#8220;18px&#8220; border_radii=&#8220;on|5px|5px|5px|5px&#8220; box_shadow_style=&#8220;preset1&#8243; global_module=&#8220;62863&#8243; saved_tabs=&#8220;all&#8220; global_colors_info=&#8220;{}&#8220;]<\/p>\n<p>Kaum eine Epoche ist schwerer zu fassen als die Zwischenkriegszeit. Die <em>Roaring Twenties<\/em>, Jazz und Automobile kommen einem ebenso in den Sinn wie Inflation und Wirtschaftskrise. In Gro\u00dfst\u00e4dten wie Berlin geb\u00e4rdeten sich junge Damen als <em>Flappers<\/em> mit Bubikopf, Zigarette und kurzen R\u00f6cken zu den neuen Kl\u00e4ngen lasziv, Innsbrucks Bev\u00f6lkerung geh\u00f6rte als Teil der jungen Republik \u00d6sterreich zum gr\u00f6\u00dften Teil zur Fraktion Armut, Wirtschaftskrise und politischer Polarisierung. Schon die Ausrufung der Republik am Parlament in Wien vor \u00fcber 100.000 mehr oder minder begeisterten, vor allem aber verunsicherten Menschen verlief mit Tumulten, Schie\u00dfereien, zwei Toten und 40 Verletzten alles andere als reibungsfrei. Wie es nach dem Ende der Monarchie und dem Wegfall eines gro\u00dfen Teils des Staatsterritoriums weitergehen sollte, wusste niemand. Das neue \u00d6sterreich erschien zu klein und nicht lebensf\u00e4hig. Der Beamtenstaat des k.u.k. Reiches setzte sich nahtlos unter neuer Fahne und Namen durch. Die Bundesl\u00e4nder als Nachfolger der alten Kronl\u00e4nder erhielten in der Verfassung im Rahmen des F\u00f6deralismus viel Spielraum in Gesetzgebung und Verwaltung. Die Begeisterung f\u00fcr den neuen Staat hielt sich aber in der Bev\u00f6lkerung in Grenzen. Nicht nur, dass die Versorgungslage nach dem Wegfall des allergr\u00f6\u00dften Teils des ehemaligen Riesenreiches der Habsburger miserabel war, die Menschen misstrauten dem Grundgedanken der Republik. Die Monarchie war nicht perfekt gewesen, mit dem Gedanken von Demokratie konnten aber nur die allerwenigsten etwas anfangen. Anstatt Untertan des Kaisers war man nun zwar B\u00fcrger, allerdings nur B\u00fcrger eines Zwergstaates mit \u00fcberdimensionierter und in den Bundesl\u00e4ndern wenig geliebter Hauptstadt anstatt eines gro\u00dfen Reiches. In den ehemaligen Kronl\u00e4ndern, die zum gro\u00dfen Teil christlich-sozial regiert wurden, sprach man gerne vom <em>Wiener Wasserkopf<\/em>, der sich mit den Ertr\u00e4gen der flei\u00dfigen Landbev\u00f6lkerung durchf\u00fcttern lie\u00df.<\/p>\n<p>Auch andere Bundesl\u00e4nder spielten mit dem Gedanken, sich von der Republik abzukoppeln, nachdem der von allen Parteien unterst\u00fctzte Plan sich Deutschland anzuschlie\u00dfen von den Siegerm\u00e4chten des Ersten Weltkriegs untersagt worden war. Die Tiroler Pl\u00e4ne allerdings waren besonders spektakul\u00e4r. Von einem neutralen Alpenstaat mit anderen Bundesl\u00e4ndern, einem Freistaat bestehend aus Tirol und Bayern oder von Kufstein bis Salurn, einem Anschluss an die Schweiz bis hin zu einem katholischen Kirchenstaat unter p\u00e4pstlicher F\u00fchrung gab es viele \u00dcberlegungen. Besonders popul\u00e4r war die naheliegendste L\u00f6sung. In Tirol war es nicht neu, sich als Deutscher zu f\u00fchlen. Warum sich also nicht auch politisch an den gro\u00dfen Bruder im Norden anh\u00e4ngen? Besonders unter st\u00e4dtischen Eliten und Studenten war dieser Wunsch sehr ausgepr\u00e4gt. Der Anschluss an Deutschland erhielt in Tirol bei einer Abstimmung in Tirol einen Zuspruch von 98%, kam aber nie zustande.<\/p>\n<p>Anstatt ein Teil Deutschlands zu werden, unterstand man den ungeliebten <em>Wallschen<\/em>. Knapp zwei Jahre lang besetzten italienische Truppen nach Kriegsende Innsbruck. Bei den Friedensverhandlungen in Paris war wurde der Brenner zur neuen Grenze erkl\u00e4rt. Das historische Tirol war zweigeteilt. Am Brenner stand Milit\u00e4r, um eine Grenze zu sichern, die es vorher nie gab und als unnat\u00fcrlich und ungerecht empfunden wurde. 1924 beschloss der Innsbrucker Gemeinderat, Pl\u00e4tze und Stra\u00dfen rund um den Hauptbahnhof nach S\u00fcdtiroler St\u00e4dten zu benennen. Der Bozner Platz sowie die Brixner- und die Salurnerstra\u00dfe tragen ihre Namen bis heute. Viele Menschen zu beiden Seiten des Brenners f\u00fchlten sich verraten. Man hatte den Krieg zwar bei Weitem nicht gewonnen, als Verlierer gegen\u00fcber Italien sah man sich aber nicht. Der Hass auf Italiener erreichte in der Zwischenkriegszeit seinen H\u00f6hepunkt, auch wenn die Besatzungstruppen sich betont milde gab. Eine Passage aus dem Erz\u00e4hlband \u201e<em>Die Front \u00fcber den Gipfeln<\/em>\u201c des nationalsozialistischen Autors Karl Springenschmid aus den 1930ern spiegelt die allgemeine Stimmung wider:<\/p>\n<p><em>\u201e`Walsch (Anm.:Italienisch) werden, das w\u00e4r das \u00c4rgste!` sagt die Junge. <\/em><\/p>\n<p><em>Da nickt der alte Tappeiner blo\u00df und schimpft: `Wei\u00df wohl selber und wir wissen es alle: Walsch werden, das w\u00e4r das \u00c4rgste.\u201c<\/em><\/p>\n<p>Ungemach drohte auch in der Innenpolitik. Die Revolution in Russland und der darauffolgende B\u00fcrgerkrieg mit Millionen von Todesopfern, Enteignung und kompletter Systemumkehr warf ihren langen Schatten bis nach \u00d6sterreich. Die Aussicht auf <em>sowjetische Zust\u00e4nde<\/em> machte den Menschen Angst. \u00d6sterreich war tief gespalten. Hauptstadt und Bundesl\u00e4nder, Stadt und Land, B\u00fcrger, Arbeiter und Bauern \u2013 im Vakuum der ersten Nachkriegsjahre wollte jede Gruppe die Zukunft nach ihren Vorstellungen gestalten. Die Kulturk\u00e4mpfe der sp\u00e4ten Monarchie zwischen Konservativen, Liberalen und Sozialisten setzte sich nahtlos fort. Die Kluft bestand nicht nur auf politischer Ebene. Moral, Familie, Freizeitgestaltung, Erziehung, Glaube, Rechtsverst\u00e4ndnis \u2013 jeder Lebensbereich war betroffen. Wer sollte regieren? Wie sollten Verm\u00f6gen, Rechte und Pflichten verteilt werden. Ein kommunistischer Umsturz war besonders in Tirol keine reale Gefahr, lie\u00df sich aber medial gut als Bedrohung instrumentalisieren, um die Sozialdemokratie in Verruf zu bringen. 1919 hatte sich in Innsbruck zwar ein <em>Arbeiter-, Bauer- und Soldatenrat <\/em>nach sowjetischem Vorbild ausgerufen, sein Einfluss blieb aber gering und wurde von keiner Partei unterst\u00fctzt. Ab 1920 bildeten sich offiziell sogenannten Soldatenr\u00e4te, die aber christlich-sozial dominiert waren. Das b\u00e4uerliche und b\u00fcrgerliche Lager rechts der Mitte militarisierte sich mit der <em>Tiroler Heimatwehr<\/em> professioneller und konnte sich \u00fcber st\u00e4rkeren Zulauf freuen als linke Gruppen, auch dank kirchlicher Unterst\u00fctzung. Die Sozialdemokratie wurde von den Kirchkanzeln herab und in konservativen Medien als <em>Judenpartei<\/em> und heimatlose Vaterlandsverr\u00e4ter bezeichnet. Allzu gerne gab man ihnen die Schuld am verlorenen Krieg und den Folgen gab. Der Tiroler Anzeiger brachte die Volks\u00e4ngste auf den Punkt: <em>\u201cWehe dem christlichen Volke, wenn bei den Wahlen die Juden=Sozi siegen!\u201c<\/em>.<\/p>\n<p>Der Innsbrucker Gemeinderat umfasste mit der neuen Gemeinderatsordnung, die das allgemeine Wahlrecht aller Erwachsenen vorsah, von 1919 40 Mitglieder. Von 24.644 zur Wahlurne gerufenen B\u00fcrgern machten unglaubliche 24.060 von ihrem Wahlrecht Gebrauch. Bereits im ersten Gemeinderat mit freien Wahlen waren drei Frauen vertreten. W\u00e4hrend in den l\u00e4ndlichen Bezirken die <em>Tiroler Volkspartei<\/em> als Zusammenschluss aus <em>Bauernbund<\/em>, <em>Volksverein<\/em> und <em>Katholischer Arbeiterschaft<\/em> dominierte, konnte die Sozialdemokratie unter der F\u00fchrung von Martin Rapoldi trotz des starken Gegenwindes in Innsbruck bei den ersten Wahlen 1919 stets zwischen 30 und 50% der Stimmen erringen. Dass es mit dem B\u00fcrgermeistersessel f\u00fcr die Sozialdemokraten nicht klappte, lag an den Mehrheiten im Gemeinderat durch B\u00fcndnisse der anderen Parteien. Liberale und <em>Tiroler Volkspartei<\/em> stand der Sozialdemokratie gegen\u00fcber mindestens so ablehnend gegen\u00fcber wie der Bundeshauptstadt Wien und den italienischen Besatzern.<\/p>\n<p>Die hohe Politik war aber nur der Rahmen des eigentlichen Elends. Die als <em>Spanische Grippe<\/em> in die Geschichte eingegangene Epidemie forderte in den Jahren nach dem Krieg auch in Innsbruck ihren Tribut. Genaue Zahlen wurden nicht erfasst, weltweit sch\u00e4tzt man die Zahl der Todesopfer auf 27 \u2013 50 Millionen. In Innsbruck sollen es in der Bl\u00fctezeit der Spanischen Grippe um die 100 Opfer t\u00e4glich gewesen sein, die der Krankheit zum Opfer fielen. Viele Innsbrucker waren von den Schlachtfeldern nicht nach Hause zur\u00fcckgekehrt und fehlten als V\u00e4ter, Ehem\u00e4nner und Arbeitskr\u00e4fte. Viele von denen, die es zur\u00fcckgeschafft hatten, waren verwundet und von den Kriegsgr\u00e4ueln gezeichnet. Noch im Februar 1920 veranstaltete der \u201e<em>Tiroler Ausschuss der Sibirier\u201c<\/em> im <em>Gasthof Brein\u00f6\u00dfl<\/em> <em>\u201e\u2026zu Gunsten des Fondes zur Heimbef\u00f6rderung unserer Kriegsgefangenen\u2026<\/em>\u201c einen Benefizabend. Noch lange nach dem Krieg bedurfte das Land Tirol Hilfe von ausw\u00e4rts, um die Bev\u00f6lkerung zu ern\u00e4hren. Unter der \u00dcberschrift \u201e<em>Erhebliche Ausdehnung der amerikanischen Kinderhilfsaktion in Tirol<\/em>\u201c stand am 9. April 1921 in den <em>Innsbrucker Nachrichten<\/em> zu lesen: \u201e<em>Den Bed\u00fcrfnissen des Landes Tirol Rechnung tragend, haben die amerikanischen Vertreter f\u00fcr Oesterreich in hochherzigster Weise die t\u00e4gliche Mahlzeitenanzahl auf 18.000 Portionen erh\u00f6ht<\/em>.\u201c<\/p>\n<p>Dazu kam die Arbeitslosigkeit. Vor allem Beamte und Mitarbeiter im \u00f6ffentlichen Dienst, hatten ihre Arbeit verloren, nachdem der V\u00f6lkerbund seine Anleihe an herbe Sparma\u00dfnahmen gekn\u00fcpft hatte. Die Geh\u00e4lter im \u00f6ffentlichen Dienst wurden gek\u00fcrzt. Es kam immer wieder zu Streiks. Der Tourismus als Wirtschaftsfaktor war ob der Probleme in den umliegenden, vom Krieg ebenfalls gebeutelten L\u00e4ndern inexistent. Die vor dem Krieg boomende Baubranche brach komplett ein. Innsbrucks gr\u00f6\u00dfte Firme <em>Huter &amp; S\u00f6hne<\/em> hatte 1913 \u00fcber 700 Mitarbeiter, am H\u00f6hepunkt der Wirtschaftskrise 1933 waren es nur noch 18. Der Mittelstand brach zu einem guten Teil zusammen. Der durchschnittliche Innsbrucker war mittellos und mangelern\u00e4hrt. Oft konnten nicht mehr als 800 Kalorien pro Tag zusammengekratzt werden. Die Kriminalit\u00e4tsrate war in diesem Klima der Armut h\u00f6her als je zuvor. Viele Menschen verloren ihre Bleibe. 1922 waren in Innsbruck 3000 Familien auf Wohnungssuche trotz eines st\u00e4dtischen Notwohnungsprogrammes, das bereits mehrere Jahre in Kraft war. In alle verf\u00fcgbaren Objekte wurden Wohnungen gebaut. Am 11. Februar 1921 fand sich in einer langen Liste in den <em>Innsbrucker Nachrichten<\/em> \u00fcber die einzelnen Projekte, die betrieben wurden unter anderem dieser Posten:<\/p>\n<p>\u201e<em>Das st\u00e4dtische Krankenhaus hat die Seuchenbaracke in Pradl aufgelassen und der Stadtgemeinde zur Herstellung von Notwohnungen zur Verf\u00fcgung gestellt. Zur Errichtung von 7 Notwohnungen wurde der erforderliche Kredit von 295 K (Anm.: Kronen) bewilligt.<\/em>\u201c<\/p>\n<p>In den ersten Jahren passierte nur sehr wenig. Dann erwachte die Politik aus ihrer Lethargie. Die Krone, ein Relikt aus der Monarchie, wurde 1m 1. Januar 1925 vom Schilling als offizielle W\u00e4hrung \u00d6sterreichs abgel\u00f6st. Die alte W\u00e4hrung hatte gegen\u00fcber dem Dollar zwischen 1918 und 1922 mehr als 95% ihres Wertes respektive dem Wechselkurses vor dem Krieg verloren. Innsbruck begann, wie viele andere \u00f6sterreichische Gemeinden, eigenes Geld zu drucken. Die Menge des Geldes, das im Umlauf war, stieg zwischen 1920 und 1922 von 12 Milliarden Kronen auf \u00fcber 3 Billionen Kronen an. Eine epochale Inflation war die Folge davon.<\/p>\n<p>Mit der W\u00e4hrungssanierung nach der V\u00f6lkerbundanleihe unter Kanzler Ignaz Seipel rappelten sich aber nicht nur Banken und B\u00fcrger auf, auch die Bauauftr\u00e4ge der \u00f6ffentlichen Hand nahmen wieder zu. Innsbruck modernisierte sich. Es trat das ein, was Wirtschaftswissenschaftler eine Scheinbl\u00fcte nennen. Diese kurzzeitige, wirtschaftliche Erholung war eine <em>Bubble,<\/em> bescherte der Stadt Innsbruck aber gro\u00dfe Projekte wie das Tivoli, das St\u00e4dtische Hallenbad, die H\u00f6henstra\u00dfe auf die Hungerburg, die Bergbahnen auf den Berg Isel und die Nordkette, neue Schulen und Wohnbl\u00f6cke. Die Stadt kaufte den Achensee und errichtete als Hauptaktion\u00e4r der TIWAG das Kraftwerk in Jenbach. In der Reichenau entstand 1925 der erste Flughafen, der Innsbruck 65 Jahre nach der Er\u00f6ffnung der Bahnlinie auch in den Luftverkehr involvierte. 1930 verband die Universit\u00e4tsbr\u00fccke die Klinik in Wilten und die H\u00f6ttinger Au. An der Sill entstanden die Pembaurbr\u00fccke und die Prinz-Eugen-Br\u00fccke. Die Handschrift der neuen, gro\u00dfen Massenparteien in der Gestaltung dieser Projekte ist dabei nicht zu \u00fcbersehen.<\/p>\n<p>Die erste Republik war eine schwere Geburt aus den \u00dcberbleibseln der einstigen Monarchie und sie sollte nicht lange halten. Trotz der Nachkriegsprobleme passierte in der Ersten Republik aber auch viel Positives. Aus Untertanen wurden B\u00fcrger. Was in der Zeit Maria Theresias begann, wurde nun unter neuen Vorzeichen weitergef\u00fchrt. Der Wechsel vom Untertanen zum B\u00fcrger zeichnete sich nicht nur durch ein neues Wahlrecht, sondern vor allem durch die verst\u00e4rkte Obsorge des Staates aus. Staatliche Regelungen, Schulen, Kinderg\u00e4rten, Arbeits\u00e4mter, Krankenh\u00e4user und st\u00e4dtische Wohnanlagen traten an die Stelle des Wohlwollens des Grundherrn, Landesf\u00fcrsten, wohlhabender B\u00fcrger, der Monarchie und der Kirche.<\/p>\n<p>Bis heute basiert vieles im \u00f6sterreichischen Staatswesen sowie im Innsbrucker Stadtbild und der Infrastruktur auf dem, was nach dem Zusammenbruch der Monarchie entstanden war. In Innsbruck gibt es keine bewussten Erinnerungsorte an die Entstehung der Ersten Republik in \u00d6sterreich. Die denkmalgesch\u00fctzten Wohnanlagen wie der <em>Schlachthofblock<\/em>, der <em>Pembaurblock<\/em> oder der <em>Mandelsbergerblock<\/em> oder die <em>Pembaurschule<\/em> sind Stein gewordene Zeitzeugen. Der Weltspartag erinnert seit 1925 allj\u00e4hrlich an die Einf\u00fchrung des Schillings. Kinder und Erwachsene sollten zum verantwortungsvollen Umgang mit Geld erzogen werden.<\/p>\n<p>[\/et_pb_toggle][et_pb_toggle title=&#8220;Der Erste Weltkrieg &#8220; open_toggle_text_color=&#8220;#e09900&#8243; open_toggle_background_color=&#8220;#ffffff&#8220; closed_toggle_text_color=&#8220;#e09900&#8243; closed_toggle_background_color=&#8220;#ffffff&#8220; icon_color=&#8220;#e09900&#8243; open_icon_color=&#8220;#e09900&#8243; admin_label=&#8220;Der Erste Weltkrieg und die Zeit danach&#8220; _builder_version=&#8220;4.27.4&#8243; _module_preset=&#8220;default&#8220; title_text_color=&#8220;#e09900&#8243; title_font_size=&#8220;18px&#8220; border_radii=&#8220;on|5px|5px|5px|5px&#8220; box_shadow_style=&#8220;preset1&#8243; global_module=&#8220;53606&#8243; global_colors_info=&#8220;{}&#8220;]<\/p>\n<p>Beinahe h\u00e4tte nicht Gavrilo Princip, sondern ein Innsbrucker Student die Geschicke der Welt ver\u00e4ndert. Es ist dem Zufall zu verdanken, dass der 20 Jahre alte Serbe im Jahr 1913 gestoppt wurde, weil er mit dem geplanten Attentat auf den Thronfolger vor einer Kellnerin prahlte. Erst als es tats\u00e4chlich zu den die Welt ver\u00e4ndernden Sch\u00fcssen in Sarajevo kam, erschien ein Artikel in den Medien dazu. Welche Auswirkungen der daraufhin ausgebrochene Erste Weltkrieg auf die Welt und den Alltag der Menschen haben sollte, war nach dem tats\u00e4chlichen Attentat auf Franz Ferdinand am 28. Juni nicht absehbar. Zwei Tage nach der Ermordung des Habsburgers in Sarajewo war aber in den <em>Innsbrucker Nachrichten<\/em> bereits prophetisches zu lesen: \u201e<em>Wir sind an einem Wendepunkte \u2013 vielleicht an dem Wendepunkte\u201c \u2013 der Geschicke dieses Reiches angelangt<\/em>\u201c.<\/p>\n<p>Auch in Innsbruck war die Begeisterung f\u00fcr den Krieg 1914 gro\u00df gewesen. Vom \u201e<em>Gott, Kaiser und Vaterland<\/em>\u201c der Zeit angetrieben, begr\u00fc\u00dften die Menschen den Angriff auf Serbien zum allergr\u00f6\u00dften Teil einhellig. Politiker, Klerus und Presse stimmten in den allgemeinen Jubel mit ein. Neben dem kaiserlichen Appell \u201eAn meine V\u00f6lker\u201c, der in allen Medien des Reiches erschien, druckten die <em>Innsbrucker Nachrichten<\/em> am 29. Juli, dem Tag nach der Kriegserkl\u00e4rung \u00d6sterreich-Ungarns an Serbien einen Artikel rund um die Einnahme Belgrads durch Prinz Eugen im Jahr 1717. Der Ton in den Medien war feierlich, wenn auch nicht ganz ohne b\u00f6se Vorahnung auf das, was kommen sollte.<\/p>\n<p><em>\u201eDer Appell des Kaisers an seine V\u00f6lker wird tief ergreifen. Der innere Hader ist verstummt und die Spekulationen unserer Feinde aus Unruhen und \u00e4hnliche Dinge sind j\u00e4mmerlich zu Schanden geworden. In alter und vielbew\u00e4hrter Treue stehen vor allem auch diesmal die Deutschen zu Kaiser und Reich: auch diesmal bereit, mit ihrem Blute f\u00fcr Dynastie und Vaterland einzustehen. Wir gehen schweren Tagen entgegen; niemand kann auch nur ahnen, was uns das Schicksal bescheiden wird, was es Europa, was es der Welt bescheiden wird. Wir k\u00f6nnen nur mit unserem alten Kaiser auf unsere Kraft und auf Gott vertrauen und die Zuversicht hegen, da\u00df, wenn wir einig find und zusammenhalten, uns der Sieg beschieden sein mu\u00df, denn wir wollten den Krieg nicht und unsere Sache ist die der Gerechtigkeit!\u201c<\/em><\/p>\n<p>Besonders \u201everdient\u201c machten sich bei der Kriegstreiberei Theologen wie Joseph Seeber (1856 \u2013 1919) und Anton M\u00fcllner alias <em>Bruder Willram<\/em> (1870 \u2013 1919) die mit ihren Predigten und Schriften wie \u201e<em>Das blutige Jahr<\/em>\u201c den Krieg zu einem Kreuzzug gegen Frankreich und Italien erhoben.<\/p>\n<p>Viele Innsbrucker meldeten sich freiwillig f\u00fcr den Feldzug gegen Serbien, von dem man dachte, er w\u00e4re eine Angelegenheit weniger Wochen oder Monate. Von au\u00dferhalb der Stadt kam eine so gro\u00dfe Anzahl an Freiwilligen zu den Stellungskommissionen, dass Innsbruck beinahe aus allen N\u00e4hten platzte. Wie anders es kommen sollte, konnte keiner ahnen. Schon nach den ersten Schlachten im fernen Galizien war klar, dass es keine Sache von Monaten werden w\u00fcrde. Kaiserj\u00e4ger und andere Tiroler Truppen wurden regelrecht verheizt. Schlechte Ausr\u00fcstung, mangelnder Nachschub und die katastrophale des Oberkommandos unter Konrad von H\u00f6tzendorf brachten Tausenden den Tod oder in Kriegsgefangenschaft, wo Hunger, Misshandlung und Zwangsarbeit warteten.<\/p>\n<p>1915 trat das K\u00f6nigreich Italien an der Seite Frankreichs und Englands in den Krieg ein. Damit ging die Front quer durch das damalige Tirol. Vom Ortler im Westen \u00fcber den n\u00f6rdlichen Gardasee bis zu den <em>Sextener Dolomiten<\/em> fanden die Gefechte des Gebirgskriegs statt. Innsbruck war nicht direkt von den Kampfhandlungen betroffen. Zumindest h\u00f6ren konnte man das Kriegsgeschehen aber bis in die Landeshauptstadt, wie in der Zeitung vom 7. Juli 1915 zu lesen war:<\/p>\n<p><em>\u201eBald nach Beginn der Feindseligkeiten der Italiener konnte man in der Gegend der Serlesspitze deutlich Kanonendonner wahrnehmen, der von einem der Kampfpl\u00e4tze im S\u00fcden Tirols kam, wahrscheinlich von der Vielgereuter Hochebene. In den letzten Tagen ist nun in Innsbruck selbst und im Nordosten der Stadt unzweifelhaft der Schall von Gesch\u00fctzdonner festgestellt worden, einzelne starke Schl\u00e4ge, die dumpf, nicht rollend und t\u00f6nend \u00fcber den Brenner her\u00fcberklangen. Eine T\u00e4uschung ist ausgeschlossen. In Innsbruck selbst ist der Donner der Kanonen schwerer festzustellen, weil hier der L\u00e4rm zu gro\u00df ist, es wurde aber doch einmal abends ungef\u00e4hr um 9 Uhr, als einigerma\u00dfen Ruhe herrschte, dieser unzweifelhafte von unseren M\u00f6rsern herr\u00fchrender Donner geh\u00f6rt.\u201c<\/em><\/p>\n<p>Bis zur Verlegung regul\u00e4rer Truppen von der Ostfront an die Tiroler Landesgrenzen hing die Landesverteidigung an den Standsch\u00fctzen, einer Truppe, die aus M\u00e4nnern unter 21, \u00fcber 42 oder mit Untauglichkeit f\u00fcr den regul\u00e4ren Milit\u00e4rdienst bestand. Die Opferzahlen waren dementsprechend hoch.<\/p>\n<p>Die Front war zwar relativ weit von Innsbruck entfernt, der Krieg drang aber auch ins zivile Leben ein. Durch die Massenmobilmachung eines gro\u00dfen Teils der arbeitenden m\u00e4nnlichen Bev\u00f6lkerung kamen viele Betriebe zum vollkommenen Stillstand. Regale in Gesch\u00e4ften blieben leer, der \u00f6ffentliche Verkehr kam zum Erliegen, Handwerker und Arbeiter fehlten an allen Ecken und Enden. Oft fehlten Kohle und Brennholz. Hunger und K\u00e4lte wurden in der Stadt zu erbitterten Feinden von Frauen, Kindern, Verwundeten und nicht Kriegstauglichen. Diese Erfahrung der totalen Einbeziehung der gesamten Gesellschaft war f\u00fcr die Menschen neu. In der H\u00f6ttinger Au wurden Baracken zur Unterbringung von Kriegsgefangenen errichtet. Verwundetentransporte brachten eine so gro\u00dfe Zahl grauenhaft Verletzter, dass viele eigentlich zivile Geb\u00e4ude wie die sich gerade im Bau befindliche Universit\u00e4tsbibliothek oder Schloss Ambras in Milit\u00e4rspit\u00e4ler umfunktioniert wurden. Um der gro\u00dfen Zahl an Gefallenen Herr zu werden, wurde der Milit\u00e4rfriedhof Pradl angelegt. Ein Vorg\u00e4nger der Stra\u00dfenbahnlinie 3 wurde eingerichtet, um die Verwundeten vom Bahnhof ins neue Garnisonsspital, die heutige Conradkaserne in Pradl, bringen zu k\u00f6nnen. Die Unternehmen, die noch produzieren konnten, wurden der Kriegswirtshaft untergeordnet. Je l\u00e4nger der Krieg aber dauerte, desto weniger waren es. Im Winter 1917 war die Innsbrucker Wirtschaft beinahe g\u00e4nzlich zusammengebrochen.<\/p>\n<p>Mit dem Kriegsende r\u00fcckte auch die Front n\u00e4her. Im Februar 1918 schaffte es die italienische Luftwaffe, drei Bomben auf Innsbruck abzuwerfen. In diesem Winter, der als <em>Hungerwinter<\/em> in die europ\u00e4ische Geschichte einging, machte sich auch der Mangel bemerkbar. Die Versorgung erfolgte in den letzten Kriegsjahren \u00fcber Bezugsscheine. 500 g Fleisch, 60 g Butter und 2 kg Kartoffel waren die Basiskost pro Person \u2013 pro Woche, wohlgemerkt. Auf Archivbildern kann man die langen Schlangen verzweifelter und hungriger Menschen vor den Lebensmittell\u00e4den sehen. Immer wieder kam es zu Protesten und Streiks. Politiker, Gewerkschafter, Arbeiter und Kriegsheimkehrer sahen ihre Chance auf Umbruch gekommen. Unter dem Motto <em>Friede, Brot und Wahlrecht <\/em>vereinten sich unterschiedlichste Parteien im Widerstand gegen den Krieg. Zu dieser Zeit war den meisten Menschen schon klar, dass der Krieg verloren war, und welches Schicksal Tirol erwarten w\u00fcrde, wie dieser Artikel vom 6. Oktober 1918 zeigt:<\/p>\n<p>\u00a0\u201e<em>Aeu\u00dfere und innere Feinde w\u00fcrfeln heute um das Land Andreas Hofers. Der letzte Wurf ist noch grausamer; sch\u00e4ndlicher ist noch nie ein freies Land geschachert worden. Das Blut unserer V\u00e4ter, S\u00f6hne und Br\u00fcder ist umsonst geflossen, wenn dieser sch\u00e4ndliche Plan Wirklichkeit werden soll. Der letzte Wurf ist noch nicht getan. Darum auf Tiroler, zum Tiroler Volkstag in Brixen am 13. Oktober 1918 (n\u00e4chsten Sonntag). Deutscher Boden mu\u00df deutsch bleiben, Tiroler Boden mu\u00df tirolisch bleiben. Tiroler entscheidet selbst \u00fcber Eure Zukunft!<\/em>\u201c<\/p>\n<p>Am 4. November vereinbarten \u00d6sterreich-Ungarn und das K\u00f6nigreich Italien schlie\u00dflich einen Waffenstillstand. Damit verbunden war das Recht der Alliierten Gebiete der Monarchie zu besetzen. Bereits am n\u00e4chsten Tag r\u00fcckten bayerische Truppen in Innsbruck ein. Der \u00f6sterreichische Verb\u00fcndete Deutschland befand sich noch im Krieg mit Italien und hatte Angst, die Front k\u00f6nnte nach Nordtirol n\u00e4her an das Deutsche Reich verlegt werden. Zum gro\u00dfen Gl\u00fcck f\u00fcr Innsbruck und die Umgebung kapitulierte aber auch Deutschland eine Woche sp\u00e4ter am 11. November. So blieben die gro\u00dfen Kampfhandlungen zwischen regul\u00e4ren Armeen au\u00dfen vor.<\/p>\n<p>Trotzdem war Innsbruck in Gefahr. Gewaltige Kolonnen an milit\u00e4rischen Kraftfahrzeugen, Z\u00fcge voller Soldaten und tausende ausgezehrte Soldaten, die sich zu Fu\u00df auf den Heimweg von der Front machten, passierten die Stadt. Wer konnte, sprang auf einen der \u00fcberf\u00fcllten Z\u00fcge oder auf ein Auto, um den Brenner hinter sich zu lassen, um nach Hause zu kommen. Im November 1918 kamen mehr als 270 Soldaten bei diesen waghalsigen Man\u00f6vern ums Leben oder mussten in eines der Lazarette der Stadt eingeliefert werden. Die Stadt musste nicht nur die eigenen B\u00fcrger in Zaum halten, die Verpflegung garantieren, sondern sich auch vor Pl\u00fcnderungen sch\u00fctzen. Um die \u00f6ffentliche Ordnung aufrecht zu erhalten, bildete der Tiroler Nationalrat am 5. November eine Volkswehr aus Sch\u00fclern, Studenten, Arbeitern und B\u00fcrgern. Am 23. November 1918 besetzten italienische Truppen die Stadt und das Umland. Der beschwichtigende Aufruf an die Innsbrucker von B\u00fcrgermeister Greil, die Stadt ohne Aufruhr zu \u00fcbergeben, hatte Erfolg. 5000 Mann mussten Unterschlupf in der ausgehungerten und elenden Stadt finden. Schulen wurden zu Kasernen. Es kam zwar zu vereinzelten Ausschreitungen, Hungerkrawallen und Pl\u00fcnderungen, bewaffnete Auseinandersetzungen mit den Besatzungstruppen oder gar eine bolschewistische Revolution wie in M\u00fcnchen gab es aber nicht.<\/p>\n<p>\u00dcber 1200 Innsbrucker verloren auf den Schlachtfeldern und in Lazaretten ihr Leben, \u00fcber 600 wurden verwundet. Erinnerungsorte an den Ersten Weltkrieg und seine Opfer finden sich in Innsbruck vor allem an Kirchen und Friedh\u00f6fen. Das Kaiserj\u00e4germuseum am Berg Isel zeigt Uniformen, Waffen und Bilder des Schlachtgeschehens. Den beiden Theologen Anton M\u00fcllner und Josef Seeber sind in Innsbruck Stra\u00dfennamen gewidmet. Auch nach dem Oberbefehlshaber der k.u.k Armee an der S\u00fcdfront, Erzherzog Eugen, wurde eine Stra\u00dfe benannt. Vor dem Hofgarten befindet sich ein Denkmal f\u00fcr den erfolglosen Feldherren. An die italienische Besatzung erinnert der \u00f6stliche Teil des Amraser Milit\u00e4rfriedhofs.<\/p>\n<p>[\/et_pb_toggle][\/et_pb_column][\/et_pb_section]<\/p>\n","protected":false},"excerpt":{"rendered":"<p>Innrain 52<\/p>","protected":false},"author":1,"featured_media":5535,"comment_status":"open","ping_status":"closed","sticky":false,"template":"","format":"standard","meta":{"_et_pb_use_builder":"on","_et_pb_old_content":"","_et_gb_content_width":"","wds_primary_category":0,"footnotes":""},"categories":[62,166,65,167,87],"tags":[],"class_list":["post-4038","post","type-post","status-publish","format-standard","has-post-thumbnail","hentry","category-der-erste-weltkrieg-und-die-zeit-danach","category-die-wallschen-und-die-fatti-di-innsbruck","category-petrus-canisius-und-die-jesuiten","category-universitatsstadt-innsbruck","category-wilten-sieglanger"],"_links":{"self":[{"href":"https:\/\/www.discover-innsbruck.at\/en\/wp-json\/wp\/v2\/posts\/4038","targetHints":{"allow":["GET"]}}],"collection":[{"href":"https:\/\/www.discover-innsbruck.at\/en\/wp-json\/wp\/v2\/posts"}],"about":[{"href":"https:\/\/www.discover-innsbruck.at\/en\/wp-json\/wp\/v2\/types\/post"}],"author":[{"embeddable":true,"href":"https:\/\/www.discover-innsbruck.at\/en\/wp-json\/wp\/v2\/users\/1"}],"replies":[{"embeddable":true,"href":"https:\/\/www.discover-innsbruck.at\/en\/wp-json\/wp\/v2\/comments?post=4038"}],"version-history":[{"count":0,"href":"https:\/\/www.discover-innsbruck.at\/en\/wp-json\/wp\/v2\/posts\/4038\/revisions"}],"wp:featuredmedia":[{"embeddable":true,"href":"https:\/\/www.discover-innsbruck.at\/en\/wp-json\/wp\/v2\/media\/5535"}],"wp:attachment":[{"href":"https:\/\/www.discover-innsbruck.at\/en\/wp-json\/wp\/v2\/media?parent=4038"}],"wp:term":[{"taxonomy":"category","embeddable":true,"href":"https:\/\/www.discover-innsbruck.at\/en\/wp-json\/wp\/v2\/categories?post=4038"},{"taxonomy":"post_tag","embeddable":true,"href":"https:\/\/www.discover-innsbruck.at\/en\/wp-json\/wp\/v2\/tags?post=4038"}],"curies":[{"name":"wp","href":"https:\/\/api.w.org\/{rel}","templated":true}]}}