{"id":53620,"date":"2024-04-23T09:14:30","date_gmt":"2024-04-23T09:14:30","guid":{"rendered":"https:\/\/www.discover-innsbruck.at\/?p=53620"},"modified":"2025-12-19T11:42:58","modified_gmt":"2025-12-19T11:42:58","slug":"hofgarten-innsbruck","status":"publish","type":"post","link":"https:\/\/www.discover-innsbruck.at\/en\/hofgarten-innsbruck\/","title":{"rendered":"Hofgarten"},"content":{"rendered":"<p>[et_pb_section fb_built=&#8220;1&#8243; specialty=&#8220;on&#8220; _builder_version=&#8220;4.24.3&#8243; _module_preset=&#8220;default&#8220; global_colors_info=&#8220;{}&#8220;][et_pb_column type=&#8220;1_2&#8243; specialty_columns=&#8220;2&#8243; _builder_version=&#8220;4.16&#8243; custom_padding=&#8220;|||&#8220; global_colors_info=&#8220;{}&#8220; custom_padding__hover=&#8220;|||&#8220;][et_pb_row_inner _builder_version=&#8220;4.16&#8243; _module_preset=&#8220;default&#8220; global_colors_info=&#8220;{}&#8220;][et_pb_column_inner saved_specialty_column_type=&#8220;1_2&#8243; _builder_version=&#8220;4.16&#8243; _module_preset=&#8220;default&#8220; global_colors_info=&#8220;{}&#8220;][et_pb_text admin_label=&#8220;Titel und Adresse&#8220; _builder_version=&#8220;4.24.3&#8243; text_text_color=&#8220;#000000&#8243; header_font=&#8220;|on|||&#8220; header_text_align=&#8220;center&#8220; header_text_color=&#8220;#e09900&#8243; header_font_size=&#8220;42px&#8220; header_line_height=&#8220;1.3em&#8220; header_2_text_color=&#8220;#e09900&#8243; background_color=&#8220;rgba(255,255,255,0.8)&#8220; background_layout=&#8220;dark&#8220; custom_padding=&#8220;20px|20px|20px|20px|true|true&#8220; header_font_size_last_edited=&#8220;off|desktop&#8220; border_radii=&#8220;on|10px|10px|10px|10px&#8220; box_shadow_style=&#8220;preset1&#8243; locked=&#8220;off&#8220; global_colors_info=&#8220;{}&#8220;]<\/p>\n<h2>Hofgarten<\/h2>\n<p>Rennweg \/ Karl-Kapfererstra\u00dfe<\/p>\n<p>[\/et_pb_text][et_pb_image src=&#8220;https:\/\/www.discover-innsbruck.at\/wp-content\/uploads\/2024\/11\/IMG_8664-scaled.jpeg&#8220; alt=&#8220;Hofgarten Innsbruck&#8220; title_text=&#8220;Hofgarten Innsbruck&#8220; disabled_on=&#8220;on|on|on&#8220; _builder_version=&#8220;4.27.3&#8243; _module_preset=&#8220;default&#8220; border_radii=&#8220;on|10px|10px|10px|10px&#8220; box_shadow_style=&#8220;preset1&#8243; disabled=&#8220;on&#8220; global_colors_info=&#8220;{}&#8220;][\/et_pb_image][et_pb_gallery gallery_ids=&#8220;59190,59752,57756,59510,59748,60481,57755&#8243; fullwidth=&#8220;on&#8220; admin_label=&#8220;Galerie Hofgarten&#8220; _builder_version=&#8220;4.27.4&#8243; _module_preset=&#8220;default&#8220; pagination_text_color=&#8220;#E09900&#8243; border_radii=&#8220;on|5px|5px|5px|5px&#8220; box_shadow_style=&#8220;preset1&#8243; global_module=&#8220;61891&#8243; saved_tabs=&#8220;all&#8220; global_colors_info=&#8220;{}&#8220;][\/et_pb_gallery][\/et_pb_column_inner][\/et_pb_row_inner][\/et_pb_column][et_pb_column type=&#8220;1_2&#8243; _builder_version=&#8220;4.16&#8243; custom_padding=&#8220;|||&#8220; global_colors_info=&#8220;{}&#8220; custom_padding__hover=&#8220;|||&#8220;][et_pb_toggle title=&#8220;Wissenswert&#8220; open=&#8220;on&#8220; open_toggle_text_color=&#8220;#e09900&#8243; open_toggle_background_color=&#8220;#ffffff&#8220; closed_toggle_text_color=&#8220;#e09900&#8243; closed_toggle_background_color=&#8220;#ffffff&#8220; icon_color=&#8220;#e09900&#8243; open_icon_color=&#8220;#e09900&#8243; admin_label=&#8220;Hofgarten&#8220; _builder_version=&#8220;4.27.4&#8243; _module_preset=&#8220;default&#8220; title_text_color=&#8220;#e09900&#8243; title_font_size=&#8220;18px&#8220; hover_enabled=&#8220;0&#8243; border_radii=&#8220;on|5px|5px|5px|5px&#8220; box_shadow_style=&#8220;preset1&#8243; global_module=&#8220;59001&#8243; saved_tabs=&#8220;all&#8220; global_colors_info=&#8220;{}&#8220; sticky_enabled=&#8220;0&#8243;]<\/p>\n<p>Hinter den hohen Mauern, die den Hofgarten umgeben, verbirgt sich Innsbrucks gepflegteste Ruheoase. Spazierwege f\u00fchren durch die innerst\u00e4dtische Gartenanlage vorbei an uralten B\u00e4umen und getrimmten Rasenfl\u00e4chen. B\u00e4nke laden zum Verweilen w\u00e4hrend Besorgungen und Spazierg\u00e4ngen ein. Der Hofgarten ist aber nicht nur gern genutztes Erholungsgebiet, sondern Teil der Innsbrucker Stadtgeschichte. Seit dem 15. Jahrhundert wurde hier nachweisbar der Landschaftskultur nachgegangen. \u00d6stlich des Rennplatzes erstreckten sich die landesf\u00fcrstlichen Rennwiesen. Das <em>Maxilimilianische Fischereibuch<\/em> von 1504 erw\u00e4hnt einen See, den der begeisterte J\u00e4ger und Angler auf seinen L\u00e4ndereien hatte anlegen lassen. Der Hofgarten z\u00e4hlt damit zu den \u00e4ltesten nachweisbaren Gartenanlagen Europas. Wurden die Innauen unter Maximilian noch vorwiegend als Jagdrevier kultiviert, verwandelte der kunstsinnige Landesf\u00fcrst Ferdinand II. den Hofgarten in einen Renaissance-Garten, die <em>W\u00fcrtz- und Lustg\u00e4rten<\/em>. Der Fasanengarten mit dem Fasanenhaus beheimatete nicht nur 3000 dieser als besonders edel angesehenen V\u00f6gel, sondern auch \u201e<em>B\u00e4ren, L\u00f6wen, Tiger und Meerkatzen<\/em>\u201c. Die exotischen Tiere waren an den F\u00fcrstenh\u00f6fen der Zeit die Regel, nicht die Ausnahme. Meist tauschten die bemitleidenswerten Exemplare als Geschenk unter Adeligen den Besitzer und mussten als Machtsymbole und Prestigeobjekte ihr Dasein hinter Gittern fristen. Normale Innsbrucker hatten keinen Zugang zu den fremdl\u00e4ndischen Tieren, allein schon das Wissen um die Anwesenheit, die Ger\u00e4usche und Ger\u00fcche waren wohl trotzdem spektakul\u00e4r. Am 14. April 1636 fanden zwei der landesf\u00fcrstlichen L\u00f6wen ihr Ende, als ihr Gehege nach einer Explosion der nahen Pulverm\u00fchle Feuer fing. Das ehemalige <em>Gasthaus L\u00f6wenhaus<\/em> am Inn erinnert an den einstigen Verwendungszweck. Ebenfalls ein Raub der Flammen wurde an diesem Tag der landesf\u00fcrstliche Sommersitz <em>Ruhelust<\/em>, der sich im Hofgarten befand. Obwohl die Tiroler Landst\u00e4nde und die Kammer f\u00fcr Hoffinanzen die Regentin Claudia de Medici zu Sparma\u00dfnahmen zwingen wollten, lie\u00df sie sich nicht von ihrem Vorhaben abbringen, ein neues Hofgeb\u00e4ude gegen\u00fcber der Hofburg zu errichten. Die Tiroler Landesf\u00fcrstin lie\u00df Christoph Gumpp ein neues Geb\u00e4ude entwerfen. Ein Teil der daf\u00fcr entworfenen Statuen und schm\u00fcckt heute den Leopoldsbrunnen vor dem Landestheater. 1728 wurde auch dieses Schloss ein Raub der Flammen.<\/p>\n<p>Die neuen Zeiten unter Maria Theresia brachten auch eine Ver\u00e4nderung der Gestaltung der Hofg\u00e4rten mit sich. Das gotische Innsbruck war zwar keine Residenzstadt mehr, trotzdem sollte dieser Verwaltungssitz den Anforderungen der modernen, neuen Zeit genie\u00dfen. Die Gartenanlage erhielt wie die gegen\u00fcberliegende Hofburg einen barocken Anstrich, allerdings ohne gro\u00dfartige und kostspielige Neubauten. Der Grundstein f\u00fcr den heutigen Hofgarten wurde von der rationellen Sparsamkeit der aufgekl\u00e4rten Regentin beeinflusst. Der Legende nach sollen sich noch heute Pflanzen im Hofgarten befinden, die sie mit eigenen H\u00e4nden in der Erde vergrub.<\/p>\n<p>Im 19. Jahrhundert gestaltete Friedrich Ludwig Schell den Hofgarten, ganz in der Mode des viktorianischen Zeitalters, im Stil eines englischen Gartens. In vielen St\u00e4dten Europas entstanden zu dieser Zeit Parks und G\u00e4rten. Gleichzeitig begann eine gesellschaftliche \u00d6ffnung des Gartens. Zwar gab es seit dem fr\u00fchen 18. Jahrhundert eine Gastwirtschaft innerhalb des Hofgartens, die Zielgruppe waren aber vor allem Aristokraten. Vor 1800 waren etwa 50% der Bewohner der Stadt Innsbruck Mitglieder des Adels, der Geistlichkeit oder deren Verwaltung zuzurechnen. Nur 50 Jahre sp\u00e4ter war der Anteil wesentlich geringer dank des Zuzugs von Arbeitern und Handwerkern samt deren Familien, die in den Betrieben am Stadtrand arbeiteten. Die Gesellschaft nach 1848 hatte sich und mit ihr die Spielregeln, nach denen sie funktionierte, ver\u00e4ndert, nun konnten auch einfache B\u00fcrger ihre Freizeit hier verbringen.<\/p>\n<p>Das Zentrum des Gartens ist seit 1773 der Musikpavillon des ehemaligen kaiserlichen Gartenhauses. Hier finden bis heute regelm\u00e4\u00dfig kostenlose Musikkonzerte statt. Im kleinen Teich vor dem Pavillon residiert der Froschk\u00f6nig, zumindest als steinerne Statue. Sie wurde vom S\u00fcdtiroler Bildhauer Alexander Lanner entworfen, der unter anderem f\u00fcr den <em>Meraner<\/em> in der <em>S\u00fcdtirolersiedlung<\/em> Wilten West und die B\u00fcste Adolf Hitlers im Trausaal des <em>Goldenen Dachls<\/em> w\u00e4hrend der NS-Zeit verantwortlich war. Wie beim <em>Salige-Fr\u00e4ulein-Brunnen<\/em> im Rapoldipark fehlt auch bei diesem Kunstwerk bis heute eine Kontextualisierung. Das Palmenhaus am Nordwestrand des Hofgartens bietet \u00fcber 5.000 tropische Pflanzen. Es kann als Kontinuum er <em>W\u00fcrtz- und Lustg\u00e4rten<\/em> Ferdinands II. gesehen werden, dem fr\u00fchen Innsbrucker Forschergeist. Leider ist es ganz im Sinne des \u00f6ffentlichen Dienstes nur unter der Woche ge\u00f6ffnet.<\/p>\n<p>Auch heute noch bietet der Hofgarten immer wieder Stoff f\u00fcr Diskussionen. Nachdem die Wiesen jahrelang mehr oder minder zum Betrachten, nicht aber zum Betreten gedacht waren, \u00f6ffnete der Hofgarten sich in den letzten Jahren auch mehr den Anforderungen eines modernen Publikums. Mit dem Brand des alten <em>Hofgarten-Caf\u00e9s<\/em> ging die Gastronomie verloren. Auch die Abstimmung zwischen den Bundesg\u00e4rten, zu denen der Hofgarten geh\u00f6rt, und der Stadt sorgt oft f\u00fcr Kopfsch\u00fctteln unter Innsbruckern. Der Vorwurf, die Institution der Bundesg\u00e4rten sei noch elit\u00e4r im Stile der Habsburger mit und fern der Nutzungsvorstellung der Allgemeinheit ist wohl nicht ganz aus der Luft gegriffen, schaut man sich die Armut an Events und Nutzungsm\u00f6glichkeiten des Hofgartens an.<\/p>\n<p>[\/et_pb_toggle][et_pb_toggle title=&#8220;M\u00e4rz 1848&#8230; und was er brachte&#8220; open_toggle_text_color=&#8220;#e09900&#8243; open_toggle_background_color=&#8220;#ffffff&#8220; closed_toggle_text_color=&#8220;#e09900&#8243; closed_toggle_background_color=&#8220;#ffffff&#8220; icon_color=&#8220;#e09900&#8243; open_icon_color=&#8220;#e09900&#8243; admin_label=&#8220;Das Jahr 1848 und seine Folgen&#8220; _builder_version=&#8220;4.27.4&#8243; _module_preset=&#8220;default&#8220; title_text_color=&#8220;#e09900&#8243; title_font_size=&#8220;18px&#8220; border_radii=&#8220;on|5px|5px|5px|5px&#8220; box_shadow_style=&#8220;preset1&#8243; global_module=&#8220;53607&#8243; global_colors_info=&#8220;{}&#8220;]<\/p>\n<p>Das Jahr 1848 nimmt einen mythischen Platz in der europ\u00e4ischen Geschichte ein. Die Hotspots waren zwar nicht im abgeschiedenen Tirol, sondern in den gro\u00dfen Metropolen wie Paris, Wien, Budapest, Mailand oder Berlin zu finden, auch im <em>Heiligen Land<\/em> hinterlie\u00df das Revolutionsjahr aber kr\u00e4ftige Spuren.\u00a0 Im Gegensatz zum b\u00e4uerlich gepr\u00e4gten Umland hatte sich in Innsbruck ein aufgekl\u00e4rtes Bildungsb\u00fcrgertum entwickelt. Aufgekl\u00e4rte Menschen wollten keine Untertanen eines Monarchen oder Landesf\u00fcrsten mehr sein, sondern B\u00fcrger mit Rechten und Pflichten gegen\u00fcber einem Staat. Studenten und Freiberufler forderten politische Mitsprache, Pressefreiheit und B\u00fcrgerrechte. Arbeiter verlangten nach besseren L\u00f6hnen und Arbeitsbedingungen. Besonders radikale Liberale und Nationalisten stellten sogar die Allmacht der Kirche in Frage.<\/p>\n<p>Im M\u00e4rz 1848 entlud sich in vielen St\u00e4dten Europas dieses sozial und politisch hochexplosive Gemisch in Aufst\u00e4nden. In Innsbruck feierten Studenten und Professoren die neu erlassene Pressefreiheit mit einem Fackelzug. Im Gro\u00dfen und Ganzen ging die Revolution im gem\u00e4chlichen Tirol aber ruhig vonstatten. Von einem spontanen Ausbruch der Emotionen zu sprechen w\u00e4re verwegen, der Termin des Zuges wurde wegen Schlechtwetter vom 20. auf den 21. M\u00e4rz verschoben. Es kam kaum zu antihabsburgischen Ausschreitungen oder \u00dcbergriffen, ein verirrter Stein in ein Fenster der Jesuiten war einer der H\u00f6hepunkte der alpinen Variante der Revolution von 1848. Die Studenten unterst\u00fctzten das Stadtmagistrat sogar dabei, die \u00f6ffentliche Ordnung zu \u00fcberwachen, um so dem Monarchen ihre Dankbarkeit f\u00fcr die neu gew\u00e4hrten Freiheiten und ihre Treue zu zeigen.<\/p>\n<p>Die anf\u00e4ngliche Begeisterung f\u00fcr b\u00fcrgerliche Revolution wurde in Innsbruck schnell von deutschnationalem, patriotischen Rausch abgel\u00f6st. Am 6. April 1848 wurde vom Gubernator Tirols die deutsche Fahne w\u00e4hrend eines feierlichen Umzugs geschwungen. Auch auf dem Stadtturm wurde eine deutsche <em>Tricolore<\/em> gehisst. W\u00e4hrend sich Studenten, Arbeiter, liberal-nationalistisch gesinnte B\u00fcrger, Republikaner, Anh\u00e4nger einer konstitutionellen Monarchie und katholische Konservative bei gesellschaftlichen Themen wie der Pressefreiheit nicht einig wurden, teilte man die Abneigung gegen die italienische Unabh\u00e4ngigkeitsbewegung, die von Piemont und Mailand ausgehend Norditalien erfasst hatte. Innsbrucker Studenten und Sch\u00fctzen zogen mit Unterst\u00fctzung der k.k. Armeef\u00fchrung ins Trentino, um die Unruhen und Aufst\u00e4nde im Keim zu ersticken. Bekannte Mitglieder dieses Korps waren der bereits in die Jahre gekommene Pater Haspinger, der bereits mit Andreas Hofer 1809 zu Felde zog, und Adolf Pichler. Johann Nepomuk Mahl-Schedl, verm\u00f6gender Besitzer von Schloss B\u00fcchsenhausen, stattete sogar eine eigene Kompanie aus, mit der er zur Grenzsicherung \u00fcber den Brenner zog.<\/p>\n<p>Auch die Stadt Innsbruck als politisches und wirtschaftliches Zentrum des multinationalen Kronlandes Tirol und Heimat vieler Italienischsprachiger wurde zur Arena dieses Nationalit\u00e4tenkonflikts. In Kombination mit reichlich Alkohol bereiteten anti-italienische Gef\u00fchle in Innsbruck mehr Gefahr f\u00fcr die \u00f6ffentliche Ordnung als die nach b\u00fcrgerlichen Freiheiten. Ein Streit zwischen einem deutschsprachigen Handwerker und einem italienischsprachigen Ladiner schaukelte sich derma\u00dfen auf, dass es beinahe zu einem Pogrom gegen\u00fcber den zahlreichen Betrieben und Gastst\u00e4tten von italienischsprachigen Tirolern gekommen w\u00e4re.<\/p>\n<p>Die relative Beschaulichkeit Innsbrucks kam dem unter Druck stehenden Kaiserhaus recht. Als es in Wien auch nach dem M\u00e4rz nicht aufh\u00f6rte zu brodeln, floh Kaiser Ferdinand im Mai nach Tirol. Folgt man den Presseberichten aus dieser Zeit, wurde er von der Bev\u00f6lkerung begeistert empfangen.<\/p>\n<p>&#8222;<em>Wie hei\u00dft das Land, dem solche Ehre zu Theil wird, wer ist das Volk, das ein solches Vertrauen genie\u00dft in dieser verh\u00e4ngni\u00dfvollen Zeit? St\u00fctzt sich die Ruhe und Sicherheit hier blo\u00df auf die Sage aus alter Zeit, oder liegt auch in der Gegenwart ein Grund, auf dem man bauen kann, den der Wind nicht weg bl\u00e4st, und der Sturm nicht ersch\u00fcttert? Dieses Alipenland hei\u00dft Tirol, gef\u00e4llts dir wohl? Ja, das tirolische Volk allein bew\u00e4hrt in der Mitte des aufgew\u00fchlten Europa die Ehrfurcht und Treue, den Muth und die Kraft f\u00fcr sein angestammtes Regentenhaus, w\u00e4hrend ringsum Auflehnung, Widerspruch. Trotz und Forderung, h\u00e4ufig sogar Aufruhr und Umsturz toben; Tirol allein h\u00e4lt fest ohne Wanken an Sitte und Gehorsam, auf Religion, Wahrheit und Recht, w\u00e4hrend anderw\u00e4rts die Frechheit und L\u00fcge, der Wahnsinn und die Leidenschaften herrschen anstatt folgen wollen. Und w\u00e4hrend im gro\u00dfen Kaiserreiche sich die Bande \u00fcberall lockern, oder gar zu l\u00f6sen drohen; wo die Willk\u00fchr, von den Begierden getrieben, Gesetze umst\u00fcrzt, offenen Aufruhr predigt, t\u00e4glich mit neuen Forderungen losgeht; eigenm\u00e4chtig ephemere- wie das Wetter wechselnde Einrichtungen schafft; w\u00e4hrend Wien, die alte sonst so friedliche Kaiserstadt, sich von der erhitzten Phantasie der Jugend lenken und g\u00e4ngeln l\u00e4\u00dft, und die R\u00e4the des Reichs auf eine schm\u00e4hliche Weise behandelt, nach Laune beliebig, und mit jakobinischer Anma\u00dfung, \u00fcber alle Provinzen verf\u00fcgend, absetzt und anstellt, ja sogar ohne Ehrfurcht, den Kaiser mit Sturm-Petitionen verfolgt; w\u00e4hrend jetzt von allen Seiten her Deputationen mit Ergebenheits-Addressen mit Bittgesuchen und Loyalit\u00e4tsversicherungen dem Kaiser nach Innsbruck folgen, steht Tirol ganz ruhig, gleich einer stillen Insel, mitten im brausenden Meeressturme, und des kleinen V\u00f6lkchens treue Brust bildet, wie seine Berge und Felsen, eine feste Mauer in Gesetz und Ordnung, f\u00fcr den Kaiser und das Vaterland.<\/em>&#8222;<\/p>\n<p>Im Juni stieg auch ein junger Franz Josef, damals noch nicht Kaiser, am R\u00fcckweg von den Schlachtfeldern Norditaliens in der Hofburg ab, anstatt direkt nach Wien zu reisen. Innsbruck war wieder Residenzstadt, wenn auch nur f\u00fcr einen Sommer. W\u00e4hrend in Wien, Mailand und Budapest Blut floss, genoss die kaiserliche Familie das Tiroler Landleben. Ferdinand, Franz Karl, seine Frau Sophie und Franz Josef empfingen G\u00e4ste von ausl\u00e4ndischen F\u00fcrstenh\u00f6fen und lie\u00dfen sich im Viersp\u00e4nner zu den Ausflugszielen der Region wie der Weiherburg, zur Stefansbr\u00fccke, nach Kranebitten und hoch hinauf bis Heiligwasser chauffieren. Wenig sp\u00e4ter war es allerdings vorbei mit der Gem\u00fctlichkeit. Der als nicht mehr amtstauglich geltende Ferdinand \u00fcbergab unter sanftem Druck die Fackel der Regentenw\u00fcrde an Franz Josef I. Im Juli 1848 kam es in Wien in der Hofreitschule zur Abhaltung einer ersten parlamentarischen Sitzung. Eine erste Verfassung wurde in Kraft gesetzt. Der Reformwille der Monarchie flachte aber schnell wieder ab. Das neue Parlament war ein Reichsrat, es konnte keine bindenden Gesetze erlassen, der Kaiser besuchte es Zeit seines Lebens nie und verstand auch nicht, warum die Donaumonarchie als von Gott eingesetzt diesen Rat ben\u00f6tigt.<\/p>\n<p>Die zart in Gang gesetzte Liberalisierung nahm in den St\u00e4dten trotzdem ihren Lauf. Innsbruck erhielt den Status einer Stadt mit eigenem Statut. Das Innsbrucker Gemeinderecht sah ein B\u00fcrgerrecht vor, das zwar an Besitz oder die Abgabe von Steuern gebunden war, jedoch den Angeh\u00f6rigen der Gemeinde gewisse Rechte gesetzlich zusicherte. Das Heimatrecht konnte durch Geburt, Verehelichung oder au\u00dferordentlicher Verleihung erworben werden und verlieh zumindest den m\u00e4nnlichen Vollj\u00e4hrigen das Wahlrecht auf kommunaler Ebene. Geriet man in finanzielle Notlage, so hatte man das Anrecht auf eine Grundversorgung durch die Stadt.<\/p>\n<p>Innerhalb der Stadtregierung setzte sich dank des Mehrheitswahlrechtes nach Zensus die gro\u00dfdeutsch-liberale Fraktion durch, in der H\u00e4ndler, Gewerbetreibende, Industrielle und Gastwirte den Ton angaben. Am 2. Juni 1848 erschien die erste Ausgabe der liberal und gro\u00dfdeutsch gesinnten <em>Innsbrucker Zeitung<\/em>, der obiger Artikel zur Ankunft des Kaisers in Innsbruck entnommen ist. Konservative hingegen lasen das <em>Volksblatt f\u00fcr Tirol und Vorarlberg<\/em>. Gem\u00e4\u00dfigte Leser, die eine konstitutionelle Monarchie bef\u00fcrworteten, konsumierten bevorzugt den <em>Bothen f\u00fcr Tirol und Vorarlberg<\/em>. Mit der Pressefreiheit war es aber schnell wieder vorbei. Die zuvor abgeschaffte Zensur wurde in Teilen wieder eingef\u00fchrt. Herausgeber von Zeitungen mussten einigen Schikanen der Obrigkeit unterziehen. Zeitungen durften nicht gegen Landesregierung, Monarchie oder Kirche schreiben.<\/p>\n<p><em>&#8222;Wer durch Druckschriften andere zu Handlungen auffordert, aneifert oder zu verleiten sucht, durch welche die gewaltsame Losrei\u00dfung eines Theiles von dem einheitlichen Staatsverbande&#8230; des Kaiserthums \u00d6sterreich bewirkt&#8230; oder der allgemeine \u00f6ster. Reichstag oder die Landtage der einzelnen Kronl\u00e4nder&#8230; gewaltt\u00e4tig st\u00f6rt&#8230; wird mit schwerem Kerker von zwei bis zehn Jahren Haft bestraft.&#8220;<\/em><\/p>\n<p>Nachdem Innsbruck 1849 Meran auch offiziell als Landeshauptstadt abgel\u00f6ste hatte und somit auch endg\u00fcltig zum politischen Zentrum Tirols geworden war, bildeten sich Parteien. Ab 1868 stellte die liberal und gro\u00dfdeutsch orientierte Partei den B\u00fcrgermeister der Stadt Innsbruck. Der Einfluss der Kirche nahm in Innsbruck im Gegensatz zu den Umlandgemeinden ab. Individualismus, Kapitalismus, Nationalismus und Konsum sprangen in die Bresche. Neue Arbeitswelten, Kaufh\u00e4user, Theater, Caf\u00e9s und Tanzlokale verdr\u00e4ngten Religion zwar auch in der Stadt nicht, die Gewichtung wurde durch die 1848 errungenen b\u00fcrgerlichen Freiheiten aber eine andere.<\/p>\n<p>Die vielleicht wichtigste Gesetzes\u00e4nderung war das <em>Grundentlastungspatent<\/em>. In Innsbruck hielt der Klerus, vor allem das Stift Wilten, einen gro\u00dfen Teil des b\u00e4uerlichen Grundbesitzes. Kirche und Adel waren nicht steuerpflichtig. 1848\/49 wurden in \u00d6sterreich Grundherrschaft und Untert\u00e4nigkeitsverh\u00e4ltnis aufgehoben. Abgel\u00f6st wurden damit Grundzinsen, Zehent und Robot. Die Grundherren erhielten im Rahmen der Grundentlastung ein Drittel des Wertes ihrer L\u00e4ndereien vom Staat, ein Drittel wurde als Steuererleichterung gewertet, ein Drittel der Abl\u00f6se mussten die Bauern selbst \u00fcbernehmen. Sie konnten diesen Betrag in Raten innert zwanzig Jahren abzahlen.<\/p>\n<p>Die Nachwirkungen sind bis heute zu sp\u00fcren. Die Nachkommen der damals erfolgreichen Bauern genie\u00dfen durch den geerbten Landbesitz, der auf die Grundentlastung 1848 zur\u00fcckzuf\u00fchren ist, die Fr\u00fcchte des Wohlstandes und auch politischen Einfluss durch Grundst\u00fccksverk\u00e4ufe f\u00fcr Wohnbau, Pachten und Abl\u00f6sen der \u00f6ffentlichen Hand f\u00fcr Infrastrukturprojekte. Die grundbesitzenden Adeligen von einst mussten sich mit der Schmach abfinden, b\u00fcrgerlicher Arbeit nachzugehen. Der \u00dcbergang vom Geburtsrecht zum privilegierten Status innerhalb der Gesellschaft dank finanzieller Mittel, Netzwerken und Ausbildung gelang h\u00e4ufig. Viele Innsbrucker Akademikerdynastien nahmen ihren Ausgang in den Jahrzehnten nach 1848.<\/p>\n<p>Das bis dato unbekannte Ph\u00e4nomen der Freizeit kam, wenn auch f\u00fcr den gr\u00f6\u00dften Teil nur sp\u00e4rlich, auf und beg\u00fcnstigte gemeinsam mit frei verf\u00fcgbarem Einkommen einer gr\u00f6\u00dferen Anzahl an Menschen Hobbies. Zivile Organisationen und Vereine, vom Lesezirkel \u00fcber S\u00e4ngerb\u00fcnde, Feuerwehren und Sportvereine, gr\u00fcndeten sich. Auch im Stadtbild manifestierte sich das Revolutionsjahr. Parks wie der Englische Garten beim Schloss Ambras oder der Hofgarten waren nicht mehr exklusiv der Aristokratie vorbehalten, sondern dienten den B\u00fcrgern als Naherholungsgebiete vom beengten Dasein. In St. Nikolaus entstand der <em>Waltherpark<\/em> als kleine Ruheoase. Einen Stock h\u00f6her er\u00f6ffnete im Schloss B\u00fcchsenhausen Tirols erste Schwimm- und Badeanstalt, wenig sp\u00e4ter folgte ein weiteres Bad in Dreiheiligen. Ausflugsgasth\u00f6fe rund um Innsbruck florierten. Neben den gehobenen Restaurants und Hotels entstand eine Szene aus Gastwirtschaften, in denen sich auch Arbeiter und Angestellte gem\u00fctliche Abende bei Theater, Musik und Tanz leisten konnten.<\/p>\n<p>[\/et_pb_toggle][et_pb_toggle title=&#8220;Maximilian I. und seine Zeit&#8220; open_toggle_text_color=&#8220;#e09900&#8243; open_toggle_background_color=&#8220;#ffffff&#8220; closed_toggle_text_color=&#8220;#e09900&#8243; closed_toggle_background_color=&#8220;#ffffff&#8220; icon_color=&#8220;#e09900&#8243; open_icon_color=&#8220;#e09900&#8243; admin_label=&#8220;Maximilian I. und seine Zeit&#8220; _builder_version=&#8220;4.27.4&#8243; _module_preset=&#8220;default&#8220; title_text_color=&#8220;#e09900&#8243; title_font_size=&#8220;18px&#8220; border_radii=&#8220;on|5px|5px|5px|5px&#8220; box_shadow_style=&#8220;preset1&#8243; global_module=&#8220;53520&#8243; saved_tabs=&#8220;all&#8220; global_colors_info=&#8220;{}&#8220;]<\/p>\n<p>Maximilian z\u00e4hlt zu den bedeutendsten Pers\u00f6nlichkeiten der europ\u00e4ischen und der Innsbrucker Stadtgeschichte. \u00dcber Tirol soll er gesagt haben: &#8222;<em>Tirol ist ein grober Bauernkittel, der aber gut w\u00e4rmt<\/em>.&#8220; Vielleicht war nicht nur die Lage Innsbrucks inmitten der Berge ein Grund f\u00fcr seine Zuneigung, Maximilian war begeisterter J\u00e4ger. Sein Vater Friedrich III. hatte 1415 in Innsbruck das Licht der Welt erblickt. F\u00fcr die Stadt zahlte es sich auf jeden Fall aus. Maximilian machte Innsbruck in seiner Regierungszeit zu einem der wichtigsten Zentren des Heiligen R\u00f6mischen Reichs und ver\u00e4nderte damit ihre Geschicke nachhaltig. \u201e<em>Wer immer sich im Leben kein Ged\u00e4chtnis macht, der hat nach seinem Tod kein Ged\u00e4chtnis und derselbe Mensch wird mit dem Glockenton vergessen.\u201c<\/em> Dieser Angst wirkte Maximilian h\u00f6chst erfolgreich aktiv durch die Errichtung gut sichtbarer Symbole kaiserlicher Macht wie dem <em>Goldenen Dachl<\/em> entgegen. Propaganda, Bild und Medien spielten eine immer st\u00e4rkere Rolle, bedingt auch durch den aufkeimenden Buchdruck. Maximilian nutzte Kunst und Kultur, um sich pr\u00e4sent zu halten. So hielt er sich eine Reichskantorei, eine Musikkapelle, die vor allem bei \u00f6ffentlichen Auftritten und Empf\u00e4ngen internationaler Gesandter zum Einsatz kam. Er lie\u00df einen wahren Personenkult mit M\u00fcnzen, B\u00fcchern, Druckschriften und Gem\u00e4lden rund um sich selbst veranstalten.<\/p>\n<p>Bei aller Romantik, die der Liebhaber h\u00f6fischer Traditionen und des Rittertums pflegte, war er ein k\u00fchler Machtpolitiker. Unter ihm entstanden politische Institutionen wie der Reichstag, Reichshofrat und das Reichskammergericht, die das Verh\u00e4ltnis von Untertanen, Landesherr und Monarchie streng regelten. Um 1500 hatte Tirol circa 300.000 Einwohner. Mehr als 80% der Menschen arbeiteten in der Landwirtschaft und lebten zum allergr\u00f6\u00dften Teil von den Ertr\u00e4gen der H\u00f6fe. Maximilian beschnitt in einem wahren Furor an neuen Gesetzen die b\u00e4uerlichen Rechte der Allmende. Holzschlag, Jagd und Fischerei wurden dem Landesherrn unterstellt und waren kein Allgemeingut mehr. Das hatte negative Auswirkungen auf die b\u00e4uerliche Selbstversorgung. Dank der neuen Gesetze wurden aus J\u00e4gern Wilderer. Fleisch und Fisch waren im Mittelalter f\u00fcr lange Zeit ein Teil des Speiseplans, nun wurde dieser Genuss zum Luxus, der oft nur illegal beschafft werden konnte. Bei einem gro\u00dfen Teil der Bev\u00f6lkerung war Maximilian zu Lebzeiten deshalb unbeliebt.<\/p>\n<p>Zur Einschr\u00e4nkung in der Selbstversorgung gesellten sich neue Abgaben. Es war immer schon \u00fcblich gewesen, dass Landesf\u00fcrsten im Kriegsfall die Bev\u00f6lkerung mit zus\u00e4tzlichen Steuern belasteten. Maximilians Kriegsf\u00fchrung unterschied sich zu den mittelalterlichen Konflikten. Die Hilfstruppen und ihre adeligen, ritterlich k\u00e4mpfenden Grundherren wurden durch S\u00f6ldner, die mit den modernen Feuerwaffen umzugehen verstanden, erg\u00e4nzt oder ganz ersetzt.<\/p>\n<p>Diese neue Art ins Feld zu ziehen, verschlang Unsummen. Als die Ertr\u00e4ge aus den landesf\u00fcrstlichen Besitzungen wie M\u00fcnz-, Markt-, Bergwerks-, und Zollregal nicht mehr ausreichten, wurden die einzelnen Bev\u00f6lkerungsgruppen je nach Stand und Verm\u00f6gen besteuert, jedoch war die Steuer noch weit entfernt von unserem heutigen ausdifferenzierten System und brachten dementsprechend Ungerechtigkeit und Unmut mit sich. Ein Beispiel f\u00fcr eine Abgabe war Maximilians <em>Gemeiner Pfennig<\/em>. Die Verm\u00f6genssteuer betrug zwischen 0,1 und 0,5% des Verm\u00f6gens, war aber mit 1 Gulden gedeckelt. Juden mussten unabh\u00e4ngig von ihrem Verm\u00f6gen eine Kopfsteuer von 1 Gulden bezahlen. Erstmals wurden auch F\u00fcrsten zur Kasse gebeten, bezahlten aber durch die Deckelung maximal gleich viel wie ein mittelst\u00e4ndischer Jude. Verk\u00fcndung und Exekution der Steuer unterlagen Pr\u00e4laten, Pfarrern und weltlichen Herrn. Pfarrer mussten an drei Sonntagen die Steuer von der Kanzel herunter verk\u00fcnden, die Beitr\u00e4ge gemeinsam mit Vertretern der Gerichte einsammeln und im Reichssteuerregister anlegen.<\/p>\n<p>Schnell begriff man, dass diese Art der Steuereinhebung nicht funktionierte. Es bedurfte eines modernen Systems und Steuermodells. Eine kollegiale Kammer, das Regiment, wachte zentral \u00fcber die L\u00e4nder Tirol und Vorder\u00f6sterreich nach dem modernen Vorbild der Burgunder Finanzwirtschaft, die Maximilian in seiner Zeit in den Niederlanden kennengelernt hatte. Innsbruck wurde zum Finanz- und Buchhaltungszentrum f\u00fcr die \u00f6sterreichischen L\u00e4nder. Die <em>Raitkammer<\/em> und die <em>Hauskammer<\/em> befanden sich im Neuhof, wo heute das <em>Goldene Dachl<\/em> \u00fcber die Altstadt residiert. 1496 wurden die finanziellen Mittel der \u00f6sterreichischen Erbl\u00e4nder in der Schatzkammer in Innsbruck geb\u00fcndelt. Vorsitzender der Hofkammer war der Brixner Bischof Melchior von Meckau, der mehr und mehr die Fugger als Kreditgeber miteinbezog. Beamten wie Jakob Villinger (1480 &#8211; 1529) wickelten in der italienisch gepr\u00e4gten Form der doppelten Buchhaltung den Geldverkehr mit Bankh\u00e4usern aus ganz Europa ab und probierten den kaiserlichen Finanzhaushalt in Zaum zu halten. Talentierte Kleinadelige und B\u00fcrger, studierte Juristen und ausgebildete Beamten l\u00f6sten den Hochadel in bestimmender Funktion ab. Finanzexperten aus Burgund hatten die kaufm\u00e4nnische Leiter des Regiments \u00fcber. Die \u00dcberg\u00e4nge zwischen Finanz- und anderen Feldern wie Kriegsplanung und Innenpolitik waren flie\u00dfend, was der neuen Beamtenschicht gro\u00dfe Macht verlieh. War es bisher \u00fcblich, dass das Gleichgewicht zwischen Landesf\u00fcrsten, Kirche, Grundherr und Untertan aus Beitrag und milit\u00e4rischem Schutz bestand, wurde dieses System nun durch Zwang von der Obrigkeit durchgesetzt. Maximilian argumentierte, dass es Pflicht jedes Christenmenschen, egal welchen Standes, sei, das <em>Heilige R\u00f6mische Reich<\/em> gegen \u00e4u\u00dfere Feinde zu verteidigen. Die Aufzeichnungen rund um die Streitereien zwischen K\u00f6nig, Adel, Klerus, Bauern und St\u00e4dten um die Abgabenleistung erinnerten schon vor Maximilian stark an heutige politische Diskussion um das Thema der Macht- und Verm\u00f6gensverteilung. Der gro\u00dfe Unterschied zwischen dem ausgehenden 15. Jahrhundert und den vorhergegangenen Jahrhunderten entstand dadurch, dass dank des modernen Beamtenapparats diese Steuern nun auch exekutiert und eingetrieben werden konnten. Der Vergleich mit der Registrierkassenpflicht, der Besteuerung von Trinkgeldern in der Gastronomie und der Diskussion um die Abschaffung des Bargeldes dr\u00e4ngt sich auf. Das Kapital folgte der politischen Bedeutung ebenfalls nach Innsbruck. W\u00e4hrend seiner Regentschaft besch\u00e4ftigte Maximilian 350 R\u00e4te, die ihm zur Seite standen. Knapp ein Viertel dieser hochbezahlten R\u00e4te stammte aus Tirol. Gesandte und Politiker aus ganz Europa bis zum osmanischen Reich sowie Adelige lie\u00dfen sich ihren Wohnsitz in Innsbruck bauen oder \u00fcbernachteten in den Wirtsh\u00e4usern der Stadt. \u00c4hnlich wie Big Money aus \u00d6lgesch\u00e4ften heute Fachkr\u00e4fte aller Art nach Dubai lockt, zogen das Schwazer Silber und die daran h\u00e4ngende Finanzwirtschaft damals Experten aller Art nach Innsbruck, einer kleinen Stadt inmitten der unwirtlichen Alpen.<\/p>\n<p>Innsbruck ver\u00e4nderte sich unter Maximilian Regentschaft baulich und infrastrukturell wie nie zuvor. Neben dem repr\u00e4sentativen <em>Goldenen Dachl<\/em> lie\u00df er die Hofburg umgestalten, begann mit dem Bau der Hofkirche und erschuf mit dem Innsbrucker Zeughaus Europas f\u00fchrende Waffenschmiede. Die Stra\u00dfen durch die Altstadt wurden f\u00fcr das feine Volk des Hofstaats befestigt und gepflastert. 1499 lie\u00df Maximilian die <em>Salvatorikapelle<\/em>, ein Spital f\u00fcr notleidende Innsbrucker, die keinen Anspruch auf einen Platz im Stadtspital hatten, renovieren und erweitern. Eine moderne Wasserleitung von der Nordkette in die Stadt verbesserte die Trinkwasserversorgung, Hygiene und Sicherheit. 1509 wurde der innerst\u00e4dtische Friedhof vom heutigen Domplatz hinter das Stadtspital an den heutigen Adolf-Pichler-Platz umgesiedelt. Maximilian lie\u00df den Handelsweg im heutigen Mariahilf verlegen und verbesserte die Wasserversorgung der Stadt. Eine Feuerordnung f\u00fcr die Stadt Innsbruck folgte 1510. Maximilian begann auch an den Privilegien des Stiftes Wilten, dem gr\u00f6\u00dften Grundherrn im heutigen Stadtgebiet, zu s\u00e4gen. Infrastruktur im Besitz des Klosters wie M\u00fchle, S\u00e4ge und Sillkanal sollten st\u00e4rker unter landesf\u00fcrstliche Kontrolle kommen.<\/p>\n<p>Der kaiserliche Hof und die wohlhabende Beamtenschaft, die in Innsbruck ans\u00e4ssig waren, transformierte Aussehen und Attit\u00fcde Innsbrucks. Maximilian hatte die distinguierte h\u00f6fische Kultur Burgunds seiner ersten Ehefrau nach Mitteleuropa eingef\u00fchrt. Kulturell war es vor allem seine zweite Ehefrau Bianca Maria Sforza, die Innsbruck f\u00f6rderte. Nicht nur die k\u00f6nigliche Hochzeit fand hier statt, sie residierte auch lange Zeit hier, war die Stadt doch n\u00e4her an ihrer Heimat Mailand als die anderen Residenzen Maximilians. Sie brachte ihren gesamten Hofstaat aus der Renaissancemetropole mit in die deutschen L\u00e4nder n\u00f6rdlich der Alpen. Kunst Unterhaltung in allen Formen bl\u00fchten auf.<\/p>\n<p>Innsbruck wurde unter Maximilian aber nicht nur kulturell zu einem Zentrum des Reiches, auch wirtschaftlich brummte die Stadt. Unter anderem war Innsbruck Zentrale des Postdienstes im Kaiserreich. In der Waffenherstellung konnte Maximilian auf das Fachwissen der B\u00fcchsenmeister aufbauen, die sich bereits unter seinem Vorg\u00e4nger Siegmund in den Gie\u00dfereien in H\u00f6tting etabliert hatten. Plattner, Gussh\u00fcttenbetreiber, Pulverstampfer und Messerschmiede siedelten sich in der Neustadt, in St. Nikolaus, M\u00fchlau, H\u00f6tting und entlang des Sillkanals an. Die Kaufmannsdynastie Fugger unterhielt eine Kontorei in Innsbruck. Neben seiner ihm gerne unterstellten Liebe f\u00fcr die Tiroler Natur waren ihm die Kostbarkeiten wie das Haller Salz und das Schwazer Silber mindestens ebenso teuer und n\u00fctzlich. Seinen aufw\u00e4ndigen Hofstaat, die Wahl zum K\u00f6nig durch die Kurf\u00fcrsten und den acht Jahre dauernden Krieg gegen die Republik Venedig finanzierte sich Maximilian unter anderem durch Verpf\u00e4ndung der Bodensch\u00e4tze des Landes.<\/p>\n<p>Auch die strategisch g\u00fcnstige Lage Innsbrucks nahe an den italienischen Kriegsschaupl\u00e4tzen machte die Stadt so interessant f\u00fcr den Kaiser. Viele Tiroler mussten auf den Schlachtfeldern den kaiserlichen Willen durchsetzen, anstatt die heimischen Felder zu bestellen. Das \u00e4nderte sich erst in den letzten Regierungsjahren. Maximilian gestand 1511 den Tirolern im <em>Tiroler Landlibell<\/em>, einer Art Verfassung zu, dass sie als Soldaten nur f\u00fcr den Krieg zur Verteidigung des eigenen Landes herangezogen werden d\u00fcrfen. Ebenfalls geregelt wurde in diesem Dokument die Einhebung von Sondersteuern im Kriegsfall.<\/p>\n<p>Maximilians Wirken in Innsbruck zu fassen, ist schwierig. Liebesbekundungen eines Kaisers schmeicheln nat\u00fcrlich der Volksseele bis heute. Seine materielle Hinterlassenschaft mit den vielen Prunkbauten verst\u00e4rken dieses positive Image. Er machte Innsbruck zu einer kaiserlichen Residenzstadt und trieb die Modernisierung der Infrastruktur voran. Innsbruck wurde dank dem Zeughaus zum Zentrum der R\u00fcstungsindustrie, die Schatzkammer des Reiches und wuchs wirtschaftlich und r\u00e4umlich. Die Schulden, die er daf\u00fcr aufnahm und das Landesverm\u00f6gen, das er an die Fugger verpf\u00e4ndete, pr\u00e4gten Tirol nach seinem Tod mindestens ebenso wie die strengen Gesetze, die er der einfachen Bev\u00f6lkerung verordnete. 5 Millionen Gulden soll er an Schulden hinterlassen haben, einen Betrag, den seine \u00f6sterreichischen Besitzungen in 20 Jahren erwirtschaften konnten. Die ausst\u00e4ndigen Zahlungen ruinierten nach seinem Tod viele Betriebe und Dienstleute, die auf den kaiserlichen Versprechungen sitzen blieben. Fr\u00fchneuzeitliche Herrscher waren nicht an die Verbindlichkeiten ihrer Vorg\u00e4nger gebunden. Eine Ausnahme bildeten die Vereinbarungen mit den Fuggern, hingen daran doch Pfandrechte.<\/p>\n<p>In den Legenden \u00fcber den Kaiser sind die harten Zeiten nicht so pr\u00e4sent wie das <em>Goldene Dachl<\/em> und die in der Schule gelernten Soft Facts. 2019 \u00fcberschlug man sich mit den Feierlichkeiten zum 500. Todestag des f\u00fcr Innsbruck wohl wichtigsten Habsburgers unter dem Motto \u201e<em>Tiroler im Herzen, Europ\u00e4er im Geiste<\/em>\u201c. Der Wiener wurde wohlwollend eingeb\u00fcrgert. Salzburg hat Mozart, Innsbruck Maximilian, einen Kaiser, den Tiroler passend zur gew\u00fcnschten Identit\u00e4t Innsbrucks als rauen Gesellen, der am liebsten in den Bergen ist, angepasst haben. Sein markantes Gesicht prangt heute auf allerhand Konsumartikeln, vom K\u00e4se bis zum Skilift steht der Kaiser f\u00fcr allerhand Profanes Pate. Lediglich f\u00fcr politische Agenden l\u00e4sst er sich weniger gut vor den Karren spannen als Andreas Hofer. Wahrscheinlich ist es f\u00fcr den Durchschnittsb\u00fcrger einfacher, sich mit einem revolution\u00e4ren Wirt zu identifizieren als mit einem Kaiser.<\/p>\n<p>[\/et_pb_toggle][et_pb_toggle title=&#8220;Ferdinand II.: Principe und Renaissancef\u00fcrst&#8220; open_toggle_text_color=&#8220;#e09900&#8243; open_toggle_background_color=&#8220;#ffffff&#8220; closed_toggle_text_color=&#8220;#e09900&#8243; closed_toggle_background_color=&#8220;#ffffff&#8220; icon_color=&#8220;#e09900&#8243; open_icon_color=&#8220;#e09900&#8243; admin_label=&#8220;Ferdinand II.: Renaissance, Glanz und Glamour&#8220; _builder_version=&#8220;4.27.4&#8243; _module_preset=&#8220;default&#8220; title_text_color=&#8220;#e09900&#8243; title_font_size=&#8220;18px&#8220; border_radii=&#8220;on|5px|5px|5px|5px&#8220; box_shadow_style=&#8220;preset1&#8243; global_module=&#8220;53487&#8243; global_colors_info=&#8220;{}&#8220;]<\/p>\n<p><span style=\"font-weight: 400;\">Erzherzog Ferdinand II. von \u00d6sterreich (1529 \u2013 1595) z\u00e4hlt zu den schillerndsten Figuren der Tiroler Landesgeschichte. Sein Vater Kaiser Ferdinand I. lie\u00df ihm eine ausgezeichnete Ausbildung angedeihen. Er wuchs am spanischen Hof seines Onkels Kaiser Karl V auf. Die Jahre, in denen Ferdinand seine Schulbildung erhielt, fallen in die Anfangszeit des jesuitischen Einflusses an den habsburgischen H\u00f6fen. Der junge Staatsmann wurde ganz im Sinne des frommen Humanismus erzogen. Dazu gesellten sich die Sitten des Hochadels der Renaissance. In jungen Jahren reiste er durch Italien und Burgund und hatte an den wohlhabenden H\u00f6fen dort einen Lebensstil kennengelernt, der sich unter der deutschen Aristokratie noch nicht durchgesetzt hatte. Ferdinand war das, was man heute als Globetrotter, Mitglied der Bildungselite oder Kosmopolit bezeichnen w\u00fcrde. Er galt als intelligent, charmant und kunstsinnig. Bei weniger exzentrischen Zeitgenossen genoss Ferdinand den Ruf eines unmoralischen und genusss\u00fcchtigen W\u00fcstlings. Es wurde ihm schon zu Lebzeiten nachgesagt, ausschweifende und unsittliche Orgien zu veranstalten.\u00a0<\/span><\/p>\n<p><span style=\"font-weight: 400;\">Ferdinands Vater teilte sein Reich unter seinen S\u00f6hnen auf. Maximilian II., der zu Recht unter dem elterlichen Verdacht der H\u00e4resie und dem Anh\u00e4ngen protestantischer Lehren stand, erbte Ober- und Nieder\u00f6sterreich sowie B\u00f6hmen und Ungarn. Ferdinands j\u00fcngerer Bruder Karl regierte in Inner\u00f6sterreich, also K\u00e4rnten, Steiermark und der Krain. Das Mittelkind erhielt Tirol, das damals bis ins Engadin reichte, und die zerst\u00fcckelten habsburgischen Vorlande im Westen der zentraleurop\u00e4ischen Besitzungen. Ferdinand \u00fcbernahm das Land Tirol als Landesf\u00fcrst in turbulenten Zeiten. Er hatte bereits in seiner Jugend einige Jahre in Innsbruck verbracht. Die Bergwerke in Schwaz begannen wegen des billigen Silbers aus Amerika unrentabel zu werden. Die Silberschwemme aus den habsburgischen Besitzungen in <\/span><i><span style=\"font-weight: 400;\">Neu-Spanien<\/span><\/i><span style=\"font-weight: 400;\"> jenseits des Atlantiks f\u00fchrte zu einer Inflation.\u00a0<\/span><\/p>\n<p><span style=\"font-weight: 400;\">Diese finanziellen Probleme hielten Ferdinand aber nicht davon ab, pers\u00f6nliche und \u00f6ffentliche Infrastruktur in Auftrag zu geben. Innsbruck profitierte wirtschaftlich und kulturell enorm davon, dass es nach Jahren ohne dezidiert einen Landesf\u00fcrsten zu haben, nun wieder zum Zentrum eines Regenten wurde. Ferdinands erzherzogliche Pr\u00e4senz lockte Aristokratie und Beamtenschaft nach den Jahrzehnten der Vernachl\u00e4ssigung nach Maximilians Ableben wieder an. In den sp\u00e4ten 1560er Jahren war die Verwaltung wieder auf 1000 Personen angewachsen, die mit ihrem Geld die lokale Wirtschaft anfachten. B\u00e4cker, Metzger und Gasth\u00f6fe florierten nach einigen kargeren Jahren wieder. Innsbruck besa\u00df Ende des 16. Jahrhunderts im Vergleich mit anderen St\u00e4dten \u00fcberdurchschnittlich viele Gastwirte, die \u00fcberdurchschnittlich gut an den H\u00e4ndlern, G\u00e4sten und Durchreisenden verdienten. Weinh\u00e4user waren nicht nur Gastbetriebe, sondern auch Lager- und Handelsst\u00e4tten.\u00a0<\/span><\/p>\n<p><span style=\"font-weight: 400;\">Die italienischen St\u00e4dte Florenz, Venedig und Mailand waren stilbildend in Kultur, Kunst und Architektur. Der Tiroler Hof Ferdinands sollte ihnen in nichts nachstehen. Vorbei sollten die Zeiten sein, in denen Deutsche in den sch\u00f6neren St\u00e4dten s\u00fcdlich der Alpen als unzivilisiert,<\/span><i><span style=\"font-weight: 400;\"> barbarisch<\/span><\/i><span style=\"font-weight: 400;\"> oder gar als <\/span><i><span style=\"font-weight: 400;\">Schweine<\/span><\/i><span style=\"font-weight: 400;\"> bezeichnet wurden. Dazu lie\u00df er Innsbruck im Geist der Renaissance umgestalten. Ganz im Trend der Zeit ahmte er die italienischen Adelsh\u00f6fe nach. Hofarchitekt Giovanni Lucchese stand ihm dabei zur Seite. Einen ansehnlichen Teil seines Lebens verbrachte Ferdinand auf Schloss Ambras bei Innsbruck, wo er sich eine der kostbarsten Sammlungen von Kunstwerken und R\u00fcstungen anlegte, die noch heute zu den wertvollsten der Welt ihrer Art zu z\u00e4hlen ist. Ferdinand verwandelte die Burg oberhalb des Dorfes Amras in einen modernen Hof. Seine Feste, Maskenb\u00e4lle und Umz\u00fcge waren legend\u00e4r. W\u00e4hrend der Hochzeit eines Neffen lie\u00df er 1800 K\u00e4lber und 130 Ochsen braten. Aus den Brunnen soll 10 Tage lang Wein statt Wasser geflossen sein.\u00a0<\/span><\/p>\n<p><span style=\"font-weight: 400;\">Mit dem Schloss Ambras war es aber nicht getan, was die Ver\u00e4nderung Innsbrucks anbelangt. Westlich der Stadt erinnert ein Torbogen noch an den <\/span><i><span style=\"font-weight: 400;\">Tiergarten<\/span><\/i><span style=\"font-weight: 400;\">, ein Jagdrevier Ferdinands samt Lusthaus entworfen ebenfalls von Lucchese. Damit der Landesf\u00fcrst sein Wochenenddomizil erreichen konnte, wurde eine Stra\u00dfe in die sumpfige H\u00f6ttinger Au gelegt, die die Basis f\u00fcr die heutige Kranebitter Allee bildete. Das Lusthaus wurde 1786 durch den heute als <\/span><i><span style=\"font-weight: 400;\">Pulverturm<\/span><\/i><span style=\"font-weight: 400;\"> bekannten Bau ersetzt, der einen Teil der sportwissenschaftlichen Fakult\u00e4t der Universit\u00e4t Innsbruck beheimatet. Dem f\u00fcrstlichen Sport des Jagens folgte im ehemaligen <\/span><i><span style=\"font-weight: 400;\">Lusthaus<\/span><\/i><span style=\"font-weight: 400;\">, das der Pulverturm war, die Sportuniversit\u00e4t nach. In der Innenstadt lie\u00df er das f\u00fcrstliche <\/span><i><span style=\"font-weight: 400;\">Comedihaus<\/span><\/i><span style=\"font-weight: 400;\"> am heutigen Rennweg errichten. Um Innsbrucks Trinkwasserversorgung zu verbessern, wurde unter Ferdinand die M\u00fchlauerbr\u00fccke errichtet, um eine Wasserleitung vom M\u00fchlaubach ins Stadtgebiet zu verlegen. Die Jesuiten, kurz vor Ferdinands Amtsantritt in Innsbruck eingetroffen, um l\u00e4stigen Reformatoren und Kirchenkritikern das Leben schwer zu machen und das Bildungswesen neu aufzustellen, erhielten in der Silbergasse eine neue Kirche. Zahlreiche Neubauten wie die Kl\u00f6ster der Jesuiten, der Franziskaner, Kapuziner und Servitinnen kurbelten das Handwerk und die Baubranche an.\u00a0<\/span><\/p>\n<p><span style=\"font-weight: 400;\">Die neuen Orden unterst\u00fctzten Ferdinands Augenmerk auf die konfessionelle Ausrichtung seiner Sch\u00e4fchen. In seiner 1573 erlassenen Tiroler Landesordnung schob er nicht nur Unzucht, Fluchen und Prostitution einen Riegel vor, sondern verpflichtete seine Untertanen zu einer gottesf\u00fcrchtigen, also katholischen Lebensf\u00fchrung. Das \u201e<\/span><i><span style=\"font-weight: 400;\">Verbott der Zauberey und Abgerglaubigen Warsagerey<\/span><\/i><span style=\"font-weight: 400;\">\u201c untersagte jedwegliche Abweichung vom wahren Glauben bei Androhung von Kerker, k\u00f6rperlicher Z\u00fcchtigung und Enteignung. Juden mussten einen jederzeit gut sichtbaren Ring aus gelbem Stoff auf der linken Brustseite ihres Gewandes tragen. Gleichzeitig brachte Ferdinand einen j\u00fcdischen Finanzier nach Innsbruck, um die Geldgesch\u00e4fte f\u00fcr die aufw\u00e4ndige Hoff\u00fchrung abzuwickeln. Samuel May und seine Familie lebten als F\u00fcrstliche Schutzjuden in der Stadt. Daniel Levi erfreute Ferdinand mit Tanz und Harfenspiel am Theater und Elieser Lazarus k\u00fcmmerte sich als Hofarzt um seine Gesundheit.\u00a0<\/span><\/p>\n<p><span style=\"font-weight: 400;\">Die Bev\u00f6lkerung zu schr\u00f6pfen, prunkvoll zu leben, Protestantismus unter seinen wichtigen Beratern zu tolerieren und gleichzeitig den Protestantismus im Volk zu bek\u00e4mpfen, war f\u00fcr den gelernten Renaissancef\u00fcrsten kein Widerspruch. Bereits mit 15 Jahren zog er unter seinem Onkel Karl V. im <\/span><i><span style=\"font-weight: 400;\">Schmalkaldischen Krieg<\/span><\/i><span style=\"font-weight: 400;\"> in die Schlacht gegen die Feinde der R\u00f6mischen Kirche. Als Landesf\u00fcrst verstand er sich als <\/span><i><span style=\"font-weight: 400;\">Advocatus Ecclesiae (Anm.: Vertreter der Kirche)<\/span><\/i><span style=\"font-weight: 400;\"> in einem konfessionell absolutistischen Sinn, der f\u00fcr das Seelenheil seiner Untertanen verantwortlich war. Zwangsma\u00dfnahmen, Stiftung von Kirchen und Kl\u00f6stern wie den Franziskanern und den Kapuzinern in Innsbruck, verbesserte Seelsorge und die Inszenierung jesuitischer Theaterst\u00fccke wie \u201e<\/span><i><span style=\"font-weight: 400;\">Die Enthauptung des Johannes<\/span><\/i><span style=\"font-weight: 400;\">\u201c waren die Waffen der Wahl gegen den Protestantismus. Ferdinands Fr\u00f6mmigkeit war zwar nicht aufgesetzt, er schaffte es aber wie die meisten seiner Zeitgenossen, sich situationselastisch anzupassen.\u00a0<\/span><\/p>\n<p><span style=\"font-weight: 400;\">Die Politik Ferdinands stand unter passendem italienischem Einfluss der zeitgen\u00f6ssischen Avantgarde. Machiavelli schrieb sein Werk \u201e<\/span><i><span style=\"font-weight: 400;\">Il Principe<\/span><\/i><span style=\"font-weight: 400;\">\u201c, in dem davon die Rede war, dass Regierenden alles erlaubt sei, was f\u00fcr den Erfolg n\u00f6tig ist, so sie denn unf\u00e4hig waren, sie auch abgesetzt werden k\u00f6nnten. Ferdinand II. probierte diesem fr\u00fchen absolutistischen F\u00fchrungsstil gerecht zu werden und erlie\u00df mit seiner <\/span><i><span style=\"font-weight: 400;\">Tiroler Landesordnung<\/span><\/i><span style=\"font-weight: 400;\"> f\u00fcr damalige Verh\u00e4ltnisse ein modernes juristisches Regelwerk. F\u00fcr seine Untertanten bedeutete das h\u00f6here Steuerabgaben auf ihre Ertr\u00e4ge sowie weitgehende Einschr\u00e4nkungen bei Almende, Fischerei- und Jagdrechten. Die Knappen, Bergbauunternehmer und die ausl\u00e4ndischen Handelsgesellschaften mit ihren Kontoreien in Innsbruck trieben die Lebensmittelpreise zus\u00e4tzlich in die H\u00f6he. Man k\u00f6nnte es zusammenfassen, dass Ferdinand auf seinen Anwesen vergn\u00fcglich dem exklusiven Jagdvergn\u00fcgen nachging, w\u00e4hrend seine Untertanten durch steigende Belastungen, Preise und Wildsch\u00e4den am Existenzminimum lebten.\u00a0<\/span><\/p>\n<p><span style=\"font-weight: 400;\">Sein Beziehungsleben war f\u00fcr ein Mitglied der Hocharistokratie exzentrisch. In erster &#8222;halbwilder Ehe&#8220; war Ferdinand mit der B\u00fcrgerlichen Philippine Welser verheiratet. Nachdem Ehefrau #1 verstorben war, heiratete Ferdinand mit 53 Jahren die tiefgl\u00e4ubige Anna Caterina Gonzaga, eine erst 16j\u00e4hrige Prinzessin von Mantua. Gro\u00dfe Zuneigung haben die beiden allem Anschein nach aber nicht zueinander empfunden, zumal Anna Caterina eine Nichte Ferdinands war. Die Habsburger waren beim Thema Hochzeit unter Verwandten weniger zimperlich als bei der Ehe eines Adeligen mit einer B\u00fcrgerlichen. Auch mit ihr konnte er allerdings &#8222;nur&#8220; drei T\u00f6chter zeugen. Seine letzte Ruhest\u00e4tte fand Ferdinand in der Silbernen Kapelle bei seiner ersten Ehefrau Philippine Welser.\u00a0<\/span><\/p>\n<p><br style=\"font-weight: 400;\" \/><br style=\"font-weight: 400;\" \/><\/p>\n<p>[\/et_pb_toggle][et_pb_toggle title=&#8220;Maria Theresia, Reformatorin und Landesmutter&#8220; open_toggle_text_color=&#8220;#e09900&#8243; open_toggle_background_color=&#8220;#ffffff&#8220; closed_toggle_text_color=&#8220;#e09900&#8243; closed_toggle_background_color=&#8220;#ffffff&#8220; icon_color=&#8220;#e09900&#8243; open_icon_color=&#8220;#e09900&#8243; admin_label=&#8220;Maria Theresia, Reformatorin und Landesmutter&#8220; _builder_version=&#8220;4.27.4&#8243; _module_preset=&#8220;default&#8220; title_text_color=&#8220;#e09900&#8243; title_font_size=&#8220;18px&#8220; border_radii=&#8220;on|5px|5px|5px|5px&#8220; box_shadow_style=&#8220;preset1&#8243; global_module=&#8220;53545&#8243; saved_tabs=&#8220;all&#8220; global_colors_info=&#8220;{}&#8220;]<\/p>\n<p>Maria Theresia z\u00e4hlt zu den bedeutendsten Figuren der \u00f6sterreichischen Geschichte. Obwohl sie oft als Kaiserin tituliert wird, war sie offiziell &#8222;nur&#8220; unter anderem Erzherzogin von \u00d6sterreich, K\u00f6nigin von Ungarn und K\u00f6nigin von B\u00f6hmen. Bedeutend waren ihre innenpolitischen Reformen. Viele davon betrafen konkret auch den Alltag der Innsbrucker in merklichem Ausma\u00df. Gemeinsam mit ihren Beratern Friedrich Wilhelm von Haugwitz, Joseph von Sonnenfels und Wenzel Anton Kaunitz schaffte sie es aus den sogenannten <em>\u00d6sterreichischen Erblanden<\/em> einen modernen Staat zu basteln. Anstatt der Verwaltung ihrer Territorien durch den ans\u00e4ssigen Adel setzte sie auf eine moderne Verwaltung. Ihre Berater hatten ganz im Stil der Aufkl\u00e4rung erkannt, dass sich das Staatswohl aus der Gesundheit und Bildungsgrad seiner Einzelteile ergab. Eine fr\u00fche Krankenreform Maria Theresias aus dem Jahr 1742 verpflichtete die Professoren des Fachbereichs Medizin an der Universit\u00e4t Innsbruck auch den Betrieb des Stadtspitals in der Neustadt sicherzustellen. Eine Schulreform ver\u00e4nderte die Bildungslandschaft innerhalb der Stadtmauern nicht nur thematisch, sondern auch \u00f6rtlich. Untertanen sollten katholisch sein, ihre Treue aber sollte dem Staat gelten. Schulbildung wurde unter zentrale staatliche Verwaltung gestellt. Es sollten keine kritischen, humanistischen Geistesgr\u00f6\u00dfen, sondern Material f\u00fcr den staatlichen Verwaltungsapparat erzogen werden. \u00dcber Milit\u00e4r und Verwaltung konnten nun auch Nichtadlige in h\u00f6here staatliche Positionen aufsteigen. Gleichzeitig sollten Reformen im Staatsdienst und in der Wirtschaft nicht nur mehr M\u00f6glichkeiten f\u00fcr die Untertanen schaffen, sondern auch die Staatseinnahmen erh\u00f6hen. Gewichte und Ma\u00dfeinheiten wurden nominiert, um das Steuersystem undurchl\u00e4ssiger zu machen. F\u00fcr B\u00fcrger und Bauern hatte die Vereinheitlichung der Gesetze den Vorteil, dass das Leben weniger von Grundherren und deren Launen abhing. Auch der <em>Robot<\/em>, den Bauern auf den G\u00fctern des Grundherrn kostenfrei zu leisten hatten, wurde unter Maria Theresia abgeschafft. In Strafverfolgung und Justiz fand ein Umdenken statt. 1747 wurde in Innsbruck eine <em>kleine Polizei<\/em> eingesetzt, die sich um Angelegenheiten der Marktaufsicht, Gewerbeordnung, Fremdenkontrolle und \u00f6ffentliche Sittsamkeit k\u00fcmmerte. Das Strafgesetzbuch <em>Constitutio Criminalis Theresiana<\/em> schaffte die Folter zwar nicht ab, reglementierte aber deren Anwendung.<\/p>\n<p>So sehr sich Maria Theresia auch als fromme Landesmutter inszenierte und heute als Aufkl\u00e4rerin bekannt ist, die streng katholische Regentin war nicht zimperlich in Fragen von Macht und Religion. Im Trend der Zeit der Aufkl\u00e4rung lie\u00df sie Aberglauben wie den Vampirismus, der in den \u00f6stlichen Teilen ihres Reiches weit verbreitet war, kritisch untersuchen und leitete das endg\u00fcltige Ende der Hexenprozesse ein. Gleichzeitig aber wurden Protestanten von ihr gnadenlos des Landes verwiesen. Viele Tiroler mussten ihr Heimatgebiet verlassen und sich in weiter vom Zentrum entfernten Teilen des Habsburgerreiches niederlassen.<\/p>\n<p>In Kronl\u00e4ndern wie Tirol stie\u00dfen die Reformen Maria Theresias auf wenig Gegenliebe. Mit Ausnahme von ein paar Liberalen sah man sich mehr als eigenst\u00e4ndiges und autonomes Land und weniger als Teil eines modernen Territorialstaates. Auch dem Klerus gefiel die neue, untergeordnete Rolle, die sich unter Josef II. nochmals versch\u00e4rfte, nicht. F\u00fcr den lokalen Adel bedeuteten die Reformen nicht nur den Verlust von Bedeutung und Autonomie, sondern auch h\u00f6here Steuern und Abgaben. Steuern, Abgaben und Z\u00f6lle, die der Stadt Innsbruck stets verl\u00e4ssliche Einnahmen gebracht hatten, wurden nun zentral eingehoben und \u00fcber einen Finanzausgleich nur zum Teil r\u00fcckgef\u00fchrt. Um die Fallh\u00f6he f\u00fcr S\u00f6hne aus verarmten Adelsfamilien abzuschw\u00e4chen und sie f\u00fcr den Staatsdienst auszubilden, gr\u00fcndete Maria Theresie das <em>Theresianum<\/em>, das ab 1775 auch in Innsbruck eine Niederlassung hatte. Wie so oft b\u00fcgelte die Zeit manche Falte aus und Innsbrucker sind mittlerweile stolz darauf, eine der bedeutendsten Herrscherpers\u00f6nlichkeiten der \u00f6sterreichischen Geschichte beherbergt zu haben. Heute erinnern die Triumphpfote und die Hofburg in Innsbruck an die Theresianische Zeit.<\/p>\n<p>[\/et_pb_toggle][\/et_pb_column][\/et_pb_section]<\/p>\n","protected":false},"excerpt":{"rendered":"<p>Rennweg \/ Karl-Kapfererstra\u00dfe<\/p>","protected":false},"author":1,"featured_media":59749,"comment_status":"open","ping_status":"closed","sticky":false,"template":"","format":"standard","meta":{"_et_pb_use_builder":"on","_et_pb_old_content":"","_et_gb_content_width":"","wds_primary_category":0,"footnotes":""},"categories":[61,43,15,35,52],"tags":[],"class_list":["post-53620","post","type-post","status-publish","format-standard","has-post-thumbnail","hentry","category-das-jahr-1848-und-die-industrialisierung","category-ferdinand-ii-renaissance","category-innenstadt-2","category-maria-theresia-landesmutter-und-reformatorin","category-maximilian-i-und-seine-zeit"],"_links":{"self":[{"href":"https:\/\/www.discover-innsbruck.at\/en\/wp-json\/wp\/v2\/posts\/53620","targetHints":{"allow":["GET"]}}],"collection":[{"href":"https:\/\/www.discover-innsbruck.at\/en\/wp-json\/wp\/v2\/posts"}],"about":[{"href":"https:\/\/www.discover-innsbruck.at\/en\/wp-json\/wp\/v2\/types\/post"}],"author":[{"embeddable":true,"href":"https:\/\/www.discover-innsbruck.at\/en\/wp-json\/wp\/v2\/users\/1"}],"replies":[{"embeddable":true,"href":"https:\/\/www.discover-innsbruck.at\/en\/wp-json\/wp\/v2\/comments?post=53620"}],"version-history":[{"count":0,"href":"https:\/\/www.discover-innsbruck.at\/en\/wp-json\/wp\/v2\/posts\/53620\/revisions"}],"wp:featuredmedia":[{"embeddable":true,"href":"https:\/\/www.discover-innsbruck.at\/en\/wp-json\/wp\/v2\/media\/59749"}],"wp:attachment":[{"href":"https:\/\/www.discover-innsbruck.at\/en\/wp-json\/wp\/v2\/media?parent=53620"}],"wp:term":[{"taxonomy":"category","embeddable":true,"href":"https:\/\/www.discover-innsbruck.at\/en\/wp-json\/wp\/v2\/categories?post=53620"},{"taxonomy":"post_tag","embeddable":true,"href":"https:\/\/www.discover-innsbruck.at\/en\/wp-json\/wp\/v2\/tags?post=53620"}],"curies":[{"name":"wp","href":"https:\/\/api.w.org\/{rel}","templated":true}]}}