{"id":53913,"date":"2024-04-24T09:46:02","date_gmt":"2024-04-24T09:46:02","guid":{"rendered":"https:\/\/www.discover-innsbruck.at\/?p=53913"},"modified":"2026-02-11T14:56:40","modified_gmt":"2026-02-11T14:56:40","slug":"alter-militaerfriedhof-pradl","status":"publish","type":"post","link":"https:\/\/www.discover-innsbruck.at\/en\/alter-militaerfriedhof-pradl\/","title":{"rendered":"Alter Milit\u00e4rfriedhof Pradl"},"content":{"rendered":"<p>[et_pb_section fb_built=&#8220;1&#8243; specialty=&#8220;on&#8220; _builder_version=&#8220;4.24.3&#8243; _module_preset=&#8220;default&#8220; global_colors_info=&#8220;{}&#8220;][et_pb_column type=&#8220;1_2&#8243; specialty_columns=&#8220;2&#8243; _builder_version=&#8220;4.16&#8243; custom_padding=&#8220;|||&#8220; global_colors_info=&#8220;{}&#8220; custom_padding__hover=&#8220;|||&#8220;][et_pb_row_inner _builder_version=&#8220;4.27.4&#8243; _module_preset=&#8220;default&#8220; global_colors_info=&#8220;{}&#8220;][et_pb_column_inner saved_specialty_column_type=&#8220;1_2&#8243; _builder_version=&#8220;4.16&#8243; _module_preset=&#8220;default&#8220; global_colors_info=&#8220;{}&#8220;][et_pb_text admin_label=&#8220;Titel und Adresse&#8220; _builder_version=&#8220;4.24.3&#8243; text_text_color=&#8220;#000000&#8243; header_font=&#8220;|on|||&#8220; header_text_align=&#8220;center&#8220; header_text_color=&#8220;#e09900&#8243; header_font_size=&#8220;42px&#8220; header_line_height=&#8220;1.3em&#8220; header_2_text_color=&#8220;#e09900&#8243; background_color=&#8220;rgba(255,255,255,0.8)&#8220; background_layout=&#8220;dark&#8220; custom_padding=&#8220;20px|20px|20px|20px|true|true&#8220; header_font_size_last_edited=&#8220;off|desktop&#8220; border_radii=&#8220;on|10px|10px|10px|10px&#8220; box_shadow_style=&#8220;preset1&#8243; locked=&#8220;off&#8220; global_colors_info=&#8220;{}&#8220;]<\/p>\n<h2>Alter Milit\u00e4rfriedhof Pradl<\/h2>\n<p>Anzengruberstra\u00dfe<\/p>\n<p>[\/et_pb_text][et_pb_image src=&#8220;https:\/\/www.discover-innsbruck.at\/wp-content\/uploads\/2024\/06\/E11DCB96-17BD-476D-9BD1-28C676ADE3B8-scaled.jpeg&#8220; alt=&#8220;Nordkette Innsbruck&#8220; title_text=&#8220;E11DCB96-17BD-476D-9BD1-28C676ADE3B8&#8243; disabled_on=&#8220;on|on|on&#8220; _builder_version=&#8220;4.25.1&#8243; _module_preset=&#8220;default&#8220; border_radii=&#8220;on|10px|10px|10px|10px&#8220; box_shadow_style=&#8220;preset1&#8243; disabled=&#8220;on&#8220; global_colors_info=&#8220;{}&#8220;][\/et_pb_image][et_pb_gallery gallery_ids=&#8220;61486,56273,55444&#8243; fullwidth=&#8220;on&#8220; admin_label=&#8220;Galerie Alter Friedhof Pradl&#8220; _builder_version=&#8220;4.27.4&#8243; _module_preset=&#8220;default&#8220; pagination_text_color=&#8220;#E09900&#8243; border_radii=&#8220;on|5px|5px|5px|5px&#8220; box_shadow_style=&#8220;preset1&#8243; global_module=&#8220;62025&#8243; saved_tabs=&#8220;all&#8220; global_colors_info=&#8220;{}&#8220;][\/et_pb_gallery][\/et_pb_column_inner][\/et_pb_row_inner][\/et_pb_column][et_pb_column type=&#8220;1_2&#8243; _builder_version=&#8220;4.16&#8243; custom_padding=&#8220;|||&#8220; global_colors_info=&#8220;{}&#8220; custom_padding__hover=&#8220;|||&#8220;][et_pb_toggle title=&#8220;Wissenswert&#8220; open=&#8220;on&#8220; open_toggle_text_color=&#8220;#e09900&#8243; open_toggle_background_color=&#8220;#ffffff&#8220; closed_toggle_text_color=&#8220;#e09900&#8243; closed_toggle_background_color=&#8220;#ffffff&#8220; icon_color=&#8220;#e09900&#8243; open_icon_color=&#8220;#e09900&#8243; admin_label=&#8220;Alter Milit\u00e4rfriedhof Pradl&#8220; _builder_version=&#8220;4.27.4&#8243; _module_preset=&#8220;default&#8220; title_text_color=&#8220;#e09900&#8243; title_font_size=&#8220;18px&#8220; hover_enabled=&#8220;0&#8243; border_radii=&#8220;on|5px|5px|5px|5px&#8220; box_shadow_style=&#8220;preset1&#8243; global_module=&#8220;59303&#8243; saved_tabs=&#8220;all&#8220; global_colors_info=&#8220;{}&#8220; sticky_enabled=&#8220;0&#8243;]<\/p>\n<p>Heute liegt der k.u.k. Milit\u00e4rfriedhof inmitten eines dicht bebauten Wohngebietes zwischen Anzengruberstra\u00dfe und Resselstra\u00dfe. Zur Zeit seiner Errichtung war die Gegend s\u00fcdlich des Dorfes Pradl landwirtschaftlich genutzte Fl\u00e4che. W\u00e4hrend man im Mittelalter Friedh\u00f6fe bei den Kirchen, h\u00e4ufig also im Zentrum der St\u00e4dte und D\u00f6rfer anlegte, wanderten sie nach und nach immer weiter an den Stadtrand, wenn m\u00f6glich sogar dar\u00fcber hinaus. Im 19. Jahrhundert hatte sich ein Bed\u00fcrfnis nach Hygiene so weit durchgesetzt, dass Friedh\u00f6fe zwischen H\u00e4usern und Gesch\u00e4ften nicht mehr tragbar waren. Es war damals allerdings weniger die Sorge um die Verunreinigung des Grundwassers als vielmehr die Sorge um sch\u00e4dliche Miasmen, die die Luft verpesten w\u00fcrden. Mit dem neuen Friedhof verfrachtete man nicht nur ein Problem vor die Gemeindegrenzen, das kurz zuvor in der Kohlstatt er\u00f6ffnete Garnisonsspital war praktischerweise ebenfalls nur einen kurzen Fu\u00dfmarsch entfernt. Die Errichtung des Gottesackers erfolgte 1831 auf Gehei\u00df des kaiserlichen Hofkriegsrates, der Vorg\u00e4ngerorganisation des <em>k.u.k. Kriegsministeriums<\/em>. Das Rebranding von Kriegsministerium zum heutigen Verteidigungsministerium zeigt, wie sehr sich Ein- und Vorstellung rund um das Thema Krieg seit den beiden Weltkriegen wandelten. Ein Blick in die Liste der kriegerischen Auseinandersetzungen, die sich zwischen der Gr\u00fcndung des Kaiserreiches \u00d6sterreich 1806 und dem ersten Weltkrieg abspielten, zeigt, dass Friede im 19. Jahrhunderte nur eine kurze Unterbrechung des Kriegszustandes war. 1844 wurde die Mauer um den Friedhof gebaut, nachdem zuvor lediglich ein Wall die Gr\u00e4ber sch\u00fctzte. Auch die Kapelle wurde in diesem Jahr errichtet. Die erhaltenen Grabsteine reichen weit in der Zeit zur\u00fcck und lassen die Bedeutung des Milit\u00e4rs in vergangenen Tagen erahnen. Die Armee war seit dem 18. Jahrhundert ein gesellschaftlicher Faktor geworden. Die immer gr\u00f6\u00dfer werdenden Heere brauchten mehr Personal als je zuvor. Aus den kleinen, lokal ausgehobenen Milizen wurden zentralistisch organisierte Riesenheere. F\u00fcr Untertanen ergaben sich durch den Milit\u00e4rdienst Berufschancen. Soldaten konnten sich nicht nur \u00fcber ein regelm\u00e4\u00dfiges Gehalt freuen. Das Ansehen der Soldaten und Offiziere in der Bev\u00f6lkerung war h\u00f6her als heute, wo der Milit\u00e4rdienst vom \u00fcberwiegenden Teil der Menschen als l\u00e4stige Pflicht wahrgenommen wird. Die Erf\u00fcllung der patriotischen Pflicht im Felde galt vor allem im kleinen Adel und dem gehobenen B\u00fcrgertum als ehrenvoll. Junge Burschen, die auf Grund von Erbregelungen oder mangels Verm\u00f6gen der Eltern wenig Chancen im Leben hatten, konnten Karriere machen. Neben Sold und Ehre bedeutete eine Mitgliedschaft in der Armee auch eine verh\u00e4ltnism\u00e4\u00dfig hohe soziale Absicherung. Im 19. Jahrhundert war es sogar m\u00f6glich, sich auf den Schlachtfeldern in den niederen Adelsstand zu k\u00e4mpfen.<\/p>\n<p>Auf einem Spaziergang durch den alten Pradler Milit\u00e4rfriedhof entdeckt man nicht nur kunstvoll gestaltete Gr\u00e4ber, sondern auch sich durch die Zeit wandelnde Formulierungen f\u00fcr den lange Zeit romantisch verkl\u00e4rten \u201e<em>Heldentod<\/em>\u201c <em>f\u00fcr Gott, Kaiser und Vaterland<\/em>. Den Tod am Schlachtfeld allerdings fand nur ein kleiner Teil der hier Beerdigten. Neben Mitgliedern der k\u00e4mpfenden Truppe konnten sich auch Angestellte der Burghauptmannschaft, die sich im 19. Jahrhundert um verschiedenste Aspekte der Infrastruktur k\u00fcmmerte, hier beerdigen lassen. Der Staat sorgte f\u00fcr sein Personal und deren Anhang sowohl im Leben wie im Sterben unabh\u00e4ngig davon, wie Leben und Sterben verliefen. Gleich zwei bekannte S\u00f6hne Innsbrucks fanden ihre letzte Ruhe am Milit\u00e4rfriedhof ohne Feindkontakt gehabt zu haben. Der aufs\u00e4ssige Dichter Johann Chrysostomus Senn wurde als ehemaliger k.k. Milit\u00e4rangeh\u00f6riger hier beerdigt, obwohl er der Obrigkeit stets suspekt war. Als Mitglied einer liberalen deutschnationalen Studentenverbindung musste er nach verb\u00fc\u00dfter Kerkerstrafe Wien verlassen. In Tirol verpflichtete er sich zum Milit\u00e4rdienst und stieg zum Leutnant auf. Nach seiner Karriere bei der Armee schaffte er es nicht, sein intellektuelles und lyrisches Talent zur Geltung zu bringen. Zwar geh\u00f6rte er zum Zirkel rund um Adolf Pichler, anders als sein Freund konnte er weder im Vorm\u00e4rz noch nach 1848 Karriere machen. Senn musste sich als Tagschreiber verdingen und verfiel mehr und mehr dem Alkohol. Erst posthum wurde ihm f\u00fcr seine Gedichtb\u00e4nde Ruhm und Ehre zuteil, er verstarb verarmt. Als ehemaliger Soldat war es ihm aber m\u00f6glich, seine letzten Tage im Garnisonsspital Innsbruck zu verbringen und ein Grab auf dem Milit\u00e4rfriedhof in Pradl anstatt eines anonymen Massengrabs zu erhalten. Seinen bescheidenen Grabstein finanzierte ihm Adolf Pichler. Mit dem Eisenbahnunternehmer Josef Riehl liegt ein zweiter Prominenter Innsbrucker auf dem Friedhof begraben. Anders als der verarmte Senn fand er seine letzte Ruhest\u00e4tte nicht in einer bescheidenen Grablege, sondern im sehenswerten Familiengrab samt aufw\u00e4ndiger Frauen- und M\u00e4dchenskulptur. Sowohl an Senn erinnern neben ihren letzten Ruhest\u00e4tten am Milit\u00e4rfriedhof Stra\u00dfennamen in Innsbruck.<\/p>\n<p>[\/et_pb_toggle][et_pb_toggle title=&#8220;1796 &#8211; 1866: Vom Herzen Jesu bis K\u00f6niggr\u00e4tz&#8220; open_toggle_text_color=&#8220;#e09900&#8243; open_toggle_background_color=&#8220;#ffffff&#8220; closed_toggle_text_color=&#8220;#e09900&#8243; closed_toggle_background_color=&#8220;#ffffff&#8220; icon_color=&#8220;#e09900&#8243; open_icon_color=&#8220;#e09900&#8243; admin_label=&#8220;1796 &#8211; 1866: Vom Herzen Jesu bis K\u00f6niggr\u00e4tz&#8220; _builder_version=&#8220;4.27.4&#8243; _module_preset=&#8220;default&#8220; title_text_color=&#8220;#e09900&#8243; title_font_size=&#8220;18px&#8220; border_radii=&#8220;on|5px|5px|5px|5px&#8220; box_shadow_style=&#8220;preset1&#8243; global_module=&#8220;53379&#8243; saved_tabs=&#8220;all&#8220; global_colors_info=&#8220;{}&#8220;]<\/p>\n<p>Die Zeit zwischen der Franz\u00f6sischen Revolution und der Schlacht bei K\u00f6niggr\u00e4tz 1866 war eine kriegerische Periode. Viele der politischen Grundhaltungen, Animosit\u00e4ten gegen\u00fcber anderen Gruppen und der europ\u00e4ische Nationalismus des 19. und 20. Jahrhunderts, die auch die Geschichte Innsbruck beeinflussen sollten, hatten ihre Wurzeln in den Auseinandersetzungen dieser Zeit. Das revolution\u00e4re Paris war zwar weit weg und weder standen E-Mails noch ein fl\u00e4chendeckendes Pressewesen zur Verbreitung von Nachrichten zur Verf\u00fcgung. \u00dcber Flugbl\u00e4tter und die Kirchenkanzeln wurden die Gottlosigkeit der M\u00f6rder Marie Antoinettes und der Hass auf die Kirche der neuen Herren\u00fcber Frankreich erfolgreich verbreitet. Die Monarchien Europas angef\u00fchrt von den Habsburgern hatten der Franz\u00f6sischen Republik den Krieg erkl\u00e4rt. Die Angst ging um, dass sich der Wahlspruch der Revolution \u201e<em>Libert\u00e9,\u00a0\u00c9galit\u00e9,\u00a0Fraternit\u00e9<\/em>\u201c in Europa ausbreiten k\u00f6nnte. Ein junger General namens Napoleon Bonaparte war mit seiner\u00a0<em>italienischen Armee<\/em>\u00a0im Rahmen der Koalitionskriege \u00fcber die Alpen vorger\u00fcckt und traf dort auf die \u00f6sterreichischen Truppen. Es war nicht nur ein Krieg um Territorium und Macht, es war ein Kampf der Systeme. Die <em>Grande Armee<\/em> der revolution\u00e4ren Republik Frankreich traf auf die Truppen der konservativen und katholischen Habsburger.<\/p>\n<p>Tiroler Sch\u00fctzen waren aktiv am Kampfgeschehen beteiligt, um die Landesgrenzen gegen die einr\u00fcckenden Franzosen zu verteidigen. Die M\u00e4nner waren es gewohnt, mit Waffen umzugehen und galten als ge\u00fcbte Scharfsch\u00fctzen. Der Historiker Ludwig Denk dr\u00fcckte es in einer Schrift 1860 so aus:<\/p>\n<p><em>\u201e\u2026Hauptlust des Tirolers ist das Schiessen. Fr\u00fche schon nimmt der Vater den Sohn mit auf die Jagd. Nicht selten sieht man Knaben mit geladenem Gewehr herumlaufen und auf hohe Berge steigen und Vogel oder Eichh\u00f6rnchen schiessen\u2026\u201c<\/em><\/p>\n<p>Die St\u00e4rke von Einheiten wie den 1796 ins Leben gerufenen H\u00f6ttinger Sch\u00fctzen lag nicht in der offenen Feldschlacht, sondern im Guerrillakampf. Dar\u00fcber hinaus hatten sie eine Geheimwaffe auf ihrer Seite gegen die fortschrittlichste und modernste Armee der damaligen Zeit: Das Herz Jesu. Seit 1719 waren jesuitische Missionare bis in die hintersten Seitent\u00e4ler unterwegs gewesen und hatten den Herz Jesu Kult als verbindendes Element erfolgreich im Kampf gegen heidnische Br\u00e4uche und Protestantismus etabliert. Nun, da man den gottlosen revolution\u00e4ren Franzosen, die nicht nur der Monarchie, sondern auch dem Klerus den Kampf ansagten, gegen\u00fcberstand, war es nur logisch, dass das Herz Jesu sch\u00fctzend \u00fcber die Tiroler Gotteskrieger wachen w\u00fcrde. In aussichtsloser Situation erneuerten die Tiroler Truppen ihren Bund mit dem Herzen Jesu, um Schutz zu erbitten. \u00a0Gegen jede Wahrscheinlichkeit waren die Tiroler Sch\u00fctzen erfolgreich in ihrem Abwehrkampf. Der Abt des Klosters Stams war es, der bei den Landst\u00e4nden beantragte, von nun an allj\u00e4hrlich &#8222;<em>das Fest des g\u00f6ttlichen Herzens Jesu mit feierlichem Gottesdienst zu begehen, wenn Tirol von der drohenden Feindesgefahr befreit werde.<\/em>&#8220; Allj\u00e4hrlich wurden die Herz-Jesu-Feiern mit gro\u00dfem Pomp in der Presse besprochen und angek\u00fcndigt. Sie waren vor allem im 19. und im fr\u00fchen 20. Jahrhundert ein explosives Gemisch aus Volksaberglauben, Katholizismus und nationalen Ressentiments gegen alles Franz\u00f6sische und Italienische. Unz\u00e4hlige Soldaten vertrauten ihr Wohl noch im technologisierten Kampfgeschehen des Ersten Weltkriegs dem Herzen Jesu an und trugen im Granatenhagel Bilder dieses Symbols bei sich. Neben der Gnadenmutter Cranachs ist die Darstellung des Herzen Jesu wohl bis heute das beliebteste christliche Motiv im Tiroler Raum und prangt auf der Fassade unz\u00e4hliger H\u00e4user.<\/p>\n<p>Das habsburgische Tirol hatte sich w\u00e4hrend den Kriegswirren ohne sein Zutun, und wohl auch ohne das des Herzen Jesu, vergr\u00f6\u00dfert. Das Trentino war in den letzten Atemz\u00fcgen des Heiligen R\u00f6mischen Reiches vor dessen Aufl\u00f6sung 1803 zu einem Teil des Kronlandes geworden. Innsbruck hingegen war geschrumpft. Die verstorbenen Soldaten und die kriegsbedingten wirtschaftlichen Schwierigkeiten f\u00fchrten zu einem R\u00fcckgang der Einwohner von gut 9500 um das Jahr 1750 auf etwa 8800. Nach den Napoleonischen Kriegen blieb es f\u00fcr etwa 30 Jahre ruhig an den Tiroler Landesgrenzen. Das \u00e4nderte sich mit dem italienischen Risorgimento, der Nationalbewegung unter F\u00fchrung Sardinien-Piemonts und Frankreichs. 1848, 1859 und 1866 kam es zu den sogenannten <em>Italienischen Einigungskriegen<\/em>. Im Lauf des 19. Jahrhunderts, sp\u00e4testens seit 1848, war es unter jungen M\u00e4nnern der Oberschicht zu einem regelrechten nationalen Rausch gekommen. Freiwilligenheere schossen in allen Regionen Europas aus dem Boden. Studenten und Akademiker, die sich in ihren Verbindungen zusammentaten, Turner, Sch\u00fctzen, alle wollten ihre neue Liebe zur Nation auf dem Schlachtfeld unter Beweis stellen und unterst\u00fctzten die offiziellen Armeen.<\/p>\n<p>Innsbruck war als Garnisonsstadt ein wichtiger Versorgungsposten. Nach dem Wiener Kongress war aus dem <em>Tiroler J\u00e4gerkorps<\/em> das\u00a0<em>k.k. Tiroler Kaiserj\u00e4gerregiment<\/em> geworden, eine Eliteeinheit, die in diesen Auseinandersetzungen zum Einsatz kam. Auch freiwillige Einheiten wie die <em>Innsbrucker Akademiker<\/em> oder die Stubaier Sch\u00fctzen k\u00e4mpften in Italien. Tausende fielen im Kampf gegen die Koalition aus dem Erzfeind Frankreich, den gottlosen Garibaldinern und der Bedrohung durch das sich auf Kosten \u00d6sterreichs konstituierende K\u00f6nigreich Italien unter der F\u00fchrung der frankophilen Savoyer aus Piemont. Medien heizten die Stimmung abseits der Frontlinie auf. Die &#8222;<em>Innsbrucker Zeitung<\/em>&#8220; predigte in ihren Artikeln Kaisertreue und gro\u00dfdeutsch-tirolischen Nationalismus, wetterte gegen das Italienertum und Franzosen und pries den Mut Tiroler Soldaten.<\/p>\n<p><em>&#8222;Die starke Besetzung der H\u00f6hen am Ausgange des Valsugana bei Primolano und le Tezze gab schon oft den Innsbrucker-Akademikern I. und den Stubaiern Anla\u00df, freiwillige Ercur:sionen gegen le Tezze, Fonzago und Fastro, als auch auf das rechte Brenta-Ufer und den H\u00f6hen gegen die kleinen Lager von den Sette comuni zu machen&#8230;Am 19. schon haben die Stubaier einige Feinde niedergestreckt, als sie sich das erste mal hinunterwagten, indem sie sich ihnen entgegenschlichen&#8230;&#8220;<\/em><\/p>\n<p>Die wohl bekannteste Schlacht der <em>Einigungskriege<\/em> fand in Solferino 1859 in der N\u00e4he des Gardasees statt. Entsetzt vom blutigen Geschehen entschloss sich Henry Durant das Rote Kreuz zu gr\u00fcnden. Der Schriftsteller Joseph Roth beschrieb das Geschehen auf den ersten Seiten seines lesenswerten Klassikers\u00a0<em>Radetzkymarsch<\/em>.<\/p>\n<p><em>\u201eIn der Schlacht bei Solferino befehligte er (Anm.: Leutnant Trotta) als Leutnant der Infanterie einen Zug. Seit einer halben Stunde war das Gefecht im Gange. Drei Schritte vor sich sah er die wei\u00dfen R\u00fccken seiner Soldaten. Die erste Reihe seines Zuges kniete, die zweite stand. Heiter waren alle und sicher des Sieges. Sie hatten ausgiebig gegessen und Branntwein getrunken, auf Kosten und zu Ehren des Kaisers, der seit gestern im Felde war. Hier und dort fiel einer aus der Reihe.\u201c<\/em><\/p>\n<p>Besonders verlustreich f\u00fcr das Kaiserreich \u00d6sterreich war das Jahr 1866. In Italien gingen Venetien und die Lombardei verloren. Gleichzeitig \u00fcbernahm Preu\u00dfen die F\u00fchrung im Deutschen Bund, der Nachfolgeorganisation des <em>Heiligen R\u00f6mischen Reich Deutscher Nation.<\/em> F\u00fcr Innsbruck bedeutete das Ausscheiden der Habsburgermonarchie aus dem Deutschen Bund, dass man endg\u00fcltig zu einer Stadt an der westlichen Peripherie des Reiches geworden war. Der Hang zur sogenannten\u00a0<em>Gro\u00dfdeutschen L\u00f6sung<\/em>, also einer Staatlichkeit mit dem Deutschen Reich gemeinsam anstatt dem alleinstehenden Kaisertum \u00d6sterreich, war in Innsbruck sehr stark ausgepr\u00e4gt. Wie sehr diese Deutsche Frage die Stadt spaltete, zeigte sich noch \u00fcber 30 Jahre sp\u00e4ter, als der Innsbrucker Gemeinderat dem <em>Eisernen Kanzler<\/em> Bismarck, der f\u00fcr den Bruderkrieg zwischen \u00d6sterreich und Deutschland federf\u00fchrend verantwortlich war, eine Stra\u00dfe widmen wollte. W\u00e4hrend sich kaisertreue Konservative entsetzt ob dieses Vorschlages zeigten, waren die gro\u00dfdeutschen Liberalen rund um B\u00fcrgermeister Wilhelm Greil begeistert.<\/p>\n<p>Mit dem Tummelplatz, dem Milit\u00e4rfriedhof Pradl und dem Kaiserj\u00e4germuseum am Berg Isel besitzt die Stadt mehrere Erinnerungsorte an diese blutigen Konflikte, bei denen viele Innsbrucker ins Feld zogen.<\/p>\n<p>[\/et_pb_toggle][et_pb_toggle title=&#8220;Der Erste Weltkrieg &#8220; open_toggle_text_color=&#8220;#e09900&#8243; open_toggle_background_color=&#8220;#ffffff&#8220; closed_toggle_text_color=&#8220;#e09900&#8243; closed_toggle_background_color=&#8220;#ffffff&#8220; icon_color=&#8220;#e09900&#8243; open_icon_color=&#8220;#e09900&#8243; admin_label=&#8220;Der Erste Weltkrieg und die Zeit danach&#8220; _builder_version=&#8220;4.27.4&#8243; _module_preset=&#8220;default&#8220; title_text_color=&#8220;#e09900&#8243; title_font_size=&#8220;18px&#8220; border_radii=&#8220;on|5px|5px|5px|5px&#8220; box_shadow_style=&#8220;preset1&#8243; global_module=&#8220;53606&#8243; global_colors_info=&#8220;{}&#8220;]<\/p>\n<p>Beinahe h\u00e4tte nicht Gavrilo Princip, sondern ein Innsbrucker Student die Geschicke der Welt ver\u00e4ndert. Es ist dem Zufall zu verdanken, dass der 20 Jahre alte Serbe im Jahr 1913 gestoppt wurde, weil er mit dem geplanten Attentat auf den Thronfolger vor einer Kellnerin prahlte. Erst als es tats\u00e4chlich zu den die Welt ver\u00e4ndernden Sch\u00fcssen in Sarajevo kam, erschien ein Artikel in den Medien dazu. Welche Auswirkungen der daraufhin ausgebrochene Erste Weltkrieg auf die Welt und den Alltag der Menschen haben sollte, war nach dem tats\u00e4chlichen Attentat auf Franz Ferdinand am 28. Juni nicht absehbar. Zwei Tage nach der Ermordung des Habsburgers in Sarajewo war aber in den <em>Innsbrucker Nachrichten<\/em> bereits prophetisches zu lesen: \u201e<em>Wir sind an einem Wendepunkte \u2013 vielleicht an dem Wendepunkte\u201c \u2013 der Geschicke dieses Reiches angelangt<\/em>\u201c.<\/p>\n<p>Auch in Innsbruck war die Begeisterung f\u00fcr den Krieg 1914 gro\u00df gewesen. Vom \u201e<em>Gott, Kaiser und Vaterland<\/em>\u201c der Zeit angetrieben, begr\u00fc\u00dften die Menschen den Angriff auf Serbien zum allergr\u00f6\u00dften Teil einhellig. Politiker, Klerus und Presse stimmten in den allgemeinen Jubel mit ein. Neben dem kaiserlichen Appell \u201eAn meine V\u00f6lker\u201c, der in allen Medien des Reiches erschien, druckten die <em>Innsbrucker Nachrichten<\/em> am 29. Juli, dem Tag nach der Kriegserkl\u00e4rung \u00d6sterreich-Ungarns an Serbien einen Artikel rund um die Einnahme Belgrads durch Prinz Eugen im Jahr 1717. Der Ton in den Medien war feierlich, wenn auch nicht ganz ohne b\u00f6se Vorahnung auf das, was kommen sollte.<\/p>\n<p><em>\u201eDer Appell des Kaisers an seine V\u00f6lker wird tief ergreifen. Der innere Hader ist verstummt und die Spekulationen unserer Feinde aus Unruhen und \u00e4hnliche Dinge sind j\u00e4mmerlich zu Schanden geworden. In alter und vielbew\u00e4hrter Treue stehen vor allem auch diesmal die Deutschen zu Kaiser und Reich: auch diesmal bereit, mit ihrem Blute f\u00fcr Dynastie und Vaterland einzustehen. Wir gehen schweren Tagen entgegen; niemand kann auch nur ahnen, was uns das Schicksal bescheiden wird, was es Europa, was es der Welt bescheiden wird. Wir k\u00f6nnen nur mit unserem alten Kaiser auf unsere Kraft und auf Gott vertrauen und die Zuversicht hegen, da\u00df, wenn wir einig find und zusammenhalten, uns der Sieg beschieden sein mu\u00df, denn wir wollten den Krieg nicht und unsere Sache ist die der Gerechtigkeit!\u201c<\/em><\/p>\n<p>Besonders \u201everdient\u201c machten sich bei der Kriegstreiberei Theologen wie Joseph Seeber (1856 \u2013 1919) und Anton M\u00fcllner alias <em>Bruder Willram<\/em> (1870 \u2013 1919) die mit ihren Predigten und Schriften wie \u201e<em>Das blutige Jahr<\/em>\u201c den Krieg zu einem Kreuzzug gegen Frankreich und Italien erhoben.<\/p>\n<p>Viele Innsbrucker meldeten sich freiwillig f\u00fcr den Feldzug gegen Serbien, von dem man dachte, er w\u00e4re eine Angelegenheit weniger Wochen oder Monate. Von au\u00dferhalb der Stadt kam eine so gro\u00dfe Anzahl an Freiwilligen zu den Stellungskommissionen, dass Innsbruck beinahe aus allen N\u00e4hten platzte. Wie anders es kommen sollte, konnte keiner ahnen. Schon nach den ersten Schlachten im fernen Galizien war klar, dass es keine Sache von Monaten werden w\u00fcrde. Kaiserj\u00e4ger und andere Tiroler Truppen wurden regelrecht verheizt. Schlechte Ausr\u00fcstung, mangelnder Nachschub und die katastrophale des Oberkommandos unter Konrad von H\u00f6tzendorf brachten Tausenden den Tod oder in Kriegsgefangenschaft, wo Hunger, Misshandlung und Zwangsarbeit warteten.<\/p>\n<p>1915 trat das K\u00f6nigreich Italien an der Seite Frankreichs und Englands in den Krieg ein. Damit ging die Front quer durch das damalige Tirol. Vom Ortler im Westen \u00fcber den n\u00f6rdlichen Gardasee bis zu den <em>Sextener Dolomiten<\/em> fanden die Gefechte des Gebirgskriegs statt. Innsbruck war nicht direkt von den Kampfhandlungen betroffen. Zumindest h\u00f6ren konnte man das Kriegsgeschehen aber bis in die Landeshauptstadt, wie in der Zeitung vom 7. Juli 1915 zu lesen war:<\/p>\n<p><em>\u201eBald nach Beginn der Feindseligkeiten der Italiener konnte man in der Gegend der Serlesspitze deutlich Kanonendonner wahrnehmen, der von einem der Kampfpl\u00e4tze im S\u00fcden Tirols kam, wahrscheinlich von der Vielgereuter Hochebene. In den letzten Tagen ist nun in Innsbruck selbst und im Nordosten der Stadt unzweifelhaft der Schall von Gesch\u00fctzdonner festgestellt worden, einzelne starke Schl\u00e4ge, die dumpf, nicht rollend und t\u00f6nend \u00fcber den Brenner her\u00fcberklangen. Eine T\u00e4uschung ist ausgeschlossen. In Innsbruck selbst ist der Donner der Kanonen schwerer festzustellen, weil hier der L\u00e4rm zu gro\u00df ist, es wurde aber doch einmal abends ungef\u00e4hr um 9 Uhr, als einigerma\u00dfen Ruhe herrschte, dieser unzweifelhafte von unseren M\u00f6rsern herr\u00fchrender Donner geh\u00f6rt.\u201c<\/em><\/p>\n<p>Bis zur Verlegung regul\u00e4rer Truppen von der Ostfront an die Tiroler Landesgrenzen hing die Landesverteidigung an den Standsch\u00fctzen, einer Truppe, die aus M\u00e4nnern unter 21, \u00fcber 42 oder mit Untauglichkeit f\u00fcr den regul\u00e4ren Milit\u00e4rdienst bestand. Die Opferzahlen waren dementsprechend hoch.<\/p>\n<p>Die Front war zwar relativ weit von Innsbruck entfernt, der Krieg drang aber auch ins zivile Leben ein. Durch die Massenmobilmachung eines gro\u00dfen Teils der arbeitenden m\u00e4nnlichen Bev\u00f6lkerung kamen viele Betriebe zum vollkommenen Stillstand. Regale in Gesch\u00e4ften blieben leer, der \u00f6ffentliche Verkehr kam zum Erliegen, Handwerker und Arbeiter fehlten an allen Ecken und Enden. Oft fehlten Kohle und Brennholz. Hunger und K\u00e4lte wurden in der Stadt zu erbitterten Feinden von Frauen, Kindern, Verwundeten und nicht Kriegstauglichen. Diese Erfahrung der totalen Einbeziehung der gesamten Gesellschaft war f\u00fcr die Menschen neu. In der H\u00f6ttinger Au wurden Baracken zur Unterbringung von Kriegsgefangenen errichtet. Verwundetentransporte brachten eine so gro\u00dfe Zahl grauenhaft Verletzter, dass viele eigentlich zivile Geb\u00e4ude wie die sich gerade im Bau befindliche Universit\u00e4tsbibliothek oder Schloss Ambras in Milit\u00e4rspit\u00e4ler umfunktioniert wurden. Um der gro\u00dfen Zahl an Gefallenen Herr zu werden, wurde der Milit\u00e4rfriedhof Pradl angelegt. Ein Vorg\u00e4nger der Stra\u00dfenbahnlinie 3 wurde eingerichtet, um die Verwundeten vom Bahnhof ins neue Garnisonsspital, die heutige Conradkaserne in Pradl, bringen zu k\u00f6nnen. Die Unternehmen, die noch produzieren konnten, wurden der Kriegswirtshaft untergeordnet. Je l\u00e4nger der Krieg aber dauerte, desto weniger waren es. Im Winter 1917 war die Innsbrucker Wirtschaft beinahe g\u00e4nzlich zusammengebrochen.<\/p>\n<p>Mit dem Kriegsende r\u00fcckte auch die Front n\u00e4her. Im Februar 1918 schaffte es die italienische Luftwaffe, drei Bomben auf Innsbruck abzuwerfen. In diesem Winter, der als <em>Hungerwinter<\/em> in die europ\u00e4ische Geschichte einging, machte sich auch der Mangel bemerkbar. Die Versorgung erfolgte in den letzten Kriegsjahren \u00fcber Bezugsscheine. 500 g Fleisch, 60 g Butter und 2 kg Kartoffel waren die Basiskost pro Person \u2013 pro Woche, wohlgemerkt. Auf Archivbildern kann man die langen Schlangen verzweifelter und hungriger Menschen vor den Lebensmittell\u00e4den sehen. Immer wieder kam es zu Protesten und Streiks. Politiker, Gewerkschafter, Arbeiter und Kriegsheimkehrer sahen ihre Chance auf Umbruch gekommen. Unter dem Motto <em>Friede, Brot und Wahlrecht <\/em>vereinten sich unterschiedlichste Parteien im Widerstand gegen den Krieg. Zu dieser Zeit war den meisten Menschen schon klar, dass der Krieg verloren war, und welches Schicksal Tirol erwarten w\u00fcrde, wie dieser Artikel vom 6. Oktober 1918 zeigt:<\/p>\n<p>\u00a0\u201e<em>Aeu\u00dfere und innere Feinde w\u00fcrfeln heute um das Land Andreas Hofers. Der letzte Wurf ist noch grausamer; sch\u00e4ndlicher ist noch nie ein freies Land geschachert worden. Das Blut unserer V\u00e4ter, S\u00f6hne und Br\u00fcder ist umsonst geflossen, wenn dieser sch\u00e4ndliche Plan Wirklichkeit werden soll. Der letzte Wurf ist noch nicht getan. Darum auf Tiroler, zum Tiroler Volkstag in Brixen am 13. Oktober 1918 (n\u00e4chsten Sonntag). Deutscher Boden mu\u00df deutsch bleiben, Tiroler Boden mu\u00df tirolisch bleiben. Tiroler entscheidet selbst \u00fcber Eure Zukunft!<\/em>\u201c<\/p>\n<p>Am 4. November vereinbarten \u00d6sterreich-Ungarn und das K\u00f6nigreich Italien schlie\u00dflich einen Waffenstillstand. Damit verbunden war das Recht der Alliierten Gebiete der Monarchie zu besetzen. Bereits am n\u00e4chsten Tag r\u00fcckten bayerische Truppen in Innsbruck ein. Der \u00f6sterreichische Verb\u00fcndete Deutschland befand sich noch im Krieg mit Italien und hatte Angst, die Front k\u00f6nnte nach Nordtirol n\u00e4her an das Deutsche Reich verlegt werden. Zum gro\u00dfen Gl\u00fcck f\u00fcr Innsbruck und die Umgebung kapitulierte aber auch Deutschland eine Woche sp\u00e4ter am 11. November. So blieben die gro\u00dfen Kampfhandlungen zwischen regul\u00e4ren Armeen au\u00dfen vor.<\/p>\n<p>Trotzdem war Innsbruck in Gefahr. Gewaltige Kolonnen an milit\u00e4rischen Kraftfahrzeugen, Z\u00fcge voller Soldaten und tausende ausgezehrte Soldaten, die sich zu Fu\u00df auf den Heimweg von der Front machten, passierten die Stadt. Wer konnte, sprang auf einen der \u00fcberf\u00fcllten Z\u00fcge oder auf ein Auto, um den Brenner hinter sich zu lassen, um nach Hause zu kommen. Im November 1918 kamen mehr als 270 Soldaten bei diesen waghalsigen Man\u00f6vern ums Leben oder mussten in eines der Lazarette der Stadt eingeliefert werden. Die Stadt musste nicht nur die eigenen B\u00fcrger in Zaum halten, die Verpflegung garantieren, sondern sich auch vor Pl\u00fcnderungen sch\u00fctzen. Um die \u00f6ffentliche Ordnung aufrecht zu erhalten, bildete der Tiroler Nationalrat am 5. November eine Volkswehr aus Sch\u00fclern, Studenten, Arbeitern und B\u00fcrgern. Am 23. November 1918 besetzten italienische Truppen die Stadt und das Umland. Der beschwichtigende Aufruf an die Innsbrucker von B\u00fcrgermeister Greil, die Stadt ohne Aufruhr zu \u00fcbergeben, hatte Erfolg. 5000 Mann mussten Unterschlupf in der ausgehungerten und elenden Stadt finden. Schulen wurden zu Kasernen. Es kam zwar zu vereinzelten Ausschreitungen, Hungerkrawallen und Pl\u00fcnderungen, bewaffnete Auseinandersetzungen mit den Besatzungstruppen oder gar eine bolschewistische Revolution wie in M\u00fcnchen gab es aber nicht.<\/p>\n<p>\u00dcber 1200 Innsbrucker verloren auf den Schlachtfeldern und in Lazaretten ihr Leben, \u00fcber 600 wurden verwundet. Erinnerungsorte an den Ersten Weltkrieg und seine Opfer finden sich in Innsbruck vor allem an Kirchen und Friedh\u00f6fen. Das Kaiserj\u00e4germuseum am Berg Isel zeigt Uniformen, Waffen und Bilder des Schlachtgeschehens. Den beiden Theologen Anton M\u00fcllner und Josef Seeber sind in Innsbruck Stra\u00dfennamen gewidmet. Auch nach dem Oberbefehlshaber der k.u.k Armee an der S\u00fcdfront, Erzherzog Eugen, wurde eine Stra\u00dfe benannt. Vor dem Hofgarten befindet sich ein Denkmal f\u00fcr den erfolglosen Feldherren. An die italienische Besatzung erinnert der \u00f6stliche Teil des Amraser Milit\u00e4rfriedhofs.<\/p>\n<p>[\/et_pb_toggle][\/et_pb_column][\/et_pb_section]<\/p>\n","protected":false},"excerpt":{"rendered":"<p>Anzengruberstra\u00dfe<\/p>","protected":false},"author":1,"featured_media":61486,"comment_status":"open","ping_status":"closed","sticky":false,"template":"","format":"standard","meta":{"_et_pb_use_builder":"on","_et_pb_old_content":"","_et_gb_content_width":"","wds_primary_category":0,"footnotes":""},"categories":[36,82,62],"tags":[],"class_list":["post-53913","post","type-post","status-publish","format-standard","has-post-thumbnail","hentry","category-1796-1866-vom-herzen-jesu-bis-koeniggraetz","category-amras-pradl","category-der-erste-weltkrieg-und-die-zeit-danach"],"_links":{"self":[{"href":"https:\/\/www.discover-innsbruck.at\/en\/wp-json\/wp\/v2\/posts\/53913","targetHints":{"allow":["GET"]}}],"collection":[{"href":"https:\/\/www.discover-innsbruck.at\/en\/wp-json\/wp\/v2\/posts"}],"about":[{"href":"https:\/\/www.discover-innsbruck.at\/en\/wp-json\/wp\/v2\/types\/post"}],"author":[{"embeddable":true,"href":"https:\/\/www.discover-innsbruck.at\/en\/wp-json\/wp\/v2\/users\/1"}],"replies":[{"embeddable":true,"href":"https:\/\/www.discover-innsbruck.at\/en\/wp-json\/wp\/v2\/comments?post=53913"}],"version-history":[{"count":0,"href":"https:\/\/www.discover-innsbruck.at\/en\/wp-json\/wp\/v2\/posts\/53913\/revisions"}],"wp:featuredmedia":[{"embeddable":true,"href":"https:\/\/www.discover-innsbruck.at\/en\/wp-json\/wp\/v2\/media\/61486"}],"wp:attachment":[{"href":"https:\/\/www.discover-innsbruck.at\/en\/wp-json\/wp\/v2\/media?parent=53913"}],"wp:term":[{"taxonomy":"category","embeddable":true,"href":"https:\/\/www.discover-innsbruck.at\/en\/wp-json\/wp\/v2\/categories?post=53913"},{"taxonomy":"post_tag","embeddable":true,"href":"https:\/\/www.discover-innsbruck.at\/en\/wp-json\/wp\/v2\/tags?post=53913"}],"curies":[{"name":"wp","href":"https:\/\/api.w.org\/{rel}","templated":true}]}}