{"id":53943,"date":"2024-04-24T10:54:01","date_gmt":"2024-04-24T10:54:01","guid":{"rendered":"https:\/\/www.discover-innsbruck.at\/?p=53943"},"modified":"2026-02-25T14:34:53","modified_gmt":"2026-02-25T14:34:53","slug":"pradlerstrasse","status":"publish","type":"post","link":"https:\/\/www.discover-innsbruck.at\/en\/pradlerstrasse\/","title":{"rendered":"Pradlerstra\u00dfe"},"content":{"rendered":"<p>[et_pb_section fb_built=&#8220;1&#8243; specialty=&#8220;on&#8220; _builder_version=&#8220;4.24.3&#8243; _module_preset=&#8220;default&#8220; global_colors_info=&#8220;{}&#8220;][et_pb_column type=&#8220;1_2&#8243; specialty_columns=&#8220;2&#8243; _builder_version=&#8220;4.16&#8243; custom_padding=&#8220;|||&#8220; global_colors_info=&#8220;{}&#8220; custom_padding__hover=&#8220;|||&#8220;][et_pb_row_inner _builder_version=&#8220;4.16&#8243; _module_preset=&#8220;default&#8220; global_colors_info=&#8220;{}&#8220;][et_pb_column_inner saved_specialty_column_type=&#8220;1_2&#8243; _builder_version=&#8220;4.16&#8243; _module_preset=&#8220;default&#8220; global_colors_info=&#8220;{}&#8220;][et_pb_text admin_label=&#8220;Titel und Adresse&#8220; _builder_version=&#8220;4.24.3&#8243; text_text_color=&#8220;#000000&#8243; header_font=&#8220;|on|||&#8220; header_text_align=&#8220;center&#8220; header_text_color=&#8220;#e09900&#8243; header_font_size=&#8220;42px&#8220; header_line_height=&#8220;1.3em&#8220; header_2_text_color=&#8220;#e09900&#8243; background_color=&#8220;rgba(255,255,255,0.8)&#8220; background_layout=&#8220;dark&#8220; custom_padding=&#8220;20px|20px|20px|20px|true|true&#8220; header_font_size_last_edited=&#8220;off|desktop&#8220; border_radii=&#8220;on|10px|10px|10px|10px&#8220; box_shadow_style=&#8220;preset1&#8243; locked=&#8220;off&#8220; global_colors_info=&#8220;{}&#8220;]<\/p>\n<h2>Pradlerstra\u00dfe<\/h2>\n<p>Pradlerstra\u00dfe<\/p>\n<p>[\/et_pb_text][et_pb_image src=&#8220;https:\/\/www.discover-innsbruck.at\/wp-content\/uploads\/2024\/05\/IMG_5988-scaled.jpg&#8220; alt=&#8220;Nordkette Innsbruck&#8220; title_text=&#8220;IMG_5988&#8243; disabled_on=&#8220;on|on|on&#8220; _builder_version=&#8220;4.25.1&#8243; _module_preset=&#8220;default&#8220; border_radii=&#8220;on|10px|10px|10px|10px&#8220; box_shadow_style=&#8220;preset1&#8243; disabled=&#8220;on&#8220; global_colors_info=&#8220;{}&#8220;][\/et_pb_image][et_pb_gallery gallery_ids=&#8220;65962,55456,61141,57605,61136,61140,65961,61138,55816,61137,61139,57255,57768&#8243; fullwidth=&#8220;on&#8220; admin_label=&#8220;Galerie Pradlerstra\u00dfe&#8220; _builder_version=&#8220;4.27.4&#8243; _module_preset=&#8220;default&#8220; pagination_text_color=&#8220;#E09900&#8243; border_radii=&#8220;on|5px|5px|5px|5px&#8220; box_shadow_style=&#8220;preset1&#8243; global_module=&#8220;62014&#8243; saved_tabs=&#8220;all&#8220; global_colors_info=&#8220;{}&#8220;][\/et_pb_gallery][\/et_pb_column_inner][\/et_pb_row_inner][\/et_pb_column][et_pb_column type=&#8220;1_2&#8243; _builder_version=&#8220;4.16&#8243; custom_padding=&#8220;|||&#8220; global_colors_info=&#8220;{}&#8220; custom_padding__hover=&#8220;|||&#8220;][et_pb_toggle title=&#8220;Wissenswert&#8220; open=&#8220;on&#8220; open_toggle_text_color=&#8220;#e09900&#8243; open_toggle_background_color=&#8220;#ffffff&#8220; closed_toggle_text_color=&#8220;#e09900&#8243; closed_toggle_background_color=&#8220;#ffffff&#8220; icon_color=&#8220;#e09900&#8243; open_icon_color=&#8220;#e09900&#8243; admin_label=&#8220;Pradlerstra\u00dfe&#8220; _builder_version=&#8220;4.27.4&#8243; _module_preset=&#8220;default&#8220; title_text_color=&#8220;#e09900&#8243; title_font_size=&#8220;18px&#8220; border_radii=&#8220;on|5px|5px|5px|5px&#8220; box_shadow_style=&#8220;preset1&#8243; global_module=&#8220;59284&#8243; saved_tabs=&#8220;all&#8220; global_colors_info=&#8220;{}&#8220;]<\/p>\n<p>Bereits in der fr\u00fchen Neuzeit f\u00fchrte eine Br\u00fccke \u00fcber die Sill, die Pradl und Innsbruck verbanden. Hier begann der von Ferdinand II. befestigte <em>F\u00fcrstenweg<\/em>, der bis zum Schloss Ambras f\u00fchrte. Der n\u00f6rdliche Teil dieser fr\u00fchen Nord-S\u00fcd-Verbindung ist die heutige Pradlerstra\u00dfe. Ein Blick auf den Werdegang dieses kleinen Gebietes erz\u00e4hlt die Entwicklungsgeschichte Innsbrucks zwischen dem 16. und dem 20. Jahrhundert. Durch das Mittelalter und die fr\u00fche Neuzeit hindurch war Pradl eines von vielen kleinen, l\u00e4ndlich gepr\u00e4gten D\u00f6rfern im Speckg\u00fcrtel der Stadt. Im 19. Jahrhundert wurde Pradl wie die anderen Randgebiete zum industriellen <em>Boomtown<\/em>. Die Bauernh\u00e4user wurden im Rahmen der Stadterweiterung nach und nach von den modernen Wohnh\u00e4usern und Siedlungen umschlungen. Bereits vor der Vereinigung Pradls mit Innsbruck 1904 siedelten sich gro\u00dfe Arbeitgeber wie die Seidenspinnerei Rhomberg und das Gaswerk an. B\u00e4ckereien, Metzger, kleine L\u00e4den und Gastst\u00e4tten er\u00f6ffneten. Anders als Wilten, das entlang des Sillkanals schon immer einen gewissen Grad der Industrialisierung zu verzeichnen hatte, war Pradl bis ins 19. Jahrhundert ausschlie\u00dflich landwirtschaftlich gepr\u00e4gt. Es bedurfte neuer H\u00e4user und Wohnungen f\u00fcr die Angestellten und Arbeiter. Zwischen den Kreuzungen Amthorstra\u00dfe\/Pradlerstra\u00dfe und Gumppstra\u00dfe\/Pradlerstra\u00dfe und in der Gabelsbergerstra\u00dfe befinden sich bis heute mehrere dieser Wohn- und Mietzinsh\u00e4user. Die pl\u00f6tzliche Ver\u00e4nderung f\u00fchrte zu Spannungen zwischen alteingesessenen und neuen Pradlern. Kinder aus Arbeiterfamilien, bei denen oft beide Elternteile berufst\u00e4tig waren, galten den Bauernfamilien als <em>Rattler<\/em>, mit denen die eigene Brut nur ungern beim Spielen gesehen wurde. Die Pradlerstra\u00dfe selbst war hingegen ein gut b\u00fcrgerliches Wohnviertel, wie einige der sch\u00f6nen Geb\u00e4ude bis heute eindrucksvoll zeigen. Haus Nummer 32 war Wohnhaus und Werkst\u00e4tte Rafael Thalers (1870 \u2013 1947), der als Restaurator und K\u00fcnstler f\u00fcr viele Fassadenmalereien und Fresken im Heimatstil in und rund um Innsbruck verantwortlich war. Sein Heim schm\u00fcckte er mit seinen eigenen Werken. Thaler war sowohl in der sp\u00e4ten Monarchie wie auch in der Zwischenkriegszeit ein erfolgreicher und \u00e4u\u00dferst produktiver Maler. Seine oft kitschigen Werke, h\u00e4ufig auf Gottesh\u00e4usern und Geb\u00e4uden im Tiroler Heimatstil zu finden, stellten religi\u00f6se Motive, Landschaften, Putti, Tiere, Tiroler Sagenfiguren und Allegorien aus der Antike im neobarocken Stil dar. Wer mit offenen Augen durch die Stadt spaziert, wird viele Werke Thalers ersp\u00e4hen. Neben Fresken auf H\u00e4userfassaden nahm er auch Auftr\u00e4ge f\u00fcr Portraits, Postkarten und Neujahrsentschuldigungskarten an. Haus Nummer 36 wird von einer Darstellung des Weinh\u00e4ndlers Benedikt Fritz geziert. Hausnummer 38 ist ein wunderbares Beispiel f\u00fcr den Heimatstil, der zu dieser Zeit charakteristisch f\u00fcr Innsbrucks Architektur war. Die Wandmalerei dieses Eckhauses, ebenfalls von Rafael Thaler, zeigt zwei Frauenfiguren, die <em>Handel<\/em> und <em>Gewerbe<\/em> repr\u00e4sentieren. Das darunter stehende Bonmot war Ausdruck eines neuen b\u00fcrgerlichen, jedoch noch immer konservativen, Selbstverst\u00e4ndnisses der Besitzer.<\/p>\n<p>\u201e<em>Arbeit ist des B\u00fcrgers Zierde,<\/em><\/p>\n<p><em>Segen ist der M\u00fche Preis,<\/em><\/p>\n<p><em>ehrt den K\u00f6nig seine W\u00fcrde,<\/em><\/p>\n<p><em>ehret uns der H\u00e4nde Flei\u00df<\/em>\u201c<\/p>\n<p>Die wachsende Bev\u00f6lkerung musste aber nicht nur mit, Arbeitsst\u00e4tten, Gesch\u00e4ften und Wohnungen, sondern auch mit Bildung und Seelsorge versorgt werden. Zwischen den Bauernh\u00e4usern im Norden und den Wohnh\u00e4usern im S\u00fcden der Pradlerstra\u00dfe entstand ein neues Stadtteilzentrum rund um die Wahrzeichen der Pradler Erweiterung, die Leitgebschule und die neue Pfarrkirche. Wo heute die Leitgebhalle steht, befand sich seit dem sp\u00e4ten 17. Jahrhundert eine Kapelle samt einer Kopie von Lukas Cranachs <em>Gnadenbild Mariahilf<\/em>. Im 19. Jahrhundert wurde dieses kleine Gotteshaus den vielen neuen Pradler Seelen nicht mehr Herr. Von 1905 bis 1908 wurde die neue Kirche als eine der letzten der sp\u00e4ten Monarchie in Innsbruck errichtet. Eindrucksvoll ist das L\u00f6wenportal aus rotem Marmor. Aussehen und Form der L\u00f6wen erinnern stark an mittelalterliche Kirchen s\u00fcdlich der Alpen im romanischen Stil wie <em>San Zeno Maggiore<\/em> in Verona. Die Fl\u00fcgelt\u00fcre wurde nach einem Bombenschaden im Zweiten Weltkrieg in ihr jetziges Aussehen gebracht. Die Kopie des <em>Gnadenbilds Mariahilf<\/em> im Inneren wurde von der Vorg\u00e4ngerkirche mit\u00fcbersiedelt.<\/p>\n<p>Die gegen\u00fcberliegende Leitgebschule weist schon den Weg zu einer moderneren Architektur. Namensgeber war der Innsbrucker Schriftsteller Josef Leitgeb (1897 \u2013 1952), dessen Erz\u00e4hlungen und Gedichte einen Einblick in das Alltagsleben seiner Zeit geben. Das Geb\u00e4ude wurde ebenfalls zwischen 1907 und 1908 nach Pl\u00e4nen Eduard Klinglers ganz im Zeitgeist und dem Geschmack des Stadtplaners im <em>Tiroler Heimatstil<\/em> errichtet. Nach einem Treffer w\u00e4hrend einem der Luftangriffe des Zweiten Weltkrieges wurde eine umfassende Renovierung notwendig. In den Grundz\u00fcgen kann die urspr\u00fcngliche Eleganz noch erahnt werden. Der auf den ersten Blick sperrige und n\u00fcchterne Kubus wirkt bei n\u00e4herem Hinsehen in seinen Details beinahe klassizistisch.<\/p>\n<p>Zwischen die alten Bauernh\u00e4user im S\u00fcden, die schicken Gr\u00fcnderzeith\u00e4user und die Mietskasernen der Jahrhundertwende mischen sich viele wenig ansehnliche Wohnh\u00e4user, die in der Nachkriegszeit errichtet wurden. Wegen ihrer N\u00e4he zum Bahnhof wurden viele Geb\u00e4ude der Pradlerstra\u00dfe Opfer der Luftangriffe. Die Bronzeschilder mit der Aufschrift<\/p>\n<p>\u201e<em>Dieses Haus wurde in den Kriegsjahren 1939\/45 zerst\u00f6rt und aus Fondsmitteln des Bundesministeriums f. Handel u. Wiederaufbau in den Jahren unter dem Bundeskanzler Ing. Julius Raab wiederhergestellt<\/em>\u201c<\/p>\n<p>deuten auf diese Zerst\u00f6rung und den darauffolgenden Wiederaufbau hin. Seit den 1990er Jahren erlitt die Pradlerstra\u00dfe das typische Schicksal vieler zentrumsnaher Stadtviertel Europas. Die gro\u00dfen Papeln zu beiden Seiten der Stra\u00dfe, die seit der bayerischen Besatzung Bestand hatten, wurden im Rahmen der Stra\u00dfenverbreiterung der autozentrierten 1960er Jahre dem Autoverkehr geopfert. Alteingesessene Gewerbe- und Handelsbetriebe werden nicht mehr \u00fcbernommen, neue Gesch\u00e4fte scheitern an der Konkurrenz der nahen Einkaufszentren DEZ und Sillpark. \u00a0<\/p>\n<p>[\/et_pb_toggle][et_pb_toggle title=&#8220;Innsbrucks Industrielle Revolutionen&#8220; open_toggle_text_color=&#8220;#e09900&#8243; open_toggle_background_color=&#8220;#ffffff&#8220; closed_toggle_text_color=&#8220;#e09900&#8243; closed_toggle_background_color=&#8220;#ffffff&#8220; icon_color=&#8220;#e09900&#8243; open_icon_color=&#8220;#e09900&#8243; admin_label=&#8220;Innsbrucks Industrielle Revolutionen&#8220; _builder_version=&#8220;4.27.4&#8243; _module_preset=&#8220;default&#8220; title_text_color=&#8220;#e09900&#8243; title_font_size=&#8220;18px&#8220; border_radii=&#8220;on|5px|5px|5px|5px&#8220; box_shadow_style=&#8220;preset1&#8243; global_module=&#8220;58380&#8243; saved_tabs=&#8220;all&#8220; global_colors_info=&#8220;{}&#8220;]<\/p>\n<p>Im 15. Jahrhundert begann sich in Innsbruck eine erste fr\u00fche Form der Industrialisierung zu entwickeln. Die Metallverarbeitung florierte unter der aufsteigenden Bauwirtschaft in der boomenden Residenzstadt und der Herstellung von Waffen und R\u00fcstungen. Viele Faktoren trafen daf\u00fcr zusammen. Die verkehrsg\u00fcnstige Lage der Stadt, die Verf\u00fcgbarkeit von Wasserkraft, Innsbrucks politischer Aufstieg, das Knowhow der Handwerker und die Verf\u00fcgbarkeit von Kapital unter Maximilian erm\u00f6glichten den Aufbau von Infrastruktur. Glocken- und Waffengie\u00dfer wie die L\u00f6fflers errichteten in H\u00f6tting, M\u00fchlau und Dreiheiligen Betriebe, die zu den f\u00fchrenden Werken Europas ihrer Zeit geh\u00f6rten. Entlang des Sillkanals nutzten M\u00fchlen und Betriebe die Wasserkraft zur Energiegewinnung. Pulverstampfer und Silberschmelzen hatten sich in der Silbergasse, der heutigen Universit\u00e4tsstra\u00dfe, angesiedelt. In der heutigen Adamgasse gab es eine Munitionsfabrik, die 1636 explodierte.<\/p>\n<p>Die Metallverarbeitung kurbelte auch andere Wirtschaftszweige an. Anfang des 17. Jahrhunderts waren 270 Betriebe in Innsbruck ans\u00e4ssig, die Meister, Gesellen und Lehrlinge in Lohn und Brot hatten. Der gr\u00f6\u00dfte Teil der Innsbrucker war zwar noch immer in der Verwaltung t\u00e4tig, Gewerbe, Handwerk und das Geld, das sich damit verdienen lie\u00df, zogen aber eine neue Schicht von Menschen an. Es kam zu einer Umschichtung innerhalb der Stadt. B\u00fcrger und Betriebe wurden von der Beamtenschaft und dem Adel aus der Neustadt verdr\u00e4ngt. Die meisten der barocken Palazzi, die heute die Maria-Theresienstra\u00dfe schm\u00fccken, entstanden im 17. Jahrhundert w\u00e4hrend Dreiheiligen und St. Nikolaus zu Innsbrucks Industrie- und Arbeitervierteln wurden. Neben der Metallverarbeitung rund um die Silbergasse siedelten sich auch Gerber, Tischler, Wagner, Baumeister, Steinmetze und andere Handwerker der fr\u00fchen Industrialisierung hier an.<\/p>\n<p>Die Industrie \u00e4nderte nicht nur die Spielregeln im Sozialen durch den Zuzug neuer Arbeitskr\u00e4fte und ihrer Familien, sie hatte auch Einfluss auf die Erscheinung Innsbrucks. Die Arbeiter waren, anders als die Bauern, keines Herren Untertanen. Unternehmer waren zwar nicht von edlem Blut, sie hatten aber oft mehr Kapital zur Verf\u00fcgung als die Aristokratie. Die alten Hierarchien bestanden zwar noch, begannen aber zumindest etwas br\u00fcchig zu werden. Die neuen B\u00fcrger brachten neue Mode mit und kleideten sich anders. Kapital von au\u00dferhalb kam in die Stadt. Wohnh\u00e4user und Kirchen f\u00fcr die neu zugezogenen Untertanen entstanden. Die gro\u00dfen Werkst\u00e4tten ver\u00e4nderten den Geruch und den Klang der Stadt. Die H\u00fcttenwerke waren laut, der Rauch der \u00d6fen verpestete die Luft. Innsbruck war von einer kleinen Siedlung an der Innbr\u00fccke zu einer Proto-Industriestadt geworden.<\/p>\n<p>Das Wachstum wurde Ende des 18. Jahrhunderts f\u00fcr einige Jahrzehnte von den Napoleonischen Kriegen gebremst. Die zweite Welle der Industrialisierung erfolgte im Verh\u00e4ltnis zu anderen europ\u00e4ischen Regionen in Innsbruck sp\u00e4t. Ein Grund daf\u00fcr war die sp\u00e4te Etablierung eines funktionierenden Bankenwesens in der Stadt. Katholiken galten B\u00e4nker noch immer als \u201eWucherer und Borger\u201c und das Gesch\u00e4ft mit dem Geld galt als unanst\u00e4ndig. Ohne Finanzierung konnten aber auch gro\u00dfe Unternehmungen nicht gegr\u00fcndet werden. Die Tiroler Landesregierung hatte zwar 1715 die so genannte <em>Banko<\/em> gegr\u00fcndet und in der Herzog-Friedrich-Stra\u00dfe gab es die Privatbank Bederunger, erst mit der Gr\u00fcndung der ersten Filiale der Sparkasse wurde es m\u00f6glich, sein Geld nicht mehr unter dem Kopfpolster zu verwahren. Nach 1850 begann man Kredite zu vergeben, was die Gr\u00fcndung heimischer gr\u00f6\u00dferer Betriebe erm\u00f6glichte. Das <em>Kleine Handwerk<\/em>, die b\u00e4uerliche Herstellung von allerlei Gebrauchsgegenst\u00e4nden vor allem im weniger arbeitsintensiven Winter, und die ehemaligen in Z\u00fcnften organisierten Handwerksbetriebe der Stadt gerieten unter den Errungenschaften der modernen Warenherstellung unter Druck. In St. Nikolaus, Wilten, M\u00fchlau und Pradl entstanden entlang des M\u00fchlbaches und des Sillkanals moderne Fabriken. Viele innovative Betriebsgr\u00fcnder kamen von au\u00dferhalb Innsbrucks. Im heutigen Haus Innstra\u00dfe 23 gr\u00fcndete der aus der Lausitz nach Innsbrucker \u00fcbersiedelte Peter Walde 1777 sein Unternehmen, in dem aus Fett gewonnene Produkte wie Talglichter und Seifen hergestellt wurden. Acht Generationen sp\u00e4ter besteht Walde als eines der \u00e4ltesten Familienunternehmen \u00d6sterreichs noch immer. Im denkmalgesch\u00fctzten Stammhaus mit gotischem Gew\u00f6lbe kann man heute das Ergebnis der jahrhundertelangen Tradition in Seifen- und Kerzenform kaufen. Franz Josef Adam kam aus dem Vinschgau, um die bis dato gr\u00f6\u00dfte Brauerei der Stadt in einem ehemaligen Adelsansitz zu gr\u00fcnden. 1838 kam die Spinnmaschine \u00fcber die Dornbirner Firma <em>Herrburger &amp; Rhomberg <\/em>\u00fcber den Arlberg nach Pradl. <em>H&amp;R<\/em> hatte ein Grundst\u00fcck an den Sillgr\u00fcnden erworben. Der Platz eignete sich dank der Wasserkraft des Flusses ideal f\u00fcr die schweren Maschinen der Textilindustrie. Neben der traditionellen Schafwolle wurde nun auch Baumwolle verarbeitet.\u00a0<\/p>\n<p>Wie 400 Jahre zuvor ver\u00e4nderte auch die Zweite Industrielle Revolution die Stadt und den Alltag ihrer Einwohner nachhaltig. Stadtteile wie M\u00fchlau, Pradl und Wilten wuchsen rasant. Die Betriebe standen oft mitten in den Wohngebieten. \u00dcber 20 Betriebe nutzten um 1900 noch immer den Sillkanal. Die <em>Haidm\u00fchle<\/em> in der Salurnerstra\u00dfe bestand von 1315 bis 1907. In der Dreiheiligenstra\u00dfe wurde eine Textilfabrik mit der Energie des Sillkanals versorgt. Der L\u00e4rm und die Abgase der Motoren waren f\u00fcr die Anrainer die H\u00f6lle, wie ein Zeitungsartikel aus dem Jahr 1912 zeigt:<\/p>\n<p><em>\u201eEntr\u00fcstung ruft bei den Bewohnern des n\u00e4chst dem Hauptbahnhofe gelegenen Stadtteiles der seit einiger Zeit in der hibler\u00b4schen Feigenkaffeefabrik aufgestellte Explosionsmotor hervor. Der L\u00e4rm, welchen diese Maschine fast den ganzen Tag ununterbrochen verbreitet, st\u00f6rt die ganz Umgebung in der empfindlichsten Weise und mu\u00df die umliegenden Wohnungen entwerten. In den am Bahnhofplatze liegenden Hotels sind die fr\u00fcher so gesuchten und beliebten Gartenzimmer kaum mehr zu vermieten. Noch schlimmer als der ruhest\u00f6rende L\u00e4rm aber ist der Qualm und Gestank der neuen Maschine\u2026\u201c<\/em><\/p>\n<p>Aristokraten, die sich zu lange auf ihrem Geburtsverdienst auf der faulen Haut ausruhten, w\u00e4hrend sich die wirtschaftlichen und gesellschaftlichen Spielregeln \u00e4nderten, mussten ihre Anwesen an den neuen Geldadel verkaufen. Im <em>Palais Sarnthein<\/em> gegen\u00fcber der Triumphpforte, 1689 von Johann Anton Gumpp f\u00fcr David Graf Sarnthein noch als barocker Ansitz geplant, zog die Waffenfabrik und das Gesch\u00e4ft von Johann Peterlongo ein. Geschickte Mitglieder des Adelsstandes nutzten ihre Voraussetzungen und investierten Familienbesitz und Ertr\u00e4ge aus der b\u00e4uerlichen Grundentlastung von 1848 in Industrie und Wirtschaft. Der steigende Arbeitskr\u00e4ftebedarf wurde von ehemaligen Knechten und Landwirten ohne Land gedeckt. W\u00e4hrend sich die neue verm\u00f6gende Unternehmerklasse Villen in Wilten, Pradl und dem Saggen bauen lie\u00df und mittlere Angestellte in Wohnh\u00e4usern in denselben Vierteln wohnten, waren die Arbeiter in Arbeiterwohnheimen und Massenunterk\u00fcnften untergebracht. Die einen sorgten in Betrieben wie dem Gaswerk, dem Steinbruch oder in einer der Fabriken f\u00fcr den Wohlstand, w\u00e4hrend ihn die anderen konsumierten. Schichten von 12 Stunden in engen, lauten und ru\u00dfigen Bedingungen forderten den Arbeitern alles ab. Zu einem Verbot der Kinderarbeit kam es erst ab den 1840er Jahren. Frauen verdienten nur einen Bruchteil dessen, was M\u00e4nner bekamen. Die Arbeiter wohnten oft in von ihren Arbeitgebern errichteten Mietskasernen und waren ihnen mangels eines Arbeitsrechtes auf Gedeih und Verderb ausgeliefert. Es gab weder Sozial- noch Arbeitslosenversicherungen. Wer nicht arbeiten konnte, war auf die Wohlfahrtseinrichtungen seines Heimatortes angewiesen. Angemerkt sei, dass sich dieser f\u00fcr uns furchterregende Alltag der Arbeiter nicht von den Arbeitsbedingungen in den D\u00f6rfern unterschied, sondern sich daraus entwickelte. Auch in der Landwirtschaft waren Kinderarbeit, Ungleichheit und prek\u00e4re Arbeitsverh\u00e4ltnisse die Regel.<\/p>\n<p>Die Industrialisierung betraf aber nicht nur den materiellen Alltag. Innsbruck erfuhr eine Gentrifizierung wie man sie heute in angesagten Gro\u00dfstadtvierteln wie dem Prenzlauer Berg in Berlin beobachten kann. Der Wechsel vom b\u00e4uerlichen Leben des Dorfes in die Stadt beinhaltete mehr als einen \u00f6rtlichen Wechsel. Wie die Menschen die Verst\u00e4dterung des ehemals l\u00e4ndlichen Bereichs erlebten, l\u00e4sst uns der Innsbrucker Schriftsteller Josef Leitgeb in einem seiner Texte wissen:\u00a0<\/p>\n<p><em>\u201e\u2026viel fremdes, billig gekleidetes Volk, in wachsenden Wohnblocks zusammengedr\u00e4ngt, morgens, mittags und abends die Stra\u00dfen f\u00fcllend, wenn es zur Arbeit ging oder von ihr kam, aus Werkst\u00e4tten, L\u00e4den, Fabriken, vom Bahndienst, die Gesichter oft bla\u00df und vorzeitig alternd, in Haltung, Sprache und Kleidung nichts Pers\u00f6nliches mehr, sondern ein Allgemeines, massenhaft Wiederholtes und Wiederholbares: st\u00e4dtischer Arbeitsmensch. Bahnhof und Gaswerk erschienen als Kern dieser neuen, uns\u00e4glich fremden Landschaft.\u201c<\/em><\/p>\n<p>F\u00fcr viele Innsbrucker kam es nach dem Revolutionsjahr 1848 und den neuen wirtschaftlichen Gegebenheiten zu einer Verb\u00fcrgerlichung. Geschichten, von Menschen, die mit Flei\u00df, Gl\u00fcck, Talent und etwas finanzieller Starthilfe aufstiegen, gab es immer wieder. Bekannte Innsbrucker Beispiele au\u00dferhalb der Hotellerie und Gastronomie, die bis heute existieren sind die Tiroler Glasmalerei, der Lebensmittelhandel H\u00f6rtnagl oder die Seifenfabrik Walde. Erfolgreiche Unternehmer \u00fcbernahmen die einstige Rolle der adeligen Grundherren. Gemeinsam mit den zahlreichen Akademikern bildeten sie eine neue Schicht, die auch politisch mehr und mehr Einfluss gewann. Beda Weber schrieb dazu 1851:\u00a0\u201e<em>Ihre gesellschaftlichen Kreise sind ohne Zwang, es verr\u00e4th sich schon deutlich etwas Gro\u00dfst\u00e4dtisches, das man anderw\u00e4rts in Tirol nicht so leicht antrifft.&#8220;\u00a0<\/em><\/p>\n<p>Auch die Arbeiter verb\u00fcrgerlichten. War der Grundherr am Land noch Herr \u00fcber das Privatleben seiner Knechte und M\u00e4gde und konnte bis zur Sexualit\u00e4t \u00fcber die Freigabe zur Ehe \u00fcber deren Lebenswandel bestimmen, waren die Arbeiter nun individuell zumindest etwas freier. Sie wurden zwar nur schlecht bezahlt, immerhin erhielten sie aber nun ihren eigenen Lohn anstelle von Kost und Logis und konnten ihre Privatangelegenheiten f\u00fcr sich regeln ohne grundherrschaftliche Vormundschaft.\u00a0<\/p>\n<p>Die Kehrseite dieser neu gewonnen Selbstbestimmung traten vor allem in den ersten Jahrzehnten der Industrialisierung zu Tage. Es gab kaum staatliche Infrastruktur f\u00fcr Kranken- und Familienf\u00fcrsorge. Krankenvorsorge, Pension, Altersheime und Kinderg\u00e4rten waren noch nicht erfunden, hatte die b\u00e4uerliche Gro\u00dffamilie diese Aufgaben vielfach bis jetzt \u00fcbernommen. In den Arbeitervierteln tummelten sich unter Tags unbeaufsichtigte Kinder: Betroffen waren vor allem die kleinsten, die noch nicht unter die Schulpflicht fielen. 1834 gr\u00fcndete sich nach einem Aufruf des Tiroler Landesgubernators ein Frauenverein, der <em>Kinderverwahranstalten<\/em> in den Arbeitervierteln St. Nikolaus, Dreiheiligen und in Angerzell, der heutigen Museumstra\u00dfe, betrieb. Ziel war es nicht nur die Kinder von der Stra\u00dfe fernzuhalten und sie mit Kleidung und Nahrung zu versorgen, sondern ihnen auch Manieren, z\u00fcchtige Ausdrucksweise und tugendhaftes Verhalten beizubringen. Die W\u00e4rterinnen sorgten mit strenger Hand f\u00fcr \u201eReinlichkeit, Ordnung und Folgsamkeit\u201c daf\u00fcr, dass die Kinder zumindest ein Mindestma\u00df an F\u00fcrsorge erfuhren. Die ehemalige <em>Bewahranstalt<\/em> in der Paul-Hofhaimer-Gasse hinter dem Ferdinandeum gibt es bis heute. Der klassizistische Bau beherbergt heute den Integrationskindergarten der Caritas und einen Betriebskindergarten des Landes Tirol.\u00a0<\/p>\n<p>Innsbruck ist keine traditionelle Arbeiterstadt. Zur Bildung einer bedeutenden Arbeiterbewegung wie in Wien kam es in Tirol trotzdem nie. Innsbruck war immer schon vorwiegend Handels- und Universit\u00e4tsstadt. Zwar gab es Sozialdemokraten und eine Handvoll Kommunisten, die Zahl der Arbeiter war aber immer zu klein, um wirklich etwas zu bewegen. Maiaufm\u00e4rsche werden vom Gro\u00dfteil der Menschen maximal wegen billiger Schnitzel und Freibier besucht. Auch sonst gibt es kaum Erinnerungsorte an die Industrialisierung und die Errungenschaften der Arbeiterschaft. In der St.-Nikolaus-Gasse und in vielen Mietzinsh\u00e4usern in Wilten und Pradl haben sich vereinzelt H\u00e4user erhalten, die einen Eindruck vom Alltag der Innsbrucker Arbeiterschaft geben.\u00a0<\/p>\n<p>[\/et_pb_toggle][et_pb_toggle title=&#8220;Klingler, Huter, Retter &#038; Co: Baumeister der Erweiterung&#8220; open_toggle_text_color=&#8220;#e09900&#8243; open_toggle_background_color=&#8220;#ffffff&#8220; closed_toggle_text_color=&#8220;#e09900&#8243; closed_toggle_background_color=&#8220;#ffffff&#8220; icon_color=&#8220;#e09900&#8243; open_icon_color=&#8220;#e09900&#8243; admin_label=&#8220;Klingler, Huter, Retter &#038; Co: Baumeister der Erweiterung&#8220; _builder_version=&#8220;4.27.4&#8243; _module_preset=&#8220;default&#8220; title_text_color=&#8220;#e09900&#8243; title_font_size=&#8220;18px&#8220; hover_enabled=&#8220;0&#8243; border_radii=&#8220;on|5px|5px|5px|5px&#8220; box_shadow_style=&#8220;preset1&#8243; global_module=&#8220;53750&#8243; saved_tabs=&#8220;all&#8220; global_colors_info=&#8220;{}&#8220; sticky_enabled=&#8220;0&#8243;]<\/p>\n<p>is heute pr\u00e4gen die Geb\u00e4ude der sp\u00e4ten Monarchie das Stadtbild Innsbrucks. Die letzten Jahrzehnte des 19. Jahrhunderts gingen als <em>Gr\u00fcnderzeit<\/em> in die \u00f6sterreichische Geschichte ein. Nach einer Wirtschaftskrise 1873 begann sich die Stadt im Wiederaufschwung auszudehnen. Von 1880 bis 1900 wuchs Innsbrucks Bev\u00f6lkerung von 20.000 auf 26.000 Einwohner an. Das 1904 eingemeindete Wilten verdreifachte sich von 4000 auf 12.000. Zwischen 1850 und 1900 wuchs die Anzahl an Geb\u00e4uden innerhalb der Stadt von 600 auf \u00fcber 900 Geb\u00e4ude an, die meisten davon waren anders als die fr\u00fchneuzeitlichen, kleinen Objekte mehrst\u00f6ckige Zinsh\u00e4user. Im Zuge technischer Innovationen ver\u00e4nderte sich auch die Infrastruktur. Gas, Wasser, Elektrizit\u00e4t wurden Teil des Alltags von immer mehr Menschen. Das alte Stadtspital wich dem neuen Krankenhaus. Im Saggen entstanden das Waisenhaus und das Greisenasyl Sieberers.<\/p>\n<p>Die Geb\u00e4ude, die in den jungen Stadtvierteln gebaut wurden, waren ein Spiegel dieser neuen Gesellschaft. Unternehmer, Freiberufler, Angestellte und Arbeiter mit politischem Stimmrecht entwickelten andere Bed\u00fcrfnisse als Untertanen ohne dieses Recht. Ab den 1870er Jahren entstand in Innsbruck ein modernes Banksystem. Die Kreditinstitute wie die 1821 gegr\u00fcndete Sparkasse oder die Kreditanstalt, deren 1910 errichtetes Geb\u00e4ude bis heute wie ein kleiner Palast in der Maria-Theresien-Stra\u00dfe thront, erm\u00f6glichten nicht nur die Aufnahme von Krediten, sondern traten auch selbst als Bauherren auf. Die Zinsh\u00e4user die entstanden, erm\u00f6glichten auch Nicht-Wohnungseigent\u00fcmern ein modernes Leben. Anders als im l\u00e4ndlichen Bereich Tirols, wo Bauernfamilien samt Knechten und M\u00e4gden in Bauernh\u00e4usern im Verbund einer Sippschaft lebten, kam das Leben in der Stadt dem Familienleben, das wir heute kennen, nahe. Der Wohnraum musste dem entsprechen. Der Lifestyle der St\u00e4dter verlangte nach Mehrzimmerwohnungen und freien Fl\u00e4chen zur Erholung nach der Arbeitszeit. Das wohlhabende B\u00fcrgertum bestehend aus Unternehmern und Freiberuflern hatte den Adel zwar noch nicht \u00fcberholt, den Abstand aber verringert. Sie waren es, die nicht nur private Bauprojekte beauftragten, sondern \u00fcber ihre Stellung im Gemeinderat auch \u00fcber \u00f6ffentliche Bauten entschieden.<\/p>\n<p>Die 40 Jahre vor dem Ersten Weltkrieg waren f\u00fcr Baufirmen, Handwerker, Baumeister und Architekten eine Art Goldgr\u00e4berzeit. Die Geb\u00e4ude spiegelten die Weltanschauung ihrer Bauherren wider. Baumeister vereinten dabei mehrere Rollen und ersetzten oft den Architekten. Die meisten Kunden hatten sehr klare Vorstellungen, was sie wollten. Es sollten keine atemberaubenden Neukreationen sein, sondern Kopien und Anlehnungen an bestehende Geb\u00e4ude. Ganz im Geist der Zeit entwarfen die Innsbrucker Baumeister nach dem Wunsch der finanziell potenten Auftraggeber die Geb\u00e4ude in den Stilen des Historismus und des Klassizismus sowie des Tiroler Heimatstils. Die Wahl des Stils der beim Bau des Eigenheimes zur Anwendung kam, war oft nicht nur optisches, sondern auch ideologisches Statement des Bauherrn. Liberale bevorzugten meist den Klassizismus, Konservative waren dem Tiroler Heimatstil zugetan. W\u00e4hrend der Heimatstil sich neobarock und mit vielen Malereien zeigte, waren klare Formen, Statuen und S\u00e4ulen stilpr\u00e4gende Elemente bei der Anlage neuer Geb\u00e4ude des Klassizismus. In einem teils w\u00fcsten Stilmix wurden die Vorstellungen, die Menschen vom klassischen Griechenland und dem antiken Rom hatten, verwirklicht. Nicht nur Bahnh\u00f6fe und \u00f6ffentliche Geb\u00e4ude, auch gro\u00dfe Mietsh\u00e4user und ganze Stra\u00dfenz\u00fcge, sogar Kirchen und Friedh\u00f6fe entstanden entlang der alten Flurwege in diesem Design. Das gehobene B\u00fcrgertum zeigte sein Faible f\u00fcr die Antike mit neoklassizistischen Fassaden. Katholische Traditionalisten lie\u00dfen Heiligenbilder und Darstellungen der Landesgeschichte Tirols in Wandmalereien auf ihren Heimatstilh\u00e4usern anfertigen. W\u00e4hrend im Saggen und Wilten der Neoklassizismus dominiert, finden sich in Pradl Gro\u00dfteils Geb\u00e4ude im konservativen Heimatstil.<\/p>\n<p>Viele Bauexperten r\u00fcmpften lange Zeit die Nase \u00fcber die Bauten der Empork\u00f6mmlinge und Neureichen. Heinrich Hammer schrieb in seinem Standardwerk \u201e<em>Kunstgeschichte der Stadt Innsbruck<\/em>\u201c:<\/p>\n<p><em>\u201eSchon diese erste rasche Erweiterung der Stadt fiel nun freilich in jene bauk\u00fcnstlerisch unfruchtbare Epoche, in der die Architektur, statt eine selbstst\u00e4ndige, zeiteigene Bauweise auszudenken, der Reihe nach die Baustile der Vergangenheit wiederholte.\u201c<\/em><\/p>\n<p>Die Zeit der gro\u00dfen Villen, die die Adelsansitze vergangener Tage mit b\u00fcrgerlicher Note nachahmten, kam mangels Platzgr\u00fcnden nach einigen wilden Jahrzehnten an ihr Ende. Eine weitere Bebauung des Stadtgebietes mit Einzelh\u00e4usern war nicht mehr m\u00f6glich, zu eng war der Platz geworden. Der Bereich Falkstra\u00dfe \/ G\u00e4nsbachstra\u00dfe \/ Bienerstra\u00dfe gilt bis heute als <em>Villensaggen<\/em>, die Gebiete \u00f6stlich als <em>Blocksaggen<\/em>. In Wilten und Pradl kam es zu dieser Art der Bebauung gar nicht erst gar nicht. Trotzdem versiegelten Baumeister im Goldrausch immer mehr Boden. Albert Gruber hielt zu diesem Wachstum 1907 eine mahnende Rede, in der er vor Wildwuchs in der Stadtplanung und Bodenspekulation warnte.<\/p>\n<p><em>\u201eEs ist die schwierigste und verantwortungsvollste Aufgabe, welche unsere Stadtv\u00e4ter trifft. Bis zu den 80er Jahren (Anm.: 1880), sagen wir im Hinblick auf unsere Verh\u00e4ltnisse, ist noch ein gewisses langsames Tempo in der Stadterweiterung eingehalten worden. Seit den letzten 10 Jahren jedoch, kann man sagen, erweitern sich die St\u00e4dtebilder ungeheuer rasch. Es werden alte H\u00e4user niedergerissen und neue an ihrer Stelle gesetzt. Nat\u00fcrlich, wenn dieses Niederrei\u00dfen und Aufbauen planlos, ohne jede \u00dcberlegung, nur zum Vorteil des einzelnen Individuums getrieben wird, dann entstehen zumeist Ungl\u00fccke, sogenannte architektonische Verbrechen. Um solche planlose, der Allgemeinheit nicht zum Frommen und Nutzen gereichende Bauten zu verh\u00fcten, mu\u00df jede Stadt daf\u00fcr sorgen, da\u00df nicht der Einzelne machen kann, was er will: es mu\u00df die Stadt dem schrankenlosen Spekulantentum auf dem Gebiete der Stadterweiterung eine Grenze setzen. Hierher geh\u00f6rt vor allem die Bodenspekulation.\u201c<\/em><\/p>\n<p>Eine Handvoll Baumeister und das Bauamt Innsbruck begleiteten diese Entwicklung in Innsbruck. Bezeichnet man Wilhelm Greil als B\u00fcrgermeister der Erweiterung, verdient der geb\u00fcrtige Wiener Eduard Klingler (1861 \u2013 1916) wohl den Titel als deren Architekt. Klingler pr\u00e4gte das Stadtbild Innsbrucks in seiner Funktion als Beamter und Baumeister wesentlich mit. 1883 begann er f\u00fcr das Land Tirol zu arbeiten. 1889 trat er zum st\u00e4dtischen Bauamt \u00fcber, das er ab 1902 leitete.\u00a0 In Innsbruck gehen unter anderem die Handelsakademie, die Leitgebschule, der Friedhof Pradl, die Dermatologische Klinik im Klinikareal, der St\u00e4dtische Kindergarten in der Michael-Gaismair-Stra\u00dfe, die <em>Trainkaserne<\/em> (Anm.: heute ein Wohnhaus), die Markthalle und das Tiroler Landeskonservatorium auf Klinglers Konto als Leiter des Bauamtes. Ein sehenswertes Geb\u00e4ude im Heimatstil nach seinem Entwurf ist das Ulrichhaus am Berg Isel, das heute den Alt-Kaiserj\u00e4ger-Club beheimatet.<\/p>\n<p>Das bedeutendste Innsbrucker Baub\u00fcro war <em>Johann Huter &amp; S\u00f6hne<\/em>. Johann Huter \u00fcbernahm die Ziegelei seines Vaters. 1856 erwarb er das erste Firmengel\u00e4nde, die <em>Hutergr\u00fcnde<\/em>, am Innrain. Drei Jahre sp\u00e4ter entstand in der Meranerstra\u00dfe der erste repr\u00e4sentative Hauptsitz. Die Firmeneintragung gemeinsam mit seinen S\u00f6hnen Josef und Peter stellte 1860 den offiziellen Startschuss des bis heute existierenden Unternehmens dar. <em>Huter &amp; S\u00f6hne<\/em> verstand sich wie viele seiner Konkurrenten als kompletter Dienstleister. Eine eigene Ziegelei, eine Zementfabrik, eine Tischlerei und eine Schlosserei geh\u00f6rten ebenso zum Unternehmen wie das Planungsb\u00fcro und die eigentliche Baufirma. 1906\/07 errichteten die Huters ihren eigenen Firmensitz in der Kaiser-Josef-Stra\u00dfe 15 im typischen Stil der letzten Vorkriegsjahre. Das herrschaftliche Haus vereint den Tiroler Heimatstil umgeben von Garten und Natur mit neogotischen und neoromanischen Elementen. Bekannte von <em>Huter &amp; S\u00f6hne<\/em> errichtete Geb\u00e4ude in Innsbruck sind das Kloster der Ewigen Anbetung, die Pfarrkirche St. Nikolaus, das erste Geb\u00e4ude der neuen Klinik und mehrere Geb\u00e4ude am Claudiaplatz. Kurz vor Ausbruch des ersten Weltkriegs besch\u00e4ftigte die Baufirma mehr als 700 Personen.<\/p>\n<p>Der zweite gro\u00dfe Player war Josef Retter (1872 \u2013 1954). Der geb\u00fcrtige Nieder\u00f6sterreicher mit Tiroler Wurzeln absolvierte eine Maurerlehre bevor er die <em>k.k. Staatsgewerbeschule<\/em> in Wien und die Werkmeisterschule der baugewerblichen Abteilung besuchte. Nach Berufserfahrungen \u00fcber das Gebiet der Donaumonarchie verteilt in Wien, Kroatien und Bozen konnte er dank der Mitgift seiner Ehefrau im Alter von 29 Jahren seine eigene Baufirma mit Sitz in Innsbruck er\u00f6ffnen. Wie Huter beinhaltete auch sein Unternehmen ein S\u00e4gewerk, ein Sand- und Schotterwerk und eine Werkstatt f\u00fcr Steinmetzarbeiten. 1904 er\u00f6ffnete er in der Sch\u00f6pfstra\u00dfe 23a seine Wohn- und B\u00fcrogeb\u00e4ude, das bis heute als <em>Retterhaus<\/em> bekannt ist. Der neugotische, dunkle Bau mit dem markanten Erker mit S\u00e4ulen und einem T\u00fcrmchen wird von einem sehenswerten Mosaik, die eine Allegorie der Architektur darstellt, geschm\u00fcckt. Das Giebelrelief zeigt die Verbindung von Kunst und Handwerk, einem Symbol f\u00fcr den Werdegang Retters. Sein Unternehmen pr\u00e4gte vor allem Wilten und den Saggen. Mit einem Neubau des Akademischen Gymnasiums, dem burg\u00e4hnlichen Schulgeb\u00e4ude f\u00fcr die Handelsakademie, der Evangelischen Christuskirche im Saggen, dem Zelgerhaus in der Anichstra\u00dfe, der Sonnenburg in Wilten und dem neugotischen Schloss Mentlberg am Sieglanger realisierte er viele der bedeutendsten Geb\u00e4ude dieser Epoche in Innsbruck.<\/p>\n<p>Sp\u00e4tberufen aber mit einem \u00e4hnlich praxisorientieren Hintergrund, der typisch f\u00fcr die Baumeister des 19. Jahrhunderts war, startete Anton Fritz 1888 sein Baub\u00fcro. Er wuchs abgelegen in Graun im Vinschgau auf. Nach Stationen als Polier, Stuckateur und Maurer beschloss er mit 36 Jahren die Gewerbeschule in Innsbruck zu besuchen. Talent und Gl\u00fcck bescherten ihm mit der Villa im Landhausstil in der Karmelitergasse 12 seinen Durchbruch als Planer. Seine Baufirma besch\u00e4ftigte zur Bl\u00fctezeit 150 Personen. 1912, kurz vor dem Ausbruch des Ersten Weltkriegs und dem damit einhergehenden Einbruch der Baubranche, \u00fcbergab er sein Unternehmen an seinen Sohn Adalbert. Das eigene Wohnhaus in der M\u00fcllerstra\u00dfe 4, das Haus Mader in der Glasmalereistra\u00dfe sowie H\u00e4user am Claudiaplatz und dem Sonnenburgplatz z\u00e4hlen zu den Hinterlassenschaften von Anton Fritz.<\/p>\n<p>Mit Carl Kohnle, Carl Albert, Karl Lubomirski und Simon Tommasi hatte Innsbruck weitere Baumeister, die sich mit typischen Geb\u00e4uden des sp\u00e4ten 19. Jahrhunderts im Stadtbild verewigten. Sie alle lie\u00dfen Innsbrucks neue Stra\u00dfenz\u00fcge im architektonisch vorherrschenden Zeitgeist der letzten 30 Jahre der Donaumonarchie erstrahlen. Wohnh\u00e4user, Bahnh\u00f6fe, Amtsgeb\u00e4ude und Kirchen im Riesenreich zwischen der Ukraine und Tirol schauten sich fl\u00e4chendeckend \u00e4hnlich. Nur z\u00f6gerlich kamen neue Str\u00f6mungen wie der Jugendstil auf. In Innsbruck war es der M\u00fcnchner Architekt Josef Bachmann, der mit der Neugestaltung der Fassade des Winklerhauses einen neuen Akzent in der b\u00fcrgerlichen Gestaltung setzte. Mit dem Beginn des Ersten Weltkrieges setzte die Baut\u00e4tigkeit aus. Nach dem Krieg war die Zeit des neoklassizistischen Historismus und Heimatstils endg\u00fcltig Geschichte. Die Zeiten waren karger und die Anforderungen an Wohnbau hatte sich ge\u00e4ndert. Wichtiger als eine repr\u00e4sentative Fassade und gro\u00dfe, herrschaftliche R\u00e4ume wurden in der Zeit der Wohnungsnot der kargen, jungen Republik Deutsch\u00f6sterreich leistbarer Wohnraum und moderne Ausstattung mit sanit\u00e4ren Anlagen. Auch die professionellere Ausbildung der Baumeister und Architekten an der k.k. Staatsgewerbeschule trug ihren Teil zu einem neuen Verst\u00e4ndnis des Bauwesens bei als sie die oftmals autodidaktischen Veteranen der Goldgr\u00e4berzeit des Klassizismus hatten. Spazierg\u00e4nge im Saggen und in Teilen von Wilten und Pradl versetzen bis heute zur\u00fcck in die <em>Gr\u00fcnderzeit<\/em>. Der Claudiaplatz und der Sonnenburgplatz z\u00e4hlen zu den eindr\u00fccklichsten Beispielen. Die Baufirma <em>Huter und S\u00f6hne<\/em> existiert bis heute. Das Unternehmen ist mittlerweile im Sieglanger in der Josef-Franz-Huter-Stra\u00dfe, benannt nach dem Firmengr\u00fcnder. Das Wohnhaus in der Kaiser-Josef-Stra\u00dfe tr\u00e4gt zwar nicht mehr den Schriftzug der Firma, ist aber in seiner Opulenz noch immer ein sehenswertes Relikt dieser Zeit, die Innsbrucks \u00c4u\u00dferes f\u00fcr immer ver\u00e4nderte. Neben seinem Wohnhaus in der Sch\u00f6pfstra\u00dfe beherbergt Wilten ein zweites Geb\u00e4ude der Familie Retter. Am Innrain gegen\u00fcber der Uni befindet sich die <em>Villa Retter<\/em>. Josef Retters \u00e4lteste Tochter Maria Josefa, die selbst bei der Reformp\u00e4dagogin Maria Montessori erzogen wurde, er\u00f6ffnete 1932 das erst \u201e<em>Haus des Kindes<\/em>\u201c Innsbrucks. \u00dcber dem Eingang zeigt ein Portrait den M\u00e4zen Josef Retter, die S\u00fcdfassade schm\u00fcckt ein Mosaik im typischen Stil der 1930er Jahre, das auf den urspr\u00fcnglichen Zweck des Geb\u00e4udes hinweist. Ein l\u00e4chelndes, blondes M\u00e4dchen umarmt seine Mutter, die ein Buch in der Hand hat, und seinen Vater, der einen Hammer tr\u00e4gt. Auch die kleine Grabkapelle am Westfriedhof, die als Familiengrabst\u00e4tte der Retters fungiert, ist eine sehenswerte Hinterlassenschaft dieser f\u00fcr Innsbruck bedeutenden Familie.<\/p>\n<p>[\/et_pb_toggle][et_pb_toggle title=&#8220;Wilhelm Greil: DER B\u00fcrgermeister Innsbrucks&#8220; open_toggle_text_color=&#8220;#e09900&#8243; open_toggle_background_color=&#8220;#ffffff&#8220; closed_toggle_text_color=&#8220;#e09900&#8243; closed_toggle_background_color=&#8220;#ffffff&#8220; icon_color=&#8220;#e09900&#8243; open_icon_color=&#8220;#e09900&#8243; admin_label=&#8220;Wilhelm Greil: DER B\u00fcrgermeister Innsbrucks&#8220; _builder_version=&#8220;4.27.4&#8243; _module_preset=&#8220;default&#8220; title_text_color=&#8220;#e09900&#8243; title_font_size=&#8220;18px&#8220; border_radii=&#8220;on|5px|5px|5px|5px&#8220; box_shadow_style=&#8220;preset1&#8243; global_module=&#8220;53535&#8243; global_colors_info=&#8220;{}&#8220;]<\/p>\n<p>Einer der wichtigsten Akteure der Stadtgeschichte war Wilhelm Greil (1850 \u2013 1923). Von 1896 bis 1923 bekleidete der Unternehmer das Amt des B\u00fcrgermeisters, nachdem er vorher bereits als Vizeb\u00fcrgermeister die Geschicke der Stadt mitgestaltet hatte. Es war die Zeit des Wachstums, der Eingemeindung ganzer Stadtviertel, technischer Innovationen und neuer Medien. Die vier Jahrzehnte zwischen der Wirtschaftskrise 1873 und dem Ersten Weltkrieg von einem nie dagewesenen Wirtschaftswachstum und einer rasenden Modernisierung gekennzeichnet. Private Investitionen in Infrastruktur wie Eisenbahn, Energie und Strom waren vom Staat gew\u00fcnscht und wurden steuerlich beg\u00fcnstigt, um die L\u00e4nder und St\u00e4dte der kr\u00e4nkelnden Donaumonarchie in die Moderne zu f\u00fchren. Die Wirtschaft der Stadt boomte. Betriebe in den neuen Stadtteilen Pradl und Wilten entstanden und lockten Arbeitskr\u00e4fte an. Auch der Tourismus brachte frisches Kapital in die Stadt. Die Ansammlung an Menschen auf engstem Raum unter teils prek\u00e4ren Hygieneverh\u00e4ltnissen brachte gleichzeitig aber auch Probleme mit sich. Besonders die Randbezirke der Stadt und die umliegenden D\u00f6rfer wurden regelm\u00e4\u00dfig von Typhus heimgesucht.<\/p>\n<p>Die Innsbrucker Stadtpolitik, in der Greil sich bewegte, war vom Kampf liberaler und konservativer Kr\u00e4fte gepr\u00e4gt. Greil geh\u00f6rte der &#8222;<em>Deutschen Volkspartei<\/em>&#8220; an, einer liberalen und national-gro\u00dfdeutschen Partei. Was heute als Widerspruch erscheint, liberal und national, war im 19. Jahrhundert ein politisch \u00fcbliches und gut funktionierendes Gedankenpaar. Der <em>Pangermanismus<\/em> war keine politische Besonderheit einer rechtsradikalen Minderheit, sondern besonders in deutschsprachigen St\u00e4dten des Reiches eine Str\u00f6mung der Mitte, die bis nach dem Zweiten Weltkrieg durch fast alle Parteien hindurch in unterschiedlicher Auspr\u00e4gung Bedeutung hatte. Innsbrucker, die auf sich hielten, bezeichneten sich nicht als \u00d6sterreicher, sondern als Deutsche. Wer Ausgaben der liberalen <em>Innsbrucker Nachrichten<\/em> der Zeit rund um die Jahrhundertwende unter die Lupe nimmt, findet unz\u00e4hlige Artikel, in denen das Gemeinsame zwischen dem Deutschen Reich und den deutschsprachigen L\u00e4ndern zum Thema des Tages gemacht wurde, w\u00e4hrend man sich von anderen Volksgruppen innerhalb des multinationalen Habsburgerreiches distanzierte. Greil war ein geschickter Politiker, der sich innerhalb der vorgegebenen Machtstrukturen seiner Zeit bewegte. Er wusste sich um die traditionellen Kr\u00e4fte, die Monarchie und den Klerus geschickt zu man\u00f6vrieren und sich mit ihnen zu arrangieren.<\/p>\n<p>Steuern, Gesellschaftspolitik, Bildungswesen, Wohnbau und die Gestaltung des \u00f6ffentlichen Raumes wurden mit Leidenschaft und Eifer diskutiert. Bedingt durch eine Wahlordnung, die auf das Stimmrecht \u00fcber Verm\u00f6gensklassen aufgebaut war, konnten nur etwa 10% der gesamten Innsbrucker Bev\u00f6lkerung zur Wahlurne schreiten. Frauen waren prinzipiell ausgeschlossen. Dabei galt das relative Wahlrecht innerhalb der drei Wahlk\u00f6rper, was so viel hei\u00dft wie: <em>The winner takes it all<\/em>. Greil wohne passenderweise \u00e4hnlich wie ein Renaissancef\u00fcrst. Er entstammte der gro\u00dfb\u00fcrgerlichen Upper Class. Sein Vater konnte es sich leisten, im Palais Lodron in der Maria-Theresienstra\u00dfe die Homebase der Familie zu gr\u00fcnden. Massenparteien wie die Sozialdemokratie konnten sich bis zur Wahlrechtsreform der Ersten Republik nicht durchsetzen. Konservative hatten es in Innsbruck auf Grund der Bev\u00f6lkerungszusammensetzung, besonders bis zur Eingemeindung von Wilten und Pradl, ebenfalls schwer. B\u00fcrgermeister Greil konnte auf 100% R\u00fcckhalt im Gemeinderat bauen, was die Entscheidungsfindung und Lenkung nat\u00fcrlich erheblich vereinfachte. Bei aller Effizienz, die Innsbrucker B\u00fcrgermeister bei oberfl\u00e4chlicher Betrachtung an den Tag legten, sollte man nicht vergessen, dass das nur m\u00f6glich war, weil sie als Teil einer Elite aus Unternehmern, Handelstreibenden und Freiberuflern ohne nennenswerte Opposition und R\u00fccksichtnahme auf andere Bev\u00f6lkerungsgruppen wie Arbeitern, Handwerkern und Angestellten in einer Art gew\u00e4hlten Diktatur durchregierten. Das Reichsgemeindegesetz von 1862 verlieh St\u00e4dten wie Innsbruck und damit den B\u00fcrgermeistern gr\u00f6\u00dfere Befugnisse. Es verwundert kaum, dass die Amtskette, die Greil zu seinem 60. Geburtstag von seinen Kollegen im Gemeinderat verliehen bekam, den Ordensketten des alten Adels erstaunlich \u00e4hnelte.<\/p>\n<p>Unter Greils \u00c4gide und dem allgemeinen wirtschaftlichen Aufschwung, angeheizt von privaten Investitionen, erweiterte sich Innsbruck im Eiltempo. Der Gemeinderat kaufte ganz im Stil eines Kaufmanns vorausschauend Grund an, um der Stadt Neuerungen zu erm\u00f6glichen. Der Politiker Greil konnte sich bei den gro\u00dfen Bauprojekten der Zeit auf die Beamten und Stadtplaner Eduard Klingler, Jakob Albert und Theodor Prachensky st\u00fctzen. Infrastrukturprojekte wie das neue Rathaus in der Maria-Theresienstra\u00dfe 1897, die Er\u00f6ffnung der Mittelgebirgsbahn, die Hungerburgbahn und die <em>Karwendelbahn<\/em> wurden w\u00e4hrend seiner Regierungszeit umgesetzt. Weitere gut sichtbare Meilensteine waren die Erneuerung des Marktplatzes und der Bau der Markthalle.\u00a0Neben den prestigetr\u00e4chtigen Gro\u00dfprojekten entstanden in den letzten Jahrzehnten des 19. Jahrhunderts aber viele unauff\u00e4llige Revolutionen. Vieles, was in der zweiten H\u00e4lfte des 19. Jahrhunderts vorangetrieben wurde, geh\u00f6rt heute zum Alltag. F\u00fcr die Menschen dieser Zeit waren diese Dinge aber eine echte Sensation und lebensver\u00e4ndernd. Bereits Greils Vorg\u00e4nger B\u00fcrgermeister Heinrich Falk (1840 \u2013 1917) hatte erheblich zur Modernisierung der Stadt und zur Besiedelung des Saggen beigetragen. Seit 1859 war die Beleuchtung der Stadt mit Gasrohrleitungen stetig vorangeschritten. Mit dem Wachstum der Stadt und der Modernisierung wurden die Senkgruben, die in Hinterh\u00f6fen der H\u00e4user als Abort dienten und nach Entleerung an umliegende Landwirte als D\u00fcnger verkauft wurden, zu einer Unzumutbarkeit f\u00fcr immer mehr Menschen. 1880 wurde das <em>Raggeln<\/em>, so der Name im Volksmund f\u00fcr die Entleerung der Aborte, in den Verantwortungsbereich der Stadt \u00fcbertragen. Zwei pneumatische Maschinen sollten den Vorgang zumindest etwas hygienischer gestalten. Zwischen 1887 und 1891 wurde Innsbruck mit einer modernen Hochdruckwasserleitung ausgestattet, \u00fcber die auch Wohnungen in h\u00f6her gelegenen Stockwerken mit frischem Wasser versorgt werden konnten. Wer auf sich hielt und es sich leisten konnte, hatte damit erstmals die Gelegenheit eine Sp\u00fcltoilette im Eigenheim zu installieren.<\/p>\n<p>Greil setzte diesen Feldzug der Modernisierung fort. Nach jahrzehntelangen Diskussionen wurde 1903 mit dem Bau einer modernen Schwemmkanalisation begonnen. Ausgehend von der Innenstadt wurden immer mehr Stadtteile an diesen heute allt\u00e4glichen Luxus angeschlossen. 1908 waren nur die <em>Koatlackler<\/em> Mariahilf und St. Nikolaus nicht an das Kanalsystem angeschlossen. Auch der neue Schlachthof im Saggen erh\u00f6hte Hygiene und Sauberkeit in der Stadt. Schlecht kontrollierte Hofschlachtungen geh\u00f6rten mit wenigen Ausnahmen der Vergangenheit an. Das Vieh kam im Zug am Sillspitz an und wurde in der modernen Anlage fachgerecht geschlachtet. Greil \u00fcberf\u00fchrte auch das Gaswerk in Pradl und das Elektrizit\u00e4tswerk in M\u00fchlau in st\u00e4dtischen Besitz. Die Stra\u00dfenbeleuchtung wurde im 20. Jahrhundert von den Gaslaternen auf elektrisches Licht umgestellt. 1888 \u00fcbersiedelte das Krankenhaus von der Maria-Theresienstra\u00dfe an seinen heutigen Standort.\u00a0B\u00fcrgermeister und Gemeinderat konnten sich bei dieser<em> Innsbrucker Renaissance <\/em>neben der wachsenden Wirtschaftskraft in der Vorkriegszeit auch auf M\u00e4zen aus dem B\u00fcrgertum st\u00fctzen. Waren technische Neuerungen und Infrastruktur Sache der Liberalen, verblieb die F\u00fcrsorge der \u00c4rmsten weiterhin bei klerikal gesinnten Kr\u00e4ften, wenn auch nicht mehr bei der Kirche selbst. Freiherr Johann von Sieberer stiftete das Greisenasyl und das Waisenhaus im Saggen. Leonhard Lang stiftete das Geb\u00e4ude in der Maria-Theresienstra\u00dfe, in der sich bis heute das Rathaus befindet gegen das Versprechen der Stadt ein Lehrlingsheim zu bauen.<\/p>\n<p>Im Gegensatz zur boomenden Vorkriegs\u00e4ra war die Zeit nach 1914 vom Krisenmanagement gepr\u00e4gt. In seinen letzten Amtsjahren begleitete Greil Innsbruck am \u00dcbergang von der Habsburgermonarchie zur Republik durch Jahre, die vor allem durch Hunger, Elend, Mittelknappheit und Unsicherheit gepr\u00e4gt waren. Er war 68 Jahre alt, als italienische Truppen nach dem Ersten Weltkrieg die Stadt besetzten und Tirol am Brenner geteilt wurde. Das Ende der Monarchie und des Zensuswahlrechts bedeuteten auch den Niedergang der Liberalen in Innsbruck, auch wenn Greil das in seiner aktiven Karriere nur teilweise miterlebte. 1919 konnten die Sozialdemokraten in Innsbruck zwar zum ersten Mal den Wahlsieg davontragen, dank der Mehrheiten im Gemeinderat blieb Greil aber B\u00fcrgermeister. 1928 verstarb er als Ehrenb\u00fcrger der Stadt Innsbruck im Alter von 78 Jahren. Die Wilhelm-Greil-Stra\u00dfe war noch zu seinen Lebzeiten nach ihm benannt worden.<\/p>\n<p>[\/et_pb_toggle][et_pb_toggle title=&#8220;Maria hilf Innsbruck!&#8220; open_toggle_text_color=&#8220;#e09900&#8243; open_toggle_background_color=&#8220;#ffffff&#8220; closed_toggle_text_color=&#8220;#e09900&#8243; closed_toggle_background_color=&#8220;#ffffff&#8220; icon_color=&#8220;#e09900&#8243; open_icon_color=&#8220;#e09900&#8243; admin_label=&#8220;Maria Hilf Innsbruck&#8220; _builder_version=&#8220;4.27.4&#8243; _module_preset=&#8220;default&#8220; title_text_color=&#8220;#e09900&#8243; title_font_size=&#8220;18px&#8220; border_radii=&#8220;on|5px|5px|5px|5px&#8220; box_shadow_style=&#8220;preset1&#8243; global_module=&#8220;64775&#8243; saved_tabs=&#8220;all&#8220; global_colors_info=&#8220;{}&#8220;]<\/p>\n<p>Heiligenverehrung und Volksfr\u00f6mmigkeit wandelten stets auf einem schmalen Grat zwischen Glauben, Aberglauben und Magie. In den Alpen, wo die Menschen der kaum erkl\u00e4rbaren Umwelt mehr als in anderen Regionen ausgesetzt waren, nahm diese Form des Glaubens bemerkenswerte und oft skurrile Formen an. Heilige wurden bei verschiedenen Aufgaben im Alltag um Hilfe angefleht. Anna sollte Haus und Herdfeuer sch\u00fctzen, zur in Tirol besonders beliebten Heiligen Notburga von Rattenberg betete man f\u00fcr gute Ernte. Als daf\u00fcr verst\u00e4rkt D\u00fcnger und landwirtschaftliche Maschinen eingesetzt wurden, stieg sie zur Schutzheiligen der Trachtentr\u00e4gerinnen auf. Bergleute vertrauten ihr Schicksal in ihrem gef\u00e4hrlichen Job unter Tage der Heiligen Barbara und dem Heiligen Bernhard an. Die Kapelle bei den Herrenh\u00e4usern im Halltal nahe Innsbruck gibt einen faszinierenden Einblick in die Glaubenswelt zwischen <em>Bettelwurfgeist<\/em> und Anbetung diverser lokaler Schutzpatrone. Die Heilige, die alle anderen in der Verehrung bis heute \u00fcberstrahlt, ist Maria. Von der Kr\u00e4uterweihe zu Maria Himmelfahrt bis zum rechtsdrehenden Wasser in Maria Waldrast am Fu\u00df der Serles und Votivbildern in Kirchen und Kapellen ist sie beliebter Dauergast in der Volksfr\u00f6mmigkeit. Wer aufmerksam durch Innsbruck spaziert, findet ein spezielles Bild immer wieder auf Fassaden von Geb\u00e4uden: Das <em>Gnadenbild Mariahilf<\/em> von Lucas Cranach (ca. 1472 \u2013 1553).<\/p>\n<p>Cranachs Madonna ist eine der popul\u00e4rsten und am h\u00e4ufigsten kopierten Darstellungen Marias im Alpenraum. Das Bild ist eine Neuinterpretation der klassischen ikonographischen Mutter Gottes. \u00c4hnlich wie die <em>Mona Lisa<\/em> da Vincis, die zu einer \u00e4hnlichen Zeit entstand, l\u00e4chelt Maria dem Betrachter verschmitzt zu. Cranach verzichtete auf jede Form der Sakralisierung wie Mondsichel oder Heiligenschein und l\u00e4sst sie in zeitgen\u00f6ssischer Alltagskleidung auftreten. Die rotblonden Haare von Mutter und Kind transferieren sie von Pal\u00e4stina nach Europa. Aus der Heiligen und jungfr\u00e4ulichen Maria wurde eine gew\u00f6hnliche Frau mit Kind aus der gehobenen Mittelschicht des 16. Jahrhunderts.<\/p>\n<p>Entstehung, Reise und Verehrung des Gnadenbildes Mariahilf erz\u00e4hlen im Kleinen die Geschichte von Reformation, Gegenreformation und Volksfr\u00f6mmigkeit in den Deutschen L\u00e4ndern. Die Odyssee des lediglich 78 x 47 cm gro\u00dfen Bildes begann im heutigen Th\u00fcringen am landesf\u00fcrstlichen Hof, einem der kulturellen Zentren Europas der damaligen Zeit. Kurf\u00fcrst Friedrich III. von Sachsen (1463 \u2013 1525) war ein frommer Mensch. In seinem Besitz befand sich eine der umfangreichsten Reliquiensammlungen der Zeit hatte. Trotz seiner tiefen Verwurzelung im popul\u00e4ren Glauben an Reliquien und seinen ausgepr\u00e4gten Hang zur Marienverehrung unterst\u00fctze er 1518 nicht nur aus religi\u00f6sen, sondern auch aus machtpolitischen Gr\u00fcnden Martin Luther. Freies Geleit des m\u00e4chtigen Landesf\u00fcrsten und die Unterbringung auf der Wartburg erm\u00f6glichten Luther die Arbeit an der deutschen \u00dcbersetzung der Heiligen Schrift und seiner Vorstellung einer neuen, reformierten Kirche.<\/p>\n<p>Wie zu dieser Zeit \u00fcblich, hatte Friedrich auch einen <em>Art Director<\/em> in seinem Gefolge. Lucas Cranach war seit 1515 als Hofmaler in Wittenberg. Cranach war wie andere Maler seiner Zeit nicht nur \u00e4u\u00dferst produktiv, sondern auch \u00e4u\u00dferst gesch\u00e4ftst\u00fcchtig. Neben seiner k\u00fcnstlerischen T\u00e4tigkeit f\u00fchrte er in Wittenberg eine Apotheke und eine Weinschenke. Dank seines finanziellen Wohlstandes und Ansehens stand er der Gemeinde ab 1528 als B\u00fcrgermeister vor. Cranach galt als schneller Maler mit gro\u00dfem Output. Er erkannte Kunst als Medium, um Zeit und Zeitgeist festzuhalten und zu verbreiten. \u00c4hnlich wie Albrecht D\u00fcrer schuf er popul\u00e4re Werke mit gro\u00dfer Reichweite. Seine Portr\u00e4ts der damaligen High Society pr\u00e4gen bis heute unser Bild damaliger Promis wie die seines Arbeitgebers Friedrich, Maximilian I., Martin Luther oder seinem Standeskollegen D\u00fcrer.<\/p>\n<p>Auf Schloss Wittenberg lernten sich Cranach und die Kirchenkritiker Philipp Melanchthon und Martin Luther kennen. Sp\u00e4testens durch diese Bekanntschaft wurde der K\u00fcnstler zum Anh\u00e4nger des neuen, reformierten Christentums, das noch keine offizielle Erscheinungsform hatte. Die Unsch\u00e4rfen in den religi\u00f6sen \u00dcberzeugungen und Praktiken dieser Zeit vor der offiziellen Kirchenspaltung spiegeln sich in Cranachs Werken wider. Trotz der Ablehnung Luthers und Melanchthons von Heiligenverehrung, Marienkult und ikonographischer Darstellungen in Kirchen malte Cranach weiterhin f\u00fcr seine Auftraggeber nach deren Geschmack.<\/p>\n<p>Ebenso unscharf wie der \u00dcbergang von einer Konfession zur anderen im 16. Jahrhundert ist das Entstehungsdatum des <em>Gnadenbildes Mariahilf<\/em>. Cranach fertigte es irgendwann zwischen 1510 und 1537 entweder f\u00fcr den Hausalter von Friedrichs Schw\u00e4gerin, Herzogin Barbara von Sachsen oder f\u00fcr die Heiligkreuzkirche in Dresden an. Kunstexperten sind sich bis heute uneins. Die Freundschaft zwischen Cranach und Martin Luther legt nahe, Cranach h\u00e4tte es nach seiner Hinwendung zum Luthertum gemalt und diese verweltlichte Darstellung einer Mutter mit Kind sei ein Ausdruck eines neuen religi\u00f6sen Weltbildes. Es ist aber durchaus m\u00f6glich, dass der gesch\u00e4ftst\u00fcchtige K\u00fcnstler das Bild nach der Vorstellung des Auftraggebers komplett ohne ideologischen Hintergrund, sondern als Ausdruck der Mode der Zeit bereits vor der Ankunft Luthers in Wittenberg malte.<\/p>\n<p>Nach dem Tod Friedrichs trat Cranach in den Dienst seines Nachfolgers Johann Friedrichs I. von Sachsen. Als sein Arbeitgeber 1547 nach der Schlacht von M\u00fchlberg in Gefangenschaft des Kaisers geriet, folgte ihm Hofmaler Cranach trotz seines hohen Alters bis nach Augsburg und Innsbruck. Nach f\u00fcnf Jahren im Schlepptau der wohl luxuri\u00f6s untergebrachten Geisel kehrte Cranach zur\u00fcck nach Wittenberg, wo er seinem f\u00fcr damalige Verh\u00e4ltnisse biblischen Alter erlag.<\/p>\n<p>Das <em>Gnadenbild Mariahilf<\/em> wurde, wahrscheinlich um es vor eifernden Bilderst\u00fcrmen vor der Zerst\u00f6rung zu retten, w\u00e4hrend der turbulenten Jahre der Konfessionskriege in die Kunstkammer des s\u00e4chsischen Landesf\u00fcrsten \u00fcberf\u00fchrt. Knapp 65 Jahre sp\u00e4ter sollte es wie zuvor sein Erschaffer auf verschlungenen Pfaden seinen Weg nach Innsbruck finden. Als der kunstsinnige Passauer Bischof aus dem Hause Habsburg 1611 zu Gast am Hof in Dresden war, erw\u00e4hlte er das Gnadenbild Cranachs als Gastgeschenk und nahm es mit in seine f\u00fcrstbisch\u00f6fliche Residenz an der Donau. Dort sah es sein Domdekan und war so angetan, dass er eine Kopie f\u00fcr seinen Hausaltar anfertigen lie\u00df. Rasch entstand rund um das Bild ein Wallfahrtskult.<\/p>\n<p>Als aus dem Passauer Bischof sieben Jahre sp\u00e4ter Erzherzog Leopold V. von \u00d6sterreich und Landesf\u00fcrst Tirols wurde, \u00fcbersiedelte das popul\u00e4re Gem\u00e4lde mit seinem Besitzer an den Hof in Innsbruck. Seine toskanische Gattin Claudia de Medici hielt den Marienkult in italienischer Tradition auch nach seinem Ableben eifrig am K\u00f6cheln. Sowohl die Servitenkirche als auch das Kapuzinerstift erhielten Altare und Bilder der Heiligen Muttergottes. Nichts war allerdings beliebter als Cranachs Gnadenbild. Um die Stadt w\u00e4hrend des Drei\u00dfigj\u00e4hrigen Krieges zu besch\u00fctzen, wurde das Bild h\u00e4ufig aus der Hofkapelle geholt und f\u00fcr die \u00f6ffentliche Verehrung ausgestellt. Die verzweifelte Innsbrucker Bev\u00f6lkerung schrie dem kleinen Gem\u00e4lde bei diesen Massengebeten ein lautstarkes \u201eMaria Hilf\u201c entgegen, eine Praxis, die dank der Jesuiten im Volksglauben Einzug gehalten hatte. 1647, im Moment h\u00f6chster Not schworen die Tiroler Landst\u00e4nde, rund um das Bild eine Kirche zu bauen, sollte der Schutz Marias das Land vor der Verw\u00fcstung durch bayerische und schwedische Truppen bewahren. Dass die reformierte Darstellung der Heiligen Maria, gemalt von einem Freund Martin Luthers, zum Schutz der Stadt vor protestantischen Truppen angefleht wurde, entbehrt wohl nicht einer gewissen Ironie.<\/p>\n<p>Die Kirche Mariahilf wurde zwar gebaut, das Bild aber wurde 1650 in der Pfarrkirche St. Jakob innerhalb der sicheren Stadtmauern ausgestellt. Das neu erbaute Gotteshaus erhielt eine von Michael Waldmann angefertigte Kopie. Es sollte nicht die letzte ihrer Art werden. Das Motiv und die Darstellung Cranachs der Mutter Gottes erfreute sich allerh\u00f6chster Beliebtheit und findet sich bis heute nicht nur in Kirchen, sondern auf unz\u00e4hligen Privath\u00e4usern wieder. Kunst wurde durch diese Kopien zum Massenph\u00e4nomen. Vom Privatbesitz des s\u00e4chsischen Landesf\u00fcrsten war das Marienbild in den \u00f6ffentlichen Raum gewandert. Jahrhunderte vor Andy Warhol und Roy Lichtenstein waren Cranach und D\u00fcrer zu viel kopierten K\u00fcnstlern geworden und ihre Bilder zu einem Teil des \u00f6ffentlichen Raumes und Alltags. Das Original des <em>Gnadenbildes Mariahilf<\/em> mag im Dom St. Jakob h\u00e4ngen, die Kopie und die drumherum entstandene Pfarre aber gaben einem ganzen Stadtteil seinen Namen.<\/p>\n<p>[\/et_pb_toggle][\/et_pb_column][\/et_pb_section]<\/p>\n","protected":false},"excerpt":{"rendered":"<p>Pradlerstra\u00dfe<\/p>","protected":false},"author":1,"featured_media":57605,"comment_status":"open","ping_status":"closed","sticky":false,"template":"","format":"standard","meta":{"_et_pb_use_builder":"on","_et_pb_old_content":"","_et_gb_content_width":"","wds_primary_category":0,"footnotes":""},"categories":[82,81,114,157,54],"tags":[],"class_list":["post-53943","post","type-post","status-publish","format-standard","has-post-thumbnail","hentry","category-amras-pradl","category-eduard-klingler-der-baumeister-der-erweiterung","category-innsbrucks-industrielle-revolutionen","category-maria-hilf-innsbruck","category-wilhelm-greil-der-buergermeister-innsbrucks"],"_links":{"self":[{"href":"https:\/\/www.discover-innsbruck.at\/en\/wp-json\/wp\/v2\/posts\/53943","targetHints":{"allow":["GET"]}}],"collection":[{"href":"https:\/\/www.discover-innsbruck.at\/en\/wp-json\/wp\/v2\/posts"}],"about":[{"href":"https:\/\/www.discover-innsbruck.at\/en\/wp-json\/wp\/v2\/types\/post"}],"author":[{"embeddable":true,"href":"https:\/\/www.discover-innsbruck.at\/en\/wp-json\/wp\/v2\/users\/1"}],"replies":[{"embeddable":true,"href":"https:\/\/www.discover-innsbruck.at\/en\/wp-json\/wp\/v2\/comments?post=53943"}],"version-history":[{"count":0,"href":"https:\/\/www.discover-innsbruck.at\/en\/wp-json\/wp\/v2\/posts\/53943\/revisions"}],"wp:featuredmedia":[{"embeddable":true,"href":"https:\/\/www.discover-innsbruck.at\/en\/wp-json\/wp\/v2\/media\/57605"}],"wp:attachment":[{"href":"https:\/\/www.discover-innsbruck.at\/en\/wp-json\/wp\/v2\/media?parent=53943"}],"wp:term":[{"taxonomy":"category","embeddable":true,"href":"https:\/\/www.discover-innsbruck.at\/en\/wp-json\/wp\/v2\/categories?post=53943"},{"taxonomy":"post_tag","embeddable":true,"href":"https:\/\/www.discover-innsbruck.at\/en\/wp-json\/wp\/v2\/tags?post=53943"}],"curies":[{"name":"wp","href":"https:\/\/api.w.org\/{rel}","templated":true}]}}