{"id":54419,"date":"2024-05-08T14:38:06","date_gmt":"2024-05-08T14:38:06","guid":{"rendered":"https:\/\/www.discover-innsbruck.at\/?p=54419"},"modified":"2025-10-28T14:22:35","modified_gmt":"2025-10-28T14:22:35","slug":"die-reichskristallnacht-in-innsbruck","status":"publish","type":"post","link":"https:\/\/www.discover-innsbruck.at\/en\/die-reichskristallnacht-in-innsbruck\/","title":{"rendered":"The Reichskristallnacht in Innsbruck"},"content":{"rendered":"<p>[et_pb_section fb_built=&#8220;1&#8243; specialty=&#8220;on&#8220; _builder_version=&#8220;4.24.3&#8243; _module_preset=&#8220;default&#8220; global_colors_info=&#8220;{}&#8220;][et_pb_column type=&#8220;1_2&#8243; specialty_columns=&#8220;2&#8243; _builder_version=&#8220;4.16&#8243; custom_padding=&#8220;|||&#8220; global_colors_info=&#8220;{}&#8220; custom_padding__hover=&#8220;|||&#8220;][et_pb_row_inner _builder_version=&#8220;4.16&#8243; _module_preset=&#8220;default&#8220; global_colors_info=&#8220;{}&#8220;][et_pb_column_inner saved_specialty_column_type=&#8220;1_2&#8243; _builder_version=&#8220;4.16&#8243; _module_preset=&#8220;default&#8220; global_colors_info=&#8220;{}&#8220;][et_pb_text admin_label=&#8220;Titel&#8220; _builder_version=&#8220;4.24.3&#8243; text_text_color=&#8220;#000000&#8243; header_font=&#8220;|on|||&#8220; header_text_align=&#8220;center&#8220; header_text_color=&#8220;#e09900&#8243; header_font_size=&#8220;42px&#8220; header_line_height=&#8220;1.3em&#8220; header_2_text_color=&#8220;#e09900&#8243; background_color=&#8220;rgba(255,255,255,0.8)&#8220; background_layout=&#8220;dark&#8220; custom_padding=&#8220;20px|20px|20px|20px|true|true&#8220; header_font_size_last_edited=&#8220;off|desktop&#8220; border_radii=&#8220;on|10px|10px|10px|10px&#8220; box_shadow_style=&#8220;preset1&#8243; locked=&#8220;off&#8220; global_colors_info=&#8220;{}&#8220;]<\/p>\n<h2>Die Reichskristallnacht in Innsbruck<\/h2>\n<p>[\/et_pb_text][et_pb_image src=&#8220;https:\/\/www.discover-innsbruck.at\/wp-content\/uploads\/2020\/10\/Panorama-Innsbruck.jpg&#8220; title_text=&#8220;Panorama-Innsbruck&#8220; _builder_version=&#8220;4.24.3&#8243; _module_preset=&#8220;default&#8220; border_radii=&#8220;on|10px|10px|10px|10px&#8220; box_shadow_style=&#8220;preset1&#8243; global_colors_info=&#8220;{}&#8220;][\/et_pb_image][et_pb_toggle title=&#8220;Reichskristallnacht in Innsbruck&#8220; open=&#8220;on&#8220; open_toggle_text_color=&#8220;#e09900&#8243; open_toggle_background_color=&#8220;#ffffff&#8220; closed_toggle_text_color=&#8220;#e09900&#8243; closed_toggle_background_color=&#8220;#ffffff&#8220; icon_color=&#8220;#e09900&#8243; open_icon_color=&#8220;#e09900&#8243; admin_label=&#8220;Reichskristallnacht in Innsbruck&#8220; _builder_version=&#8220;4.27.4&#8243; _module_preset=&#8220;default&#8220; title_text_color=&#8220;#e09900&#8243; title_font_size=&#8220;18px&#8220; hover_enabled=&#8220;0&#8243; border_radii=&#8220;on|5px|5px|5px|5px&#8220; box_shadow_style=&#8220;preset1&#8243; global_module=&#8220;53668&#8243; saved_tabs=&#8220;all&#8220; global_colors_info=&#8220;{}&#8220; sticky_enabled=&#8220;0&#8243;]<\/p>\n<p>Wie viele andere deutsche und \u00f6sterreichische St\u00e4dte war auch Innsbruck Tatort w\u00e4hrend der Ereignisse, die sich in der Nacht vom 9. auf den 10. November 1938 abspielten und als <em>Reichskristallnacht <\/em>und Novemberpogrome einen der traurigsten Teile der j\u00fcngeren Geschichte bilden. Das NS-Regime nahm das Attentat eines polnisch-j\u00fcdischen Studenten auf den deutschen Botschafter in Paris zum Anlass f\u00fcr die organisierten Pogrome. Ausgehend von der Parteispitze rund um Adolf Hitler wurden die Befehle an die lokalen Vertretungen in den St\u00e4dten des Deutschen Reichs gegeben, um die Entjudung Deutschlands und die Arisierung, die Enteignung der j\u00fcdischen Bev\u00f6lkerung, zu beschleunigen.<\/p>\n<p>Im Gegensatz zu j\u00fcdischer Bev\u00f6lkerung und Kultur war Antisemitismus g\u00e4ngige Tradition in Tirol. Innsbruck war das Zentrum j\u00fcdischen Lebens in West\u00f6sterreich, eine nennenswerte Anzahl j\u00fcdischer B\u00fcrger gab es allerdings nie. Die ersten Zuz\u00fcgler j\u00fcdischen Glaubens waren im Mittelalter in die Stadt gekommen. Anfang des 16. Jahrhunderts wurde der j\u00fcdische Friedhof am <em>Judenb\u00fchel<\/em> in St. Nikolaus erstmals erw\u00e4hnt. 1880 waren es nur 109 Juden, die in Innsbruck gemeldet waren. In den Tagen vor dem Ersten Weltkrieg, in dem j\u00fcdische Soldaten als Untertanen der Habsburgermonarchie regul\u00e4r ihren Dienst leisteten, z\u00e4hlte Innsbruck 500 j\u00fcdische B\u00fcrger. Politische Fraktionen bauten ihre Programme auch lange vor dem Aufstieg der Nationalsozialisten auf Antisemitismus auf. Die <em>Partei Christlicher Mittelstand<\/em> warnte ihre W\u00e4hler vor den \u201esch\u00e4dlichen Juden\u201c per Flugblatt vor den Wahlen des Jahres 1889 zu warnen. In den Kirchen waren antisemitische Predigten und die Legende des Ritualmordes im Tiroler Gewand vom <em>Anderle von Rinn<\/em> an der Tagesordnung. Der in Tirol popul\u00e4re Theologe Josef Seeber verfasste mit seiner Version des <em>Ewigen Juden<\/em> eine epische, antisemitische Ballade.<\/p>\n<p>Neu war 1938 die Gewalt, die sich offen zeigte. Am 9. November wurde im Stadttheater zur Erinnerung an den nationalsozialistischen Putschversuch von 1923 in M\u00fcnchen eine Feier abgehalten. Das Publikum wurde mit Vorf\u00fchrungen der Hitlerjugend sowie Richard Wagners <em>Lohengrin<\/em> auf die Angelobung der SS-Mitglieder am <em>Adolf-Hitler-Platz<\/em> vor dem Theater eingestimmt. Nach Mitternacht versammelten sich Gauleiter Hofer und hochrangige Mitglieder der SS, um die Details der zu folgenden \u201e<em>spontanen Erhebung des Deutschen Volkes gegen die Juden<\/em>\u201c durchzugehen. Einer von ihnen war der Innsbrucker B\u00fcrgermeister Egon Denz (1899 \u2013 1979), der als oberster Befehlshaber der Feuerwehr die Br\u00e4nde nicht l\u00f6schen lie\u00df. Wohnungen und Gesch\u00e4fte von Juden wurden zerst\u00f6rt. J\u00fcdische B\u00fcrger wurden misshandelt und verpr\u00fcgelt. Richard Berger, Wilhelm Bauer und Richard Graubart kamen zu Tode. Mehr oder minder die gesamte j\u00fcdische Bev\u00f6lkerung wurde in den Tagen nach der <em>Reichspogromnacht<\/em> nach Wien zwangs\u00fcbersiedelt.<\/p>\n<p>Innsbruck war, betrachtet man die Relation des kleinen j\u00fcdischen Bev\u00f6lkerungsanteils zu den Opferzahlen, eine der am brutalsten agierenden St\u00e4dte im Deutschen Reich im Rahmen der Novemberpogrome. Gut dokumentiert ist die Ermordung Richard Graubarts. Er f\u00fchrte ein Schuhgesch\u00e4ft in der Museumstra\u00dfe. Mit seiner Familie bewohnte er eine Villa in der G\u00e4nsbacherstra\u00dfe im Stadtteil Saggen. Unter Leitung des SS-Hauptsturmf\u00fchrers Hans Aichinger drangen seine M\u00f6rder, die er zum Teil pers\u00f6nlich kannte, in die Wohnung der Familie ein. Graubart wurde erstochen, der eine Stunde sp\u00e4ter eintreffende Arzt konnte nur noch seinen Tod feststellen. Die Villa war bereits vor der Tat an einen NS-Parteifunktion\u00e4r vergeben worden, ebenso der restliche Besitz der Familie Graubart. In der <em>Neuesten Zeitung<\/em> vom 10. November stand zu lesen:<\/p>\n<p><em>\u201eSynagoge in Innsbruck ist zerst\u00f6rt\u2026 \u00c4hnlich wie in allen St\u00e4dten Deutschlands fanden solche Proteste auch in Innsbruck statt\u2026. Die Menschenmenge demonstrierte mit ihrer Wut die Emp\u00f6rung \u00fcber das grausame Blutvergie\u00dfen und rief zu Ma\u00dfnahmen gegen Juden auf\u2026. Um weitere Unruhe zu vermeiden waren viele Juden verhaftet\u2026 \u00dcbrigens freu sich die Stadt Innsbruck und unser Gau ziemlich bald von j\u00fcdischer Last befreit zu werden, indem massenweise ein Prozess der Arisierung eingesetzt wird.\u201c<\/em><\/p>\n<p>Als es nach dem Krieg zum Prozess vor dem Volksgericht am Landesgericht Innsbruck rund um die Ausschreitungen kam, wurde keiner der Angeklagten wegen Mordes verurteilt. Rudolf Schwarz und Robert Huttig, zwei der M\u00e4nner, die Richard Graubart ermordet hatten, wurden 1947 zu 11 bzw. 10 Jahren Haft verurteilt, allerdings 1951 bereits begnadigt und aus dem Gef\u00e4ngnis entlassen. Das Verfahren am Volksgericht Innsbruck gegen B\u00fcrgermeister Egon Denz wurde 1947 eingestellt. Er erhielt nach seinem Tod 1979 ein Ehrengrab am Innsbrucker Westfriedhof. Es dauerte bis 1981, bevor die Stadt Innsbruck eine Erinnerungstafel am Ort der 1938 zerst\u00f6rten Synagoge anbrachte. 1993 wurde an selber Stelle in der Sillgasse die neue Synagoge im Beisein des Innsbrucker Bischofs Reinhold Stecher (1921 \u2013 2013) er\u00f6ffnet. Zur Einweihung erhielt die kleine j\u00fcdische Gemeinde Tirols und Vorarlbergs ein besonderes Geschenk. Im November 1938 hatten die damaligen Nachbarn den Schl\u00fcssel der zerst\u00f6rten T\u00fcr der alten Synagoge abgezogen und aufbewahrt, der an diesem Tag zur\u00fcckgegeben wurde.<\/p>\n<p>[\/et_pb_toggle][\/et_pb_column_inner][\/et_pb_row_inner][\/et_pb_column][et_pb_column type=&#8220;1_2&#8243; _builder_version=&#8220;4.16&#8243; custom_padding=&#8220;|||&#8220; global_colors_info=&#8220;{}&#8220; custom_padding__hover=&#8220;|||&#8220;][et_pb_text admin_label=&#8220;\u00dcberschrift (nicht \u00e4ndern)&#8220; _builder_version=&#8220;4.24.3&#8243; text_text_color=&#8220;#000000&#8243; header_font=&#8220;|on|||&#8220; header_text_align=&#8220;center&#8220; header_text_color=&#8220;#e09900&#8243; header_font_size=&#8220;42px&#8220; header_line_height=&#8220;1.3em&#8220; header_2_text_color=&#8220;#e09900&#8243; background_color=&#8220;rgba(255,255,255,0.8)&#8220; background_layout=&#8220;dark&#8220; custom_padding=&#8220;20px|20px|20px|20px|true|true&#8220; header_font_size_last_edited=&#8220;off|desktop&#8220; border_radii=&#8220;on|10px|10px|10px|10px&#8220; box_shadow_style=&#8220;preset1&#8243; locked=&#8220;off&#8220; global_colors_info=&#8220;{}&#8220;]<\/p>\n<h2>Sehensw\u00fcrdigkeiten dazu&#8230;<\/h2>\n<p><a href=\"https:\/\/www.discover-innsbruck.at\/geschichte-der-stadt-innsbruck\/\">Zur\u00fcck zur \u00dcbersicht der Stadtgeschichte<\/a><\/p>\n<p>[\/et_pb_text][et_pb_blog fullwidth=&#8220;off&#8220; posts_number=&#8220;50&#8243; include_categories=&#8220;70&#8243; show_thumbnail=&#8220;off&#8220; use_manual_excerpt=&#8220;off&#8220; show_author=&#8220;off&#8220; show_date=&#8220;off&#8220; show_categories=&#8220;off&#8220; show_excerpt=&#8220;off&#8220; show_pagination=&#8220;off&#8220; admin_label=&#8220;Sehensw\u00fcrdigkeiten dieser Kategorie&#8220; _builder_version=&#8220;4.24.3&#8243; _module_preset=&#8220;default&#8220; custom_padding=&#8220;10px|10px|10px|10px|true|true&#8220; border_radii=&#8220;on|10px|10px|10px|10px&#8220; box_shadow_style=&#8220;preset1&#8243; global_colors_info=&#8220;{}&#8220;][\/et_pb_blog][et_pb_text admin_label=&#8220;\u00dcbersicht der Stadtgeschichte (nicht \u00e4ndern)&#8220; _builder_version=&#8220;4.24.3&#8243; text_text_color=&#8220;#000000&#8243; header_font=&#8220;|on|||&#8220; header_text_align=&#8220;center&#8220; header_text_color=&#8220;#e09900&#8243; header_font_size=&#8220;42px&#8220; header_line_height=&#8220;1.3em&#8220; header_2_text_color=&#8220;#e09900&#8243; background_color=&#8220;rgba(255,255,255,0.8)&#8220; background_layout=&#8220;dark&#8220; custom_padding=&#8220;20px|20px|20px|20px|true|true&#8220; header_font_size_last_edited=&#8220;off|desktop&#8220; border_radii=&#8220;on|10px|10px|10px|10px&#8220; box_shadow_style=&#8220;preset1&#8243; locked=&#8220;off&#8220; global_colors_info=&#8220;{}&#8220;]<\/p>\n<p><a href=\"https:\/\/www.discover-innsbruck.at\/geschichte-der-stadt-innsbruck\/\">\u00dcbersicht der Stadtgeschichte<\/a><\/p>\n<p>[\/et_pb_text][\/et_pb_column][\/et_pb_section]<\/p>\n","protected":false},"excerpt":{"rendered":"<p>The pogroms, which went down in history as Kristallnacht, also claimed numerous victims in Innsbruck.<\/p>","protected":false},"author":1,"featured_media":2183,"comment_status":"open","ping_status":"closed","sticky":false,"template":"","format":"standard","meta":{"_et_pb_use_builder":"on","_et_pb_old_content":"","_et_gb_content_width":"","wds_primary_category":0,"footnotes":""},"categories":[89,90],"tags":[],"class_list":["post-54419","post","type-post","status-publish","format-standard","has-post-thumbnail","hentry","category-wissenswertes","category-wissenswertes-20-jahrhundert"],"_links":{"self":[{"href":"https:\/\/www.discover-innsbruck.at\/en\/wp-json\/wp\/v2\/posts\/54419","targetHints":{"allow":["GET"]}}],"collection":[{"href":"https:\/\/www.discover-innsbruck.at\/en\/wp-json\/wp\/v2\/posts"}],"about":[{"href":"https:\/\/www.discover-innsbruck.at\/en\/wp-json\/wp\/v2\/types\/post"}],"author":[{"embeddable":true,"href":"https:\/\/www.discover-innsbruck.at\/en\/wp-json\/wp\/v2\/users\/1"}],"replies":[{"embeddable":true,"href":"https:\/\/www.discover-innsbruck.at\/en\/wp-json\/wp\/v2\/comments?post=54419"}],"version-history":[{"count":0,"href":"https:\/\/www.discover-innsbruck.at\/en\/wp-json\/wp\/v2\/posts\/54419\/revisions"}],"wp:featuredmedia":[{"embeddable":true,"href":"https:\/\/www.discover-innsbruck.at\/en\/wp-json\/wp\/v2\/media\/2183"}],"wp:attachment":[{"href":"https:\/\/www.discover-innsbruck.at\/en\/wp-json\/wp\/v2\/media?parent=54419"}],"wp:term":[{"taxonomy":"category","embeddable":true,"href":"https:\/\/www.discover-innsbruck.at\/en\/wp-json\/wp\/v2\/categories?post=54419"},{"taxonomy":"post_tag","embeddable":true,"href":"https:\/\/www.discover-innsbruck.at\/en\/wp-json\/wp\/v2\/tags?post=54419"}],"curies":[{"name":"wp","href":"https:\/\/api.w.org\/{rel}","templated":true}]}}