{"id":54541,"date":"2024-05-14T08:38:43","date_gmt":"2024-05-14T08:38:43","guid":{"rendered":"https:\/\/www.discover-innsbruck.at\/?p=54541"},"modified":"2025-10-22T08:30:43","modified_gmt":"2025-10-22T08:30:43","slug":"der-boarische-rummel-und-der-spanische-erbfolgekrieg","status":"publish","type":"post","link":"https:\/\/www.discover-innsbruck.at\/en\/der-boarische-rummel-und-der-spanische-erbfolgekrieg\/","title":{"rendered":"The \"Boarische Rummel\" and the War of the Spanish Succession"},"content":{"rendered":"<p>[et_pb_section fb_built=&#8220;1&#8243; specialty=&#8220;on&#8220; _builder_version=&#8220;4.24.3&#8243; _module_preset=&#8220;default&#8220; global_colors_info=&#8220;{}&#8220;][et_pb_column type=&#8220;1_2&#8243; specialty_columns=&#8220;2&#8243; _builder_version=&#8220;4.16&#8243; custom_padding=&#8220;|||&#8220; global_colors_info=&#8220;{}&#8220; custom_padding__hover=&#8220;|||&#8220;][et_pb_row_inner _builder_version=&#8220;4.16&#8243; _module_preset=&#8220;default&#8220; global_colors_info=&#8220;{}&#8220;][et_pb_column_inner saved_specialty_column_type=&#8220;1_2&#8243; _builder_version=&#8220;4.16&#8243; _module_preset=&#8220;default&#8220; global_colors_info=&#8220;{}&#8220;][et_pb_text admin_label=&#8220;Titel&#8220; _builder_version=&#8220;4.24.3&#8243; text_text_color=&#8220;#000000&#8243; header_font=&#8220;|on|||&#8220; header_text_align=&#8220;center&#8220; header_text_color=&#8220;#e09900&#8243; header_font_size=&#8220;42px&#8220; header_line_height=&#8220;1.3em&#8220; header_2_text_color=&#8220;#e09900&#8243; background_color=&#8220;rgba(255,255,255,0.8)&#8220; background_layout=&#8220;dark&#8220; custom_padding=&#8220;20px|20px|20px|20px|true|true&#8220; header_font_size_last_edited=&#8220;off|desktop&#8220; border_radii=&#8220;on|10px|10px|10px|10px&#8220; box_shadow_style=&#8220;preset1&#8243; locked=&#8220;off&#8220; global_colors_info=&#8220;{}&#8220;]<\/p>\n<h2>Der \u201e<em>Boarische Rummel<\/em>\u201c und der Spanische Erbfolgekrieg<\/h2>\n<p>[\/et_pb_text][et_pb_image src=&#8220;https:\/\/www.discover-innsbruck.at\/wp-content\/uploads\/2020\/09\/Annasaeule-Innsbruck-Kopie.jpg&#8220; alt=&#8220;Annas\u00e4ule Innsbruck Kopie&#8220; title_text=&#8220;Annas\u00e4ule Innsbruck Kopie&#8220; _builder_version=&#8220;4.24.3&#8243; _module_preset=&#8220;default&#8220; border_radii=&#8220;on|10px|10px|10px|10px&#8220; box_shadow_style=&#8220;preset1&#8243; global_colors_info=&#8220;{}&#8220;][\/et_pb_image][et_pb_toggle title=&#8220;Der Boarische Rummel und der Spanische Erbfolgekrieg&#8220; open=&#8220;on&#8220; open_toggle_text_color=&#8220;#e09900&#8243; open_toggle_background_color=&#8220;#ffffff&#8220; closed_toggle_text_color=&#8220;#e09900&#8243; closed_toggle_background_color=&#8220;#ffffff&#8220; icon_color=&#8220;#e09900&#8243; open_icon_color=&#8220;#e09900&#8243; admin_label=&#8220;Der Boarische Rummel und der Spanische Erbfolgekrieg&#8220; _builder_version=&#8220;4.27.4&#8243; _module_preset=&#8220;default&#8220; title_text_color=&#8220;#e09900&#8243; title_font_size=&#8220;18px&#8220; hover_enabled=&#8220;0&#8243; border_radii=&#8220;on|5px|5px|5px|5px&#8220; box_shadow_style=&#8220;preset1&#8243; global_module=&#8220;53601&#8243; saved_tabs=&#8220;all&#8220; global_colors_info=&#8220;{}&#8220; sticky_enabled=&#8220;0&#8243;]<\/p>\n<p>Als 1700 mit Karl II. von Spanien der letzte Habsburger der spanischen Linie den Thron ohne Erben hinterlie\u00df, entbrannte der <em>Spanische Erbfolgekrieg<\/em> zwischen den Weltm\u00e4chten. Habsburger, Franzosen und Bayern probierten jeweils ihren Kandidaten auf den Thron zu bringen. In wechselnden Allianzen rund um den Globus standen sich in den Koalitionskriegen gro\u00dfe Armeen gegen\u00fcber. \u00dcber h\u00e4ufig wechselnde B\u00fcndnisse mischten zwischen Europa, Asien und Amerika auch Niederl\u00e4nder, Gro\u00dfbritannien &#8211; ja sogar Schweden und Russen mit. Was aber hat das mit Innsbruck zu tun?<\/p>\n<p>1703 erhob das mit Frankreich verb\u00fcndete Kurf\u00fcrstentum Bayern Anspruch auf die Grafschaft Tirol. 1665 war mit Sigismund Franz der letzte Landesf\u00fcrst der Tiroler Linie verstorben. Seitdem wurde Tirol von Statthaltern regiert. Die niedrigen und einfach zu \u00fcberquerenden Alpen\u00fcberg\u00e4nge machten das Land strategisch wichtig in diesem globalen Konflikt zwischen den Gro\u00dfn\u00e4chten. Um ihren vermeintlichen Anspruch auf Tirol milit\u00e4risch zu untermauern, marschierten die Bayern mit 12.000 Mann \u00fcber Kufstein ins Inntal. Schnell konnten sie den Raum um Innsbruck erobern, um sich hier mit den Truppen des franz\u00f6sischen B\u00fcndnispartners, der aus Italien Richtung Tirol marschierte, zu vereinigen.<\/p>\n<p>S\u00fcdtiroler und Oberinntaler Truppen, zu gro\u00dfen Teil aus den Sch\u00fctzenvereinen rekrutiert, boten den Fremdm\u00e4chten erfolgreich Paroli. Aus Innsbruck zogen Truppen ins Unterland aus, um den feindlichen Truppen Widerstand zu leisten. 400 Studenten und Gymnasiasten meldeten sich freiwillig zu den Waffen und wurden vor der Mariahilfkirche unter Waffen und das Oberkommando des Barons von Cles gestellte. Die Tiroler leisteten als gute Katholiken dem Herzen Jesu einen Treueschwur und baten um himmlischen Beistand. Gemeinsam mit den Signalfeuern, die auf den Bergen angefacht wurden, um zwischen den Truppen zu kommunizieren, wird dieser Brauch bis heute allj\u00e4hrlich im Juni als <em>Bergfeuer<\/em> fortgef\u00fchrt. Bei einer Schlacht an der Pontlatzerbr\u00fccke bei Landeck konnten die Tiroler Truppen einen Erfolg feiern, der die Wende brachte. Die zahlenm\u00e4\u00dfig unterlegenen Tiroler Sch\u00fctzen waren im Guerillakrieg in unwegsamem Gel\u00e4nde den gro\u00dfen Armeen, die f\u00fcr Feldschlachten ausgebildet und ausgestattet waren, ebenb\u00fcrtig. Geschickt n\u00fctzten sie die bessere Ortskenntnis und ihre F\u00e4higkeiten als Scharfsch\u00fctzen aus. Erst sp\u00e4ter r\u00fcckten von S\u00fcdtirol her auch regul\u00e4re Truppen der Habsburger nach. So konnte die bayrische Fremdherrschaft am 26. Juli, dem Sankt-Anna-Tag, wieder aus Innsbruck vertrieben werden. Das Interessante dabei ist, dass Kurf\u00fcrst Max Emanuel von einem guten Teil der B\u00fcrger Innsbrucks nicht ablehnend, vielmehr mit Begeisterung empfangen wurde. Der Boarische Rummel zeigte auf, wie unterschiedlich die politischen Vorstellungen von Stadt- und Landbev\u00f6lkerung in Tirol war.<\/p>\n<p>Der <em>Boarische Rummel<\/em>, wie der kurze Kampf um Tirol genannt wurde, klingt nur oberfl\u00e4chlich nach einem Scharm\u00fctzel. 1704 kam es in der Schlacht von H\u00f6chst\u00e4dt zu einer bayrischen Niederlage gegen die Habsburger. In der Folge besetzten \u00f6sterreichische Truppen M\u00fcnchen besetzen. Nun war es andersherum, die Bayern erhoben sich gegen die Habsburger. Unter anderem kam es dabei zur bekannten <em>Sendlinger Mordweihnacht<\/em>, bei der habsburgische Truppen etwa 1000 Soldaten, die sich eigentlich schon ergeben hatten, niedermetzeln lie\u00dfen. Das komplizierte Verh\u00e4ltnis zwischen Habsburgern, Tirolern, Innsbruckern und Bayern war ein Ph\u00e4nomen, begleitete das Land weiterhin. Die Tiroler Bauern warfen dem offiziellen \u00d6sterreich nicht zu Unrecht die Vernachl\u00e4ssigung der Landesverteidigung vor. In einer Welle des Zorns und des Hasses auf alle, die sich nicht gegen Bayern und Franzosen gewehrt hatten, ergoss sich Gewalt auch gegen Institutionen wie das Stift Wilten, wo die Bayern Quartier bezogen hatten.<\/p>\n<p>[\/et_pb_toggle][\/et_pb_column_inner][\/et_pb_row_inner][\/et_pb_column][et_pb_column type=&#8220;1_2&#8243; _builder_version=&#8220;4.16&#8243; custom_padding=&#8220;|||&#8220; global_colors_info=&#8220;{}&#8220; custom_padding__hover=&#8220;|||&#8220;][et_pb_text admin_label=&#8220;\u00dcberschrift (nicht \u00e4ndern)&#8220; _builder_version=&#8220;4.24.3&#8243; text_text_color=&#8220;#000000&#8243; header_font=&#8220;|on|||&#8220; header_text_align=&#8220;center&#8220; header_text_color=&#8220;#e09900&#8243; header_font_size=&#8220;42px&#8220; header_line_height=&#8220;1.3em&#8220; header_2_text_color=&#8220;#e09900&#8243; background_color=&#8220;rgba(255,255,255,0.8)&#8220; background_layout=&#8220;dark&#8220; custom_padding=&#8220;20px|20px|20px|20px|true|true&#8220; header_font_size_last_edited=&#8220;off|desktop&#8220; border_radii=&#8220;on|10px|10px|10px|10px&#8220; box_shadow_style=&#8220;preset1&#8243; locked=&#8220;off&#8220; global_colors_info=&#8220;{}&#8220;]<\/p>\n<h2>Sehensw\u00fcrdigkeiten dazu&#8230;<\/h2>\n<p>[\/et_pb_text][et_pb_blog fullwidth=&#8220;off&#8220; posts_number=&#8220;50&#8243; include_categories=&#8220;60&#8243; show_thumbnail=&#8220;off&#8220; use_manual_excerpt=&#8220;off&#8220; show_author=&#8220;off&#8220; show_date=&#8220;off&#8220; show_categories=&#8220;off&#8220; show_excerpt=&#8220;off&#8220; show_pagination=&#8220;off&#8220; admin_label=&#8220;Sehensw\u00fcrdigkeiten dieser Kategorie&#8220; _builder_version=&#8220;4.24.3&#8243; _module_preset=&#8220;default&#8220; custom_padding=&#8220;10px|10px|10px|10px|true|true&#8220; border_radii=&#8220;on|10px|10px|10px|10px&#8220; box_shadow_style=&#8220;preset1&#8243; global_colors_info=&#8220;{}&#8220;][\/et_pb_blog][et_pb_text admin_label=&#8220;\u00dcbersicht der Stadtgeschichte (nicht \u00e4ndern)&#8220; _builder_version=&#8220;4.24.3&#8243; text_text_color=&#8220;#000000&#8243; header_font=&#8220;|on|||&#8220; header_text_align=&#8220;center&#8220; header_text_color=&#8220;#e09900&#8243; header_font_size=&#8220;42px&#8220; header_line_height=&#8220;1.3em&#8220; header_2_text_color=&#8220;#e09900&#8243; background_color=&#8220;rgba(255,255,255,0.8)&#8220; background_layout=&#8220;dark&#8220; custom_padding=&#8220;20px|20px|20px|20px|true|true&#8220; header_font_size_last_edited=&#8220;off|desktop&#8220; border_radii=&#8220;on|10px|10px|10px|10px&#8220; box_shadow_style=&#8220;preset1&#8243; locked=&#8220;off&#8220; global_colors_info=&#8220;{}&#8220;]<\/p>\n<p><a href=\"https:\/\/www.discover-innsbruck.at\/geschichte-der-stadt-innsbruck\/\">\u00dcbersicht der Stadtgeschichte<\/a><\/p>\n<p>[\/et_pb_text][\/et_pb_column][\/et_pb_section]<\/p>\n","protected":false},"excerpt":{"rendered":"<p>The Boarische Rummel illustrates how a small town like Innsbruck could get caught up in the turmoil of world politics. <\/p>","protected":false},"author":1,"featured_media":1264,"comment_status":"open","ping_status":"closed","sticky":false,"template":"","format":"standard","meta":{"_et_pb_use_builder":"on","_et_pb_old_content":"","_et_gb_content_width":"","wds_primary_category":0,"footnotes":""},"categories":[89,93],"tags":[],"class_list":["post-54541","post","type-post","status-publish","format-standard","has-post-thumbnail","hentry","category-wissenswertes","category-wissenswertes-18-jahrhundert"],"_links":{"self":[{"href":"https:\/\/www.discover-innsbruck.at\/en\/wp-json\/wp\/v2\/posts\/54541","targetHints":{"allow":["GET"]}}],"collection":[{"href":"https:\/\/www.discover-innsbruck.at\/en\/wp-json\/wp\/v2\/posts"}],"about":[{"href":"https:\/\/www.discover-innsbruck.at\/en\/wp-json\/wp\/v2\/types\/post"}],"author":[{"embeddable":true,"href":"https:\/\/www.discover-innsbruck.at\/en\/wp-json\/wp\/v2\/users\/1"}],"replies":[{"embeddable":true,"href":"https:\/\/www.discover-innsbruck.at\/en\/wp-json\/wp\/v2\/comments?post=54541"}],"version-history":[{"count":0,"href":"https:\/\/www.discover-innsbruck.at\/en\/wp-json\/wp\/v2\/posts\/54541\/revisions"}],"wp:featuredmedia":[{"embeddable":true,"href":"https:\/\/www.discover-innsbruck.at\/en\/wp-json\/wp\/v2\/media\/1264"}],"wp:attachment":[{"href":"https:\/\/www.discover-innsbruck.at\/en\/wp-json\/wp\/v2\/media?parent=54541"}],"wp:term":[{"taxonomy":"category","embeddable":true,"href":"https:\/\/www.discover-innsbruck.at\/en\/wp-json\/wp\/v2\/categories?post=54541"},{"taxonomy":"post_tag","embeddable":true,"href":"https:\/\/www.discover-innsbruck.at\/en\/wp-json\/wp\/v2\/tags?post=54541"}],"curies":[{"name":"wp","href":"https:\/\/api.w.org\/{rel}","templated":true}]}}