{"id":54683,"date":"2024-05-15T07:42:57","date_gmt":"2024-05-15T07:42:57","guid":{"rendered":"https:\/\/www.discover-innsbruck.at\/?p=54683"},"modified":"2026-04-03T09:23:41","modified_gmt":"2026-04-03T09:23:41","slug":"friedrich-iv-innsbruck-wird-residenzstadt","status":"publish","type":"post","link":"https:\/\/www.discover-innsbruck.at\/en\/friedrich-iv-innsbruck-wird-residenzstadt\/","title":{"rendered":"Friedl with the empty pocket"},"content":{"rendered":"<p>[et_pb_section fb_built=&#8220;1&#8243; specialty=&#8220;on&#8220; _builder_version=&#8220;4.24.3&#8243; _module_preset=&#8220;default&#8220; global_colors_info=&#8220;{}&#8220;][et_pb_column type=&#8220;1_2&#8243; specialty_columns=&#8220;2&#8243; _builder_version=&#8220;4.16&#8243; custom_padding=&#8220;|||&#8220; global_colors_info=&#8220;{}&#8220; custom_padding__hover=&#8220;|||&#8220;][et_pb_row_inner _builder_version=&#8220;4.16&#8243; _module_preset=&#8220;default&#8220; global_colors_info=&#8220;{}&#8220;][et_pb_column_inner saved_specialty_column_type=&#8220;1_2&#8243; _builder_version=&#8220;4.16&#8243; _module_preset=&#8220;default&#8220; global_colors_info=&#8220;{}&#8220;][et_pb_text admin_label=&#8220;Titel&#8220; _builder_version=&#8220;4.24.3&#8243; text_text_color=&#8220;#000000&#8243; header_font=&#8220;|on|||&#8220; header_text_align=&#8220;center&#8220; header_text_color=&#8220;#e09900&#8243; header_font_size=&#8220;42px&#8220; header_line_height=&#8220;1.3em&#8220; header_2_text_color=&#8220;#e09900&#8243; background_color=&#8220;rgba(255,255,255,0.8)&#8220; background_layout=&#8220;dark&#8220; custom_padding=&#8220;20px|20px|20px|20px|true|true&#8220; header_font_size_last_edited=&#8220;off|desktop&#8220; border_radii=&#8220;on|10px|10px|10px|10px&#8220; box_shadow_style=&#8220;preset1&#8243; locked=&#8220;off&#8220; global_colors_info=&#8220;{}&#8220;]<\/p>\n<h2>Friedrich IV.: Innsbruck wird Residenzstadt<\/h2>\n<p>[\/et_pb_text][et_pb_image src=&#8220;https:\/\/www.discover-innsbruck.at\/wp-content\/uploads\/2020\/09\/Aussicht-Stadtturm-Innsbruck.jpeg&#8220; alt=&#8220;Aussicht Stadtturm Innsbruck&#8220; title_text=&#8220;Aussicht Stadtturm Innsbruck&#8220; _builder_version=&#8220;4.24.3&#8243; _module_preset=&#8220;default&#8220; border_radii=&#8220;on|10px|10px|10px|10px&#8220; box_shadow_style=&#8220;preset1&#8243; global_colors_info=&#8220;{}&#8220;][\/et_pb_image][et_pb_toggle title=&#8220;Friedl mit der leeren Taschn&#8220; open=&#8220;on&#8220; open_toggle_text_color=&#8220;#e09900&#8243; open_toggle_background_color=&#8220;#ffffff&#8220; closed_toggle_text_color=&#8220;#e09900&#8243; closed_toggle_background_color=&#8220;#ffffff&#8220; icon_color=&#8220;#e09900&#8243; open_icon_color=&#8220;#e09900&#8243; admin_label=&#8220;Friedrich IV.: Innsbruck wird Residenzstaddt&#8220; _builder_version=&#8220;4.27.4&#8243; _module_preset=&#8220;default&#8220; title_text_color=&#8220;#e09900&#8243; title_font_size=&#8220;18px&#8220; hover_enabled=&#8220;0&#8243; border_radii=&#8220;on|5px|5px|5px|5px&#8220; box_shadow_style=&#8220;preset1&#8243; global_module=&#8220;53518&#8243; saved_tabs=&#8220;all&#8220; global_colors_info=&#8220;{}&#8220; sticky_enabled=&#8220;0&#8243;]<\/p>\n<p>Der Tiroler Landesf\u00fcrst Friedrich IV. (1382 \u2013 1439) lebte in einer bewegten Zeit der habsburgischen und Innsbrucker Geschichte. Die Eckdaten seines Lebens w\u00e4ren taugliches Material f\u00fcr einen abenteuerlichen Mittelalterfilm, ebenso sein \u00c4u\u00dferes, das uns \u00fcberliefert ist. Ein langer Rauschebart umh\u00fcllte Friedrichs Gesicht. In vielen Chroniken und Berichten wurde er als willk\u00fcrlich, machtgierig, hinterlistig und verschlagen beschrieben. Zeitgenossen galt er als <em>Sexaholic<\/em>, der im Zweifelsfall auch nicht vor Gewalt zur\u00fcckschreckte, um seinen Willen durchzusetzen. Ungew\u00f6hnlich war das allerdings nicht, betrachtet man die Biographien anderer F\u00fcrsten des ausgehenden Mittelalters, wie ein Blick in seine Ahnenliste offenbart. M\u00fctterlicherseits entstammte er dem Mail\u00e4nder Geschlecht der Visconti, die sich skrupellos in den Herzogsrang hochgek\u00e4mpft hatten. Friedrich \u00fcbernahm mit 24 Jahren neben der Regentschaft in Vorder\u00f6sterreich auch die Grafschaft Tirol. Vorder\u00f6sterreich? Also Vorarlberg? Nicht ganz. Unter Vorder\u00f6sterreich verstand sich der Besitz der Habsburger unter anderem in der Schweiz, in Vorarlberg, im Elsass und in Baden-W\u00fcrttemberg. Tirol und Vorder\u00f6sterreich wurden seit Friedrich gemeinsam verwaltet als <em>Ober\u00f6sterreich<\/em>. Damit war er einer der m\u00e4chtigsten F\u00fcrsten des <em>Heiligen R\u00f6mischen Reiches<\/em>. Von Anfang seiner Regentschaft an war er in kostspielige Kriege sowohl an den Landesgrenzen als auch innerhalb des <em>Heiligen R\u00f6mischen Reiches<\/em> verwickelt. Im Westen erhoben sich die Appenzeller gegen den Habsburger, im S\u00fcden kam es zu einem Aufstand in Trient und Heinrich von Rottenburg zettelte n\u00f6rdlich des Inn eine Fehde an. Dabei handelte es sich um die letzten Konflikte, die in der Manier der reinen Ritterheere gef\u00fchrt wurden. Wie seine Vorg\u00e4ngerin Margarethe auf dem landesf\u00fcrstlichen Stuhl und sein Gro\u00dfvater Bernabo Visconti kam auch Friedrich in Konflikt mit dem Papst. Zu seiner Zeit gab es neben einem Papst in Rom auch einen Papst im franz\u00f6sischen Avignon. Diese Papstfrage sollte auf dem Konzil von Konstanz, dem vielleicht wichtigsten politischen Ereignis des sp\u00e4ten europ\u00e4ischen Mittelalters, gel\u00f6st werden. Friedrich stellte sich auf die Seite von Johannes XXIII. Der K\u00f6nig des Heiligen R\u00f6mischen Reiches Sigismund aus dem Geschlecht der Luxemburger, der auf den Gegenpapst in Avignon setzte, lie\u00df seinen reichsinternen Konkurrenten Friedrich daf\u00fcr mit der <em>Acht<\/em> belegen und einsperren. Das bedeutete nicht nur den Freiheitsentzug und Ausschluss aus der Kirche, sondern auch den Verlust seiner Territorien und seines Besitzes. Seine Gegner verpassten ihm den Spitznamen <em>Friedl mit der leeren Tasche<\/em>. Nach abenteuerlicher Flucht aus der Haft wieder in Innsbruck angelangt, musste Friedrich der Bev\u00f6lkerung, vor allem dem landbesitzenden Kleinadel und den St\u00e4dten als Anerkennung f\u00fcr ihre Unterst\u00fctzung in h\u00f6chster Not Reformen zugestehen. Neben Klerus, Adel und den St\u00e4dten durften auch die Gerichte, die f\u00fcr die Verwaltung der Landgemeinden zust\u00e4ndig waren, ihre Vertreter in den Landtag entsenden. Sein Spitzname blieb im Volksmund erhalten, auch wenn er am Ende seiner Regentschaft durch den reichen Bergsegen in Schwaz und Gossensass sowie durch Z\u00f6lle und Maut auf den Handel zwischen Venedig und Augsburg einer der reichsten F\u00fcrsten Europas seiner Zeit war. Die Schwazer Silbermine war die gr\u00f6\u00dfte ihrer Zeit in Europa. Die Bergwerkswirtschaft ver\u00e4nderte auch das Sozialgef\u00fcge in Innsbruck nachhaltig. Die Macht der Z\u00fcnfte nahm zu. Als Friedrich starb, war Tirol dank der Silberfunde in Schwaz zu einem wichtigen Land innerhalb des Habsburgerreiches aufgestiegen. Dadurch ver\u00e4nderte sich auch Innsbruck. Friedrich beschloss, die Stadt am Inn zu seiner Residenz zu machen. 1420 kaufte er zwei B\u00fcrgerh\u00e4user innerhalb der Stadtmauern. Meran war der Stammsitz der Grafen von Tirol gewesen und blieb noch bis 1849 die offizielle Tiroler Landeshauptstadt, tats\u00e4chlich hatte sp\u00e4testens seit Friedrichs Umzug aber Innsbruck die Nase vorn. Unter seine Regentschaft wurden die Lauben in der Herzog-Friedrich-Stra\u00dfe angelegt und der Stadtturm errichtet. Europaweit war das 15. Jahrhundert wegen des tendenziell schlechteren Klimas als in den Vorperioden eine wirtschaftlich schwierige Zeit, gepr\u00e4gt von Missernten. Durch Handel und den Impuls, den die \u00dcbersiedlung des Hofstaats brachte, bl\u00fchte Innsbruck aber gegen den europaweiten Trend auf. Zwar war Innsbruck vom Umland abh\u00e4ngig, was die Versorgung mit Lebensmitteln betraf, durch den wachsenden Wohlstand der Stadt war es aber leichter sich durch diese Krisenzeit zu man\u00f6vrieren als in rein l\u00e4ndlichen Gebieten. Mit dem landesf\u00fcrstlichen Hofstaat, der um die 400 Personen umfasste, kamen Beamte, Dienstpersonal, H\u00e4ndler, Finanziers und Soldaten, die Geld und einen neuen Lifestyle in die Stadt brachten. Wie in vielen europ\u00e4ischen St\u00e4dten im deutschsprachigen Raum schwappte die Urbanisierung aus den italienischen L\u00e4ndern \u00fcber und brachte eine Spezialisierung der Berufswelt und noch st\u00e4rkerer Arbeitsteilung. Die Handwerksz\u00fcnfte wurden zum Wirtschaftsmotor und zur Basis f\u00fcr die sp\u00e4tere fr\u00fchindustrielle Fertigung. Gastwirtschaften er\u00f6ffneten und baten Abwechslung im Alltag. Fahrende Theater und Schauk\u00fcnstler kamen in die Stadt. Zuzug und die schnelle Ver\u00e4nderung des Sozialgef\u00fcges sorgten auch f\u00fcr Probleme. Die Xenophobie der abergl\u00e4ubischen, oft analphabetischen und wenig gebildeten Bev\u00f6lkerung nahm nicht im gleichen Tempo ab, wie sich die Zust\u00e4nde \u00e4nderten. Spannungen zwischen Alteingesessenen und neuen B\u00fcrgern, Handwerkern, H\u00e4ndlern, Bauern und Mitgliedern des Hofstaates waren Alltag im Innsbruck Friedrichs.<\/p>\n<p>Ob seiner vielen Auseinandersetzungen mit anderen F\u00fcrsten und dem Papst, seines Reichtums durch Z\u00f6lle und die Schwazer Minen und seines wohl exzentrischen Charakters galt Friedrich IV. seinen Zeitgenossen als eine Art Raubritter. Erst sp\u00e4ter erfuhr er durch die vielen Legenden, die sich seither um seine Person ranken, eine wohlwollendere Presse. So soll er als Bettler verkleidet durchs Land gezogen sein, um die wahre Meinung, die das Volk von ihm hatte, zu erfahren. Ab den von den Habsburgern seit dem 16. Jahrhundert in Auftrag gegebenen Berichten schneidet er wesentlich besser ab. Sein liebevoller Spitzname <em>Friedl mit der leeren Tasche<\/em> tr\u00e4gt dieses Image des gutm\u00fctigen, unbeholfenen Landesf\u00fcrsten Tirols noch immer in sich. Ob geiziger Sittenstrolch oder geschickter Politiker und Freund des einfachen Mannes \u2013 die Geister scheiden sich bis heute am streitbaren F\u00fcrsten.<\/p>\n<p>[\/et_pb_toggle][\/et_pb_column_inner][\/et_pb_row_inner][\/et_pb_column][et_pb_column type=&#8220;1_2&#8243; _builder_version=&#8220;4.16&#8243; custom_padding=&#8220;|||&#8220; global_colors_info=&#8220;{}&#8220; custom_padding__hover=&#8220;|||&#8220;][et_pb_text admin_label=&#8220;\u00dcberschrift (nicht \u00e4ndern)&#8220; _builder_version=&#8220;4.24.3&#8243; text_text_color=&#8220;#000000&#8243; header_font=&#8220;|on|||&#8220; header_text_align=&#8220;center&#8220; header_text_color=&#8220;#e09900&#8243; header_font_size=&#8220;42px&#8220; header_line_height=&#8220;1.3em&#8220; header_2_text_color=&#8220;#e09900&#8243; background_color=&#8220;rgba(255,255,255,0.8)&#8220; background_layout=&#8220;dark&#8220; custom_padding=&#8220;20px|20px|20px|20px|true|true&#8220; header_font_size_last_edited=&#8220;off|desktop&#8220; border_radii=&#8220;on|10px|10px|10px|10px&#8220; box_shadow_style=&#8220;preset1&#8243; locked=&#8220;off&#8220; global_colors_info=&#8220;{}&#8220;]<\/p>\n<h2>Sehensw\u00fcrdigkeiten dazu&#8230;<\/h2>\n<p>[\/et_pb_text][et_pb_blog fullwidth=&#8220;off&#8220; posts_number=&#8220;50&#8243; include_categories=&#8220;49&#8243; show_thumbnail=&#8220;off&#8220; use_manual_excerpt=&#8220;off&#8220; show_author=&#8220;off&#8220; show_date=&#8220;off&#8220; show_categories=&#8220;off&#8220; show_excerpt=&#8220;off&#8220; show_pagination=&#8220;off&#8220; admin_label=&#8220;Sehensw\u00fcrdigkeiten dieser Kategorie&#8220; _builder_version=&#8220;4.24.3&#8243; _module_preset=&#8220;default&#8220; custom_padding=&#8220;10px|10px|10px|10px|true|true&#8220; border_radii=&#8220;on|10px|10px|10px|10px&#8220; box_shadow_style=&#8220;preset1&#8243; global_colors_info=&#8220;{}&#8220;][\/et_pb_blog][et_pb_text admin_label=&#8220;\u00dcbersicht der Stadtgeschichte (nicht \u00e4ndern)&#8220; _builder_version=&#8220;4.24.3&#8243; text_text_color=&#8220;#000000&#8243; header_font=&#8220;|on|||&#8220; header_text_align=&#8220;center&#8220; header_text_color=&#8220;#e09900&#8243; header_font_size=&#8220;42px&#8220; header_line_height=&#8220;1.3em&#8220; header_2_text_color=&#8220;#e09900&#8243; background_color=&#8220;rgba(255,255,255,0.8)&#8220; background_layout=&#8220;dark&#8220; custom_padding=&#8220;20px|20px|20px|20px|true|true&#8220; header_font_size_last_edited=&#8220;off|desktop&#8220; border_radii=&#8220;on|10px|10px|10px|10px&#8220; box_shadow_style=&#8220;preset1&#8243; locked=&#8220;off&#8220; global_colors_info=&#8220;{}&#8220;]<\/p>\n<p><a href=\"https:\/\/www.discover-innsbruck.at\/geschichte-der-stadt-innsbruck\/\">\u00dcbersicht der Stadtgeschichte<\/a><\/p>\n<p>[\/et_pb_text][\/et_pb_column][\/et_pb_section]<\/p>\n","protected":false},"excerpt":{"rendered":"<p>Frederick IV made Innsbruck the residential city of the Tyrolean provincial government<\/p>","protected":false},"author":1,"featured_media":1783,"comment_status":"open","ping_status":"closed","sticky":false,"template":"","format":"standard","meta":{"_et_pb_use_builder":"on","_et_pb_old_content":"","_et_gb_content_width":"","wds_primary_category":0,"footnotes":""},"categories":[89,96],"tags":[],"class_list":["post-54683","post","type-post","status-publish","format-standard","has-post-thumbnail","hentry","category-wissenswertes","category-wissenswertes-15-jahrhundert"],"_links":{"self":[{"href":"https:\/\/www.discover-innsbruck.at\/en\/wp-json\/wp\/v2\/posts\/54683","targetHints":{"allow":["GET"]}}],"collection":[{"href":"https:\/\/www.discover-innsbruck.at\/en\/wp-json\/wp\/v2\/posts"}],"about":[{"href":"https:\/\/www.discover-innsbruck.at\/en\/wp-json\/wp\/v2\/types\/post"}],"author":[{"embeddable":true,"href":"https:\/\/www.discover-innsbruck.at\/en\/wp-json\/wp\/v2\/users\/1"}],"replies":[{"embeddable":true,"href":"https:\/\/www.discover-innsbruck.at\/en\/wp-json\/wp\/v2\/comments?post=54683"}],"version-history":[{"count":0,"href":"https:\/\/www.discover-innsbruck.at\/en\/wp-json\/wp\/v2\/posts\/54683\/revisions"}],"wp:featuredmedia":[{"embeddable":true,"href":"https:\/\/www.discover-innsbruck.at\/en\/wp-json\/wp\/v2\/media\/1783"}],"wp:attachment":[{"href":"https:\/\/www.discover-innsbruck.at\/en\/wp-json\/wp\/v2\/media?parent=54683"}],"wp:term":[{"taxonomy":"category","embeddable":true,"href":"https:\/\/www.discover-innsbruck.at\/en\/wp-json\/wp\/v2\/categories?post=54683"},{"taxonomy":"post_tag","embeddable":true,"href":"https:\/\/www.discover-innsbruck.at\/en\/wp-json\/wp\/v2\/tags?post=54683"}],"curies":[{"name":"wp","href":"https:\/\/api.w.org\/{rel}","templated":true}]}}