{"id":61035,"date":"1906-11-29T13:57:15","date_gmt":"1906-11-29T13:57:15","guid":{"rendered":"https:\/\/www.discover-innsbruck.at\/?p=61035"},"modified":"2025-03-17T12:59:52","modified_gmt":"2025-03-17T12:59:52","slug":"soziale-schutzarbeit","status":"publish","type":"post","link":"https:\/\/www.discover-innsbruck.at\/en\/soziale-schutzarbeit\/","title":{"rendered":"Social protection work"},"content":{"rendered":"<p>[et_pb_section fb_built=&#8220;1&#8243; specialty=&#8220;on&#8220; _builder_version=&#8220;4.24.3&#8243; _module_preset=&#8220;default&#8220; global_colors_info=&#8220;{}&#8220;][et_pb_column type=&#8220;1_2&#8243; specialty_columns=&#8220;2&#8243; _builder_version=&#8220;4.16&#8243; custom_padding=&#8220;|||&#8220; global_colors_info=&#8220;{}&#8220; custom_padding__hover=&#8220;|||&#8220;][et_pb_row_inner _builder_version=&#8220;4.16&#8243; _module_preset=&#8220;default&#8220; global_colors_info=&#8220;{}&#8220;][et_pb_column_inner saved_specialty_column_type=&#8220;1_2&#8243; _builder_version=&#8220;4.16&#8243; _module_preset=&#8220;default&#8220; global_colors_info=&#8220;{}&#8220;][et_pb_text admin_label=&#8220;Titel und Adresse&#8220; _builder_version=&#8220;4.27.4&#8243; text_text_color=&#8220;#000000&#8243; header_font=&#8220;|on|||&#8220; header_text_align=&#8220;center&#8220; header_text_color=&#8220;#e09900&#8243; header_font_size=&#8220;42px&#8220; header_line_height=&#8220;1.3em&#8220; header_2_text_color=&#8220;#e09900&#8243; background_color=&#8220;rgba(255,255,255,0.8)&#8220; background_layout=&#8220;dark&#8220; custom_padding=&#8220;20px|20px|20px|20px|true|true&#8220; header_font_size_last_edited=&#8220;off|desktop&#8220; border_radii=&#8220;on|10px|10px|10px|10px&#8220; box_shadow_style=&#8220;preset1&#8243; locked=&#8220;off&#8220; global_colors_info=&#8220;{}&#8220;]<\/p>\n<h2>Soziale Schutzarbeit<\/h2>\n<p>Erschienen: Innsbrucker Nachrichten, 29. November 1906<\/p>\n<p>[\/et_pb_text][et_pb_toggle title=&#8220;\u00dcber diesen Text&#8230;&#8220; open_toggle_text_color=&#8220;#e09900&#8243; open_toggle_background_color=&#8220;#ffffff&#8220; closed_toggle_text_color=&#8220;#e09900&#8243; closed_toggle_background_color=&#8220;#ffffff&#8220; icon_color=&#8220;#e09900&#8243; open_icon_color=&#8220;#e09900&#8243; admin_label=&#8220;\u00dcber diesen Text&#8220; _builder_version=&#8220;4.27.4&#8243; _module_preset=&#8220;default&#8220; title_text_color=&#8220;#e09900&#8243; title_font_size=&#8220;18px&#8220; border_radii=&#8220;on|5px|5px|5px|5px&#8220; box_shadow_style=&#8220;preset1&#8243; global_colors_info=&#8220;{}&#8220;]<\/p>\n<p>Der &#8222;Jugendf\u00fcrsorgeverein f\u00fcr Tirol&#8220; engagierte sich bereits fr\u00fch f\u00fcr die Belange benachteiligter Jugendlicher. Der moderne Ansatz, wonach vom rechten Wege abgekommene Jugendliche, als Produkt ihrer Umwelt gesehen werden, \u00fcberrascht, denkt man das Erscheinungsdatum des Artikels mit.<\/p>\n<p>[\/et_pb_toggle][\/et_pb_column_inner][\/et_pb_row_inner][\/et_pb_column][et_pb_column type=&#8220;1_2&#8243; _builder_version=&#8220;4.16&#8243; custom_padding=&#8220;|||&#8220; global_colors_info=&#8220;{}&#8220; custom_padding__hover=&#8220;|||&#8220;][et_pb_toggle title=&#8220;Der Artikel&#8220; open=&#8220;on&#8220; open_toggle_text_color=&#8220;#e09900&#8243; open_toggle_background_color=&#8220;#ffffff&#8220; closed_toggle_text_color=&#8220;#e09900&#8243; closed_toggle_background_color=&#8220;#ffffff&#8220; icon_color=&#8220;#e09900&#8243; open_icon_color=&#8220;#e09900&#8243; admin_label=&#8220;Soziale Schutzarbeit&#8220; _builder_version=&#8220;4.27.4&#8243; _module_preset=&#8220;default&#8220; title_text_color=&#8220;#e09900&#8243; title_font_size=&#8220;18px&#8220; border_radii=&#8220;on|5px|5px|5px|5px&#8220; box_shadow_style=&#8220;preset1&#8243; global_module=&#8220;61424&#8243; saved_tabs=&#8220;all&#8220; global_colors_info=&#8220;{}&#8220;]<\/p>\n<p>Eine verst\u00e4ndnisvolle Sozialpolitik wird ihr Augenmerk immer auch auf jene Jugendlichen richten, die ein hartes Los an den Rand des Abgrundes gedr\u00e4ngt hat, in dessen Untiefen so viele die Beute moralischer Verderbnis und oft auch k\u00f6rperlicher Verk\u00fcmmerung geworden sind und leider immer noch werden. Ein Kind auf Abwegen, ein Jugendlicher aus der Bahn des Verbrechens \u2014 ein Menschenleben ge\u00adf\u00e4hrdet, ein ganzes Menschenleben verloren! Und der schon jung verkommene Mensch ist schwer mehr zu retten, am allerwenigsten mit Kerker und Zwangsarbeitshaus.<\/p>\n<p>Seine Einreihung als n\u00fctzliches Glied in die Gesellschaft st\u00f6\u00dft zuv\u00f6rderst auf den un\u00fcber\u00adwindlichen Widerstand, da\u00df das Aufkommen sittlicher Begriffe von fr\u00fchester Jugend an niedergehalten wird jedes Gef\u00fchl f\u00fcr dieselben brutal abgestumpft wurde. Aus der Bahn einer ehrlichen Lebensf\u00fchrung geworfen, findet der Mensch selten mehr aus eigener Kraft den Weg zur\u00fcck zu seinem Heil. Seiner Verf\u00fchrung er\u00adliegen oft auch noch Gutgeratene und die Spur seiner Lebensbahn zeichnen Freveltaten aller Art. Versichern wir uns deshalb der Jugend, die Gefahr lauft, ohne Obsorge der menschlichen Gesellschaft verloren zu gehen, so gut wir k\u00f6n\u00adnen; wir n\u00fctzen uns damit selbst und ver\u00addienen den Dank der Nachwelt.<\/p>\n<p>Mit Freude und Genugtuung werden Volksfreunde daher immer die Kunde von dem unerm\u00fcdlichen Wirken auf diesem Gebiete der sozialen Hilfst\u00e4tigkeit begr\u00fc\u00dfen. Eine solche Kunde dringt nun wieder in die \u00d6ffentlichkeit. In raschem Tempo erh\u00f6ht sich die Zahl der vom \u201eJugendf\u00fcrsorgeverein f\u00fcr Tirol&#8220; in Schutz und Obhut \u00fcbernommenen Jugendlichen. Nunmehr sind es deren bereits 800. Jeder Fall erhellt aus der Eigenart der Umst\u00e4nde, die zum Einschreiten des Vereines n\u00f6tigen, ein verschiedenarti\u00adges Gepr\u00e4ge der Jugendverwahrlosung und Jugendgef\u00e4hrdung. Trunksucht, Unmoralit\u00e4t, Leichtsinn und str\u00e4fliche Gleichg\u00fcltigkeit gegen\u00fcber der verantwortlichen Pflicht eines Erziehers kehren in allen ihren Abstufungen als die haupts\u00e4chlichsten Grunderscheinungen wieder, die zum fr\u00fchen Ruin eines gro\u00dfen Teiles unserer Ju\u00adgend f\u00fchren. Nicht selten st\u00f6\u00dft man auch auf F\u00e4lle von Kindermi\u00dfhandlungen. Sie bilden einen entehrenden Schandfleck unserer sich auf der H\u00f6he der Kultur und Zivilisation f\u00fchlenden Zeit, denn der Mi\u00dfbrauch der souver\u00e4nen El\u00adtern- und Erzieherrechte Kur Unmenschlichkeit gegen das schutz- und wehrlose Kind mu\u00df doch auch das h\u00e4rteste Gef\u00fchl emp\u00f6ren.<\/p>\n<p>Endlich sind es nicht wenige Jugendliche, welche dem verderblichen Einflu\u00df von au\u00dfen, dem b\u00f6sen Beispiel und der Verf\u00fchrung erliegen. Bedr\u00e4ngte Lebensverh\u00e4ltnisse n\u00f6tigen ja oft Buben und Mutter zugleich, dem N\u00e4hrungsbetriebe nachzugehen, und so ist das Kind daheim sich selbst \u00fcberlassen und ent\u00adbehrt der F\u00fcrsorge im Vaterhaus. Was Wunder, da\u00df die verkehrten Triebe im jungen Herzen mit der \u00dcppigkeit des Unkrautes emporschie\u00dfen.Der Hinweis auf die Hunderte der Schutzbefohlenen des Jugendf\u00fcrsorgevereines, so betr\u00fcblich er die Tatsache des aufgedeckten Volks\u00ad\u00fcbels illustriert, umflie\u00dft andernteils doch die Gewi\u00dfheit, da\u00df dem um sich greifenden Verderben wirksam Einhalt geschieht. Hat die sch\u00fctzende Hand des Vereines den jungen Menschen erreicht, so erscheint er gerettet, sich selbst und der menschlichen Gesellschaft erhalten und zu\u00adr\u00fcckgegeben.<\/p>\n<p>Aber der Erfolg wird nicht m\u00fche\u00adlos errungen. Versuch um Versuch ist daran zu setzen, um das Ziel zu erreichen. Nur in wenigen F\u00e4llen blieb bisher der gew\u00fcnschte Erfolg aus. Hoffentlich bringt auch die Zukunft die Wandlung zum Besseren.Wie jeder Krieg, ben\u00f6tigt aber auch der Kampf gegen die Jugendentartung und Jugend Verwilderung. Geld und wieder Geld. Tausende von Kronen verschlingen viertelj\u00e4hrig die Kosten der Unterbringung der Vereinspfleglinge. Aber es ist doch die beste und ren\u00adtabelste Kapitalsanlage, die sich denken l\u00e4\u00dft: Die Rettung der Jugend ist das \u00fcber\u00adreichliche Entgelt aller gemachten Opfer. Die Erkenntnis des Nutzens, der von der Wirksamkeit des Jugendf\u00fcrsorgevereines ausgeht, f\u00fchrt ihm aber auch immer mehr Freunde und G\u00f6nner aus dem ganzen Lande zu. Ihrer Unterst\u00fctzung dankt es der Verein, da\u00df er an seinem Werk unverdrossen weiterarbeiten kann.Wenn die Zukunft ihm neue Scharen von Hilfsbed\u00fcrftigen bringt, so wird sich auch stetig die Zahl derer mehren, die nach dem Ma\u00df ihrer Mittel zum gemeinn\u00fctzigen Rettungswerke beisteuern. Jeder neue Appell an die \u00f6ffentliche Mildherzigkeit wirb immer weiter geh\u00f6rt werden.<\/p>\n<p>\u201eGeh auch du nicht mitleidslos vor\u00ad \u00fcber an dem Ungl\u00fcck deines jungen Nebenmenschen!&#8220;<\/p>\n<p>&nbsp;<\/p>\n<p>[\/et_pb_toggle][\/et_pb_column][\/et_pb_section]<\/p>\n","protected":false},"excerpt":{"rendered":"<p>Innsbrucker Nachrichten \/ 29 November 1906<\/p>","protected":false},"author":1,"featured_media":0,"comment_status":"open","ping_status":"closed","sticky":false,"template":"","format":"standard","meta":{"_et_pb_use_builder":"on","_et_pb_old_content":"","_et_gb_content_width":"","wds_primary_category":0,"footnotes":""},"categories":[138,142],"tags":[],"class_list":["post-61035","post","type-post","status-publish","format-standard","hentry","category-geschichte-presse","category-innsbrucker-nachrichten"],"_links":{"self":[{"href":"https:\/\/www.discover-innsbruck.at\/en\/wp-json\/wp\/v2\/posts\/61035","targetHints":{"allow":["GET"]}}],"collection":[{"href":"https:\/\/www.discover-innsbruck.at\/en\/wp-json\/wp\/v2\/posts"}],"about":[{"href":"https:\/\/www.discover-innsbruck.at\/en\/wp-json\/wp\/v2\/types\/post"}],"author":[{"embeddable":true,"href":"https:\/\/www.discover-innsbruck.at\/en\/wp-json\/wp\/v2\/users\/1"}],"replies":[{"embeddable":true,"href":"https:\/\/www.discover-innsbruck.at\/en\/wp-json\/wp\/v2\/comments?post=61035"}],"version-history":[{"count":0,"href":"https:\/\/www.discover-innsbruck.at\/en\/wp-json\/wp\/v2\/posts\/61035\/revisions"}],"wp:attachment":[{"href":"https:\/\/www.discover-innsbruck.at\/en\/wp-json\/wp\/v2\/media?parent=61035"}],"wp:term":[{"taxonomy":"category","embeddable":true,"href":"https:\/\/www.discover-innsbruck.at\/en\/wp-json\/wp\/v2\/categories?post=61035"},{"taxonomy":"post_tag","embeddable":true,"href":"https:\/\/www.discover-innsbruck.at\/en\/wp-json\/wp\/v2\/tags?post=61035"}],"curies":[{"name":"wp","href":"https:\/\/api.w.org\/{rel}","templated":true}]}}