{"id":62365,"date":"2024-05-14T07:55:17","date_gmt":"2024-05-14T07:55:17","guid":{"rendered":"https:\/\/www.discover-innsbruck.at\/?p=62365"},"modified":"2025-11-11T09:57:34","modified_gmt":"2025-11-11T09:57:34","slug":"lebensreform-und-sozialdemokratie","status":"publish","type":"post","link":"https:\/\/www.discover-innsbruck.at\/en\/lebensreform-und-sozialdemokratie\/","title":{"rendered":"Life reform and social democracy"},"content":{"rendered":"<p>[et_pb_section fb_built=&#8220;1&#8243; specialty=&#8220;on&#8220; _builder_version=&#8220;4.24.3&#8243; _module_preset=&#8220;default&#8220; global_colors_info=&#8220;{}&#8220;][et_pb_column type=&#8220;1_2&#8243; specialty_columns=&#8220;2&#8243; _builder_version=&#8220;4.16&#8243; custom_padding=&#8220;|||&#8220; global_colors_info=&#8220;{}&#8220; custom_padding__hover=&#8220;|||&#8220;][et_pb_row_inner _builder_version=&#8220;4.16&#8243; _module_preset=&#8220;default&#8220; global_colors_info=&#8220;{}&#8220;][et_pb_column_inner saved_specialty_column_type=&#8220;1_2&#8243; _builder_version=&#8220;4.16&#8243; _module_preset=&#8220;default&#8220; global_colors_info=&#8220;{}&#8220;][et_pb_text admin_label=&#8220;Titel&#8220; _builder_version=&#8220;4.27.4&#8243; text_text_color=&#8220;#000000&#8243; header_font=&#8220;|on|||&#8220; header_text_align=&#8220;center&#8220; header_text_color=&#8220;#e09900&#8243; header_font_size=&#8220;42px&#8220; header_line_height=&#8220;1.3em&#8220; header_2_text_color=&#8220;#e09900&#8243; background_color=&#8220;rgba(255,255,255,0.8)&#8220; background_layout=&#8220;dark&#8220; custom_padding=&#8220;20px|20px|20px|20px|true|true&#8220; header_font_size_last_edited=&#8220;off|desktop&#8220; border_radii=&#8220;on|10px|10px|10px|10px&#8220; box_shadow_style=&#8220;preset1&#8243; locked=&#8220;off&#8220; global_colors_info=&#8220;{}&#8220;]<\/p>\n<h2>Lebensreform und Sozialdemokratie<\/h2>\n<p>[\/et_pb_text][et_pb_image src=&#8220;https:\/\/www.discover-innsbruck.at\/wp-content\/uploads\/2024\/12\/Fassade-Winklerhaus-scaled.jpg&#8220; alt=&#8220;Fassade Winklerhaus&#8220; title_text=&#8220;Fassade Winklerhaus&#8220; _builder_version=&#8220;4.27.4&#8243; _module_preset=&#8220;default&#8220; border_radii=&#8220;on|10px|10px|10px|10px&#8220; box_shadow_style=&#8220;preset1&#8243; global_colors_info=&#8220;{}&#8220;][\/et_pb_image][et_pb_toggle title=&#8220;Lebensreform und Sozialdemokratie&#8220; open=&#8220;on&#8220; open_toggle_text_color=&#8220;#e09900&#8243; open_toggle_background_color=&#8220;#ffffff&#8220; closed_toggle_text_color=&#8220;#e09900&#8243; closed_toggle_background_color=&#8220;#ffffff&#8220; icon_color=&#8220;#e09900&#8243; open_icon_color=&#8220;#e09900&#8243; admin_label=&#8220;Lebensreform und Sozialdemokratie&#8220; _builder_version=&#8220;4.27.4&#8243; _module_preset=&#8220;default&#8220; title_text_color=&#8220;#e09900&#8243; title_font_size=&#8220;18px&#8220; hover_enabled=&#8220;0&#8243; border_radii=&#8220;on|5px|5px|5px|5px&#8220; box_shadow_style=&#8220;preset1&#8243; global_module=&#8220;62369&#8243; saved_tabs=&#8220;all&#8220; global_colors_info=&#8220;{}&#8220; sticky_enabled=&#8220;0&#8243;]<\/p>\n<p>\u201e<em>Licht Luft und Sonne<\/em>\u201c war das Motto der Lebensreform, einer Sammelbewegung alternativer Lebensmodelle, die im sp\u00e4ten 19. Jahrhundert in Deutschland im Gleichschritt mit der Entwicklung der Sozialdemokratie ihren Anfang nahm. Beide Str\u00f6mungen waren Reaktionen auf die Lebensbedingungen in den rasant wachsenden St\u00e4dten. Die Urbanisierung wurde von immer mehr Menschen zunehmend als Belastung empfunden. Zwar hatten viele der Arbeiter und Angestellten in Innsbruck in absoluten Zahlen gemessen mehr Mittel zur Verf\u00fcgung als je zuvor, der Druck der sozialen Teilhabe wurde aber auch gr\u00f6\u00dfer. Ab den 1890ern gab es in Innsbruck mehrere Litfa\u00dfs\u00e4ulen, auf denen kunstvoll gestaltete Plakate die neue Vielfalt an Produkten anpriesen. Warenh\u00e4user und Modeausstatter machten die Unterschiede innerhalb der sich ausdifferenzierenden Gesellschaft sichtbarer als je zuvor. Wer mithalten wollte in der neuen b\u00fcrgerlichen Klasse, musste sich Luxuswaren wie Kaffee leisten k\u00f6nnen. Gleichzeitig stieg die Belastung durch die Industrialisierung. Der Verkehr auf den Stra\u00dfen, die Abgase der Fabriken, die beengten Wohnverh\u00e4ltnisse in den Mietkasernen und die bis dahin unbekannte Hast durch die Durchtaktung der Zeit, die neue Krankheitsbilder wie Neurasthenie salonf\u00e4hig machte, riefen Gegenbewegungen hervor. Innsbruck war zwar nicht mit Paris oder London vergleichbar was Gr\u00f6\u00dfe oder Intensit\u00e4t der Industrialisierung betrifft, die Fallh\u00f6he f\u00fcr viele Bewohner der ehemals l\u00e4ndlichen D\u00f6rfer wie Pradl und die vom Land zugezogenen Arbeitskr\u00e4fte war aber enorm.<\/p>\n<p>Seit 1869 erschien die <em>Deutsche Vierteljahrschrift f\u00fcr \u00f6ffentliche Gesundheitspflege<\/em>, die sich mit der Verbesserung von Ern\u00e4hrung, Hygiene und Wohnraum auseinandersetzte. 1881 wurde <em>die \u00d6sterreichische Gesellschaft f\u00fcr Gesundheitspflege<\/em> gegr\u00fcndet. Private Vereine veranstalteten Aufkl\u00e4rungsveranstaltungen zum sauberen und gesunden Leben. Man betrieb politisches Lobbying zur Errichtung von Parks im \u00f6ffentlichen Raum und der Verbesserung der Infrastruktur wie B\u00e4dern, Krankenh\u00e4usern, Kanalisation und Wasserleitungen. Assanation und Sozialhygiene waren Schlagw\u00f6rter einer b\u00fcrgerlichen Elite, die um ihre Mitmenschen und die Volksgesundheit besorgt war. Anstelle der sozialistischen Revolution sollte der christliche Gedanke der N\u00e4chstenliebe die Gesellschaft voranbringen. Wie alle elit\u00e4ren Bewegungen nahm auch die Lebensreform teils absurde Bl\u00fcten an. Bewegungen wie der Vegetarismus, FKK, Gartenst\u00e4dte, verschiedene esoterische Str\u00f6mungen und andere alternative Lebensformen, die sich bis heute in der einen oder anderen Form erhalten konnten, entstanden in dieser Zeit. Auch der Spiritismus feierte in der Upper Class ein fr\u00f6hliches Dasein parallel zu den Dogmen der katholischen Kirche. Dieser oft wohlmeinende, aber exzentrische Lebensstil der wohlhabenden B\u00fcrgern in ihren Villen im Saggen, Wilten und Pradl, blieb Arbeitern meist verwehrt. Viele Mietzinsburgen waren triste und \u00fcberf\u00fcllte Biotope ohne Infrastruktur wie Sportanlagen oder Parks. Es waren die fr\u00fchen Sozialdemokraten, die sich politisch den Lebensrealit\u00e4ten der Arbeiter stellten. Moderne Wohnsiedlungen sollte funktional, komfortabel, leistbar und mit Gr\u00fcnfl\u00e4chen verbunden sein. Diese Ansichten hatten sich auch in \u00f6ffentlichen Stellen durchgesetzt. Albert Gruber, Professor an der Innsbrucker Gewerbeschule, schrieb 1907:<\/p>\n<p><em>\u201eIch habe zwar oft den Ausspruch geh\u00f6rt, wir in Innsbruck ben\u00f6tigen keine Anlagen, uns gibt das alles die Natur, Das ist aber nicht wahr. Was gibt es sch\u00f6neres, als wenn die Berufsmenschen von der Stelle ihrer T\u00e4tigkeit in ihr Heim durch eine Reihe von Pflanzenanlagen gehen k\u00f6nnen. Es wird dadurch der Weg von und in den Beruf zu einem Erholungsspaziergang. Die Gr\u00fcnde, weshalb Baum- und Gartenpflanzungen im Bereiche der st\u00e4dtischen Bebauung vorteilhaft wirken, sind \u00fcbrigens mannigfaltige. Ich will nicht auf die Wechselbeziehung zwischen Menschen und Pflanze hinweisen, die hinl\u00e4nglich bekannt sein d\u00fcrfte. In anderer Weise wirken die Pflanzen zur Verbesserung der Atmungsluft durch Verminderung des Staubes.\u201c<\/em><\/p>\n<p>Noch vor dem Ersten Weltkrieg kam es zu Ver\u00e4nderungen im politischen Alltag. Die Sozialdemokratie als politische Bewegung als politische Partei gab es seit 1889 offiziell, gestalterische M\u00f6glichkeiten hatte sie unter der Habsburgermonarchie aber nur sehr eingeschr\u00e4nkt. Sozialismus galt als unchristlich und wurde im Heiligen Land Tirol argw\u00f6hnisch be\u00e4ugt. Bedeutsam war die Arbeiterbewegung als gesellschaftliches Gegengewicht zu den in Tirol alles dominierenden katholischen Strukturen in den gr\u00f6\u00dferen St\u00e4dten. 1865 entstand in Innsbruck der erste <em>Tiroler Arbeiterbildungsverein<\/em>. Arbeiter sollten sich ihrer Stellung innerhalb der Gesellschaft bewusst werden vor der anstehenden Weltrevolution. Daf\u00fcr war es unumg\u00e4nglich, ein Mindestma\u00df an Bildung zu besitzen und Lesen und Schreiben zu beherrschen. 10 Jahre sp\u00e4ter gr\u00fcndete Franz Reisch den Allgemeinen Arbeiter-Verein in Innsbruck. Weitere zwei Jahre sp\u00e4ter wurde reichsweit die Allgemeine Arbeiter-, Kranken-, und Invaliden-Casse\u201c an den Start geschickt. Trotz staatlicher Repression kam es immer wieder zu betr\u00e4chtlichen Versammlungen der \u201eRadicalen\u201c. Seit 1893 erschien in Innsbruck die sozialdemokratische Volkszeitung als Gegenstimme zu den katholischen Bl\u00e4ttern. 1899 wurde in der heutigen Maximilianstra\u00dfe die Erste Tiroler Arbeiter-B\u00e4ckerei, kurz ETAB, er\u00f6ffnet. Die Genossenschaft machte es sich zum Ziel, unter guten Arbeits- und Hygienebedingungen hochwertiges Brot zu fairen Preisen herzustellen. Nach mehreren Standortwechseln landete die ETAB in der Hallerstra\u00dfe, wo sie bis 1999 t\u00e4glich frische Backwaren produzierte.<\/p>\n<p>Die ersten freien Wahlen innerhalb der k.u.k. Monarchie zum Reichsrat f\u00fcr alle m\u00e4nnlichen B\u00fcrger im Jahr 1907 ver\u00e4nderten nicht nur die politischen, sondern auch die sozialen Kraftverh\u00e4ltnisse. Der <em>Pofl<\/em> hatte nun politisches Mitspracherecht. Wichtige Gesetze wie Arbeitszeitbeschr\u00e4nkungen und Verbesserung in den Arbeitsbedingungen konnten nun mit mehr Nachdruck verlangt werden. Das Kronland Tirol hatte gemeinsam mit Ober\u00f6sterreich die l\u00e4ngsten Arbeitszeiten in der gesamten Donaumonarchie. Die Gewerkschaftsmitglieder stiegen zahlenm\u00e4\u00dfig zwar auch an, au\u00dferhalb der kleinst\u00e4dtischen Zentren war Tirol aber zu sehr b\u00e4uerlich gepr\u00e4gt, um nennenswerten Druck erzeugen zu k\u00f6nnen. Auf Gemeindeebene blieb das Zensuswahlrecht, das gro\u00dfdeutsch-liberalen und konservativ-klerikalen Politikern jahrzehntelang einen Freifahrtschein an die Macht ausgestellt hatte, bis nach dem Krieg bestehen. Die Erf\u00fcllung der daraus folgenden Forderungen musste auch nach den ersten Gemeinderatswahlen nach 1918 noch warten.<\/p>\n<p>Ein bekannter Innsbrucker Vertreter der Lebensreform und der Sozialdemokratie war Josef Prachensky (1861 \u2013 1931), der Vater des Architekten und Stadtplaners Theodor Prachensky. Er war im deutschsprachigen B\u00f6hmen, damals Teil der K.u.K. Monarchie aufgewachsen. Als gelernter Buchdrucker hatte er auf seiner Wanderschaft in Wien w\u00e4hrend des Buchdruckerstreiks die Arbeiterbewegung f\u00fcr sich entdeckt. Nach seiner Hochzeit mit einer Tirolerin lie\u00df er sich in Innsbruck nieder, wo er als Redakteur f\u00fcr die sozialdemokratische Volkszeitung f\u00fcr Tirol und Vorarlberg arbeitete. Josef Prachensky unterst\u00fctzte den Arbeiter-Consum-Verein, die Tiroler Arbeiterb\u00e4ckerei und gr\u00fcndete den Gastrobetrieb \u201eAlkoholfrei\u201c in der Museumstra\u00dfe, der ganz im Sinne der Lebensreformbewegung und des Sozialismus die Verbesserung der allgemeinen Gesundheit zum Ziel hatte. Bereits Friedrich Engels (1820 \u2013 1895), der Mitverfasser des Kommunistischen Manifestes, hatte in der ersten H\u00e4lfte des 19. Jahrhunderts Schnaps und Branntwein als ein \u00dcbel der Arbeiterklasse erkannt hatte. Das Ziel, Menschen vom Alkohol wegzubekommen teilte der Sozialismus wie so vieles mit kirchlichen Vereinen. Die Weltrevolution war mit Suchtkranken ebenso wenig durchf\u00fchrbar wie ein tugendhaftes, gottgef\u00e4lliges Leben. Prachensky war an der Gr\u00fcndung der Sozialdemokratischen Partei Tirols 1890 und nach dem Ersten Weltkrieg an der Gr\u00fcndung des Tiroler Republikanischen Schutzbundes RESCH beteiligt, dem linken Gegenst\u00fcck zu den rechten Heimwehrverb\u00e4nden. Ein besonderes politisches Anliegen war ihm die Einschr\u00e4nkung der Kirche auf den Schulunterricht, der im 19. und Anfang des 20. Jahrhunderts auch im eigentlich liberalen Innsbruck, das sich an die nationale Schulordnung halten musste, noch sehr gro\u00df war.<\/p>\n<p>Lebensreform und der wachsende Einfluss der Sozialdemokratie beeinflussten auch Kunst und Architektur. Man wollte sich von dem, was Max Weber als protestantische Ethik beschrieb, der Industrie, den Stechuhren, ganz allgemein dem rasenden technischen Fortschritt mit allen Auswirkungen auf den Menschen und das Sozialgef\u00fcge, abgrenzen. Der Mensch als Individuum, nicht seine Wirtschaftsleistung, sollte wieder im Mittelpunkt stehen. Die Kultur der alten Gesellschaft, in der Adel und Klerus \u00fcber dem Rest der Gesellschaft standen, sollte \u00fcberwunden werden. Was dem Arbeiter die Sozialdemokratie, waren der gehobenen B\u00fcrgerschaft Kunst und Architektur. Der Jugendstil war die k\u00fcnstlerische Antwort eines exzentrischen und alternativen Teils des B\u00fcrgertums auf dieses Zur\u00fcck zum Ursprung der Jahrhundertwende. Das verspielte Element war das Gegenteil zum stets symmetrischen und aufger\u00e4umten Historismus. Das Winklerhaus in Wilten ist eines der wenigen Beispiele f\u00fcr den Jugendstil in Innsbruck.<\/p>\n<p>[\/et_pb_toggle][\/et_pb_column_inner][\/et_pb_row_inner][\/et_pb_column][et_pb_column type=&#8220;1_2&#8243; _builder_version=&#8220;4.16&#8243; custom_padding=&#8220;|||&#8220; global_colors_info=&#8220;{}&#8220; custom_padding__hover=&#8220;|||&#8220;][et_pb_text admin_label=&#8220;\u00dcberschrift (nicht \u00e4ndern)&#8220; _builder_version=&#8220;4.24.3&#8243; text_text_color=&#8220;#000000&#8243; header_font=&#8220;|on|||&#8220; header_text_align=&#8220;center&#8220; header_text_color=&#8220;#e09900&#8243; header_font_size=&#8220;42px&#8220; header_line_height=&#8220;1.3em&#8220; header_2_text_color=&#8220;#e09900&#8243; background_color=&#8220;rgba(255,255,255,0.8)&#8220; background_layout=&#8220;dark&#8220; custom_padding=&#8220;20px|20px|20px|20px|true|true&#8220; header_font_size_last_edited=&#8220;off|desktop&#8220; border_radii=&#8220;on|10px|10px|10px|10px&#8220; box_shadow_style=&#8220;preset1&#8243; locked=&#8220;off&#8220; global_colors_info=&#8220;{}&#8220;]<\/p>\n<h2>Sehensw\u00fcrdigkeiten dazu&#8230;<\/h2>\n<p><a href=\"https:\/\/www.discover-innsbruck.at\/geschichte-der-stadt-innsbruck\/\">Zur\u00fcck zur \u00dcbersicht der Stadtgeschichte<\/a><\/p>\n<p>[\/et_pb_text][et_pb_blog fullwidth=&#8220;off&#8220; posts_number=&#8220;50&#8243; include_categories=&#8220;150&#8243; show_thumbnail=&#8220;off&#8220; use_manual_excerpt=&#8220;off&#8220; show_author=&#8220;off&#8220; show_date=&#8220;off&#8220; show_categories=&#8220;off&#8220; show_excerpt=&#8220;off&#8220; show_pagination=&#8220;off&#8220; admin_label=&#8220;Sehensw\u00fcrdigkeiten dieser Kategorie&#8220; _builder_version=&#8220;4.27.4&#8243; _module_preset=&#8220;default&#8220; custom_padding=&#8220;10px|10px|10px|10px|true|true&#8220; border_radii=&#8220;on|10px|10px|10px|10px&#8220; box_shadow_style=&#8220;preset1&#8243; global_colors_info=&#8220;{}&#8220;][\/et_pb_blog][et_pb_text admin_label=&#8220;\u00dcbersicht der Stadtgeschichte (nicht \u00e4ndern)&#8220; _builder_version=&#8220;4.24.3&#8243; text_text_color=&#8220;#000000&#8243; header_font=&#8220;|on|||&#8220; header_text_align=&#8220;center&#8220; header_text_color=&#8220;#e09900&#8243; header_font_size=&#8220;42px&#8220; header_line_height=&#8220;1.3em&#8220; header_2_text_color=&#8220;#e09900&#8243; background_color=&#8220;rgba(255,255,255,0.8)&#8220; background_layout=&#8220;dark&#8220; custom_padding=&#8220;20px|20px|20px|20px|true|true&#8220; header_font_size_last_edited=&#8220;off|desktop&#8220; border_radii=&#8220;on|10px|10px|10px|10px&#8220; box_shadow_style=&#8220;preset1&#8243; locked=&#8220;off&#8220; global_colors_info=&#8220;{}&#8220;]<\/p>\n<p><a href=\"https:\/\/www.discover-innsbruck.at\/geschichte-der-stadt-innsbruck\/\">\u00dcbersicht der Stadtgeschichte<\/a><\/p>\n<p>[\/et_pb_text][\/et_pb_column][\/et_pb_section]<\/p>\n","protected":false},"excerpt":{"rendered":"<p>\"Light, air and sun\" was the motto of the Lebensreform, which began in the late 19th century in step with the development of social democracy and the rise of the bourgeoisie. <\/p>","protected":false},"author":1,"featured_media":60482,"comment_status":"open","ping_status":"closed","sticky":false,"template":"","format":"standard","meta":{"_et_pb_use_builder":"on","_et_pb_old_content":"","_et_gb_content_width":"","wds_primary_category":0,"footnotes":""},"categories":[89,92,90],"tags":[],"class_list":["post-62365","post","type-post","status-publish","format-standard","has-post-thumbnail","hentry","category-wissenswertes","category-wissenswertes-19-jahrhundert-wissenswertes","category-wissenswertes-20-jahrhundert"],"_links":{"self":[{"href":"https:\/\/www.discover-innsbruck.at\/en\/wp-json\/wp\/v2\/posts\/62365","targetHints":{"allow":["GET"]}}],"collection":[{"href":"https:\/\/www.discover-innsbruck.at\/en\/wp-json\/wp\/v2\/posts"}],"about":[{"href":"https:\/\/www.discover-innsbruck.at\/en\/wp-json\/wp\/v2\/types\/post"}],"author":[{"embeddable":true,"href":"https:\/\/www.discover-innsbruck.at\/en\/wp-json\/wp\/v2\/users\/1"}],"replies":[{"embeddable":true,"href":"https:\/\/www.discover-innsbruck.at\/en\/wp-json\/wp\/v2\/comments?post=62365"}],"version-history":[{"count":0,"href":"https:\/\/www.discover-innsbruck.at\/en\/wp-json\/wp\/v2\/posts\/62365\/revisions"}],"wp:featuredmedia":[{"embeddable":true,"href":"https:\/\/www.discover-innsbruck.at\/en\/wp-json\/wp\/v2\/media\/60482"}],"wp:attachment":[{"href":"https:\/\/www.discover-innsbruck.at\/en\/wp-json\/wp\/v2\/media?parent=62365"}],"wp:term":[{"taxonomy":"category","embeddable":true,"href":"https:\/\/www.discover-innsbruck.at\/en\/wp-json\/wp\/v2\/categories?post=62365"},{"taxonomy":"post_tag","embeddable":true,"href":"https:\/\/www.discover-innsbruck.at\/en\/wp-json\/wp\/v2\/tags?post=62365"}],"curies":[{"name":"wp","href":"https:\/\/api.w.org\/{rel}","templated":true}]}}