{"id":62868,"date":"2024-05-14T07:38:27","date_gmt":"2024-05-14T07:38:27","guid":{"rendered":"https:\/\/www.discover-innsbruck.at\/?p=62868"},"modified":"2025-12-03T09:05:16","modified_gmt":"2025-12-03T09:05:16","slug":"eine-erste-republik-entsteht","status":"publish","type":"post","link":"https:\/\/www.discover-innsbruck.at\/en\/eine-erste-republik-entsteht\/","title":{"rendered":"A republic is born"},"content":{"rendered":"<p>[et_pb_section fb_built=&#8220;1&#8243; specialty=&#8220;on&#8220; _builder_version=&#8220;4.24.3&#8243; _module_preset=&#8220;default&#8220; global_colors_info=&#8220;{}&#8220;][et_pb_column type=&#8220;1_2&#8243; specialty_columns=&#8220;2&#8243; _builder_version=&#8220;4.16&#8243; custom_padding=&#8220;|||&#8220; global_colors_info=&#8220;{}&#8220; custom_padding__hover=&#8220;|||&#8220;][et_pb_row_inner _builder_version=&#8220;4.16&#8243; _module_preset=&#8220;default&#8220; global_colors_info=&#8220;{}&#8220;][et_pb_column_inner saved_specialty_column_type=&#8220;1_2&#8243; _builder_version=&#8220;4.16&#8243; _module_preset=&#8220;default&#8220; global_colors_info=&#8220;{}&#8220;][et_pb_text admin_label=&#8220;Titel&#8220; _builder_version=&#8220;4.27.4&#8243; text_text_color=&#8220;#000000&#8243; header_font=&#8220;|on|||&#8220; header_text_align=&#8220;center&#8220; header_text_color=&#8220;#e09900&#8243; header_font_size=&#8220;42px&#8220; header_line_height=&#8220;1.3em&#8220; header_2_text_color=&#8220;#e09900&#8243; background_color=&#8220;rgba(255,255,255,0.8)&#8220; background_layout=&#8220;dark&#8220; custom_padding=&#8220;20px|20px|20px|20px|true|true&#8220; header_font_size_last_edited=&#8220;off|desktop&#8220; border_radii=&#8220;on|10px|10px|10px|10px&#8220; box_shadow_style=&#8220;preset1&#8243; locked=&#8220;off&#8220; global_colors_info=&#8220;{}&#8220;]<\/p>\n<h2>Eine Erste Republik entsteht<\/h2>\n<p>[\/et_pb_text][et_pb_image src=&#8220;https:\/\/www.discover-innsbruck.at\/wp-content\/uploads\/2025\/11\/IMG_3295-e1762159356382.png&#8220; alt=&#8220;Erste Republik Kronenzeitung&#8220; title_text=&#8220;Erste Republik Kronenzeitung&#8220; disabled_on=&#8220;off|off|off&#8220; _builder_version=&#8220;4.27.4&#8243; _module_preset=&#8220;default&#8220; border_radii=&#8220;on|10px|10px|10px|10px&#8220; box_shadow_style=&#8220;preset1&#8243; global_colors_info=&#8220;{}&#8220;][\/et_pb_image][et_pb_toggle title=&#8220;Eine Republik entsteht&#8220; open=&#8220;on&#8220; open_toggle_text_color=&#8220;#e09900&#8243; open_toggle_background_color=&#8220;#ffffff&#8220; closed_toggle_text_color=&#8220;#e09900&#8243; closed_toggle_background_color=&#8220;#ffffff&#8220; icon_color=&#8220;#e09900&#8243; open_icon_color=&#8220;#e09900&#8243; admin_label=&#8220;Eine Erste Republik entsteht&#8220; _builder_version=&#8220;4.27.4&#8243; _module_preset=&#8220;default&#8220; title_text_color=&#8220;#e09900&#8243; title_font_size=&#8220;18px&#8220; hover_enabled=&#8220;0&#8243; border_radii=&#8220;on|5px|5px|5px|5px&#8220; box_shadow_style=&#8220;preset1&#8243; global_module=&#8220;62863&#8243; saved_tabs=&#8220;all&#8220; global_colors_info=&#8220;{}&#8220; sticky_enabled=&#8220;0&#8243;]<\/p>\n<p>Kaum eine Epoche ist schwerer zu fassen als die Zwischenkriegszeit. Die <em>Roaring Twenties<\/em>, Jazz und Automobile kommen einem ebenso in den Sinn wie Inflation und Wirtschaftskrise. In Gro\u00dfst\u00e4dten wie Berlin geb\u00e4rdeten sich junge Damen als <em>Flappers<\/em> mit Bubikopf, Zigarette und kurzen R\u00f6cken zu den neuen Kl\u00e4ngen lasziv, Innsbrucks Bev\u00f6lkerung geh\u00f6rte als Teil der jungen Republik \u00d6sterreich zum gr\u00f6\u00dften Teil zur Fraktion Armut, Wirtschaftskrise und politischer Polarisierung. Schon die Ausrufung der Republik am Parlament in Wien vor \u00fcber 100.000 mehr oder minder begeisterten, vor allem aber verunsicherten Menschen verlief mit Tumulten, Schie\u00dfereien, zwei Toten und 40 Verletzten alles andere als reibungsfrei. Wie es nach dem Ende der Monarchie und dem Wegfall eines gro\u00dfen Teils des Staatsterritoriums weitergehen sollte, wusste niemand. Das neue \u00d6sterreich erschien zu klein und nicht lebensf\u00e4hig. Der Beamtenstaat des k.u.k. Reiches setzte sich nahtlos unter neuer Fahne und Namen durch. Die Bundesl\u00e4nder als Nachfolger der alten Kronl\u00e4nder erhielten in der Verfassung im Rahmen des F\u00f6deralismus viel Spielraum in Gesetzgebung und Verwaltung. Die Begeisterung f\u00fcr den neuen Staat hielt sich aber in der Bev\u00f6lkerung in Grenzen. Nicht nur, dass die Versorgungslage nach dem Wegfall des allergr\u00f6\u00dften Teils des ehemaligen Riesenreiches der Habsburger miserabel war, die Menschen misstrauten dem Grundgedanken der Republik. Die Monarchie war nicht perfekt gewesen, mit dem Gedanken von Demokratie konnten aber nur die allerwenigsten etwas anfangen. Anstatt Untertan des Kaisers war man nun zwar B\u00fcrger, allerdings nur B\u00fcrger eines Zwergstaates mit \u00fcberdimensionierter und in den Bundesl\u00e4ndern wenig geliebter Hauptstadt anstatt eines gro\u00dfen Reiches. In den ehemaligen Kronl\u00e4ndern, die zum gro\u00dfen Teil christlich-sozial regiert wurden, sprach man gerne vom <em>Wiener Wasserkopf<\/em>, der sich mit den Ertr\u00e4gen der flei\u00dfigen Landbev\u00f6lkerung durchf\u00fcttern lie\u00df.<\/p>\n<p>Auch andere Bundesl\u00e4nder spielten mit dem Gedanken, sich von der Republik abzukoppeln, nachdem der von allen Parteien unterst\u00fctzte Plan sich Deutschland anzuschlie\u00dfen von den Siegerm\u00e4chten des Ersten Weltkriegs untersagt worden war. Die Tiroler Pl\u00e4ne allerdings waren besonders spektakul\u00e4r. Von einem neutralen Alpenstaat mit anderen Bundesl\u00e4ndern, einem Freistaat bestehend aus Tirol und Bayern oder von Kufstein bis Salurn, einem Anschluss an die Schweiz bis hin zu einem katholischen Kirchenstaat unter p\u00e4pstlicher F\u00fchrung gab es viele \u00dcberlegungen. Besonders popul\u00e4r war die naheliegendste L\u00f6sung. In Tirol war es nicht neu, sich als Deutscher zu f\u00fchlen. Warum sich also nicht auch politisch an den gro\u00dfen Bruder im Norden anh\u00e4ngen? Besonders unter st\u00e4dtischen Eliten und Studenten war dieser Wunsch sehr ausgepr\u00e4gt. Der Anschluss an Deutschland erhielt in Tirol bei einer Abstimmung in Tirol einen Zuspruch von 98%, kam aber nie zustande.<\/p>\n<p>Anstatt ein Teil Deutschlands zu werden, unterstand man den ungeliebten <em>Wallschen<\/em>. Knapp zwei Jahre lang besetzten italienische Truppen nach Kriegsende Innsbruck. Bei den Friedensverhandlungen in Paris war wurde der Brenner zur neuen Grenze erkl\u00e4rt. Das historische Tirol war zweigeteilt. Am Brenner stand Milit\u00e4r, um eine Grenze zu sichern, die es vorher nie gab und als unnat\u00fcrlich und ungerecht empfunden wurde. 1924 beschloss der Innsbrucker Gemeinderat, Pl\u00e4tze und Stra\u00dfen rund um den Hauptbahnhof nach S\u00fcdtiroler St\u00e4dten zu benennen. Der Bozner Platz sowie die Brixner- und die Salurnerstra\u00dfe tragen ihre Namen bis heute. Viele Menschen zu beiden Seiten des Brenners f\u00fchlten sich verraten. Man hatte den Krieg zwar bei Weitem nicht gewonnen, als Verlierer gegen\u00fcber Italien sah man sich aber nicht. Der Hass auf Italiener erreichte in der Zwischenkriegszeit seinen H\u00f6hepunkt, auch wenn die Besatzungstruppen sich betont milde gab. Eine Passage aus dem Erz\u00e4hlband \u201e<em>Die Front \u00fcber den Gipfeln<\/em>\u201c des nationalsozialistischen Autors Karl Springenschmid aus den 1930ern spiegelt die allgemeine Stimmung wider:<\/p>\n<p><em>\u201e`Walsch (Anm.:Italienisch) werden, das w\u00e4r das \u00c4rgste!` sagt die Junge. <\/em><\/p>\n<p><em>Da nickt der alte Tappeiner blo\u00df und schimpft: `Wei\u00df wohl selber und wir wissen es alle: Walsch werden, das w\u00e4r das \u00c4rgste.\u201c<\/em><\/p>\n<p>Ungemach drohte auch in der Innenpolitik. Die Revolution in Russland und der darauffolgende B\u00fcrgerkrieg mit Millionen von Todesopfern, Enteignung und kompletter Systemumkehr warf ihren langen Schatten bis nach \u00d6sterreich. Die Aussicht auf <em>sowjetische Zust\u00e4nde<\/em> machte den Menschen Angst. \u00d6sterreich war tief gespalten. Hauptstadt und Bundesl\u00e4nder, Stadt und Land, B\u00fcrger, Arbeiter und Bauern \u2013 im Vakuum der ersten Nachkriegsjahre wollte jede Gruppe die Zukunft nach ihren Vorstellungen gestalten. Die Kulturk\u00e4mpfe der sp\u00e4ten Monarchie zwischen Konservativen, Liberalen und Sozialisten setzte sich nahtlos fort. Die Kluft bestand nicht nur auf politischer Ebene. Moral, Familie, Freizeitgestaltung, Erziehung, Glaube, Rechtsverst\u00e4ndnis \u2013 jeder Lebensbereich war betroffen. Wer sollte regieren? Wie sollten Verm\u00f6gen, Rechte und Pflichten verteilt werden. Ein kommunistischer Umsturz war besonders in Tirol keine reale Gefahr, lie\u00df sich aber medial gut als Bedrohung instrumentalisieren, um die Sozialdemokratie in Verruf zu bringen. 1919 hatte sich in Innsbruck zwar ein <em>Arbeiter-, Bauer- und Soldatenrat <\/em>nach sowjetischem Vorbild ausgerufen, sein Einfluss blieb aber gering und wurde von keiner Partei unterst\u00fctzt. Ab 1920 bildeten sich offiziell sogenannten Soldatenr\u00e4te, die aber christlich-sozial dominiert waren. Das b\u00e4uerliche und b\u00fcrgerliche Lager rechts der Mitte militarisierte sich mit der <em>Tiroler Heimatwehr<\/em> professioneller und konnte sich \u00fcber st\u00e4rkeren Zulauf freuen als linke Gruppen, auch dank kirchlicher Unterst\u00fctzung. Die Sozialdemokratie wurde von den Kirchkanzeln herab und in konservativen Medien als <em>Judenpartei<\/em> und heimatlose Vaterlandsverr\u00e4ter bezeichnet. Allzu gerne gab man ihnen die Schuld am verlorenen Krieg und den Folgen gab. Der Tiroler Anzeiger brachte die Volks\u00e4ngste auf den Punkt: <em>\u201cWehe dem christlichen Volke, wenn bei den Wahlen die Juden=Sozi siegen!\u201c<\/em>.<\/p>\n<p>Der Innsbrucker Gemeinderat umfasste mit der neuen Gemeinderatsordnung, die das allgemeine Wahlrecht aller Erwachsenen vorsah, von 1919 40 Mitglieder. Von 24.644 zur Wahlurne gerufenen B\u00fcrgern machten unglaubliche 24.060 von ihrem Wahlrecht Gebrauch. Bereits im ersten Gemeinderat mit freien Wahlen waren drei Frauen vertreten. W\u00e4hrend in den l\u00e4ndlichen Bezirken die <em>Tiroler Volkspartei<\/em> als Zusammenschluss aus <em>Bauernbund<\/em>, <em>Volksverein<\/em> und <em>Katholischer Arbeiterschaft<\/em> dominierte, konnte die Sozialdemokratie unter der F\u00fchrung von Martin Rapoldi trotz des starken Gegenwindes in Innsbruck bei den ersten Wahlen 1919 stets zwischen 30 und 50% der Stimmen erringen. Dass es mit dem B\u00fcrgermeistersessel f\u00fcr die Sozialdemokraten nicht klappte, lag an den Mehrheiten im Gemeinderat durch B\u00fcndnisse der anderen Parteien. Liberale und <em>Tiroler Volkspartei<\/em> stand der Sozialdemokratie gegen\u00fcber mindestens so ablehnend gegen\u00fcber wie der Bundeshauptstadt Wien und den italienischen Besatzern.<\/p>\n<p>Die hohe Politik war aber nur der Rahmen des eigentlichen Elends. Die als <em>Spanische Grippe<\/em> in die Geschichte eingegangene Epidemie forderte in den Jahren nach dem Krieg auch in Innsbruck ihren Tribut. Genaue Zahlen wurden nicht erfasst, weltweit sch\u00e4tzt man die Zahl der Todesopfer auf 27 \u2013 50 Millionen. In Innsbruck sollen es in der Bl\u00fctezeit der Spanischen Grippe um die 100 Opfer t\u00e4glich gewesen sein, die der Krankheit zum Opfer fielen. Viele Innsbrucker waren von den Schlachtfeldern nicht nach Hause zur\u00fcckgekehrt und fehlten als V\u00e4ter, Ehem\u00e4nner und Arbeitskr\u00e4fte. Viele von denen, die es zur\u00fcckgeschafft hatten, waren verwundet und von den Kriegsgr\u00e4ueln gezeichnet. Noch im Februar 1920 veranstaltete der \u201e<em>Tiroler Ausschuss der Sibirier\u201c<\/em> im <em>Gasthof Brein\u00f6\u00dfl<\/em> <em>\u201e\u2026zu Gunsten des Fondes zur Heimbef\u00f6rderung unserer Kriegsgefangenen\u2026<\/em>\u201c einen Benefizabend. Noch lange nach dem Krieg bedurfte das Land Tirol Hilfe von ausw\u00e4rts, um die Bev\u00f6lkerung zu ern\u00e4hren. Unter der \u00dcberschrift \u201e<em>Erhebliche Ausdehnung der amerikanischen Kinderhilfsaktion in Tirol<\/em>\u201c stand am 9. April 1921 in den <em>Innsbrucker Nachrichten<\/em> zu lesen: \u201e<em>Den Bed\u00fcrfnissen des Landes Tirol Rechnung tragend, haben die amerikanischen Vertreter f\u00fcr Oesterreich in hochherzigster Weise die t\u00e4gliche Mahlzeitenanzahl auf 18.000 Portionen erh\u00f6ht<\/em>.\u201c<\/p>\n<p>Dazu kam die Arbeitslosigkeit. Vor allem Beamte und Mitarbeiter im \u00f6ffentlichen Dienst, hatten ihre Arbeit verloren, nachdem der V\u00f6lkerbund seine Anleihe an herbe Sparma\u00dfnahmen gekn\u00fcpft hatte. Die Geh\u00e4lter im \u00f6ffentlichen Dienst wurden gek\u00fcrzt. Es kam immer wieder zu Streiks. Der Tourismus als Wirtschaftsfaktor war ob der Probleme in den umliegenden, vom Krieg ebenfalls gebeutelten L\u00e4ndern inexistent. Die vor dem Krieg boomende Baubranche brach komplett ein. Innsbrucks gr\u00f6\u00dfte Firme <em>Huter &amp; S\u00f6hne<\/em> hatte 1913 \u00fcber 700 Mitarbeiter, am H\u00f6hepunkt der Wirtschaftskrise 1933 waren es nur noch 18. Der Mittelstand brach zu einem guten Teil zusammen. Der durchschnittliche Innsbrucker war mittellos und mangelern\u00e4hrt. Oft konnten nicht mehr als 800 Kalorien pro Tag zusammengekratzt werden. Die Kriminalit\u00e4tsrate war in diesem Klima der Armut h\u00f6her als je zuvor. Viele Menschen verloren ihre Bleibe. 1922 waren in Innsbruck 3000 Familien auf Wohnungssuche trotz eines st\u00e4dtischen Notwohnungsprogrammes, das bereits mehrere Jahre in Kraft war. In alle verf\u00fcgbaren Objekte wurden Wohnungen gebaut. Am 11. Februar 1921 fand sich in einer langen Liste in den <em>Innsbrucker Nachrichten<\/em> \u00fcber die einzelnen Projekte, die betrieben wurden unter anderem dieser Posten:<\/p>\n<p>\u201e<em>Das st\u00e4dtische Krankenhaus hat die Seuchenbaracke in Pradl aufgelassen und der Stadtgemeinde zur Herstellung von Notwohnungen zur Verf\u00fcgung gestellt. Zur Errichtung von 7 Notwohnungen wurde der erforderliche Kredit von 295 K (Anm.: Kronen) bewilligt.<\/em>\u201c<\/p>\n<p>In den ersten Jahren passierte nur sehr wenig. Dann erwachte die Politik aus ihrer Lethargie. Die Krone, ein Relikt aus der Monarchie, wurde 1m 1. Januar 1925 vom Schilling als offizielle W\u00e4hrung \u00d6sterreichs abgel\u00f6st. Die alte W\u00e4hrung hatte gegen\u00fcber dem Dollar zwischen 1918 und 1922 mehr als 95% ihres Wertes respektive dem Wechselkurses vor dem Krieg verloren. Innsbruck begann, wie viele andere \u00f6sterreichische Gemeinden, eigenes Geld zu drucken. Die Menge des Geldes, das im Umlauf war, stieg zwischen 1920 und 1922 von 12 Milliarden Kronen auf \u00fcber 3 Billionen Kronen an. Eine epochale Inflation war die Folge davon.<\/p>\n<p>Mit der W\u00e4hrungssanierung nach der V\u00f6lkerbundanleihe unter Kanzler Ignaz Seipel rappelten sich aber nicht nur Banken und B\u00fcrger auf, auch die Bauauftr\u00e4ge der \u00f6ffentlichen Hand nahmen wieder zu. Innsbruck modernisierte sich. Es trat das ein, was Wirtschaftswissenschaftler eine Scheinbl\u00fcte nennen. Diese kurzzeitige, wirtschaftliche Erholung war eine <em>Bubble,<\/em> bescherte der Stadt Innsbruck aber gro\u00dfe Projekte wie das Tivoli, das St\u00e4dtische Hallenbad, die H\u00f6henstra\u00dfe auf die Hungerburg, die Bergbahnen auf den Berg Isel und die Nordkette, neue Schulen und Wohnbl\u00f6cke. Die Stadt kaufte den Achensee und errichtete als Hauptaktion\u00e4r der TIWAG das Kraftwerk in Jenbach. In der Reichenau entstand 1925 der erste Flughafen, der Innsbruck 65 Jahre nach der Er\u00f6ffnung der Bahnlinie auch in den Luftverkehr involvierte. 1930 verband die Universit\u00e4tsbr\u00fccke die Klinik in Wilten und die H\u00f6ttinger Au. An der Sill entstanden die Pembaurbr\u00fccke und die Prinz-Eugen-Br\u00fccke. Die Handschrift der neuen, gro\u00dfen Massenparteien in der Gestaltung dieser Projekte ist dabei nicht zu \u00fcbersehen.<\/p>\n<p>Die erste Republik war eine schwere Geburt aus den \u00dcberbleibseln der einstigen Monarchie und sie sollte nicht lange halten. Trotz der Nachkriegsprobleme passierte in der Ersten Republik aber auch viel Positives. Aus Untertanen wurden B\u00fcrger. Was in der Zeit Maria Theresias begann, wurde nun unter neuen Vorzeichen weitergef\u00fchrt. Der Wechsel vom Untertanen zum B\u00fcrger zeichnete sich nicht nur durch ein neues Wahlrecht, sondern vor allem durch die verst\u00e4rkte Obsorge des Staates aus. Staatliche Regelungen, Schulen, Kinderg\u00e4rten, Arbeits\u00e4mter, Krankenh\u00e4user und st\u00e4dtische Wohnanlagen traten an die Stelle des Wohlwollens des Grundherrn, Landesf\u00fcrsten, wohlhabender B\u00fcrger, der Monarchie und der Kirche.<\/p>\n<p>Bis heute basiert vieles im \u00f6sterreichischen Staatswesen sowie im Innsbrucker Stadtbild und der Infrastruktur auf dem, was nach dem Zusammenbruch der Monarchie entstanden war. In Innsbruck gibt es keine bewussten Erinnerungsorte an die Entstehung der Ersten Republik in \u00d6sterreich. Die denkmalgesch\u00fctzten Wohnanlagen wie der <em>Schlachthofblock<\/em>, der <em>Pembaurblock<\/em> oder der <em>Mandelsbergerblock<\/em> oder die <em>Pembaurschule<\/em> sind Stein gewordene Zeitzeugen. Der Weltspartag erinnert seit 1925 allj\u00e4hrlich an die Einf\u00fchrung des Schillings. Kinder und Erwachsene sollten zum verantwortungsvollen Umgang mit Geld erzogen werden.<\/p>\n<p>[\/et_pb_toggle][\/et_pb_column_inner][\/et_pb_row_inner][\/et_pb_column][et_pb_column type=&#8220;1_2&#8243; _builder_version=&#8220;4.16&#8243; custom_padding=&#8220;|||&#8220; global_colors_info=&#8220;{}&#8220; custom_padding__hover=&#8220;|||&#8220;][et_pb_text admin_label=&#8220;\u00dcberschrift (nicht \u00e4ndern)&#8220; _builder_version=&#8220;4.24.3&#8243; text_text_color=&#8220;#000000&#8243; header_font=&#8220;|on|||&#8220; header_text_align=&#8220;center&#8220; header_text_color=&#8220;#e09900&#8243; header_font_size=&#8220;42px&#8220; header_line_height=&#8220;1.3em&#8220; header_2_text_color=&#8220;#e09900&#8243; background_color=&#8220;rgba(255,255,255,0.8)&#8220; background_layout=&#8220;dark&#8220; custom_padding=&#8220;20px|20px|20px|20px|true|true&#8220; header_font_size_last_edited=&#8220;off|desktop&#8220; border_radii=&#8220;on|10px|10px|10px|10px&#8220; box_shadow_style=&#8220;preset1&#8243; locked=&#8220;off&#8220; global_colors_info=&#8220;{}&#8220;]<\/p>\n<h2>Sehensw\u00fcrdigkeiten dazu&#8230;<\/h2>\n<p>[\/et_pb_text][et_pb_blog fullwidth=&#8220;off&#8220; posts_number=&#8220;50&#8243; include_categories=&#8220;153&#8243; show_thumbnail=&#8220;off&#8220; use_manual_excerpt=&#8220;off&#8220; show_author=&#8220;off&#8220; show_date=&#8220;off&#8220; show_categories=&#8220;off&#8220; show_excerpt=&#8220;off&#8220; show_pagination=&#8220;off&#8220; admin_label=&#8220;Sehensw\u00fcrdigkeiten dieser Kategorie&#8220; _builder_version=&#8220;4.27.4&#8243; _module_preset=&#8220;default&#8220; custom_padding=&#8220;10px|10px|10px|10px|true|true&#8220; border_radii=&#8220;on|10px|10px|10px|10px&#8220; box_shadow_style=&#8220;preset1&#8243; global_colors_info=&#8220;{}&#8220;][\/et_pb_blog][et_pb_text admin_label=&#8220;\u00dcbersicht der Stadtgeschichte (nicht \u00e4ndern)&#8220; _builder_version=&#8220;4.24.3&#8243; text_text_color=&#8220;#000000&#8243; header_font=&#8220;|on|||&#8220; header_text_align=&#8220;center&#8220; header_text_color=&#8220;#e09900&#8243; header_font_size=&#8220;42px&#8220; header_line_height=&#8220;1.3em&#8220; header_2_text_color=&#8220;#e09900&#8243; background_color=&#8220;rgba(255,255,255,0.8)&#8220; background_layout=&#8220;dark&#8220; custom_padding=&#8220;20px|20px|20px|20px|true|true&#8220; header_font_size_last_edited=&#8220;off|desktop&#8220; border_radii=&#8220;on|10px|10px|10px|10px&#8220; box_shadow_style=&#8220;preset1&#8243; locked=&#8220;off&#8220; global_colors_info=&#8220;{}&#8220;]<\/p>\n<p><a href=\"https:\/\/www.discover-innsbruck.at\/geschichte-der-stadt-innsbruck\/\">\u00dcbersicht der Stadtgeschichte<\/a><\/p>\n<p>[\/et_pb_text][\/et_pb_column][\/et_pb_section]<\/p>\n","protected":false},"excerpt":{"rendered":"<p>Few eras are more difficult to grasp than the interwar period. <\/p>","protected":false},"author":1,"featured_media":67966,"comment_status":"open","ping_status":"closed","sticky":false,"template":"","format":"standard","meta":{"_et_pb_use_builder":"on","_et_pb_old_content":"","_et_gb_content_width":"","wds_primary_category":0,"footnotes":""},"categories":[89,90],"tags":[],"class_list":["post-62868","post","type-post","status-publish","format-standard","has-post-thumbnail","hentry","category-wissenswertes","category-wissenswertes-20-jahrhundert"],"_links":{"self":[{"href":"https:\/\/www.discover-innsbruck.at\/en\/wp-json\/wp\/v2\/posts\/62868","targetHints":{"allow":["GET"]}}],"collection":[{"href":"https:\/\/www.discover-innsbruck.at\/en\/wp-json\/wp\/v2\/posts"}],"about":[{"href":"https:\/\/www.discover-innsbruck.at\/en\/wp-json\/wp\/v2\/types\/post"}],"author":[{"embeddable":true,"href":"https:\/\/www.discover-innsbruck.at\/en\/wp-json\/wp\/v2\/users\/1"}],"replies":[{"embeddable":true,"href":"https:\/\/www.discover-innsbruck.at\/en\/wp-json\/wp\/v2\/comments?post=62868"}],"version-history":[{"count":0,"href":"https:\/\/www.discover-innsbruck.at\/en\/wp-json\/wp\/v2\/posts\/62868\/revisions"}],"wp:featuredmedia":[{"embeddable":true,"href":"https:\/\/www.discover-innsbruck.at\/en\/wp-json\/wp\/v2\/media\/67966"}],"wp:attachment":[{"href":"https:\/\/www.discover-innsbruck.at\/en\/wp-json\/wp\/v2\/media?parent=62868"}],"wp:term":[{"taxonomy":"category","embeddable":true,"href":"https:\/\/www.discover-innsbruck.at\/en\/wp-json\/wp\/v2\/categories?post=62868"},{"taxonomy":"post_tag","embeddable":true,"href":"https:\/\/www.discover-innsbruck.at\/en\/wp-json\/wp\/v2\/tags?post=62868"}],"curies":[{"name":"wp","href":"https:\/\/api.w.org\/{rel}","templated":true}]}}