{"id":63418,"date":"1914-06-30T12:57:19","date_gmt":"1914-06-30T12:57:19","guid":{"rendered":"https:\/\/www.discover-innsbruck.at\/?p=63418"},"modified":"2025-04-08T13:02:39","modified_gmt":"2025-04-08T13:02:39","slug":"das-attentat-seit-jahren-geplant","status":"publish","type":"post","link":"https:\/\/www.discover-innsbruck.at\/en\/das-attentat-seit-jahren-geplant\/","title":{"rendered":"The assassination planned for years"},"content":{"rendered":"<p>[et_pb_section fb_built=&#8220;1&#8243; specialty=&#8220;on&#8220; _builder_version=&#8220;4.24.3&#8243; _module_preset=&#8220;default&#8220; global_colors_info=&#8220;{}&#8220; theme_builder_area=&#8220;post_content&#8220;][et_pb_column type=&#8220;1_2&#8243; specialty_columns=&#8220;2&#8243; _builder_version=&#8220;4.16&#8243; custom_padding=&#8220;|||&#8220; global_colors_info=&#8220;{}&#8220; custom_padding__hover=&#8220;|||&#8220; theme_builder_area=&#8220;post_content&#8220;][et_pb_row_inner _builder_version=&#8220;4.16&#8243; _module_preset=&#8220;default&#8220; global_colors_info=&#8220;{}&#8220; theme_builder_area=&#8220;post_content&#8220;][et_pb_column_inner saved_specialty_column_type=&#8220;1_2&#8243; _builder_version=&#8220;4.16&#8243; _module_preset=&#8220;default&#8220; global_colors_info=&#8220;{}&#8220; theme_builder_area=&#8220;post_content&#8220;][et_pb_text admin_label=&#8220;Titel und Adresse&#8220; _builder_version=&#8220;4.27.4&#8243; text_text_color=&#8220;#000000&#8243; header_font=&#8220;|on|||&#8220; header_text_align=&#8220;center&#8220; header_text_color=&#8220;#e09900&#8243; header_font_size=&#8220;42px&#8220; header_line_height=&#8220;1.3em&#8220; header_2_text_color=&#8220;#e09900&#8243; background_color=&#8220;rgba(255,255,255,0.8)&#8220; background_layout=&#8220;dark&#8220; custom_padding=&#8220;20px|20px|20px|20px|true|true&#8220; hover_enabled=&#8220;0&#8243; header_font_size_last_edited=&#8220;off|desktop&#8220; border_radii=&#8220;on|10px|10px|10px|10px&#8220; box_shadow_style=&#8220;preset1&#8243; locked=&#8220;off&#8220; global_colors_info=&#8220;{}&#8220; theme_builder_area=&#8220;post_content&#8220; sticky_enabled=&#8220;0&#8243;]<\/p>\n<h2>Das Attentat seit Jahren geplant<\/h2>\n<p>Erschienen: Innsbrucker Nachrichten \/ 30. Juni 1914<\/p>\n<p>[\/et_pb_text][et_pb_toggle title=&#8220;\u00dcber diesen Text&#8230;&#8220; open_toggle_text_color=&#8220;#e09900&#8243; open_toggle_background_color=&#8220;#ffffff&#8220; closed_toggle_text_color=&#8220;#e09900&#8243; closed_toggle_background_color=&#8220;#ffffff&#8220; icon_color=&#8220;#e09900&#8243; open_icon_color=&#8220;#e09900&#8243; admin_label=&#8220;\u00dcber diesen Text&#8220; _builder_version=&#8220;4.27.4&#8243; _module_preset=&#8220;default&#8220; title_text_color=&#8220;#e09900&#8243; title_font_size=&#8220;18px&#8220; hover_enabled=&#8220;0&#8243; border_radii=&#8220;on|5px|5px|5px|5px&#8220; box_shadow_style=&#8220;preset1&#8243; global_colors_info=&#8220;{}&#8220; theme_builder_area=&#8220;post_content&#8220; sticky_enabled=&#8220;0&#8243;]<\/p>\n<p>Bereits zwei Tage nach der Ermordung von Thronfolger Franz Ferdinand stand in den Medien die Geschichte eines in Innsbruck studierenden Serben zu lesen, der bereits 1913 geplant hatte, den Habsburger zu ermorden.\u00a0<\/p>\n<p>[\/et_pb_toggle][\/et_pb_column_inner][\/et_pb_row_inner][\/et_pb_column][et_pb_column type=&#8220;1_2&#8243; _builder_version=&#8220;4.16&#8243; custom_padding=&#8220;|||&#8220; global_colors_info=&#8220;{}&#8220; custom_padding__hover=&#8220;|||&#8220; theme_builder_area=&#8220;post_content&#8220;][et_pb_toggle title=&#8220;Der Artikel&#8220; open=&#8220;on&#8220; open_toggle_text_color=&#8220;#e09900&#8243; open_toggle_background_color=&#8220;#ffffff&#8220; closed_toggle_text_color=&#8220;#e09900&#8243; closed_toggle_background_color=&#8220;#ffffff&#8220; icon_color=&#8220;#e09900&#8243; open_icon_color=&#8220;#e09900&#8243; admin_label=&#8220;Das Attentat seit Jahren geplant&#8220; _builder_version=&#8220;4.27.4&#8243; _module_preset=&#8220;default&#8220; title_text_color=&#8220;#e09900&#8243; title_font_size=&#8220;18px&#8220; hover_enabled=&#8220;0&#8243; border_radii=&#8220;on|5px|5px|5px|5px&#8220; box_shadow_style=&#8220;preset1&#8243; global_colors_info=&#8220;{}&#8220; theme_builder_area=&#8220;post_content&#8220; sticky_enabled=&#8220;0&#8243; global_module=&#8220;63421&#8243; saved_tabs=&#8220;all&#8220;]<\/p>\n<p class=\"\" data-start=\"100\" data-end=\"380\"><strong data-start=\"100\" data-end=\"380\">Dass sich die gro\u00dfserbischen Agitationshetzer schon seit Jahren mit dem Plane einer Ermor\u00addung des Thronfolgers besch\u00e4ftigten, beweist am besten eine Episode, die sich vor ungef\u00e4hr anderthalb Jahren in Frankfurt zutrug und im vorigen Sommer ihr gerichtliches Nachspiel hatte.<\/strong><\/p>\n<p class=\"\" data-start=\"382\" data-end=\"892\">Die an der hiesigen medizinischen Fakult\u00e4t inskribierten s\u00fcdslawischen Studierenden versammel\u00adten sich damals regelm\u00e4\u00dfig in einem Lokale im Zentrum der Stadt. Unter den G\u00e4sten, der 20\u00adj\u00e4hrige Weichsel Serbanovic aus Belgrad, behauptete in die Gunst der dort anwesenden sch\u00f6nen M\u00e4dchen zu kommen und sich der Beliebtheit zu erfreuen. Um bei ihr Eindruck zu machen, erz\u00e4hlte er ihr, dass er einem geheimen Bunde angeh\u00f6re, der es sich zur Aufgabe gemacht habe, nach Wien zu reisen und dort den Erzherzog zu t\u00f6ten.<\/p>\n<p class=\"\" data-start=\"894\" data-end=\"1640\">Als das M\u00e4dchen ihm erschrocken fragte, ob er sichere Kenntnis von dem Vorhaben, verfassten nicht nur Serbanovic, sondern auch noch zehn seiner Freunde. Die Haussuchungen, die bei Folge, dass der Zahl der inskribierten Serben der dem Eingang jeglichen Antispartenprotokolls unfreiwillig herausgefischten jungen Leute vorgenommen wurden, hatten zum Ergebnis, dass jenes gelang es, beim Hauptbeteiligten den scharf geladenen Browning, eine serbische Fahne und viele Z\u00fcnder zu finden. Bei der Einvernahme versuchte Serbanovic an, nur H\u00f6rensagen gesprochen zu haben, doch gab es untermauerten, mit der das Wort von Bondentrat und aus geschrien zu sein, weil er ein guter Gymnasiast, (Tonkovi\u0107 oder ein serb. Ge\u00admeiner), diese Fertigkeit erlernt habe.<\/p>\n<p class=\"\" data-start=\"1642\" data-end=\"1981\">Der Prozess Serbanovic, der als Minderj\u00e4hriger das sp\u00e4tere Ereignis der Untersuchung nur noch teilweise zugef\u00fchrt wurde, hatte durch die Sensation wenig Wert, er endete mit einer Freisprache, weil es der Verteidigung gelang nachzuweisen, dass die Kronzeugen ein damals besonders verhetzter Studenten schlecht verstande\u00adnen Scherz ausgaben.<\/p>\n<p class=\"\" data-start=\"1983\" data-end=\"2213\">Die beh\u00f6rdlichen Organe blieben trotzdem bei der Ansicht, dass Serbanovic doch kein harmloser Phantast, sondern ein gef\u00e4hrlicher Agent sei, und veranlassten seine Ausweisung aus \u00d6sterreich. Die ungarischen Beh\u00f6rden taten dasselbe.<\/p>\n<p class=\"\" data-start=\"2215\" data-end=\"2553\">Scheine zweifelt wohl kein Mensch daran, dass die jungen Studenten wirklich in einer serbischen Organisation standen, der die Mordtat in Sarajevo geplant wurde. Es ist auch bezeichnend, dass Serbanovic, trotz seines jungen Alters, sofort wieder Anschluss an einen revolution\u00e4ren Bund fand, der die gesamte s\u00fcdslawische Jugend um\u00adfasst.<\/p>\n<p>[\/et_pb_toggle][\/et_pb_column][\/et_pb_section]<\/p>\n","protected":false},"excerpt":{"rendered":"<p>Innsbrucker Nachrichten \/ 30 June 1914<\/p>","protected":false},"author":1,"featured_media":0,"comment_status":"open","ping_status":"closed","sticky":false,"template":"","format":"standard","meta":{"_et_pb_use_builder":"on","_et_pb_old_content":"","_et_gb_content_width":"","wds_primary_category":0,"footnotes":""},"categories":[138,142],"tags":[],"class_list":["post-63418","post","type-post","status-publish","format-standard","hentry","category-geschichte-presse","category-innsbrucker-nachrichten"],"_links":{"self":[{"href":"https:\/\/www.discover-innsbruck.at\/en\/wp-json\/wp\/v2\/posts\/63418","targetHints":{"allow":["GET"]}}],"collection":[{"href":"https:\/\/www.discover-innsbruck.at\/en\/wp-json\/wp\/v2\/posts"}],"about":[{"href":"https:\/\/www.discover-innsbruck.at\/en\/wp-json\/wp\/v2\/types\/post"}],"author":[{"embeddable":true,"href":"https:\/\/www.discover-innsbruck.at\/en\/wp-json\/wp\/v2\/users\/1"}],"replies":[{"embeddable":true,"href":"https:\/\/www.discover-innsbruck.at\/en\/wp-json\/wp\/v2\/comments?post=63418"}],"version-history":[{"count":0,"href":"https:\/\/www.discover-innsbruck.at\/en\/wp-json\/wp\/v2\/posts\/63418\/revisions"}],"wp:attachment":[{"href":"https:\/\/www.discover-innsbruck.at\/en\/wp-json\/wp\/v2\/media?parent=63418"}],"wp:term":[{"taxonomy":"category","embeddable":true,"href":"https:\/\/www.discover-innsbruck.at\/en\/wp-json\/wp\/v2\/categories?post=63418"},{"taxonomy":"post_tag","embeddable":true,"href":"https:\/\/www.discover-innsbruck.at\/en\/wp-json\/wp\/v2\/tags?post=63418"}],"curies":[{"name":"wp","href":"https:\/\/api.w.org\/{rel}","templated":true}]}}