{"id":63622,"date":"2025-04-16T07:41:58","date_gmt":"2025-04-16T07:41:58","guid":{"rendered":"https:\/\/www.discover-innsbruck.at\/?p=63622"},"modified":"2026-04-08T07:15:55","modified_gmt":"2026-04-08T07:15:55","slug":"rapoldipark","status":"publish","type":"post","link":"https:\/\/www.discover-innsbruck.at\/en\/rapoldipark\/","title":{"rendered":"Rapoldi Park"},"content":{"rendered":"<p>[et_pb_section fb_built=&#8220;1&#8243; specialty=&#8220;on&#8220; _builder_version=&#8220;4.24.3&#8243; _module_preset=&#8220;default&#8220; global_colors_info=&#8220;{}&#8220;][et_pb_column type=&#8220;1_2&#8243; specialty_columns=&#8220;2&#8243; _builder_version=&#8220;4.16&#8243; custom_padding=&#8220;|||&#8220; global_colors_info=&#8220;{}&#8220; custom_padding__hover=&#8220;|||&#8220;][et_pb_row_inner _builder_version=&#8220;4.16&#8243; _module_preset=&#8220;default&#8220; global_colors_info=&#8220;{}&#8220;][et_pb_column_inner saved_specialty_column_type=&#8220;1_2&#8243; _builder_version=&#8220;4.16&#8243; _module_preset=&#8220;default&#8220; global_colors_info=&#8220;{}&#8220;][et_pb_text admin_label=&#8220;Titel und Adresse&#8220; _builder_version=&#8220;4.27.4&#8243; text_text_color=&#8220;#000000&#8243; header_font=&#8220;|on|||&#8220; header_text_align=&#8220;center&#8220; header_text_color=&#8220;#e09900&#8243; header_font_size=&#8220;42px&#8220; header_line_height=&#8220;1.3em&#8220; header_2_text_color=&#8220;#e09900&#8243; background_color=&#8220;rgba(255,255,255,0.8)&#8220; background_layout=&#8220;dark&#8220; custom_padding=&#8220;20px|20px|20px|20px|true|true&#8220; header_font_size_last_edited=&#8220;off|desktop&#8220; border_radii=&#8220;on|10px|10px|10px|10px&#8220; box_shadow_style=&#8220;preset1&#8243; locked=&#8220;off&#8220; global_colors_info=&#8220;{}&#8220;]<\/p>\n<h2>Rapoldipark<\/h2>\n<p>Leipziger Platz<\/p>\n<p>[\/et_pb_text][et_pb_gallery gallery_ids=&#8220;55422,62733,59821,69836,69858,55794,70009&#8243; fullwidth=&#8220;on&#8220; admin_label=&#8220;Galerie Rapoldipark&#8220; _builder_version=&#8220;4.27.4&#8243; _module_preset=&#8220;default&#8220; pagination_text_color=&#8220;#E09900&#8243; hover_enabled=&#8220;0&#8243; border_radii=&#8220;on|5px|5px|5px|5px&#8220; box_shadow_style=&#8220;preset1&#8243; global_module=&#8220;63627&#8243; saved_tabs=&#8220;all&#8220; global_colors_info=&#8220;{}&#8220; sticky_enabled=&#8220;0&#8243;][\/et_pb_gallery][\/et_pb_column_inner][\/et_pb_row_inner][\/et_pb_column][et_pb_column type=&#8220;1_2&#8243; _builder_version=&#8220;4.16&#8243; custom_padding=&#8220;|||&#8220; global_colors_info=&#8220;{}&#8220; custom_padding__hover=&#8220;|||&#8220;][et_pb_toggle title=&#8220;Wissenswert&#8220; open=&#8220;on&#8220; open_toggle_text_color=&#8220;#e09900&#8243; open_toggle_background_color=&#8220;#ffffff&#8220; closed_toggle_text_color=&#8220;#e09900&#8243; closed_toggle_background_color=&#8220;#ffffff&#8220; icon_color=&#8220;#e09900&#8243; open_icon_color=&#8220;#e09900&#8243; admin_label=&#8220;Rapoldipark&#8220; _builder_version=&#8220;4.27.4&#8243; _module_preset=&#8220;default&#8220; title_text_color=&#8220;#e09900&#8243; title_font_size=&#8220;18px&#8220; border_radii=&#8220;on|5px|5px|5px|5px&#8220; box_shadow_style=&#8220;preset1&#8243; global_module=&#8220;63628&#8243; saved_tabs=&#8220;all&#8220; global_colors_info=&#8220;{}&#8220;]<\/p>\n<p>Zwischen Leipzigerplatz, Sill und dem Florianibrunnen erstreckt sich eine der gr\u00fcnen Oasen Innsbrucks. Der Rapoldipark ist ob seiner zentralen Lage, den vielf\u00e4ltigen Freizeitm\u00f6glichkeiten und der gepflegten Gartenanlage beliebt bei Alt und Jung. Die Entwicklung von ein paar Spazierwegen hin zum Sport- und Spielparadies dauerte fast 100 Jahre. Den Anfang nahm der Park zwischen dem 1861 in Betrieb gegangenen Gaswerk und dem Leipziger Platz. Neben den herrschaftlichen B\u00fcrgerh\u00e4usern erhielt sich eine kleine unverbaute Fl\u00e4che. W\u00e4hrend der von Hunger gepr\u00e4gten letzten Jahre des Ersten Weltkrieges wurden hier Schreberg\u00e4rten zur Versorgung der Bev\u00f6lkerung angelegt. Nach dem Krieg wurden die freigewordenen Fl\u00e4chen s\u00fcdlich des Gaswerks in einen Park umgebaut. Der Rapoldipark war ein typisches Projekt der Ersten Republik. Die von jungen B\u00e4umen ges\u00e4umten Spazierwege und B\u00e4nke vor dem m\u00e4chtigen Werksgeb\u00e4ude sollten der in Pradl ans\u00e4ssigen Arbeiterschaft ein wenig Ruhe und Erholung erm\u00f6glichen. Die Grundstruktur des alten, s\u00fcdlichen Teils des Parks beruht noch immer auf diesen Pl\u00e4nen. Die offizielle Er\u00f6ffnung als Parkanlage fand 1927 statt, zwei Jahre vor der Fertigstellung des benachbarten St\u00e4dtischen Hallenbades. Namensgeber war der kurz zuvor verstorbene sozialdemokratische Politiker Martin Rapoldi, der sich im Arbeiterbezirk Pradl h\u00f6chster Beliebtheit erfreut hatte. Auch w\u00e4hrend des Zweiten Weltkrieges und den ersten Jahren der Nachkriegszeit wurde die Anlage wieder als Ackerfl\u00e4che genutzt. 1958 wurde das sehenswerte, aber nicht unumstrittene Symbol des Rapoldiparks aufgestellt. Der K\u00fcnstler Hans Plangger (1899 \u2013 1971) hatte den <em>Salige-Fr\u00e4ulein-Brunnen<\/em> 1944 f\u00fcr die <em>Gau-Kunstausstellung Tirol-Vorarlberg<\/em> entworfen. Final ausgef\u00fchrt und aufgestellt wurde sie allerdings erst nach Beauftragung durch den Gemeinderat im Jahr 1953. Die nationalsozialistische \u00c4sthetik, Formensprache und Symbolik fand offenbar noch immer gro\u00dfen Zu- und wenig Widerspruch. Der geb\u00fcrtige S\u00fcdtiroler Plangger hatte sein Studium wie viele seiner K\u00fcnstlerkollegen der ersten H\u00e4lfte des 20. Jahrhunderts bei Josef M\u00fcllner an der Akademie der Bildenden K\u00fcnste absolviert. Seinen Einstieg in die nationalsozialistischen Kunstszene schaffte er 1937 auf der <em>Gro\u00dfen Deutsche Kunstausstellung<\/em> in M\u00fcnchen. Er z\u00e4hlte dank seiner klaren Formensprache und \u00c4sthetik zu den gef\u00f6rderten K\u00fcnstlern des Systems. Urspr\u00fcnglich geplanter Aufstellungsort war der Rennweg. Dort sollte es als Hintergrund und Aufputz f\u00fcr Aufm\u00e4rsche der Nationalsozialisten dienen. Das monumentale, aus einem Marmorblock gefertigte Kunstwerk zeigt drei barbusige Frauen und einen Faun, der hinter den Damen sitzt. Die Saligen Frauen sind Sagengestalten aus dem alpinen Raum vorchristlicher Zeiten. Sie galten in vielen europ\u00e4ischen Kulturen in verschiedener Form als Archetyp f\u00fcr Reinheit und Weisheit. In vielen Geschichten und \u00dcberlieferungen werden sie als Bewahrer vor Missernten, Ungl\u00fcck und Unfruchtbarkeit geschildert. Plangger gab ihnen am Brunnen die Form der idealisierten, arisch-tugendhaften Frau, stark und weiblich-m\u00fctterlich zugleich.<\/p>\n<p>1974 wurde das Gaswerk etwas weiter in den Osten an den Sillzwickl verlegt. Der Spirit der 1970er, aus dem sp\u00e4ter die ersten Umweltschutzbewegungen hervorgehen sollten, machte sich in der Bev\u00f6lkerung und der Stadtplanung bemerkbar. Anders als auf den <em>Zelgergr\u00fcnden<\/em> bei der Triumphpforte, wo 45 Jahre zuvor anstatt eines Parks das umstrittene Hochhaus gebaut wurde, zeigte man Mut zum Gr\u00fcnen. Eine B\u00fcrgerbefragung ergab, dass der neue, n\u00f6rdliche Teil des Rapoldiparks nicht als distanzierte viktorianische Anlage, sondern naturbelassen gestaltet werden sollte. Innerhalb von drei Jahren entstanden an der ehemaligen Stelle des kohleverbrennenden Gaswerks ein Spielplatz, eine Liegewiese, ein Sportplatz, Tischtennistische, Bocciabahnen und der Ententeich. W\u00e4hrend der j\u00fcngsten Renovierungen ver\u00e4nderte sich der Park vom naturbelassenen Projekt der 1970er nur in Details. Auch dieser neue Teil erhielt in den 1980er Jahren einen Brunnen. Der in Pradl aufgewachsene K\u00fcnstler Helmut Schober gestaltete gemeinsam mit dem Mail\u00e4nder Architekten Flavio Conti eine bronzene Brunnenskulptur auf einem mit Natursteinen gepflasterten Viereck. Der Kreis, der f\u00fcr das G\u00f6ttliche steht, verbindet sich mit dem Quadrat, dem Symbol f\u00fcr das Weltliche. Die gewellte Oberfl\u00e4che des Kreises wird vom Wasser sanft umsp\u00fclt und symbolisiert Christus, der von Thomas von Aquin mit einer das Universum \u00fcberflutenden Welle verglichen wurde. Der Rapoldipark genoss nicht immer den besten Ruf. Obdachlose und Drogenabh\u00e4ngige suchten den Park ebenso gerne auf wie Familien. Pradler sind trotzdem stolz auf ihre gr\u00fcne Lunge am Rand der Innenstadt, frei nach dem Motto: \u201e<em>In Pradl wohnt der Adel<\/em>\u201c.<\/p>\n<p>[\/et_pb_toggle][et_pb_toggle title=&#8220;Die Rapoldis: Wasserkraft und Widerstand&#8220; open_toggle_text_color=&#8220;#e09900&#8243; open_toggle_background_color=&#8220;#ffffff&#8220; closed_toggle_text_color=&#8220;#e09900&#8243; closed_toggle_background_color=&#8220;#ffffff&#8220; icon_color=&#8220;#e09900&#8243; open_icon_color=&#8220;#e09900&#8243; admin_label=&#8220;Die Rapoldis: Kommunalpolitik und Widerstand&#8220; _builder_version=&#8220;4.27.4&#8243; _module_preset=&#8220;default&#8220; title_text_color=&#8220;#e09900&#8243; title_font_size=&#8220;18px&#8220; border_radii=&#8220;on|5px|5px|5px|5px&#8220; box_shadow_style=&#8220;preset1&#8243; global_module=&#8220;65307&#8243; saved_tabs=&#8220;all&#8220; global_colors_info=&#8220;{}&#8220;]<\/p>\n<p>Das Ehepaar Martin (1880 \u2013 1926) und Maria Rapoldi (1884 \u2013 1975) z\u00e4hlten vom Ende der Monarchie bis in die Nachkriegszeit zu den beeindruckendsten Pers\u00f6nlichkeiten der Innsbrucker Stadtpolitik. Martin Rapoldi war \u00fcber K\u00e4rnten, Wien und B\u00f6hmen nach Innsbruck gekommen. W\u00e4hrend seiner Tischlerlehre kam er erstmals mit sozialkritischen Ideen in Ber\u00fchrung. Gemeinsam mit anderen Lehrlingen gr\u00fcndete er in Klagenfurt mit jugendlichem Eifer eine Art anarchistischer Gewerkschaft. In der Hauptstadt der Donaumonarchie und in Zatek in der heutigen Tschechei, engagierte er sich in Gewerkschaft und der kurz zuvor offiziell gegr\u00fcndeten <em>Sozialdemokratischen Partei<\/em>. 1904 \u00fcbersiedelte er nach Innsbruck, wo der Mitzwanziger bald als ambitionierter Organisator und mitrei\u00dfender Redner auffiel. Im Jahr darauf heiratete er seine Frau Maria, die ebenfalls politisch aktiv war. Dank seiner sprachlichen Begabung \u00fcbernahm er in den folgenden Jahren die <em>Volkszeitung<\/em>, das Pressorgan der Tiroler Sozialdemokratie. Trotz anf\u00e4nglicher Euphorie f\u00fcr den Kriegseintritt auch auf Seiten der Sozialdemokratie setzte sich der als antiklerikaler <em>Pfaffenfresser<\/em> bekannte Rapoldi bald f\u00fcr den Frieden und die Einf\u00fchrung des allgemeinen Wahlrechts auch auf Kommunalebene ein. Ganz auf Parteilinie war er nach 1918 Anh\u00e4nger eines Zusammenschlusses mit dem Deutschen Reich.<\/p>\n<p>In den fr\u00fchen Jahren der Ersten Republik legte er eine kurze, aber steile Karriere hin. Er wurde zum Landtagsabgeordneten in Tirol und Mitglied des ersten Nationalrates in Wien erkoren. In Innsbruck schaffte er es die Sozialdemokraten zur st\u00e4rksten Partei im Gemeinderat zu machen.\u00a0 Auf Grund der antisozialistischen Haltung der anderen Fraktionen im Gemeinderat konnte er aber den B\u00fcrgermeisterposten nie besetzen. Ein besonderes Anliegen waren ihm der Wohnungsbau und die st\u00e4dtische Energieversorgung. W\u00e4hrend Rapoldis Zeit im Gemeinderat entstanden in Dreiheiligen und Pradl die Gro\u00dfprojekte Schlachthofblock, Pembaurblock sowie der Schule und Kindergarten in der heutigen Pembaurstra\u00dfe. Er war ma\u00dfgeblich am Aufbau der Innsbrucker Lichtwerke, den heutigen <em>Innsbrucker Kommunalbetrieben<\/em>, beteiligt. Sein gr\u00f6\u00dfter Verdienst war aber der Erwerb des Achensees. Bereits 1911 verhandelte die Stadt Innsbruck unter Wilhelm Greil mit dem bayerischen Stift Fiecht, um den See f\u00fcr ein Kraftwerk f\u00fcr das Elektrizit\u00e4tswerk der Stadt Innsbruck zu erstehen. Der Krieg unterbrach das Vorhaben. 1919 begannen die Verhandlungen zwischen dem Gemeinderat und dem Kloster \u00fcber den Kauf des Achensees von Neuem. Der Kaufpreise wurde schlie\u00dflich auf 1,2 Millionen Kronen plus den Eigenbedarf an Strom des Stiftes festgesetzt. Die Finanzierung gestaltete sich in der klammen Nachkriegszeit schwierig. Bis 1924 gab es von Seite des Bundes eine Steuererleichterung f\u00fcr Gemeinden f\u00fcr Wasserkraftwerksbauten. In letzter Minute konnte die TIWAG, die Tiroler Wasserkraft AG, mit der Stadt Innsbruck als Mehrheitseigent\u00fcmer gegr\u00fcndet und der Kauf vollzogen werden. Die Legende will es, dass man wegen der Inflation zwischen 1919 und 1924 f\u00fcr den Wert des Kaufpreises zum Zeitpunkt der Zahlung keinen See, sondern nur noch einen Herrenanzug erstehen konnte. Als die Stadt den See 60 Jahre sp\u00e4ter an die TIWAG verkaufte, lukrierte man fast eine Milliarde Schilling, genug, um die Schulden der Stadt zu tilgen. Sowohl bei der Errichtung der Achenseebahn, des Achenseekraftwerks und der Gr\u00fcndung der Tiroler Wasserkraft TIWAG war Martin Rapoldi die treibende Kraft. 1926 verstarb der umtriebige <em>Rote Tischlergeselle<\/em> mit jungen 46 Jahren an den Folgen einer Nierenentz\u00fcndung.<\/p>\n<p>Nicht weniger eindrucksvoll ist die Vita seiner Frau Maria. Im elterlichen Haushalt in W\u00f6rgl kam sie fr\u00fch mit sozialdemokratischen Ideen in Kontakt. Die gelernte Buchhalterin \u00fcbersiedelte nach Innsbruck. Wahrscheinlich bei ihrer Arbeit f\u00fcr die Krankenkasse lernte sie ihren zuk\u00fcnftigen Ehemann kennen. Trotz ihrer beiden kleinen T\u00f6chter engagierte sich Maria bereits 1912 auf der Landesfrauenkonferenz der Sozialdemokratinnen. Nach dem Tod ihres Mannes blieb sie weiterhin in der Sozialdemokratie aktiv. Als Mitarbeiterin der <em>Volkszeitung<\/em> kam sie in den Jahren des Austrofaschismus immer wieder ins Visier der <em>Vaterl\u00e4ndischen Front<\/em>. Nachdem die Volkszeitung im Rahmen der Zensur durch das Regime verboten wurde, musste sie sich als erwerbslose Witwe durchschlagen. Sie er\u00f6ffnete ein Stempelgesch\u00e4ft in der Altstadt. Gleichzeitig war sie im Untergrund an der <em>Roten Hilfe<\/em>, der Unterst\u00fctzung von Familien inhaftierter Mitglieder des Republikanischen Schutzbundes. W\u00e4hrend der Zeit des Nationalsozialismus wurde sie f\u00fcr kurze Zeit inhaftiert. Nach dem Krieg trat sie auch in offizieller Funktion aus dem Schatten ihres jung verstorbenen Gatten Martin. Von 1946 \u2013 1959 war sie Mitglied des Innsbrucker Gemeinderats. Sie setzte sich f\u00fcr soziale Agenden wie Altersheime, Kinderheime, die Verbesserung der Lebensmittel- und Krankenversorgung in der Nachkriegszeit ein. Als Mitglied des Tiroler Hilfswerks, des Stadtschulrats des Kuratoriums des Waisenheimes Sieberer und des Verwaltungsausschusses des Innsbrucker Realgymnasiums f\u00fcr M\u00e4dchen<\/p>\n<p>Martin und Maria Rapoldi sind in einem sehenswerten Ehrengrab am Westfriedhof beigesetzt. Der 1927 er\u00f6ffnete Park in Pradl tr\u00e4gt ebenfalls den Namen der beiden erinnerungsw\u00fcrdigen Stadtpolitiker. In Kranebitten errichtete die Sozialdemokratische Partei nach Martins fr\u00fchem Tod ein Denkmal f\u00fcr ihn, das 1934 von Mitgliedern der Heimatwehr zerst\u00f6rt wurde.<\/p>\n<p>[\/et_pb_toggle][et_pb_toggle title=&#8220;Eine Republik entsteht&#8220; open_toggle_text_color=&#8220;#e09900&#8243; open_toggle_background_color=&#8220;#ffffff&#8220; closed_toggle_text_color=&#8220;#e09900&#8243; closed_toggle_background_color=&#8220;#ffffff&#8220; icon_color=&#8220;#e09900&#8243; open_icon_color=&#8220;#e09900&#8243; admin_label=&#8220;Eine Erste Republik entsteht&#8220; _builder_version=&#8220;4.27.4&#8243; _module_preset=&#8220;default&#8220; title_text_color=&#8220;#e09900&#8243; title_font_size=&#8220;18px&#8220; border_radii=&#8220;on|5px|5px|5px|5px&#8220; box_shadow_style=&#8220;preset1&#8243; global_module=&#8220;62863&#8243; saved_tabs=&#8220;all&#8220; global_colors_info=&#8220;{}&#8220;]<\/p>\n<p>Kaum eine Epoche ist schwerer zu fassen als die Zwischenkriegszeit. Die <em>Roaring Twenties<\/em>, Jazz und Automobile kommen einem ebenso in den Sinn wie Inflation und Wirtschaftskrise. In Gro\u00dfst\u00e4dten wie Berlin geb\u00e4rdeten sich junge Damen als <em>Flappers<\/em> mit Bubikopf, Zigarette und kurzen R\u00f6cken zu den neuen Kl\u00e4ngen lasziv, Innsbrucks Bev\u00f6lkerung geh\u00f6rte als Teil der jungen Republik \u00d6sterreich zum gr\u00f6\u00dften Teil zur Fraktion Armut, Wirtschaftskrise und politischer Polarisierung. Schon die Ausrufung der Republik am Parlament in Wien vor \u00fcber 100.000 mehr oder minder begeisterten, vor allem aber verunsicherten Menschen verlief mit Tumulten, Schie\u00dfereien, zwei Toten und 40 Verletzten alles andere als reibungsfrei. Wie es nach dem Ende der Monarchie und dem Wegfall eines gro\u00dfen Teils des Staatsterritoriums weitergehen sollte, wusste niemand. Das neue \u00d6sterreich erschien zu klein und nicht lebensf\u00e4hig. Der Beamtenstaat des k.u.k. Reiches setzte sich nahtlos unter neuer Fahne und Namen durch. Die Bundesl\u00e4nder als Nachfolger der alten Kronl\u00e4nder erhielten in der Verfassung im Rahmen des F\u00f6deralismus viel Spielraum in Gesetzgebung und Verwaltung. Die Begeisterung f\u00fcr den neuen Staat hielt sich aber in der Bev\u00f6lkerung in Grenzen. Nicht nur, dass die Versorgungslage nach dem Wegfall des allergr\u00f6\u00dften Teils des ehemaligen Riesenreiches der Habsburger miserabel war, die Menschen misstrauten dem Grundgedanken der Republik. Die Monarchie war nicht perfekt gewesen, mit dem Gedanken von Demokratie konnten aber nur die allerwenigsten etwas anfangen. Anstatt Untertan des Kaisers war man nun zwar B\u00fcrger, allerdings nur B\u00fcrger eines Zwergstaates mit \u00fcberdimensionierter und in den Bundesl\u00e4ndern wenig geliebter Hauptstadt anstatt eines gro\u00dfen Reiches. In den ehemaligen Kronl\u00e4ndern, die zum gro\u00dfen Teil christlich-sozial regiert wurden, sprach man gerne vom <em>Wiener Wasserkopf<\/em>, der sich mit den Ertr\u00e4gen der flei\u00dfigen Landbev\u00f6lkerung durchf\u00fcttern lie\u00df.<\/p>\n<p>Auch andere Bundesl\u00e4nder spielten mit dem Gedanken, sich von der Republik abzukoppeln, nachdem der von allen Parteien unterst\u00fctzte Plan sich Deutschland anzuschlie\u00dfen von den Siegerm\u00e4chten des Ersten Weltkriegs untersagt worden war. Die Tiroler Pl\u00e4ne allerdings waren besonders spektakul\u00e4r. Von einem neutralen Alpenstaat mit anderen Bundesl\u00e4ndern, einem Freistaat bestehend aus Tirol und Bayern oder von Kufstein bis Salurn, einem Anschluss an die Schweiz bis hin zu einem katholischen Kirchenstaat unter p\u00e4pstlicher F\u00fchrung gab es viele \u00dcberlegungen. Besonders popul\u00e4r war die naheliegendste L\u00f6sung. In Tirol war es nicht neu, sich als Deutscher zu f\u00fchlen. Warum sich also nicht auch politisch an den gro\u00dfen Bruder im Norden anh\u00e4ngen? Besonders unter st\u00e4dtischen Eliten und Studenten war dieser Wunsch sehr ausgepr\u00e4gt. Der Anschluss an Deutschland erhielt in Tirol bei einer Abstimmung in Tirol einen Zuspruch von 98%, kam aber nie zustande.<\/p>\n<p>Anstatt ein Teil Deutschlands zu werden, unterstand man den ungeliebten <em>Wallschen<\/em>. Knapp zwei Jahre lang besetzten italienische Truppen nach Kriegsende Innsbruck. Bei den Friedensverhandlungen in Paris war wurde der Brenner zur neuen Grenze erkl\u00e4rt. Das historische Tirol war zweigeteilt. Am Brenner stand Milit\u00e4r, um eine Grenze zu sichern, die es vorher nie gab und als unnat\u00fcrlich und ungerecht empfunden wurde. 1924 beschloss der Innsbrucker Gemeinderat, Pl\u00e4tze und Stra\u00dfen rund um den Hauptbahnhof nach S\u00fcdtiroler St\u00e4dten zu benennen. Der Bozner Platz sowie die Brixner- und die Salurnerstra\u00dfe tragen ihre Namen bis heute. Viele Menschen zu beiden Seiten des Brenners f\u00fchlten sich verraten. Man hatte den Krieg zwar bei Weitem nicht gewonnen, als Verlierer gegen\u00fcber Italien sah man sich aber nicht. Der Hass auf Italiener erreichte in der Zwischenkriegszeit seinen H\u00f6hepunkt, auch wenn die Besatzungstruppen sich betont milde gab. Eine Passage aus dem Erz\u00e4hlband \u201e<em>Die Front \u00fcber den Gipfeln<\/em>\u201c des nationalsozialistischen Autors Karl Springenschmid aus den 1930ern spiegelt die allgemeine Stimmung wider:<\/p>\n<p><em>\u201e`Walsch (Anm.:Italienisch) werden, das w\u00e4r das \u00c4rgste!` sagt die Junge. <\/em><\/p>\n<p><em>Da nickt der alte Tappeiner blo\u00df und schimpft: `Wei\u00df wohl selber und wir wissen es alle: Walsch werden, das w\u00e4r das \u00c4rgste.\u201c<\/em><\/p>\n<p>Ungemach drohte auch in der Innenpolitik. Die Revolution in Russland und der darauffolgende B\u00fcrgerkrieg mit Millionen von Todesopfern, Enteignung und kompletter Systemumkehr warf ihren langen Schatten bis nach \u00d6sterreich. Die Aussicht auf <em>sowjetische Zust\u00e4nde<\/em> machte den Menschen Angst. \u00d6sterreich war tief gespalten. Hauptstadt und Bundesl\u00e4nder, Stadt und Land, B\u00fcrger, Arbeiter und Bauern \u2013 im Vakuum der ersten Nachkriegsjahre wollte jede Gruppe die Zukunft nach ihren Vorstellungen gestalten. Die Kulturk\u00e4mpfe der sp\u00e4ten Monarchie zwischen Konservativen, Liberalen und Sozialisten setzte sich nahtlos fort. Die Kluft bestand nicht nur auf politischer Ebene. Moral, Familie, Freizeitgestaltung, Erziehung, Glaube, Rechtsverst\u00e4ndnis \u2013 jeder Lebensbereich war betroffen. Wer sollte regieren? Wie sollten Verm\u00f6gen, Rechte und Pflichten verteilt werden. Ein kommunistischer Umsturz war besonders in Tirol keine reale Gefahr, lie\u00df sich aber medial gut als Bedrohung instrumentalisieren, um die Sozialdemokratie in Verruf zu bringen. 1919 hatte sich in Innsbruck zwar ein <em>Arbeiter-, Bauer- und Soldatenrat <\/em>nach sowjetischem Vorbild ausgerufen, sein Einfluss blieb aber gering und wurde von keiner Partei unterst\u00fctzt. Ab 1920 bildeten sich offiziell sogenannten Soldatenr\u00e4te, die aber christlich-sozial dominiert waren. Das b\u00e4uerliche und b\u00fcrgerliche Lager rechts der Mitte militarisierte sich mit der <em>Tiroler Heimatwehr<\/em> professioneller und konnte sich \u00fcber st\u00e4rkeren Zulauf freuen als linke Gruppen, auch dank kirchlicher Unterst\u00fctzung. Die Sozialdemokratie wurde von den Kirchkanzeln herab und in konservativen Medien als <em>Judenpartei<\/em> und heimatlose Vaterlandsverr\u00e4ter bezeichnet. Allzu gerne gab man ihnen die Schuld am verlorenen Krieg und den Folgen gab. Der Tiroler Anzeiger brachte die Volks\u00e4ngste auf den Punkt: <em>\u201cWehe dem christlichen Volke, wenn bei den Wahlen die Juden=Sozi siegen!\u201c<\/em>.<\/p>\n<p>Der Innsbrucker Gemeinderat umfasste mit der neuen Gemeinderatsordnung, die das allgemeine Wahlrecht aller Erwachsenen vorsah, von 1919 40 Mitglieder. Von 24.644 zur Wahlurne gerufenen B\u00fcrgern machten unglaubliche 24.060 von ihrem Wahlrecht Gebrauch. Bereits im ersten Gemeinderat mit freien Wahlen waren drei Frauen vertreten. W\u00e4hrend in den l\u00e4ndlichen Bezirken die <em>Tiroler Volkspartei<\/em> als Zusammenschluss aus <em>Bauernbund<\/em>, <em>Volksverein<\/em> und <em>Katholischer Arbeiterschaft<\/em> dominierte, konnte die Sozialdemokratie unter der F\u00fchrung von Martin Rapoldi trotz des starken Gegenwindes in Innsbruck bei den ersten Wahlen 1919 stets zwischen 30 und 50% der Stimmen erringen. Dass es mit dem B\u00fcrgermeistersessel f\u00fcr die Sozialdemokraten nicht klappte, lag an den Mehrheiten im Gemeinderat durch B\u00fcndnisse der anderen Parteien. Liberale und <em>Tiroler Volkspartei<\/em> stand der Sozialdemokratie gegen\u00fcber mindestens so ablehnend gegen\u00fcber wie der Bundeshauptstadt Wien und den italienischen Besatzern.<\/p>\n<p>Die hohe Politik war aber nur der Rahmen des eigentlichen Elends. Die als <em>Spanische Grippe<\/em> in die Geschichte eingegangene Epidemie forderte in den Jahren nach dem Krieg auch in Innsbruck ihren Tribut. Genaue Zahlen wurden nicht erfasst, weltweit sch\u00e4tzt man die Zahl der Todesopfer auf 27 \u2013 50 Millionen. In Innsbruck sollen es in der Bl\u00fctezeit der Spanischen Grippe um die 100 Opfer t\u00e4glich gewesen sein, die der Krankheit zum Opfer fielen. Viele Innsbrucker waren von den Schlachtfeldern nicht nach Hause zur\u00fcckgekehrt und fehlten als V\u00e4ter, Ehem\u00e4nner und Arbeitskr\u00e4fte. Viele von denen, die es zur\u00fcckgeschafft hatten, waren verwundet und von den Kriegsgr\u00e4ueln gezeichnet. Noch im Februar 1920 veranstaltete der \u201e<em>Tiroler Ausschuss der Sibirier\u201c<\/em> im <em>Gasthof Brein\u00f6\u00dfl<\/em> <em>\u201e\u2026zu Gunsten des Fondes zur Heimbef\u00f6rderung unserer Kriegsgefangenen\u2026<\/em>\u201c einen Benefizabend. Noch lange nach dem Krieg bedurfte das Land Tirol Hilfe von ausw\u00e4rts, um die Bev\u00f6lkerung zu ern\u00e4hren. Unter der \u00dcberschrift \u201e<em>Erhebliche Ausdehnung der amerikanischen Kinderhilfsaktion in Tirol<\/em>\u201c stand am 9. April 1921 in den <em>Innsbrucker Nachrichten<\/em> zu lesen: \u201e<em>Den Bed\u00fcrfnissen des Landes Tirol Rechnung tragend, haben die amerikanischen Vertreter f\u00fcr Oesterreich in hochherzigster Weise die t\u00e4gliche Mahlzeitenanzahl auf 18.000 Portionen erh\u00f6ht<\/em>.\u201c<\/p>\n<p>Dazu kam die Arbeitslosigkeit. Vor allem Beamte und Mitarbeiter im \u00f6ffentlichen Dienst, hatten ihre Arbeit verloren, nachdem der V\u00f6lkerbund seine Anleihe an herbe Sparma\u00dfnahmen gekn\u00fcpft hatte. Die Geh\u00e4lter im \u00f6ffentlichen Dienst wurden gek\u00fcrzt. Es kam immer wieder zu Streiks. Der Tourismus als Wirtschaftsfaktor war ob der Probleme in den umliegenden, vom Krieg ebenfalls gebeutelten L\u00e4ndern inexistent. Die vor dem Krieg boomende Baubranche brach komplett ein. Innsbrucks gr\u00f6\u00dfte Firme <em>Huter &amp; S\u00f6hne<\/em> hatte 1913 \u00fcber 700 Mitarbeiter, am H\u00f6hepunkt der Wirtschaftskrise 1933 waren es nur noch 18. Der Mittelstand brach zu einem guten Teil zusammen. Der durchschnittliche Innsbrucker war mittellos und mangelern\u00e4hrt. Oft konnten nicht mehr als 800 Kalorien pro Tag zusammengekratzt werden. Die Kriminalit\u00e4tsrate war in diesem Klima der Armut h\u00f6her als je zuvor. Viele Menschen verloren ihre Bleibe. 1922 waren in Innsbruck 3000 Familien auf Wohnungssuche trotz eines st\u00e4dtischen Notwohnungsprogrammes, das bereits mehrere Jahre in Kraft war. In alle verf\u00fcgbaren Objekte wurden Wohnungen gebaut. Am 11. Februar 1921 fand sich in einer langen Liste in den <em>Innsbrucker Nachrichten<\/em> \u00fcber die einzelnen Projekte, die betrieben wurden unter anderem dieser Posten:<\/p>\n<p>\u201e<em>Das st\u00e4dtische Krankenhaus hat die Seuchenbaracke in Pradl aufgelassen und der Stadtgemeinde zur Herstellung von Notwohnungen zur Verf\u00fcgung gestellt. Zur Errichtung von 7 Notwohnungen wurde der erforderliche Kredit von 295 K (Anm.: Kronen) bewilligt.<\/em>\u201c<\/p>\n<p>In den ersten Jahren passierte nur sehr wenig. Dann erwachte die Politik aus ihrer Lethargie. Die Krone, ein Relikt aus der Monarchie, wurde 1m 1. Januar 1925 vom Schilling als offizielle W\u00e4hrung \u00d6sterreichs abgel\u00f6st. Die alte W\u00e4hrung hatte gegen\u00fcber dem Dollar zwischen 1918 und 1922 mehr als 95% ihres Wertes respektive dem Wechselkurses vor dem Krieg verloren. Innsbruck begann, wie viele andere \u00f6sterreichische Gemeinden, eigenes Geld zu drucken. Die Menge des Geldes, das im Umlauf war, stieg zwischen 1920 und 1922 von 12 Milliarden Kronen auf \u00fcber 3 Billionen Kronen an. Eine epochale Inflation war die Folge davon.<\/p>\n<p>Mit der W\u00e4hrungssanierung nach der V\u00f6lkerbundanleihe unter Kanzler Ignaz Seipel rappelten sich aber nicht nur Banken und B\u00fcrger auf, auch die Bauauftr\u00e4ge der \u00f6ffentlichen Hand nahmen wieder zu. Innsbruck modernisierte sich. Es trat das ein, was Wirtschaftswissenschaftler eine Scheinbl\u00fcte nennen. Diese kurzzeitige, wirtschaftliche Erholung war eine <em>Bubble,<\/em> bescherte der Stadt Innsbruck aber gro\u00dfe Projekte wie das Tivoli, das St\u00e4dtische Hallenbad, die H\u00f6henstra\u00dfe auf die Hungerburg, die Bergbahnen auf den Berg Isel und die Nordkette, neue Schulen und Wohnbl\u00f6cke. Die Stadt kaufte den Achensee und errichtete als Hauptaktion\u00e4r der TIWAG das Kraftwerk in Jenbach. In der Reichenau entstand 1925 der erste Flughafen, der Innsbruck 65 Jahre nach der Er\u00f6ffnung der Bahnlinie auch in den Luftverkehr involvierte. 1930 verband die Universit\u00e4tsbr\u00fccke die Klinik in Wilten und die H\u00f6ttinger Au. An der Sill entstanden die Pembaurbr\u00fccke und die Prinz-Eugen-Br\u00fccke. Die Handschrift der neuen, gro\u00dfen Massenparteien in der Gestaltung dieser Projekte ist dabei nicht zu \u00fcbersehen.<\/p>\n<p>Die erste Republik war eine schwere Geburt aus den \u00dcberbleibseln der einstigen Monarchie und sie sollte nicht lange halten. Trotz der Nachkriegsprobleme passierte in der Ersten Republik aber auch viel Positives. Aus Untertanen wurden B\u00fcrger. Was in der Zeit Maria Theresias begann, wurde nun unter neuen Vorzeichen weitergef\u00fchrt. Der Wechsel vom Untertanen zum B\u00fcrger zeichnete sich nicht nur durch ein neues Wahlrecht, sondern vor allem durch die verst\u00e4rkte Obsorge des Staates aus. Staatliche Regelungen, Schulen, Kinderg\u00e4rten, Arbeits\u00e4mter, Krankenh\u00e4user und st\u00e4dtische Wohnanlagen traten an die Stelle des Wohlwollens des Grundherrn, Landesf\u00fcrsten, wohlhabender B\u00fcrger, der Monarchie und der Kirche.<\/p>\n<p>Bis heute basiert vieles im \u00f6sterreichischen Staatswesen sowie im Innsbrucker Stadtbild und der Infrastruktur auf dem, was nach dem Zusammenbruch der Monarchie entstanden war. In Innsbruck gibt es keine bewussten Erinnerungsorte an die Entstehung der Ersten Republik in \u00d6sterreich. Die denkmalgesch\u00fctzten Wohnanlagen wie der <em>Schlachthofblock<\/em>, der <em>Pembaurblock<\/em> oder der <em>Mandelsbergerblock<\/em> oder die <em>Pembaurschule<\/em> sind Stein gewordene Zeitzeugen. Der Weltspartag erinnert seit 1925 allj\u00e4hrlich an die Einf\u00fchrung des Schillings. Kinder und Erwachsene sollten zum verantwortungsvollen Umgang mit Geld erzogen werden.<\/p>\n<p>[\/et_pb_toggle][et_pb_toggle title=&#8220;Auferstanden aus Ruinen&#8220; open_toggle_text_color=&#8220;#e09900&#8243; open_toggle_background_color=&#8220;#ffffff&#8220; closed_toggle_text_color=&#8220;#e09900&#8243; closed_toggle_background_color=&#8220;#ffffff&#8220; icon_color=&#8220;#e09900&#8243; open_icon_color=&#8220;#e09900&#8243; admin_label=&#8220;Auferstanden aus Ruinen die Nachkriegszeit in Innsbruck&#8220; _builder_version=&#8220;4.27.4&#8243; _module_preset=&#8220;default&#8220; title_text_color=&#8220;#e09900&#8243; title_font_size=&#8220;18px&#8220; border_radii=&#8220;on|5px|5px|5px|5px&#8220; box_shadow_style=&#8220;preset1&#8243; global_module=&#8220;63476&#8243; saved_tabs=&#8220;all&#8220; global_colors_info=&#8220;{}&#8220;]<\/p>\n<p>Nach Kriegsende kontrollierten US-Truppen f\u00fcr zwei Monate Tirol. Anschlie\u00dfend \u00fcbernahm die Siegermacht Frankreich die Verwaltung. Den Tirolern blieb die sowjetische Besatzung, die \u00fcber Ost\u00f6sterreich hereinbrach, erspart. Besonders in den ersten drei Nachkriegsjahren war der Hunger der gr\u00f6\u00dfte Feind der Menschen. Der Mai 1945 brachte nicht nur das Kriegsende, sondern auch Schnee. Der Winter 1946\/47 ging als besonders kalt und lang in die Tiroler Klimageschichte ein, der Sommer als besonders hei\u00df und trocken. Es kam zu Ernteausf\u00e4llen von bis zu 50%. Die Versorgungslage war vor allem in der Stadt in der unmittelbaren Nachkriegszeit katastrophal. Die t\u00e4gliche Nahrungsmittelbeschaffung wurde zur lebensgef\u00e4hrlichen Sorge im Alltag der Innsbrucker. Neben den eigenen B\u00fcrgern mussten auch tausende von <em>Displaced Persons<\/em>, freigekommenen Zwangsarbeitern und Besatzungssoldaten ern\u00e4hrt werden. Um diese Aufgabe zu bew\u00e4ltigen, war die Tiroler Landesregierung auf die Hilfe von au\u00dferhalb angewiesen. Der Vorsitzende der UNRRA <em>(Anm.: United Nations Relief and Rehabilitation Administration<\/em>), die Kriegsgebiete mit dem N\u00f6tigsten versorgte, Fiorello La Guardia z\u00e4hlte \u00d6sterreich \u201e<em>zu jenen V\u00f6lkern der Welt, die dem Hungertod am n\u00e4chsten sind.<\/em>\u201c Milch, Brot, Eier, Zucker, Mehl, Fett \u2013 von allem war zu wenig da. Die franz\u00f6sische Besatzung konnte den Bedarf an ben\u00f6tigten Kilokalorien pro Kopf nicht abdecken, fehlte es doch der eigenen Bev\u00f6lkerung und den Einsatzkr\u00e4ften oft an der Versorgung. Bis 1946 entnahmen sie der Tiroler Wirtschaft sogar G\u00fcter.<\/p>\n<p>Die Lebensmittelversorgung erfolgte schon wenige Wochen nach Kriegsende \u00fcber Lebensmittelkarten. Erwachsene mussten eine Best\u00e4tigung des Arbeitsamtes vorlegen, um an diese Karten zu kommen. Die Rationen unterschieden sich je nach Kategorie der Arbeiter. Schwerstarbeiter, Schwangere und stillende M\u00fctter erhielten Lebensmittel im \u201eWert\u201c von 2700 Kalorien. Handwerker mit leichten Berufen, Beamte und Freiberufler erhielten 1850 Kilokalorien, Angestellte 1450 Kalorien. Hausfrauen und andere \u201eNormalverbraucher\u201c konnten nur 1200 Kalorien beziehen. Zus\u00e4tzlich gab es Initiativen wie Volksk\u00fcchen oder Ausspeisungen f\u00fcr Schulkinder, die von ausl\u00e4ndischen Hilfsorganisationen \u00fcbernommen wurden. Aus Amerika kamen Carepakete von der Wohlfahrtsorganisation <em>Cooperative for American Remittances to Europe<\/em>. Viele Kinder wurden im Sommer zu Pflegehaushalten in die Schweiz verschickt, um wieder zu Kr\u00e4ften zu kommen und ein paar zus\u00e4tzliche Kilo auf die Rippen zu bekommen.<\/p>\n<p>F\u00fcr alle reichten all diese Ma\u00dfnahmen allerdings nicht aus. Vor allem Hausfrauen und andere \u201eNormalverbraucher\u201c litten unter den geringen Zuteilungen. Viele Innsbrucker machten sich trotz der Gefahr, festgenommen zu werden, auf den Weg in die umliegenden D\u00f6rfer, um zu hamstern. Wer Geld hatte, bezahlte teils utopische Preise bei den Bauern. Wer keins hatte, musste um Nahrungsmittel betteln. Frauen, deren M\u00e4nner gefallen, in Gefangenschaft oder vermisst waren, sahen in Extremf\u00e4llen keinen anderen Ausweg, als sich zu prostituieren. Diese Frauen, besonders die ungl\u00fccklichen, die schwanger wurden, mussten \u00fcber sich und ihren Nachwuchs \u00fcbelste Beschimpfungen ergehen lassen. Vom legalen Schwangerschaftsabbruch war man in \u00d6sterreich noch 30 Jahre entfernt.<\/p>\n<p>Die Politik stand dem zu einem gro\u00dfen Teil machtlos gegen\u00fcber. Alle Interessen zu befrieden, war schon in normalen Zeiten unm\u00f6glich. Viele Entscheidung zwischen dem Parlament in Wien, dem Tiroler Landtag und dem Innsbrucker Rathaus waren f\u00fcr die Menschen nicht nachvollziehbar. W\u00e4hrend Kinder auf Obst und Vitamine verzichten mussten, wurde von manchen Bauern legal gewinnbringender Schnaps gebrannt. Amtsgeb\u00e4ude und Gewerbebetriebe bekamen vom Elektrizit\u00e4tswerk Innsbruck freie Hand, w\u00e4hrend den Privathaushalten ab Oktober 1945 der Zugang zum Strom an mehreren Tagzeiten eingeschr\u00e4nkt wurde. Selbige Benachteiligung der Haushalte gegen\u00fcber der Wirtschaft galt f\u00fcr die Versorgung mit Kohle. Die alten Gr\u00e4ben zwischen Stadt und Land wurden gr\u00f6\u00dfer und hasserf\u00fcllter. Innsbrucker warfen der Umlandbev\u00f6lkerung vor, bewusst Lebensmittel f\u00fcr den Schwarzmarkt zur\u00fcckzuhalten. Es kam zu \u00dcberf\u00e4llen, Diebst\u00e4hlen und Holzschl\u00e4gerungen. Transporte am Bahnhof wurden von bewaffneten Einheiten bewacht. Sich Lebensmittel aus einem Lager anzueignen war illegal und Alltag zu gleich. Kinder und Jugendliche streunten hungrig durch die Stadt und nahmen jede Gelegenheit sich etwas zu Essen oder Brennmaterial zu besorgen wahr. Der erste Tiroler Landeshauptmann Gruber, w\u00e4hrend des Krieges selbst illegal im Widerstand, hatte zwar Verst\u00e4ndnis f\u00fcr die Situation der Menschen, die sich gegen das System auflehnten, konnte aber nichts daran \u00e4ndern. Auch dem Innsbrucker B\u00fcrgermeister Anton Melzer waren die H\u00e4nde gebunden. Es war nicht nur schwierig, die Bed\u00fcrfnisse aller Interessensgruppen unter einen Hut zu bringen, immer wieder kam es unter der Beamtenschaft zu F\u00e4llen von Korruption und Gef\u00e4lligkeiten gegen\u00fcber Verwandten und Bekannten. Grubers Nachfolger am Landeshauptmannsessel Alfons Wei\u00dfgatterer musste gleich mehrere kleine Aufst\u00e4nde \u00fcberstehen, als sich der Volkszorn Luft machte und Steine Richtung Landhaus flogen Die Antwort der Landesregierung erfolgte \u00fcber die <em>Tiroler Tageszeitung<\/em>. Das Blatt war 1945 unter der Verwaltung der US-Streitkr\u00e4fte zur Demokratisierung und Entnazifizierung gegr\u00fcndet worden, ging aber bereits im Folgejahr an die Schl\u00fcssel GmbH unter Leitung des \u00d6VP Politikers Joseph Moser. Dank der hohen Auflage und ihrem fast unmittelbaren Einfluss auf den Inhalt konnte die Tiroler Landesregierung die \u00f6ffentliche Stimmung lenken:<\/p>\n<p>\u201e<em>Sind etwa die zerbrochenen Fensterscheiben, die gestern vom Landhaus auf die Stra\u00dfe klirrten, geeignete Argumente, um unseren Willen zum Wiederaufbau zu beweisen? Sollten wir uns nicht daran erinnern, dass noch niemals in irgendeinem Lande wirtschaftliche Schwierigkeiten durch Demonstrationen und Kundgebungen beseitigt worden sind?<\/em>\u201c<\/p>\n<p>Mindestens gleich schlecht war die Wohnsituation. Gesch\u00e4tzte 30.000 Innsbrucker waren obdachlos, lebten auf engstem Raum bei Verwandten oder in Barackensiedlungen wie dem ehemaligen Arbeitslager in der Reichenau, in der vom Volksmund \u201eAusl\u00e4nderlager\u201c genannten Barackensiedlung f\u00fcr Vertriebene aus den ehemals deutschen Gebieten Europas oder der <em>Bocksiedlung<\/em>. Weniges erinnert noch an den desastr\u00f6sen Zustand, in dem sich Innsbruck nach den Luftangriffen der letzten Kriegsjahre in den ersten Nachkriegsjahren befand. Zehntausende B\u00fcrger halfen mit, Schutt und Tr\u00fcmmer von den Stra\u00dfen zu schaffen. Die Maria-Theresien-Stra\u00dfe, die Museumstra\u00dfe, das Bahnhofsviertel, Wilten oder die Pradlerstra\u00dfe w\u00e4ren wohl um einiges ansehnlicher, h\u00e4tte man nicht die L\u00f6cher im Stra\u00dfenbild schnell stopfen m\u00fcssen, um so schnell als m\u00f6glich Wohnraum f\u00fcr die vielen Obdachlosen und R\u00fcckkehrer zu schaffen. \u00c4sthetik aber war ein Luxus, den man sich in dieser Situation nicht leisten konnte. Die ausgezehrte Bev\u00f6lkerung ben\u00f6tigte neuen Wohnraum, um den gesundheitssch\u00e4dlichen Lebensbedingungen, in denen Gro\u00dffamilien teils in Einraumwohnungen einquartiert waren, zu entfliehen.<\/p>\n<p><em>\u201eDie Notlage gef\u00e4hrdet die Behaglichkeit des Heims. Sie zehrt an den Wurzeln der Lebensfreude. Niemand leidet mehr darunter als die Frau, deren Gl\u00fcck es bildet, einen zufriedenen, trauten Familienkreis, um sich zu sehen. Welche Anspannung der seelischen Kraft erfordern der t\u00e4glich zerm\u00fcrbende Kampf um ein bisschen Einkauf, die M\u00fchsal des Schlangestehens, die Entt\u00e4uschungen der Absagen und Abweisungen und der Blick in den unmutigen Gesichtern der von Entbehrungen gepeinigten Lieben.\u201c<\/em><\/p>\n<p>Was in der <em>Tiroler Tageszeitung<\/em> zu lesen stand, war nur ein Teil der harten Alltagsrealit\u00e4t. Wie schon nach dem Ersten Weltkrieg, als die Spanische Grippe viele Opfer forderte, kam es auch 1945 zu einem Anstieg gef\u00e4hrlicher Infektionen. Impfstoffe gegen Tuberkulose konnten im ersten Winter nicht geliefert werden. Auch Krankenhausbetten waren Mangelware. Auch wenn sich die Situation nach 1947 entspannte, blieben die Lebensumst\u00e4nde in Tirol prek\u00e4r. Bis es zu merklichen Verbesserungen kam, dauerte es Jahre. Die Lebensmittelrationierungen wurde am 1. Juli 1953 eingestellt. Im selben Jahr konnte B\u00fcrgermeister Greiter verk\u00fcnden, dass alle w\u00e4hrend der Luftangriffe zerst\u00f6rten Geb\u00e4ude wieder in Stand gesetzt worden waren.<\/p>\n<p>Zu verdanken war dies auch den Besatzern. Die franz\u00f6sischen Truppen unter Emile Bethouart verhielten sich sehr milde und kooperativ gegen\u00fcber dem ehemaligen Feind und begegneten der Tiroler Kultur und Bev\u00f6lkerung freundlich und aufgeschlossen. Stand man der Besatzungsmacht anfangs feindlich gesinnt gegen\u00fcber &#8211; schon wieder war ein Krieg verloren gegangen &#8211; wich die Skepsis der Innsbrucker mit der Zeit. Die Soldaten waren vor allem bei den Kindern beliebt wegen der Schokoladen und S\u00fc\u00dfigkeiten, die sie verteilten. Viele Menschen erhielten innerhalb der franz\u00f6sischen Verwaltung Arbeit. Manch ein Tiroler sah dank der Uniformierten <em>der 4. Marokkanischen Gebirgsdivision<\/em>, die bis September 1945 den Gro\u00dfteil der Soldaten stellten, zum ersten Mal dunkelh\u00e4utige Menschen. Die Besatzer stellten, soweit dies in ihren M\u00f6glichkeiten lag, auch die Versorgung sicher. Zeitzeugen erinnern sich mit Grauen an die Konservendosen, die sie als Hauptnahrungsmittel erhielten. Um die Logistik zu erleichtern legten die Franzosen bereits 1946 den Grundstein f\u00fcr den neuen Flughafen auf der <em>Ulfiswiese<\/em> in der H\u00f6ttinger Au, der den 20 Jahre zuvor er\u00f6ffneten in der Reichenau nach zwei Jahren Bauzeit ersetzte. Das Franzosendenkmal am Landhausplatz erinnert an die franz\u00f6sische Besatzungszeit. Am <em>Emile-Bethouart-Steg<\/em>, der St. Nikolaus und die Innenstadt \u00fcber den Inn verbindet, befindet sich eine Gedenktafel, die die Beziehung zwischen Besatzung und Bev\u00f6lkerung gut zum Ausdruck bringt:<\/p>\n<p><em>\u201eAls Sieger gekommen.<\/em><\/p>\n<p><em>Als Besch\u00fctzer geblieben.<\/em><\/p>\n<p><em>Als Freund in die Heimat zur\u00fcckgekehrt.\u201c<\/em><\/p>\n<p>Neben den materiellen N\u00f6ten bestimmte das kollektive Kriegstrauma die Gesellschaft. Die Erwachsenen der 1950er Jahre waren Produkte der Erziehung der Zwischenkriegszeit und des Nationalsozialismus. M\u00e4nner, die an der Front gek\u00e4mpft hatten, konnten als Kriegsverlierer nur in bestimmten Kreisen von ihren grauenhaften Erlebnissen sprechen, Frauen hatten meist gar kein Forum zur Verarbeitung ihrer \u00c4ngste und Sorgen. H\u00e4usliche Gewalt und Alkoholismus waren weit verbreitet. Lehrer, Polizisten, Politiker und Beamte kamen vielfach aus der nationalsozialistischen Anh\u00e4ngerschaft, die nicht einfach mit dem Ende des Krieges verschwand, sondern lediglich \u00f6ffentlich totgeschwiegen wurde. Am <em>Innsbrucker Volksgerichtshof<\/em> kam es unter der Regie der Siegerm\u00e4chte zwar zu einer gro\u00dfen Anzahl an Verfahren gegen Nationalsozialisten, die Anzahl an Verurteilungen spiegelte aber nicht das Ausma\u00df des Geschehens wider. Der gr\u00f6\u00dfte Teil der Beschuldigten kam frei. Besonders belastete Vertreter des Systems kamen f\u00fcr einige Zeit ins Gef\u00e4ngnis, konnten aber nach Verb\u00fc\u00dfung der Haft relativ unbehelligt an ihr altes Leben ankn\u00fcpfen, zumindest im Beruflichen. Nicht nur wollte man einen Schlussstrich unter die letzten Jahrzehnte ziehen, man ben\u00f6tigte die T\u00e4ter von gestern, um die Gesellschaft von heute am Laufen zu halten.<\/p>\n<p>Das Problem an dieser Strategie des Verdr\u00e4ngens war, dass niemand die Verantwortung f\u00fcr das Geschehene \u00fcbernahm, auch wenn vor allem zu Beginn die Begeisterung und Unterst\u00fctzung f\u00fcr den Nationalsozialismus gro\u00df war. Es gab kaum eine Familie, die nicht mindestens ein Mitglied mit einer wenig r\u00fchmlichen Geschichte zwischen 1933 und 1945 hatte. Scham \u00fcber das, was seit 1938 und in den Jahren in der Politik \u00d6sterreichs geschehen war mischte sich zur Angst davor, von den Besatzungsm\u00e4chten USA, Gro\u00dfbritannien, Frankreich und die UDSSR als Kriegsschuldiger \u00e4hnlich wie 1918 behandelt zu werden. Es entstand ein Klima, in dem niemand, weder die daran beteiligte noch die nachfolgende Generation \u00fcber das Geschehene sprach. Diese Haltung verhinderte lange die Aufarbeitung dessen, was seit 1933 geschehen war. Der Mythos von \u00d6sterreich als erstem Opfer des Nationalsozialismus, der erst mit der Aff\u00e4re Waldheim in den 1980er Jahren langsam zu br\u00f6ckeln begann, war geboren. Polizisten, Lehrer, Richter \u2013 sie alle wurden trotz ihrer politischen Gesinnung an ihrem Platz gelassen. Die Gesellschaft brauchte sie, um am Laufen zu bleiben.<\/p>\n<p>Ein Beispiel f\u00fcr den gro\u00dfz\u00fcgig ausgebreiteten Mantel des Vergessens mit gro\u00dfem Bezug zu Innsbruck ist die Vita des Arztes Burghard Breitner (1884-1956). Breitner wuchs in einem wohlbetuchten b\u00fcrgerlichen Haushalt auf. Die <em>Villa Breitner<\/em> am Mattsee war Sitz eines Museums \u00fcber den vom Vater verehrten deutschnationalen Dichter Josef Viktor Scheffel. Nach der Matura entschied sich Breitner gegen eine Karriere in der Literatur und f\u00fcr ein Medizinstudium. Anschlie\u00dfend beschloss er seinen Milit\u00e4rdienst und begann seine Karriere als Arzt. 1912\/13 diente er als Milit\u00e4rarzt im Balkankrieg. 1914 verschlug es ihn an die Ostfront, wo er in russische Kriegsgefangenschaft geriet. Als Arzt k\u00fcmmerte er sich im Gefangenenlager aufopferungsvoll um seine Kameraden. Erst 1920 sollte er als Held und \u201e<em>Engel von Sibirien<\/em>\u201c aus dem Gefangenenlager wieder nach \u00d6sterreich zur\u00fcckkehren. 1932 begann seine Laufbahn an der Universit\u00e4t Innsbruck. 1938 stand Breitner vor dem Problem, dass er auf Grund des j\u00fcdischen Hintergrundes seiner Gro\u00dfmutter v\u00e4terlicherseits den \u201e<em>Gro\u00dfen Ariernachweis<\/em>\u201c nicht erbringen konnte. Auf Grund seines guten Verh\u00e4ltnisses zum Rektor der Uni Innsbruck und zu wichtigen Nationalsozialisten konnte er aber schlussendlich an der Universit\u00e4tsklinik weiterarbeiten. W\u00e4hrend des NS-Regimes war Breitner als Vorstand der Klinik Innsbruck f\u00fcr Zwangssterilisierungen und \u201e<em>freiwillige Entmannungen<\/em>\u201c verantwortlich, auch wenn er wohl keine der Operationen pers\u00f6nlich durchf\u00fchrte. Nach dem Krieg schaffte es der \u201eEngel von Sibirien\u201c mit einigen M\u00fchen sich durch das Entnazifizierungsverfahren zu winden. 1951 wurde er als Kandidat des <em>VDU<\/em>, einem politischen Sammelbecken \u00fcberzeugter Nationalsozialisten, als Kandidat f\u00fcr die Bundespr\u00e4sidentschaftswahl aufgestellt. 1952 wurde Breitner Rektor der Universit\u00e4t Innsbruck. Nach seinem Tod widmete ihm die Stadt Innsbruck ein Ehrengrab am Westfriedhof Innsbruck. In der Reichenau ist ihm in unmittelbarer N\u00e4he des Standortes des ehemaligen Konzentrationslagers eine Stra\u00dfe gewidmet.<\/p>\n<p>[\/et_pb_toggle][et_pb_toggle title=&#8220;Lebensreform und Sozialdemokratie&#8220; open_toggle_text_color=&#8220;#e09900&#8243; open_toggle_background_color=&#8220;#ffffff&#8220; closed_toggle_text_color=&#8220;#e09900&#8243; closed_toggle_background_color=&#8220;#ffffff&#8220; icon_color=&#8220;#e09900&#8243; open_icon_color=&#8220;#e09900&#8243; admin_label=&#8220;Lebensreform und Sozialdemokratie&#8220; _builder_version=&#8220;4.27.4&#8243; _module_preset=&#8220;default&#8220; title_text_color=&#8220;#e09900&#8243; title_font_size=&#8220;18px&#8220; border_radii=&#8220;on|5px|5px|5px|5px&#8220; box_shadow_style=&#8220;preset1&#8243; global_module=&#8220;62369&#8243; saved_tabs=&#8220;all&#8220; global_colors_info=&#8220;{}&#8220;]<\/p>\n<p>\u201e<em>Licht Luft und Sonne<\/em>\u201c war das Motto der Lebensreform, einer Sammelbewegung alternativer Lebensmodelle, die im sp\u00e4ten 19. Jahrhundert in Deutschland im Gleichschritt mit der Entwicklung der Sozialdemokratie ihren Anfang nahm. Beide Str\u00f6mungen waren Reaktionen auf die Lebensbedingungen in den rasant wachsenden St\u00e4dten. Die Urbanisierung wurde von immer mehr Menschen zunehmend als Belastung empfunden. Zwar hatten viele der Arbeiter und Angestellten in Innsbruck in absoluten Zahlen gemessen mehr Mittel zur Verf\u00fcgung als je zuvor, der Druck der sozialen Teilhabe wurde aber auch gr\u00f6\u00dfer. Ab den 1890ern gab es in Innsbruck mehrere Litfa\u00dfs\u00e4ulen, auf denen kunstvoll gestaltete Plakate die neue Vielfalt an Produkten anpriesen. Warenh\u00e4user und Modeausstatter machten die Unterschiede innerhalb der sich ausdifferenzierenden Gesellschaft sichtbarer als je zuvor. Wer mithalten wollte in der neuen b\u00fcrgerlichen Klasse, musste sich Luxuswaren wie Kaffee leisten k\u00f6nnen. Gleichzeitig stieg die Belastung durch die Industrialisierung. Der Verkehr auf den Stra\u00dfen, die Abgase der Fabriken, die beengten Wohnverh\u00e4ltnisse in den Mietkasernen und die bis dahin unbekannte Hast durch die Durchtaktung der Zeit, die neue Krankheitsbilder wie Neurasthenie salonf\u00e4hig machte, riefen Gegenbewegungen hervor. Innsbruck war zwar nicht mit Paris oder London vergleichbar was Gr\u00f6\u00dfe oder Intensit\u00e4t der Industrialisierung betrifft, die Fallh\u00f6he f\u00fcr viele Bewohner der ehemals l\u00e4ndlichen D\u00f6rfer wie Pradl und die vom Land zugezogenen Arbeitskr\u00e4fte war aber enorm.<\/p>\n<p>Seit 1869 erschien die <em>Deutsche Vierteljahrschrift f\u00fcr \u00f6ffentliche Gesundheitspflege<\/em>, die sich mit der Verbesserung von Ern\u00e4hrung, Hygiene und Wohnraum auseinandersetzte. 1881 wurde <em>die \u00d6sterreichische Gesellschaft f\u00fcr Gesundheitspflege<\/em> gegr\u00fcndet. Private Vereine veranstalteten Aufkl\u00e4rungsveranstaltungen zum sauberen und gesunden Leben. Man betrieb politisches Lobbying zur Errichtung von Parks im \u00f6ffentlichen Raum und der Verbesserung der Infrastruktur wie B\u00e4dern, Krankenh\u00e4usern, Kanalisation und Wasserleitungen. Assanation und Sozialhygiene waren Schlagw\u00f6rter einer b\u00fcrgerlichen Elite, die um ihre Mitmenschen und die Volksgesundheit besorgt war. Anstelle der sozialistischen Revolution sollte der christliche Gedanke der N\u00e4chstenliebe die Gesellschaft voranbringen. Wie alle elit\u00e4ren Bewegungen nahm auch die Lebensreform teils absurde Bl\u00fcten an. Bewegungen wie der Vegetarismus, FKK, Gartenst\u00e4dte, verschiedene esoterische Str\u00f6mungen und andere alternative Lebensformen, die sich bis heute in der einen oder anderen Form erhalten konnten, entstanden in dieser Zeit. Auch der Spiritismus feierte in der Upper Class ein fr\u00f6hliches Dasein parallel zu den Dogmen der katholischen Kirche. Dieser oft wohlmeinende, aber exzentrische Lebensstil der wohlhabenden B\u00fcrgern in ihren Villen im Saggen, Wilten und Pradl, blieb Arbeitern meist verwehrt. Viele Mietzinsburgen waren triste und \u00fcberf\u00fcllte Biotope ohne Infrastruktur wie Sportanlagen oder Parks. Es waren die fr\u00fchen Sozialdemokraten, die sich politisch den Lebensrealit\u00e4ten der Arbeiter stellten. Moderne Wohnsiedlungen sollte funktional, komfortabel, leistbar und mit Gr\u00fcnfl\u00e4chen verbunden sein. Diese Ansichten hatten sich auch in \u00f6ffentlichen Stellen durchgesetzt. Albert Gruber, Professor an der Innsbrucker Gewerbeschule, schrieb 1907:<\/p>\n<p><em>\u201eIch habe zwar oft den Ausspruch geh\u00f6rt, wir in Innsbruck ben\u00f6tigen keine Anlagen, uns gibt das alles die Natur, Das ist aber nicht wahr. Was gibt es sch\u00f6neres, als wenn die Berufsmenschen von der Stelle ihrer T\u00e4tigkeit in ihr Heim durch eine Reihe von Pflanzenanlagen gehen k\u00f6nnen. Es wird dadurch der Weg von und in den Beruf zu einem Erholungsspaziergang. Die Gr\u00fcnde, weshalb Baum- und Gartenpflanzungen im Bereiche der st\u00e4dtischen Bebauung vorteilhaft wirken, sind \u00fcbrigens mannigfaltige. Ich will nicht auf die Wechselbeziehung zwischen Menschen und Pflanze hinweisen, die hinl\u00e4nglich bekannt sein d\u00fcrfte. In anderer Weise wirken die Pflanzen zur Verbesserung der Atmungsluft durch Verminderung des Staubes.\u201c<\/em><\/p>\n<p>Noch vor dem Ersten Weltkrieg kam es zu Ver\u00e4nderungen im politischen Alltag. Die Sozialdemokratie als politische Bewegung als politische Partei gab es seit 1889 offiziell, gestalterische M\u00f6glichkeiten hatte sie unter der Habsburgermonarchie aber nur sehr eingeschr\u00e4nkt. Sozialismus galt als unchristlich und wurde im Heiligen Land Tirol argw\u00f6hnisch be\u00e4ugt. Bedeutsam war die Arbeiterbewegung als gesellschaftliches Gegengewicht zu den in Tirol alles dominierenden katholischen Strukturen in den gr\u00f6\u00dferen St\u00e4dten. 1865 entstand in Innsbruck der erste <em>Tiroler Arbeiterbildungsverein<\/em>. Arbeiter sollten sich ihrer Stellung innerhalb der Gesellschaft bewusst werden vor der anstehenden Weltrevolution. Daf\u00fcr war es unumg\u00e4nglich, ein Mindestma\u00df an Bildung zu besitzen und Lesen und Schreiben zu beherrschen. 10 Jahre sp\u00e4ter gr\u00fcndete Franz Reisch den Allgemeinen Arbeiter-Verein in Innsbruck. Weitere zwei Jahre sp\u00e4ter wurde reichsweit die Allgemeine Arbeiter-, Kranken-, und Invaliden-Casse\u201c an den Start geschickt. Trotz staatlicher Repression kam es immer wieder zu betr\u00e4chtlichen Versammlungen der \u201eRadicalen\u201c. Seit 1893 erschien in Innsbruck die sozialdemokratische Volkszeitung als Gegenstimme zu den katholischen Bl\u00e4ttern. 1899 wurde in der heutigen Maximilianstra\u00dfe die Erste Tiroler Arbeiter-B\u00e4ckerei, kurz ETAB, er\u00f6ffnet. Die Genossenschaft machte es sich zum Ziel, unter guten Arbeits- und Hygienebedingungen hochwertiges Brot zu fairen Preisen herzustellen. Nach mehreren Standortwechseln landete die ETAB in der Hallerstra\u00dfe, wo sie bis 1999 t\u00e4glich frische Backwaren produzierte.<\/p>\n<p>Die ersten freien Wahlen innerhalb der k.u.k. Monarchie zum Reichsrat f\u00fcr alle m\u00e4nnlichen B\u00fcrger im Jahr 1907 ver\u00e4nderten nicht nur die politischen, sondern auch die sozialen Kraftverh\u00e4ltnisse. Der <em>Pofl<\/em> hatte nun politisches Mitspracherecht. Wichtige Gesetze wie Arbeitszeitbeschr\u00e4nkungen und Verbesserung in den Arbeitsbedingungen konnten nun mit mehr Nachdruck verlangt werden. Das Kronland Tirol hatte gemeinsam mit Ober\u00f6sterreich die l\u00e4ngsten Arbeitszeiten in der gesamten Donaumonarchie. Die Gewerkschaftsmitglieder stiegen zahlenm\u00e4\u00dfig zwar auch an, au\u00dferhalb der kleinst\u00e4dtischen Zentren war Tirol aber zu sehr b\u00e4uerlich gepr\u00e4gt, um nennenswerten Druck erzeugen zu k\u00f6nnen. Auf Gemeindeebene blieb das Zensuswahlrecht, das gro\u00dfdeutsch-liberalen und konservativ-klerikalen Politikern jahrzehntelang einen Freifahrtschein an die Macht ausgestellt hatte, bis nach dem Krieg bestehen. Die Erf\u00fcllung der daraus folgenden Forderungen musste auch nach den ersten Gemeinderatswahlen nach 1918 noch warten.<\/p>\n<p>Ein bekannter Innsbrucker Vertreter der Lebensreform und der Sozialdemokratie war Josef Prachensky (1861 \u2013 1931), der Vater des Architekten und Stadtplaners Theodor Prachensky. Er war im deutschsprachigen B\u00f6hmen, damals Teil der K.u.K. Monarchie aufgewachsen. Als gelernter Buchdrucker hatte er auf seiner Wanderschaft in Wien w\u00e4hrend des Buchdruckerstreiks die Arbeiterbewegung f\u00fcr sich entdeckt. Nach seiner Hochzeit mit einer Tirolerin lie\u00df er sich in Innsbruck nieder, wo er als Redakteur f\u00fcr die sozialdemokratische Volkszeitung f\u00fcr Tirol und Vorarlberg arbeitete. Josef Prachensky unterst\u00fctzte den Arbeiter-Consum-Verein, die Tiroler Arbeiterb\u00e4ckerei und gr\u00fcndete den Gastrobetrieb \u201eAlkoholfrei\u201c in der Museumstra\u00dfe, der ganz im Sinne der Lebensreformbewegung und des Sozialismus die Verbesserung der allgemeinen Gesundheit zum Ziel hatte. Bereits Friedrich Engels (1820 \u2013 1895), der Mitverfasser des Kommunistischen Manifestes, hatte in der ersten H\u00e4lfte des 19. Jahrhunderts Schnaps und Branntwein als ein \u00dcbel der Arbeiterklasse erkannt hatte. Das Ziel, Menschen vom Alkohol wegzubekommen teilte der Sozialismus wie so vieles mit kirchlichen Vereinen. Die Weltrevolution war mit Suchtkranken ebenso wenig durchf\u00fchrbar wie ein tugendhaftes, gottgef\u00e4lliges Leben. Prachensky war an der Gr\u00fcndung der Sozialdemokratischen Partei Tirols 1890 und nach dem Ersten Weltkrieg an der Gr\u00fcndung des Tiroler Republikanischen Schutzbundes RESCH beteiligt, dem linken Gegenst\u00fcck zu den rechten Heimwehrverb\u00e4nden. Ein besonderes politisches Anliegen war ihm die Einschr\u00e4nkung der Kirche auf den Schulunterricht, der im 19. und Anfang des 20. Jahrhunderts auch im eigentlich liberalen Innsbruck, das sich an die nationale Schulordnung halten musste, noch sehr gro\u00df war.<\/p>\n<p>Lebensreform und der wachsende Einfluss der Sozialdemokratie beeinflussten auch Kunst und Architektur. Man wollte sich von dem, was Max Weber als protestantische Ethik beschrieb, der Industrie, den Stechuhren, ganz allgemein dem rasenden technischen Fortschritt mit allen Auswirkungen auf den Menschen und das Sozialgef\u00fcge, abgrenzen. Der Mensch als Individuum, nicht seine Wirtschaftsleistung, sollte wieder im Mittelpunkt stehen. Die Kultur der alten Gesellschaft, in der Adel und Klerus \u00fcber dem Rest der Gesellschaft standen, sollte \u00fcberwunden werden. Was dem Arbeiter die Sozialdemokratie, waren der gehobenen B\u00fcrgerschaft Kunst und Architektur. Der Jugendstil war die k\u00fcnstlerische Antwort eines exzentrischen und alternativen Teils des B\u00fcrgertums auf dieses Zur\u00fcck zum Ursprung der Jahrhundertwende. Das verspielte Element war das Gegenteil zum stets symmetrischen und aufger\u00e4umten Historismus. Das Winklerhaus in Wilten ist eines der wenigen Beispiele f\u00fcr den Jugendstil in Innsbruck.<\/p>\n<p>[\/et_pb_toggle][et_pb_toggle title=&#8220;Innsbrucks Industrielle Revolutionen&#8220; open_toggle_text_color=&#8220;#e09900&#8243; open_toggle_background_color=&#8220;#ffffff&#8220; closed_toggle_text_color=&#8220;#e09900&#8243; closed_toggle_background_color=&#8220;#ffffff&#8220; icon_color=&#8220;#e09900&#8243; open_icon_color=&#8220;#e09900&#8243; admin_label=&#8220;Innsbrucks Industrielle Revolutionen&#8220; _builder_version=&#8220;4.27.4&#8243; _module_preset=&#8220;default&#8220; title_text_color=&#8220;#e09900&#8243; title_font_size=&#8220;18px&#8220; border_radii=&#8220;on|5px|5px|5px|5px&#8220; box_shadow_style=&#8220;preset1&#8243; global_module=&#8220;58380&#8243; saved_tabs=&#8220;all&#8220; global_colors_info=&#8220;{}&#8220;]<\/p>\n<p>Im 15. Jahrhundert begann sich in Innsbruck eine erste fr\u00fche Form der Industrialisierung zu entwickeln. Die Metallverarbeitung florierte unter der aufsteigenden Bauwirtschaft in der boomenden Residenzstadt und der Herstellung von Waffen und R\u00fcstungen. Viele Faktoren trafen daf\u00fcr zusammen. Die verkehrsg\u00fcnstige Lage der Stadt, die Verf\u00fcgbarkeit von Wasserkraft, Innsbrucks politischer Aufstieg, das Knowhow der Handwerker und die Verf\u00fcgbarkeit von Kapital unter Maximilian erm\u00f6glichten den Aufbau von Infrastruktur. Glocken- und Waffengie\u00dfer wie die L\u00f6fflers errichteten in H\u00f6tting, M\u00fchlau und Dreiheiligen Betriebe, die zu den f\u00fchrenden Werken Europas ihrer Zeit geh\u00f6rten. Entlang des Sillkanals nutzten M\u00fchlen und Betriebe die Wasserkraft zur Energiegewinnung. Pulverstampfer und Silberschmelzen hatten sich in der Silbergasse, der heutigen Universit\u00e4tsstra\u00dfe, angesiedelt. In der heutigen Adamgasse gab es eine Munitionsfabrik, die 1636 explodierte.<\/p>\n<p>Die Metallverarbeitung kurbelte auch andere Wirtschaftszweige an. Anfang des 17. Jahrhunderts waren 270 Betriebe in Innsbruck ans\u00e4ssig, die Meister, Gesellen und Lehrlinge in Lohn und Brot hatten. Der gr\u00f6\u00dfte Teil der Innsbrucker war zwar noch immer in der Verwaltung t\u00e4tig, Gewerbe, Handwerk und das Geld, das sich damit verdienen lie\u00df, zogen aber eine neue Schicht von Menschen an. Es kam zu einer Umschichtung innerhalb der Stadt. B\u00fcrger und Betriebe wurden von der Beamtenschaft und dem Adel aus der Neustadt verdr\u00e4ngt. Die meisten der barocken Palazzi, die heute die Maria-Theresienstra\u00dfe schm\u00fccken, entstanden im 17. Jahrhundert w\u00e4hrend Dreiheiligen und St. Nikolaus zu Innsbrucks Industrie- und Arbeitervierteln wurden. Neben der Metallverarbeitung rund um die Silbergasse siedelten sich auch Gerber, Tischler, Wagner, Baumeister, Steinmetze und andere Handwerker der fr\u00fchen Industrialisierung hier an.<\/p>\n<p>Die Industrie \u00e4nderte nicht nur die Spielregeln im Sozialen durch den Zuzug neuer Arbeitskr\u00e4fte und ihrer Familien, sie hatte auch Einfluss auf die Erscheinung Innsbrucks. Die Arbeiter waren, anders als die Bauern, keines Herren Untertanen. Unternehmer waren zwar nicht von edlem Blut, sie hatten aber oft mehr Kapital zur Verf\u00fcgung als die Aristokratie. Die alten Hierarchien bestanden zwar noch, begannen aber zumindest etwas br\u00fcchig zu werden. Die neuen B\u00fcrger brachten neue Mode mit und kleideten sich anders. Kapital von au\u00dferhalb kam in die Stadt. Wohnh\u00e4user und Kirchen f\u00fcr die neu zugezogenen Untertanen entstanden. Die gro\u00dfen Werkst\u00e4tten ver\u00e4nderten den Geruch und den Klang der Stadt. Die H\u00fcttenwerke waren laut, der Rauch der \u00d6fen verpestete die Luft. Innsbruck war von einer kleinen Siedlung an der Innbr\u00fccke zu einer Proto-Industriestadt geworden.<\/p>\n<p>Das Wachstum wurde Ende des 18. Jahrhunderts f\u00fcr einige Jahrzehnte von den Napoleonischen Kriegen gebremst. Die zweite Welle der Industrialisierung erfolgte im Verh\u00e4ltnis zu anderen europ\u00e4ischen Regionen in Innsbruck sp\u00e4t. Ein Grund daf\u00fcr war die sp\u00e4te Etablierung eines funktionierenden Bankenwesens in der Stadt. Katholiken galten B\u00e4nker noch immer als \u201eWucherer und Borger\u201c und das Gesch\u00e4ft mit dem Geld galt als unanst\u00e4ndig. Ohne Finanzierung konnten aber auch gro\u00dfe Unternehmungen nicht gegr\u00fcndet werden. Die Tiroler Landesregierung hatte zwar 1715 die so genannte <em>Banko<\/em> gegr\u00fcndet und in der Herzog-Friedrich-Stra\u00dfe gab es die Privatbank Bederunger, erst mit der Gr\u00fcndung der ersten Filiale der Sparkasse wurde es m\u00f6glich, sein Geld nicht mehr unter dem Kopfpolster zu verwahren. Nach 1850 begann man Kredite zu vergeben, was die Gr\u00fcndung heimischer gr\u00f6\u00dferer Betriebe erm\u00f6glichte. Das <em>Kleine Handwerk<\/em>, die b\u00e4uerliche Herstellung von allerlei Gebrauchsgegenst\u00e4nden vor allem im weniger arbeitsintensiven Winter, und die ehemaligen in Z\u00fcnften organisierten Handwerksbetriebe der Stadt gerieten unter den Errungenschaften der modernen Warenherstellung unter Druck. In St. Nikolaus, Wilten, M\u00fchlau und Pradl entstanden entlang des M\u00fchlbaches und des Sillkanals moderne Fabriken. Viele innovative Betriebsgr\u00fcnder kamen von au\u00dferhalb Innsbrucks. Im heutigen Haus Innstra\u00dfe 23 gr\u00fcndete der aus der Lausitz nach Innsbrucker \u00fcbersiedelte Peter Walde 1777 sein Unternehmen, in dem aus Fett gewonnene Produkte wie Talglichter und Seifen hergestellt wurden. Acht Generationen sp\u00e4ter besteht Walde als eines der \u00e4ltesten Familienunternehmen \u00d6sterreichs noch immer. Im denkmalgesch\u00fctzten Stammhaus mit gotischem Gew\u00f6lbe kann man heute das Ergebnis der jahrhundertelangen Tradition in Seifen- und Kerzenform kaufen. Franz Josef Adam kam aus dem Vinschgau, um die bis dato gr\u00f6\u00dfte Brauerei der Stadt in einem ehemaligen Adelsansitz zu gr\u00fcnden. 1838 kam die Spinnmaschine \u00fcber die Dornbirner Firma <em>Herrburger &amp; Rhomberg <\/em>\u00fcber den Arlberg nach Pradl. <em>H&amp;R<\/em> hatte ein Grundst\u00fcck an den Sillgr\u00fcnden erworben. Der Platz eignete sich dank der Wasserkraft des Flusses ideal f\u00fcr die schweren Maschinen der Textilindustrie. Neben der traditionellen Schafwolle wurde nun auch Baumwolle verarbeitet.\u00a0<\/p>\n<p>Wie 400 Jahre zuvor ver\u00e4nderte auch die Zweite Industrielle Revolution die Stadt und den Alltag ihrer Einwohner nachhaltig. Stadtteile wie M\u00fchlau, Pradl und Wilten wuchsen rasant. Die Betriebe standen oft mitten in den Wohngebieten. \u00dcber 20 Betriebe nutzten um 1900 noch immer den Sillkanal. Die <em>Haidm\u00fchle<\/em> in der Salurnerstra\u00dfe bestand von 1315 bis 1907. In der Dreiheiligenstra\u00dfe wurde eine Textilfabrik mit der Energie des Sillkanals versorgt. Der L\u00e4rm und die Abgase der Motoren waren f\u00fcr die Anrainer die H\u00f6lle, wie ein Zeitungsartikel aus dem Jahr 1912 zeigt:<\/p>\n<p><em>\u201eEntr\u00fcstung ruft bei den Bewohnern des n\u00e4chst dem Hauptbahnhofe gelegenen Stadtteiles der seit einiger Zeit in der hibler\u00b4schen Feigenkaffeefabrik aufgestellte Explosionsmotor hervor. Der L\u00e4rm, welchen diese Maschine fast den ganzen Tag ununterbrochen verbreitet, st\u00f6rt die ganz Umgebung in der empfindlichsten Weise und mu\u00df die umliegenden Wohnungen entwerten. In den am Bahnhofplatze liegenden Hotels sind die fr\u00fcher so gesuchten und beliebten Gartenzimmer kaum mehr zu vermieten. Noch schlimmer als der ruhest\u00f6rende L\u00e4rm aber ist der Qualm und Gestank der neuen Maschine\u2026\u201c<\/em><\/p>\n<p>Aristokraten, die sich zu lange auf ihrem Geburtsverdienst auf der faulen Haut ausruhten, w\u00e4hrend sich die wirtschaftlichen und gesellschaftlichen Spielregeln \u00e4nderten, mussten ihre Anwesen an den neuen Geldadel verkaufen. Im <em>Palais Sarnthein<\/em> gegen\u00fcber der Triumphpforte, 1689 von Johann Anton Gumpp f\u00fcr David Graf Sarnthein noch als barocker Ansitz geplant, zog die Waffenfabrik und das Gesch\u00e4ft von Johann Peterlongo ein. Geschickte Mitglieder des Adelsstandes nutzten ihre Voraussetzungen und investierten Familienbesitz und Ertr\u00e4ge aus der b\u00e4uerlichen Grundentlastung von 1848 in Industrie und Wirtschaft. Der steigende Arbeitskr\u00e4ftebedarf wurde von ehemaligen Knechten und Landwirten ohne Land gedeckt. W\u00e4hrend sich die neue verm\u00f6gende Unternehmerklasse Villen in Wilten, Pradl und dem Saggen bauen lie\u00df und mittlere Angestellte in Wohnh\u00e4usern in denselben Vierteln wohnten, waren die Arbeiter in Arbeiterwohnheimen und Massenunterk\u00fcnften untergebracht. Die einen sorgten in Betrieben wie dem Gaswerk, dem Steinbruch oder in einer der Fabriken f\u00fcr den Wohlstand, w\u00e4hrend ihn die anderen konsumierten. Schichten von 12 Stunden in engen, lauten und ru\u00dfigen Bedingungen forderten den Arbeitern alles ab. Zu einem Verbot der Kinderarbeit kam es erst ab den 1840er Jahren. Frauen verdienten nur einen Bruchteil dessen, was M\u00e4nner bekamen. Die Arbeiter wohnten oft in von ihren Arbeitgebern errichteten Mietskasernen und waren ihnen mangels eines Arbeitsrechtes auf Gedeih und Verderb ausgeliefert. Es gab weder Sozial- noch Arbeitslosenversicherungen. Wer nicht arbeiten konnte, war auf die Wohlfahrtseinrichtungen seines Heimatortes angewiesen. Angemerkt sei, dass sich dieser f\u00fcr uns furchterregende Alltag der Arbeiter nicht von den Arbeitsbedingungen in den D\u00f6rfern unterschied, sondern sich daraus entwickelte. Auch in der Landwirtschaft waren Kinderarbeit, Ungleichheit und prek\u00e4re Arbeitsverh\u00e4ltnisse die Regel.<\/p>\n<p>Die Industrialisierung betraf aber nicht nur den materiellen Alltag. Innsbruck erfuhr eine Gentrifizierung wie man sie heute in angesagten Gro\u00dfstadtvierteln wie dem Prenzlauer Berg in Berlin beobachten kann. Der Wechsel vom b\u00e4uerlichen Leben des Dorfes in die Stadt beinhaltete mehr als einen \u00f6rtlichen Wechsel. Wie die Menschen die Verst\u00e4dterung des ehemals l\u00e4ndlichen Bereichs erlebten, l\u00e4sst uns der Innsbrucker Schriftsteller Josef Leitgeb in einem seiner Texte wissen:\u00a0<\/p>\n<p><em>\u201e\u2026viel fremdes, billig gekleidetes Volk, in wachsenden Wohnblocks zusammengedr\u00e4ngt, morgens, mittags und abends die Stra\u00dfen f\u00fcllend, wenn es zur Arbeit ging oder von ihr kam, aus Werkst\u00e4tten, L\u00e4den, Fabriken, vom Bahndienst, die Gesichter oft bla\u00df und vorzeitig alternd, in Haltung, Sprache und Kleidung nichts Pers\u00f6nliches mehr, sondern ein Allgemeines, massenhaft Wiederholtes und Wiederholbares: st\u00e4dtischer Arbeitsmensch. Bahnhof und Gaswerk erschienen als Kern dieser neuen, uns\u00e4glich fremden Landschaft.\u201c<\/em><\/p>\n<p>F\u00fcr viele Innsbrucker kam es nach dem Revolutionsjahr 1848 und den neuen wirtschaftlichen Gegebenheiten zu einer Verb\u00fcrgerlichung. Geschichten, von Menschen, die mit Flei\u00df, Gl\u00fcck, Talent und etwas finanzieller Starthilfe aufstiegen, gab es immer wieder. Bekannte Innsbrucker Beispiele au\u00dferhalb der Hotellerie und Gastronomie, die bis heute existieren sind die Tiroler Glasmalerei, der Lebensmittelhandel H\u00f6rtnagl oder die Seifenfabrik Walde. Erfolgreiche Unternehmer \u00fcbernahmen die einstige Rolle der adeligen Grundherren. Gemeinsam mit den zahlreichen Akademikern bildeten sie eine neue Schicht, die auch politisch mehr und mehr Einfluss gewann. Beda Weber schrieb dazu 1851:\u00a0\u201e<em>Ihre gesellschaftlichen Kreise sind ohne Zwang, es verr\u00e4th sich schon deutlich etwas Gro\u00dfst\u00e4dtisches, das man anderw\u00e4rts in Tirol nicht so leicht antrifft.&#8220;\u00a0<\/em><\/p>\n<p>Auch die Arbeiter verb\u00fcrgerlichten. War der Grundherr am Land noch Herr \u00fcber das Privatleben seiner Knechte und M\u00e4gde und konnte bis zur Sexualit\u00e4t \u00fcber die Freigabe zur Ehe \u00fcber deren Lebenswandel bestimmen, waren die Arbeiter nun individuell zumindest etwas freier. Sie wurden zwar nur schlecht bezahlt, immerhin erhielten sie aber nun ihren eigenen Lohn anstelle von Kost und Logis und konnten ihre Privatangelegenheiten f\u00fcr sich regeln ohne grundherrschaftliche Vormundschaft.\u00a0<\/p>\n<p>Die Kehrseite dieser neu gewonnen Selbstbestimmung traten vor allem in den ersten Jahrzehnten der Industrialisierung zu Tage. Es gab kaum staatliche Infrastruktur f\u00fcr Kranken- und Familienf\u00fcrsorge. Krankenvorsorge, Pension, Altersheime und Kinderg\u00e4rten waren noch nicht erfunden, hatte die b\u00e4uerliche Gro\u00dffamilie diese Aufgaben vielfach bis jetzt \u00fcbernommen. In den Arbeitervierteln tummelten sich unter Tags unbeaufsichtigte Kinder: Betroffen waren vor allem die kleinsten, die noch nicht unter die Schulpflicht fielen. 1834 gr\u00fcndete sich nach einem Aufruf des Tiroler Landesgubernators ein Frauenverein, der <em>Kinderverwahranstalten<\/em> in den Arbeitervierteln St. Nikolaus, Dreiheiligen und in Angerzell, der heutigen Museumstra\u00dfe, betrieb. Ziel war es nicht nur die Kinder von der Stra\u00dfe fernzuhalten und sie mit Kleidung und Nahrung zu versorgen, sondern ihnen auch Manieren, z\u00fcchtige Ausdrucksweise und tugendhaftes Verhalten beizubringen. Die W\u00e4rterinnen sorgten mit strenger Hand f\u00fcr \u201eReinlichkeit, Ordnung und Folgsamkeit\u201c daf\u00fcr, dass die Kinder zumindest ein Mindestma\u00df an F\u00fcrsorge erfuhren. Die ehemalige <em>Bewahranstalt<\/em> in der Paul-Hofhaimer-Gasse hinter dem Ferdinandeum gibt es bis heute. Der klassizistische Bau beherbergt heute den Integrationskindergarten der Caritas und einen Betriebskindergarten des Landes Tirol.\u00a0<\/p>\n<p>Innsbruck ist keine traditionelle Arbeiterstadt. Zur Bildung einer bedeutenden Arbeiterbewegung wie in Wien kam es in Tirol trotzdem nie. Innsbruck war immer schon vorwiegend Handels- und Universit\u00e4tsstadt. Zwar gab es Sozialdemokraten und eine Handvoll Kommunisten, die Zahl der Arbeiter war aber immer zu klein, um wirklich etwas zu bewegen. Maiaufm\u00e4rsche werden vom Gro\u00dfteil der Menschen maximal wegen billiger Schnitzel und Freibier besucht. Auch sonst gibt es kaum Erinnerungsorte an die Industrialisierung und die Errungenschaften der Arbeiterschaft. In der St.-Nikolaus-Gasse und in vielen Mietzinsh\u00e4usern in Wilten und Pradl haben sich vereinzelt H\u00e4user erhalten, die einen Eindruck vom Alltag der Innsbrucker Arbeiterschaft geben.\u00a0<\/p>\n<p>[\/et_pb_toggle][\/et_pb_column][\/et_pb_section]<\/p>\n","protected":false},"excerpt":{"rendered":"<p>Leipziger Platz<\/p>","protected":false},"author":1,"featured_media":55422,"comment_status":"open","ping_status":"closed","sticky":false,"template":"","format":"standard","meta":{"_et_pb_use_builder":"on","_et_pb_old_content":"","_et_gb_content_width":"","wds_primary_category":0,"footnotes":""},"categories":[82,159,153,114,150],"tags":[],"class_list":["post-63622","post","type-post","status-publish","format-standard","has-post-thumbnail","hentry","category-amras-pradl","category-die-rapoldis","category-eine-erste-republik-entsteht","category-innsbrucks-industrielle-revolutionen","category-lebensreform-und-sozialdemokratie"],"_links":{"self":[{"href":"https:\/\/www.discover-innsbruck.at\/en\/wp-json\/wp\/v2\/posts\/63622","targetHints":{"allow":["GET"]}}],"collection":[{"href":"https:\/\/www.discover-innsbruck.at\/en\/wp-json\/wp\/v2\/posts"}],"about":[{"href":"https:\/\/www.discover-innsbruck.at\/en\/wp-json\/wp\/v2\/types\/post"}],"author":[{"embeddable":true,"href":"https:\/\/www.discover-innsbruck.at\/en\/wp-json\/wp\/v2\/users\/1"}],"replies":[{"embeddable":true,"href":"https:\/\/www.discover-innsbruck.at\/en\/wp-json\/wp\/v2\/comments?post=63622"}],"version-history":[{"count":0,"href":"https:\/\/www.discover-innsbruck.at\/en\/wp-json\/wp\/v2\/posts\/63622\/revisions"}],"wp:featuredmedia":[{"embeddable":true,"href":"https:\/\/www.discover-innsbruck.at\/en\/wp-json\/wp\/v2\/media\/55422"}],"wp:attachment":[{"href":"https:\/\/www.discover-innsbruck.at\/en\/wp-json\/wp\/v2\/media?parent=63622"}],"wp:term":[{"taxonomy":"category","embeddable":true,"href":"https:\/\/www.discover-innsbruck.at\/en\/wp-json\/wp\/v2\/categories?post=63622"},{"taxonomy":"post_tag","embeddable":true,"href":"https:\/\/www.discover-innsbruck.at\/en\/wp-json\/wp\/v2\/tags?post=63622"}],"curies":[{"name":"wp","href":"https:\/\/api.w.org\/{rel}","templated":true}]}}