{"id":65647,"date":"1946-06-14T09:14:11","date_gmt":"1946-06-14T09:14:11","guid":{"rendered":"https:\/\/www.discover-innsbruck.at\/?p=65647"},"modified":"2025-08-05T09:25:52","modified_gmt":"2025-08-05T09:25:52","slug":"denunzianten-vor-dem-innsbrucker-volksgerichtshof","status":"publish","type":"post","link":"https:\/\/www.discover-innsbruck.at\/en\/denunzianten-vor-dem-innsbrucker-volksgerichtshof\/","title":{"rendered":"Denunciators before the Innsbruck People's Court"},"content":{"rendered":"<p>[et_pb_section fb_built=&#8220;1&#8243; specialty=&#8220;on&#8220; _builder_version=&#8220;4.24.3&#8243; _module_preset=&#8220;default&#8220; global_colors_info=&#8220;{}&#8220; theme_builder_area=&#8220;post_content&#8220;][et_pb_column type=&#8220;1_2&#8243; specialty_columns=&#8220;2&#8243; _builder_version=&#8220;4.16&#8243; custom_padding=&#8220;|||&#8220; global_colors_info=&#8220;{}&#8220; custom_padding__hover=&#8220;|||&#8220; theme_builder_area=&#8220;post_content&#8220;][et_pb_row_inner _builder_version=&#8220;4.16&#8243; _module_preset=&#8220;default&#8220; global_colors_info=&#8220;{}&#8220; theme_builder_area=&#8220;post_content&#8220;][et_pb_column_inner saved_specialty_column_type=&#8220;1_2&#8243; _builder_version=&#8220;4.16&#8243; _module_preset=&#8220;default&#8220; global_colors_info=&#8220;{}&#8220; theme_builder_area=&#8220;post_content&#8220;][et_pb_text admin_label=&#8220;Titel und Adresse&#8220; _builder_version=&#8220;4.27.4&#8243; text_text_color=&#8220;#000000&#8243; header_font=&#8220;|on|||&#8220; header_text_align=&#8220;center&#8220; header_text_color=&#8220;#e09900&#8243; header_font_size=&#8220;42px&#8220; header_line_height=&#8220;1.3em&#8220; header_2_text_color=&#8220;#e09900&#8243; background_color=&#8220;rgba(255,255,255,0.8)&#8220; background_layout=&#8220;dark&#8220; custom_padding=&#8220;20px|20px|20px|20px|true|true&#8220; hover_enabled=&#8220;0&#8243; header_font_size_last_edited=&#8220;off|desktop&#8220; border_radii=&#8220;on|10px|10px|10px|10px&#8220; box_shadow_style=&#8220;preset1&#8243; locked=&#8220;off&#8220; global_colors_info=&#8220;{}&#8220; theme_builder_area=&#8220;post_content&#8220; sticky_enabled=&#8220;0&#8243;]<\/p>\n<h2>Denunzianten vor dem Innsbrucker Volksgerichtshof<\/h2>\n<p>Erschienen: Tiroler Tageszeitung \/ 14. Juni 1946<\/p>\n<p>[\/et_pb_text][et_pb_toggle title=&#8220;\u00dcber diesen Text&#8230;&#8220; open_toggle_text_color=&#8220;#e09900&#8243; open_toggle_background_color=&#8220;#ffffff&#8220; closed_toggle_text_color=&#8220;#e09900&#8243; closed_toggle_background_color=&#8220;#ffffff&#8220; icon_color=&#8220;#e09900&#8243; open_icon_color=&#8220;#e09900&#8243; admin_label=&#8220;\u00dcber diesen Text&#8220; _builder_version=&#8220;4.27.4&#8243; _module_preset=&#8220;default&#8220; title_text_color=&#8220;#e09900&#8243; title_font_size=&#8220;18px&#8220; hover_enabled=&#8220;0&#8243; border_radii=&#8220;on|5px|5px|5px|5px&#8220; box_shadow_style=&#8220;preset1&#8243; global_colors_info=&#8220;{}&#8220; theme_builder_area=&#8220;post_content&#8220; sticky_enabled=&#8220;0&#8243;]<\/p>\n<p>Die Anklage des Wiltener Blockwartes zeigt alle Aspekte Entnazifizierung exemplarisch: Vom subversiven Widerstand im Kleinen unter Katholiken zum flotten Wechsel 1938 zwischen Austrofaschismus und Nationalsozialismus des Angeklagten, der Verweis auf die Befehlskette, die Verleugnung der eigenen Schuld und die Vertagung des Verfahrens. Es waren nicht immer Folter, Mord und Deportation, die das System Nationalsozialismus hervorbrachte.\u00a0<\/p>\n<p>[\/et_pb_toggle][\/et_pb_column_inner][\/et_pb_row_inner][\/et_pb_column][et_pb_column type=&#8220;1_2&#8243; _builder_version=&#8220;4.16&#8243; custom_padding=&#8220;|||&#8220; global_colors_info=&#8220;{}&#8220; custom_padding__hover=&#8220;|||&#8220; theme_builder_area=&#8220;post_content&#8220;][et_pb_toggle title=&#8220;Der Artikel&#8230;&#8220; open=&#8220;on&#8220; open_toggle_text_color=&#8220;#e09900&#8243; open_toggle_background_color=&#8220;#ffffff&#8220; closed_toggle_text_color=&#8220;#e09900&#8243; closed_toggle_background_color=&#8220;#ffffff&#8220; icon_color=&#8220;#e09900&#8243; open_icon_color=&#8220;#e09900&#8243; admin_label=&#8220;Denunzianten vor dem Innsbrucker Volksgerichtshof &#8220; _builder_version=&#8220;4.27.4&#8243; _module_preset=&#8220;default&#8220; title_text_color=&#8220;#e09900&#8243; title_font_size=&#8220;18px&#8220; hover_enabled=&#8220;0&#8243; border_radii=&#8220;on|5px|5px|5px|5px&#8220; box_shadow_style=&#8220;preset1&#8243; global_colors_info=&#8220;{}&#8220; theme_builder_area=&#8220;post_content&#8220; sticky_enabled=&#8220;0&#8243; global_module=&#8220;65650&#8243; saved_tabs=&#8220;all&#8220;]<\/p>\n<p>\u200bVorsitzender: OLGR. Dr. Pfaundler<\/p>\n<p>Beisitzer: Dr. Sternbach.<\/p>\n<p>Staatsanwalt: Dr. Riccabona<\/p>\n<p>Schriftf\u00fchrer: Dr. G\u00f6g1.<\/p>\n<p>Vertreter der franz\u00f6sischen Justizdirektion; Capt. Hinsberger<\/p>\n<p>Verteidiger: RA.-Anw\u00e4rter Dr. Kellner.<\/p>\n<p>Angeklagter: Franz Wolf, Bundesbahnsekret\u00e4r, 46 Jahre alt, in Innsbruck-Wilten wohnhaft.<\/p>\n<p>Tatbestand: Der 46j\u00e4hrige, ehemalige Bundes Bahnsekret\u00e4r Franz Wolf aus Innsbruck-Wilten ist seit 23. Mai 1938 Mitglied der NSDAP, mit der Nr. 7.295.000 und wurde im August 1938 Blockleiter in der Ortsgruppe Wilten-Ost, 1941 Zellenleiter der NSDAP. und war seit 1942 \u00fcberdies Mitglied der SA. Auch seine Frau, seine Schwester und sein Schwager sind Parteigenossen, Wolf wohnte im Gasthof \u201eRiesen Haymon&#8220; in Wilten und zeigte den Gastwirt Heinrich Pfeifer wiederholt beim Ortsgruppenleiter wegen politischer Sachen an. Er \u00e4u\u00dferte sich ihm gegen\u00fcber: \u201eDiese schwarze Brut mu\u00df wegkommen und meldete dem Ortsgrnppenleiter, da\u00df Pfeifer an Hitlers Geburtstag nicht beflaggt und bei Parteisammlungen \u201eein zynisches und eines Gesch\u00e4ftsmannes vollkommen unw\u00fcrdiges Verhalten an den Tag gelegt habe, \u00fcberdies sei der \u201eRiese Haymon\u201c eine schwarze Hochburg und Tummelplatz der schwarzen Br\u00fcder und er bitte nachdr\u00fccklich um Abhilfe&#8220;. Auf die wiederholten Anzeigen des Blockleiters wurde der Gastbetrieb am 1. April 1943 geschlossen und im M\u00e4rz 1945 wurde Pfeifer wegen politischer Unzuverl\u00e4ssigkeit die Konzession entzogen. Der Ortsgruppenleiter Machek, der beim \u201eRiesen Haymon\u201c viel verkehrte und dem Wirt nicht aufs\u00e4ssig war, meinte einmal: \u201ePfeifer, was haben Sie denn immer mit dem Wolf, er macht immer Anzeigen. Vertragt euch doch.\u201c<\/p>\n<p>Verwantwortung: Gibt einleitend zu, fr\u00fcher bei der <em>Freien Gewerkschaft<\/em> und dann bei der <em>Vaterl\u00e4ndischen Front<\/em> gewesen zu sein. SA-Mann sei er von 1942 bis 1944 gewesen. Vom Vorsitzenden befragt, warum er die Anzeigen gegen Pfeifer gemacht habe, erkl\u00e4rt Wolf, das sei \u00fcber Auftrag des damaligen Ortsgruppenleiters Feuerstein geschehen, auf den er sich dann auch noch im Zuge des weiteren Verh\u00f6rs ausredet. Im \u00dcbrigen mu\u00df er dann doch zugeben, da\u00df er die verschiedenen Anzeigen gegen Pfeifer erstattet habe. Neu war, da\u00df Wolf den Pfeifer auch deswegen anzeigte, weil am Trauertage f\u00fcr Stalingrad in Pfeifers Gasthaus gesungen worden sei. Da\u00df durch seine Anzeige dem Pfeifer schwerer Schaden entstehen sollte, habe er nicht beabsichtigt.<\/p>\n<p>Zeugenaussagen: Gastwirt Pfeifer best\u00e4tigt als Zeuge, da\u00df ihm durch die Anzeigen des Wolf wirtschaftlicher Schaden durch die Schlie\u00dfung und die sp\u00e4tere Konzessionsentziehung entstanden sei. Eine Beflaggung an Hitlers Geburtstag sei deshalb unterblieben, weil die Fensterst\u00f6cke in Umbau waren. Die Beflaggung des Hauses sei Sache des Hausmeisters gewesen.<\/p>\n<p>Ein anderer Zeuge schilderte den Angeklagten als den Schecken der ganzen Haymongasse, denn Wolf lief mit allem, was ihm anzeigenswert schien, zur Ortsgruppe.<\/p>\n<p>Vertagung: Ueber Beschlu\u00df des Volksgerichtshofes wurde hierauf die Verhandlung zwecks Einvernahme weiterer Zeugen, Einholung neuer Akten und neuerlicher Erhebungen bei der Kriminalpolizei auf unbestimmte Zeit vertagt.<\/p>\n<p>[\/et_pb_toggle][\/et_pb_column][\/et_pb_section]<\/p>\n","protected":false},"excerpt":{"rendered":"<p>Tiroler Tageszeitung \/ 14 June 1946<\/p>","protected":false},"author":1,"featured_media":0,"comment_status":"open","ping_status":"closed","sticky":false,"template":"","format":"standard","meta":{"_et_pb_use_builder":"on","_et_pb_old_content":"","_et_gb_content_width":"","wds_primary_category":0,"footnotes":""},"categories":[138,161],"tags":[],"class_list":["post-65647","post","type-post","status-publish","format-standard","hentry","category-geschichte-presse","category-tiroler-tageszeitung"],"_links":{"self":[{"href":"https:\/\/www.discover-innsbruck.at\/en\/wp-json\/wp\/v2\/posts\/65647","targetHints":{"allow":["GET"]}}],"collection":[{"href":"https:\/\/www.discover-innsbruck.at\/en\/wp-json\/wp\/v2\/posts"}],"about":[{"href":"https:\/\/www.discover-innsbruck.at\/en\/wp-json\/wp\/v2\/types\/post"}],"author":[{"embeddable":true,"href":"https:\/\/www.discover-innsbruck.at\/en\/wp-json\/wp\/v2\/users\/1"}],"replies":[{"embeddable":true,"href":"https:\/\/www.discover-innsbruck.at\/en\/wp-json\/wp\/v2\/comments?post=65647"}],"version-history":[{"count":0,"href":"https:\/\/www.discover-innsbruck.at\/en\/wp-json\/wp\/v2\/posts\/65647\/revisions"}],"wp:attachment":[{"href":"https:\/\/www.discover-innsbruck.at\/en\/wp-json\/wp\/v2\/media?parent=65647"}],"wp:term":[{"taxonomy":"category","embeddable":true,"href":"https:\/\/www.discover-innsbruck.at\/en\/wp-json\/wp\/v2\/categories?post=65647"},{"taxonomy":"post_tag","embeddable":true,"href":"https:\/\/www.discover-innsbruck.at\/en\/wp-json\/wp\/v2\/tags?post=65647"}],"curies":[{"name":"wp","href":"https:\/\/api.w.org\/{rel}","templated":true}]}}