{"id":65653,"date":"1928-11-08T10:23:20","date_gmt":"1928-11-08T10:23:20","guid":{"rendered":"https:\/\/www.discover-innsbruck.at\/?p=65653"},"modified":"2025-08-05T10:25:38","modified_gmt":"2025-08-05T10:25:38","slug":"die-quartiere-der-auswartigen-heimatwehrmanner","status":"publish","type":"post","link":"https:\/\/www.discover-innsbruck.at\/en\/die-quartiere-der-auswartigen-heimatwehrmanner\/","title":{"rendered":"The quarters of the home defence men from abroad."},"content":{"rendered":"<p>[et_pb_section fb_built=&#8220;1&#8243; specialty=&#8220;on&#8220; _builder_version=&#8220;4.24.3&#8243; _module_preset=&#8220;default&#8220; global_colors_info=&#8220;{}&#8220; theme_builder_area=&#8220;post_content&#8220;][et_pb_column type=&#8220;1_2&#8243; specialty_columns=&#8220;2&#8243; _builder_version=&#8220;4.16&#8243; custom_padding=&#8220;|||&#8220; global_colors_info=&#8220;{}&#8220; custom_padding__hover=&#8220;|||&#8220; theme_builder_area=&#8220;post_content&#8220;][et_pb_row_inner _builder_version=&#8220;4.16&#8243; _module_preset=&#8220;default&#8220; global_colors_info=&#8220;{}&#8220; theme_builder_area=&#8220;post_content&#8220;][et_pb_column_inner saved_specialty_column_type=&#8220;1_2&#8243; _builder_version=&#8220;4.16&#8243; _module_preset=&#8220;default&#8220; global_colors_info=&#8220;{}&#8220; theme_builder_area=&#8220;post_content&#8220;][et_pb_text admin_label=&#8220;Titel und Adresse&#8220; _builder_version=&#8220;4.27.4&#8243; text_text_color=&#8220;#000000&#8243; header_font=&#8220;|on|||&#8220; header_text_align=&#8220;center&#8220; header_text_color=&#8220;#e09900&#8243; header_font_size=&#8220;42px&#8220; header_line_height=&#8220;1.3em&#8220; header_2_text_color=&#8220;#e09900&#8243; background_color=&#8220;rgba(255,255,255,0.8)&#8220; background_layout=&#8220;dark&#8220; custom_padding=&#8220;20px|20px|20px|20px|true|true&#8220; hover_enabled=&#8220;0&#8243; header_font_size_last_edited=&#8220;off|desktop&#8220; border_radii=&#8220;on|10px|10px|10px|10px&#8220; box_shadow_style=&#8220;preset1&#8243; locked=&#8220;off&#8220; global_colors_info=&#8220;{}&#8220; theme_builder_area=&#8220;post_content&#8220; sticky_enabled=&#8220;0&#8243;]<\/p>\n<h2>Die Quartiere der ausw\u00e4rtigen Heimatwehrm\u00e4nner<\/h2>\n<p>Erschienen: Innsbrucker Nachrichten \/ 8. November 1928<\/p>\n<p>[\/et_pb_text][et_pb_toggle title=&#8220;\u00dcber diesen Text&#8230;&#8220; open_toggle_text_color=&#8220;#e09900&#8243; open_toggle_background_color=&#8220;#ffffff&#8220; closed_toggle_text_color=&#8220;#e09900&#8243; closed_toggle_background_color=&#8220;#ffffff&#8220; icon_color=&#8220;#e09900&#8243; open_icon_color=&#8220;#e09900&#8243; admin_label=&#8220;\u00dcber diesen Text&#8220; _builder_version=&#8220;4.27.4&#8243; _module_preset=&#8220;default&#8220; title_text_color=&#8220;#e09900&#8243; title_font_size=&#8220;18px&#8220; border_radii=&#8220;on|5px|5px|5px|5px&#8220; box_shadow_style=&#8220;preset1&#8243; global_colors_info=&#8220;{}&#8220; theme_builder_area=&#8220;post_content&#8220;]<\/p>\n<p>Seit 1933 war die Vaterl\u00e4ndische Front die alles bestimmende Partei in \u00d6sterreich. Medien unterlagen einer strengen Kontrolle. Der St\u00e4ndestaat unter dem Tiroler Kanzler Kurt Schuschnigg propagierte ein konservatives Menschenbild, in dem das idyllische Leben am Land als die Erf\u00fcllung des menschlichen Daseins galt.\u00a0<\/p>\n<p>[\/et_pb_toggle][\/et_pb_column_inner][\/et_pb_row_inner][\/et_pb_column][et_pb_column type=&#8220;1_2&#8243; _builder_version=&#8220;4.16&#8243; custom_padding=&#8220;|||&#8220; global_colors_info=&#8220;{}&#8220; custom_padding__hover=&#8220;|||&#8220; theme_builder_area=&#8220;post_content&#8220;][et_pb_toggle title=&#8220;Der Artikel&#8220; open=&#8220;on&#8220; open_toggle_text_color=&#8220;#e09900&#8243; open_toggle_background_color=&#8220;#ffffff&#8220; closed_toggle_text_color=&#8220;#e09900&#8243; closed_toggle_background_color=&#8220;#ffffff&#8220; icon_color=&#8220;#e09900&#8243; open_icon_color=&#8220;#e09900&#8243; admin_label=&#8220;Die Quartiere der ausw\u00e4rtigen Heimatwehrm\u00e4nner.&#8220; _builder_version=&#8220;4.27.4&#8243; _module_preset=&#8220;default&#8220; title_text_color=&#8220;#e09900&#8243; title_font_size=&#8220;18px&#8220; hover_enabled=&#8220;0&#8243; border_radii=&#8220;on|5px|5px|5px|5px&#8220; box_shadow_style=&#8220;preset1&#8243; global_colors_info=&#8220;{}&#8220; theme_builder_area=&#8220;post_content&#8220; sticky_enabled=&#8220;0&#8243; global_module=&#8220;65655&#8243; saved_tabs=&#8220;all&#8220;]<\/p>\n<p>Die Landesleitung der Tiroler Heimatwehr teilt mit: Vielfache Anfragen, die an uns ergangen sind, beweisen die lebhafte Anteilnahme, die man in allen vaterl\u00e4ndischen Kreisen der Bev\u00f6lkerung dem kommenden Heimatwehr-Aufmarsch entgegenbringt. Mancher erwartet an diesem Tage alte Freunde und Bekannte wiederzusehen, oder Verwandte aus anderen Bundesl\u00e4ndern bei dieser Gelegenheit in Innsbruck begr\u00fc\u00dfen zu k\u00f6nnen. Um der Innsbrucker Bev\u00f6lkerung eine leichtere Verst\u00e4ndigung mit unseren G\u00e4sten zu erm\u00f6glichen, geben wir heute die Quartiere bekannt, die den einzelnen Landesleistungen f\u00fcr ihre Leute zugewiesen sind:<\/p>\n<p>Steiermark: Kloster Wilten, Servitenkloster, Jugendheim St. Bartlm\u00e4, Gasth\u00e4user Bierstindl, Riese Haymon, Tivoli, Buchhof, Sonnenburgerhof, Ferrarihof, Flughafen, Schlo\u00df Amras<\/p>\n<p>[\/et_pb_toggle][\/et_pb_column][\/et_pb_section]<\/p>\n","protected":false},"excerpt":{"rendered":"<p>Innsbrucker Nachrichten \/ 8 November 1928<\/p>","protected":false},"author":1,"featured_media":0,"comment_status":"open","ping_status":"closed","sticky":false,"template":"","format":"standard","meta":{"_et_pb_use_builder":"on","_et_pb_old_content":"","_et_gb_content_width":"","wds_primary_category":0,"footnotes":""},"categories":[138,142],"tags":[],"class_list":["post-65653","post","type-post","status-publish","format-standard","hentry","category-geschichte-presse","category-innsbrucker-nachrichten"],"_links":{"self":[{"href":"https:\/\/www.discover-innsbruck.at\/en\/wp-json\/wp\/v2\/posts\/65653","targetHints":{"allow":["GET"]}}],"collection":[{"href":"https:\/\/www.discover-innsbruck.at\/en\/wp-json\/wp\/v2\/posts"}],"about":[{"href":"https:\/\/www.discover-innsbruck.at\/en\/wp-json\/wp\/v2\/types\/post"}],"author":[{"embeddable":true,"href":"https:\/\/www.discover-innsbruck.at\/en\/wp-json\/wp\/v2\/users\/1"}],"replies":[{"embeddable":true,"href":"https:\/\/www.discover-innsbruck.at\/en\/wp-json\/wp\/v2\/comments?post=65653"}],"version-history":[{"count":0,"href":"https:\/\/www.discover-innsbruck.at\/en\/wp-json\/wp\/v2\/posts\/65653\/revisions"}],"wp:attachment":[{"href":"https:\/\/www.discover-innsbruck.at\/en\/wp-json\/wp\/v2\/media?parent=65653"}],"wp:term":[{"taxonomy":"category","embeddable":true,"href":"https:\/\/www.discover-innsbruck.at\/en\/wp-json\/wp\/v2\/categories?post=65653"},{"taxonomy":"post_tag","embeddable":true,"href":"https:\/\/www.discover-innsbruck.at\/en\/wp-json\/wp\/v2\/tags?post=65653"}],"curies":[{"name":"wp","href":"https:\/\/api.w.org\/{rel}","templated":true}]}}