{"id":66060,"date":"1907-05-08T07:29:02","date_gmt":"1907-05-08T07:29:02","guid":{"rendered":"https:\/\/www.discover-innsbruck.at\/?p=66060"},"modified":"2025-08-20T07:54:54","modified_gmt":"2025-08-20T07:54:54","slug":"ausgestelltes-relief","status":"publish","type":"post","link":"https:\/\/www.discover-innsbruck.at\/en\/ausgestelltes-relief\/","title":{"rendered":"Exhibited relief"},"content":{"rendered":"<p>[et_pb_section fb_built=&#8220;1&#8243; specialty=&#8220;on&#8220; _builder_version=&#8220;4.24.3&#8243; _module_preset=&#8220;default&#8220; global_colors_info=&#8220;{}&#8220;][et_pb_column type=&#8220;1_2&#8243; specialty_columns=&#8220;2&#8243; _builder_version=&#8220;4.16&#8243; custom_padding=&#8220;|||&#8220; global_colors_info=&#8220;{}&#8220; custom_padding__hover=&#8220;|||&#8220;][et_pb_row_inner _builder_version=&#8220;4.16&#8243; _module_preset=&#8220;default&#8220; global_colors_info=&#8220;{}&#8220;][et_pb_column_inner saved_specialty_column_type=&#8220;1_2&#8243; _builder_version=&#8220;4.16&#8243; _module_preset=&#8220;default&#8220; global_colors_info=&#8220;{}&#8220;][et_pb_text admin_label=&#8220;Titel und Adresse&#8220; _builder_version=&#8220;4.27.4&#8243; text_text_color=&#8220;#000000&#8243; header_font=&#8220;|on|||&#8220; header_text_align=&#8220;center&#8220; header_text_color=&#8220;#e09900&#8243; header_font_size=&#8220;42px&#8220; header_line_height=&#8220;1.3em&#8220; header_2_text_color=&#8220;#e09900&#8243; background_color=&#8220;rgba(255,255,255,0.8)&#8220; background_layout=&#8220;dark&#8220; custom_padding=&#8220;20px|20px|20px|20px|true|true&#8220; header_font_size_last_edited=&#8220;off|desktop&#8220; border_radii=&#8220;on|10px|10px|10px|10px&#8220; box_shadow_style=&#8220;preset1&#8243; locked=&#8220;off&#8220; global_colors_info=&#8220;{}&#8220;]<\/p>\n<h2>Ausgestelltes Relief<\/h2>\n<p>Erschienen: Innsbrucker Nachrichten \/ 8. Mai 1907<\/p>\n<p>[\/et_pb_text][et_pb_toggle title=&#8220;\u00dcber diesen Text&#8230;&#8220; open_toggle_text_color=&#8220;#e09900&#8243; open_toggle_background_color=&#8220;#ffffff&#8220; closed_toggle_text_color=&#8220;#e09900&#8243; closed_toggle_background_color=&#8220;#ffffff&#8220; icon_color=&#8220;#e09900&#8243; open_icon_color=&#8220;#e09900&#8243; admin_label=&#8220;\u00dcber diesen Text&#8220; _builder_version=&#8220;4.27.4&#8243; _module_preset=&#8220;default&#8220; title_text_color=&#8220;#e09900&#8243; title_font_size=&#8220;18px&#8220; border_radii=&#8220;on|5px|5px|5px|5px&#8220; box_shadow_style=&#8220;preset1&#8243; global_colors_info=&#8220;{}&#8220;]<\/p>\n<p>Zum ersten Mal wurde in diesem Artikel die Idee eines Wanderweges durch die als \u00fcberaus gef\u00e4hrlich geltende Sillschlucht diskutiert. Es sollte noch 25 Jahre dauern, bis dieser ehrgeizige Plan durch den Innsbrucker Versch\u00f6nerungsverein, den Vorg\u00e4nger des Tourismusverbandes, beendet werden konnte.\u00a0<\/p>\n<p>[\/et_pb_toggle][\/et_pb_column_inner][\/et_pb_row_inner][\/et_pb_column][et_pb_column type=&#8220;1_2&#8243; _builder_version=&#8220;4.16&#8243; custom_padding=&#8220;|||&#8220; global_colors_info=&#8220;{}&#8220; custom_padding__hover=&#8220;|||&#8220;][et_pb_toggle title=&#8220;Der Artikel&#8220; open=&#8220;on&#8220; open_toggle_text_color=&#8220;#e09900&#8243; open_toggle_background_color=&#8220;#ffffff&#8220; closed_toggle_text_color=&#8220;#e09900&#8243; closed_toggle_background_color=&#8220;#ffffff&#8220; icon_color=&#8220;#e09900&#8243; open_icon_color=&#8220;#e09900&#8243; admin_label=&#8220;Ausgestelltes Relief&#8220; _builder_version=&#8220;4.27.4&#8243; _module_preset=&#8220;default&#8220; title_text_color=&#8220;#e09900&#8243; title_font_size=&#8220;18px&#8220; hover_enabled=&#8220;0&#8243; border_radii=&#8220;on|5px|5px|5px|5px&#8220; box_shadow_style=&#8220;preset1&#8243; global_module=&#8220;66064&#8243; saved_tabs=&#8220;all&#8220; global_colors_info=&#8220;{}&#8220; sticky_enabled=&#8220;0&#8243;]<\/p>\n<p data-start=\"288\" data-end=\"1685\">Im Schaufenster der Wagner\u2019schen Buchhandlung ist seit einiger Zeit ein von dem Herrn Lehrer Karl Hausleitner modelliertes und koloriertes Relief zur allgemeinen Besichtigung ausgestellt, das die Anlage des Innsbrucker Versch\u00f6nerungsvereines am S\u00fcd- und S\u00fcdwestabhange des Stiftes der Stadt Innsbruck, des Bieler Weges, sowie die Weiterf\u00fchrung desselben nach den \u00f6stlichen H\u00e4ngen und bis zur Sonnenburgerhofstra\u00dfe, besonders des dem Dr. Richard Wirth gewidmeten Weges deutlich zur Anschauung bringt. Die Berglehne namentlich beim Sonnenburgerhof ist, gleich einem Serpentinenschlusse, so in derartigem Gef\u00e4lle am Schlo\u00dfhof und F\u00fcrstenweg herabgeleitet, da\u00df er im Sommer eine herrliche Waldpromenade und im Winter eine Stra\u00dfe zum Rodeln sein wird. Die Arbeiten werden nach Ma\u00dfgabe der eingegangenen Subskriptionen und unter Leitung der Bau-Interessenten des Herrn Ingenieurs Riehl durchgef\u00fchrt, und dieser Name b\u00fcrgt f\u00fcr die Zweckm\u00e4\u00dfigkeit sowie gute Ausf\u00fchrung. Der Weg soll in Zukunft seine Ausgestaltung durch die Fortf\u00fchrung \u00fcber den Berg Isel zur Sillschlucht erhalten. Die Wagner\u2019sche Universit\u00e4ts-Buchhandlung hat bereits einige Spenden in Opferfreude zu diesem Weg \u00fcbernommen. Spazierg\u00e4nger, welche sich dieser gemeinn\u00fctzigen Bestrebungen des Versch\u00f6nerungsvereins zu den besten Bestrebungen z\u00e4hlen, werden sich als F\u00f6rderer des Werkes freuen.<\/p>\n<p>[\/et_pb_toggle][\/et_pb_column][\/et_pb_section]<\/p>\n","protected":false},"excerpt":{"rendered":"<p>Innsbrucker Nachrichten \/ 8 May 1907<\/p>","protected":false},"author":1,"featured_media":0,"comment_status":"open","ping_status":"closed","sticky":false,"template":"","format":"standard","meta":{"_et_pb_use_builder":"on","_et_pb_old_content":"","_et_gb_content_width":"","wds_primary_category":0,"footnotes":""},"categories":[138,142],"tags":[],"class_list":["post-66060","post","type-post","status-publish","format-standard","hentry","category-geschichte-presse","category-innsbrucker-nachrichten"],"_links":{"self":[{"href":"https:\/\/www.discover-innsbruck.at\/en\/wp-json\/wp\/v2\/posts\/66060","targetHints":{"allow":["GET"]}}],"collection":[{"href":"https:\/\/www.discover-innsbruck.at\/en\/wp-json\/wp\/v2\/posts"}],"about":[{"href":"https:\/\/www.discover-innsbruck.at\/en\/wp-json\/wp\/v2\/types\/post"}],"author":[{"embeddable":true,"href":"https:\/\/www.discover-innsbruck.at\/en\/wp-json\/wp\/v2\/users\/1"}],"replies":[{"embeddable":true,"href":"https:\/\/www.discover-innsbruck.at\/en\/wp-json\/wp\/v2\/comments?post=66060"}],"version-history":[{"count":0,"href":"https:\/\/www.discover-innsbruck.at\/en\/wp-json\/wp\/v2\/posts\/66060\/revisions"}],"wp:attachment":[{"href":"https:\/\/www.discover-innsbruck.at\/en\/wp-json\/wp\/v2\/media?parent=66060"}],"wp:term":[{"taxonomy":"category","embeddable":true,"href":"https:\/\/www.discover-innsbruck.at\/en\/wp-json\/wp\/v2\/categories?post=66060"},{"taxonomy":"post_tag","embeddable":true,"href":"https:\/\/www.discover-innsbruck.at\/en\/wp-json\/wp\/v2\/tags?post=66060"}],"curies":[{"name":"wp","href":"https:\/\/api.w.org\/{rel}","templated":true}]}}