{"id":66997,"date":"1974-08-01T05:53:37","date_gmt":"1974-08-01T05:53:37","guid":{"rendered":"https:\/\/www.discover-innsbruck.at\/?p=66997"},"modified":"2025-10-03T06:05:02","modified_gmt":"2025-10-03T06:05:02","slug":"bischof-lies-jugendzentrum-z6-schliesen","status":"publish","type":"post","link":"https:\/\/www.discover-innsbruck.at\/en\/bischof-lies-jugendzentrum-z6-schliesen\/","title":{"rendered":"Bishop had youth centre Z6 closed"},"content":{"rendered":"<p>[et_pb_section fb_built=&#8220;1&#8243; specialty=&#8220;on&#8220; _builder_version=&#8220;4.24.3&#8243; _module_preset=&#8220;default&#8220; global_colors_info=&#8220;{}&#8220;][et_pb_column type=&#8220;1_2&#8243; specialty_columns=&#8220;2&#8243; _builder_version=&#8220;4.16&#8243; custom_padding=&#8220;|||&#8220; global_colors_info=&#8220;{}&#8220; custom_padding__hover=&#8220;|||&#8220;][et_pb_row_inner _builder_version=&#8220;4.16&#8243; _module_preset=&#8220;default&#8220; global_colors_info=&#8220;{}&#8220;][et_pb_column_inner saved_specialty_column_type=&#8220;1_2&#8243; _builder_version=&#8220;4.16&#8243; _module_preset=&#8220;default&#8220; global_colors_info=&#8220;{}&#8220;][et_pb_text admin_label=&#8220;Titel und Adresse&#8220; _builder_version=&#8220;4.27.4&#8243; text_text_color=&#8220;#000000&#8243; header_font=&#8220;|on|||&#8220; header_text_align=&#8220;center&#8220; header_text_color=&#8220;#e09900&#8243; header_font_size=&#8220;42px&#8220; header_line_height=&#8220;1.3em&#8220; header_2_text_color=&#8220;#e09900&#8243; background_color=&#8220;rgba(255,255,255,0.8)&#8220; background_layout=&#8220;dark&#8220; custom_padding=&#8220;20px|20px|20px|20px|true|true&#8220; header_font_size_last_edited=&#8220;off|desktop&#8220; border_radii=&#8220;on|10px|10px|10px|10px&#8220; box_shadow_style=&#8220;preset1&#8243; locked=&#8220;off&#8220; global_colors_info=&#8220;{}&#8220;]<\/p>\n<h2>Bischof lie\u00df Jugendzentrum &#8222;Z6&#8220; schlie\u00dfen<\/h2>\n<p>Erschienen: Tiroler Tageszeitung \/ 1. August 1974<\/p>\n<p>[\/et_pb_text][et_pb_toggle title=&#8220;\u00dcber diesen Text&#8230;&#8220; open_toggle_text_color=&#8220;#e09900&#8243; open_toggle_background_color=&#8220;#ffffff&#8220; closed_toggle_text_color=&#8220;#e09900&#8243; closed_toggle_background_color=&#8220;#ffffff&#8220; icon_color=&#8220;#e09900&#8243; open_icon_color=&#8220;#e09900&#8243; admin_label=&#8220;\u00dcber diesen Text&#8220; _builder_version=&#8220;4.27.4&#8243; _module_preset=&#8220;default&#8220; title_text_color=&#8220;#e09900&#8243; title_font_size=&#8220;18px&#8220; hover_enabled=&#8220;0&#8243; border_radii=&#8220;on|5px|5px|5px|5px&#8220; box_shadow_style=&#8220;preset1&#8243; global_colors_info=&#8220;{}&#8220; sticky_enabled=&#8220;0&#8243;]<\/p>\n<p>Der Kulturkampf zwischen Bischof Paulus Rusch, abtr\u00fcnnigen Klerikern und Innsbrucker Einrichtungen f\u00fcr Jugendliche wie der MK und dem Z6 erreichte mit der Schlie\u00dfung des Z6 einen seiner H\u00f6hepunkte.\u00a0<\/p>\n<p>[\/et_pb_toggle][\/et_pb_column_inner][\/et_pb_row_inner][\/et_pb_column][et_pb_column type=&#8220;1_2&#8243; _builder_version=&#8220;4.16&#8243; custom_padding=&#8220;|||&#8220; global_colors_info=&#8220;{}&#8220; custom_padding__hover=&#8220;|||&#8220;][et_pb_toggle title=&#8220;Der Artikel&#8220; open=&#8220;on&#8220; open_toggle_text_color=&#8220;#e09900&#8243; open_toggle_background_color=&#8220;#ffffff&#8220; closed_toggle_text_color=&#8220;#e09900&#8243; closed_toggle_background_color=&#8220;#ffffff&#8220; icon_color=&#8220;#e09900&#8243; open_icon_color=&#8220;#e09900&#8243; admin_label=&#8220;Bischof lie\u00df Jugendzentrum %22Z6%22 schlie\u00dfen&#8220; _builder_version=&#8220;4.27.4&#8243; _module_preset=&#8220;default&#8220; title_text_color=&#8220;#e09900&#8243; title_font_size=&#8220;18px&#8220; border_radii=&#8220;on|5px|5px|5px|5px&#8220; box_shadow_style=&#8220;preset1&#8243; global_module=&#8220;67006&#8243; saved_tabs=&#8220;all&#8220; global_colors_info=&#8220;{}&#8220;]<\/p>\n<p>&nbsp;<\/p>\n<p><strong>Innsbruck: Ein Experiment ist gescheitert<\/strong><\/p>\n<p>Das katholische Jugendzentrum \u201eZ 6\u201c in der Innsbrucker Zollerstra\u00dfe wurde auf Anweisung von Bischof Paulus Rusch geschlossen.<\/p>\n<p>In den letzten Wochen war es zwischen den Erziehern und dem Bischof zu tiefgreifenden Auseinandersetzungen \u00fcber Grundsatzprobleme gekommen. Nach den Worten des Bischofs h\u00e4tten die im \u201eZ 6\u201c vertretenen Auffassungen \u201emit der kirchlichen Lehre nicht mehr \u00fcbereingestimmt\u201c. So seien den Jugendlichen von der Leitung des Zentrums absolute Gewissensfreiheit ohne gleichzeitige Anerkennung objektiver Normen zugebilligt und auch geschlechtliche Beziehungen vor der Ehe erlaubt worden.<\/p>\n<p>Wie von der Di\u00f6zese Innsbruck zu erfahren war, habe Rusch dem Erzieherstab das Angebot gemacht, alle Fragen auf einer Tagung im Heim zu er\u00f6rtern, doch sei dieses Angebot abgelehnt worden.<\/p>\n<p>Im \u201eZ 6\u201c fanden sich vor allem Jugendliche aus Arbeiterkreisen zusammen, unter denen es auch zu Reibereien kam. So waren die beiden Innsbrucker Rockerbanden \u201eOutsiders\u201c und \u201eRiders\u201c, die k\u00fcrzlich von der Polizei wegen gef\u00e4hrlicher Drohung und Erpressung verhaftet worden sind, st\u00e4ndige, allerdings nicht immer gern gesehene Besucher des \u201eZ 6\u201c. Sie wurden von den Erziehern wegen ihres Verhaltens mehrmals mit Lokalverbot belegt. Dem Priester Dr. Meinrad Schumacher und seinen Mitarbeitern ging es bei ihrer Arbeit vor allem darum, die sogenannten Randschichten in die christliche Jugendarbeit einzubeziehen.<\/p>\n<p>[\/et_pb_toggle][\/et_pb_column][\/et_pb_section]<\/p>\n","protected":false},"excerpt":{"rendered":"<p>Tiroler Tageszeitung \/ 1 August 1974<\/p>","protected":false},"author":1,"featured_media":66907,"comment_status":"open","ping_status":"closed","sticky":false,"template":"","format":"standard","meta":{"_et_pb_use_builder":"on","_et_pb_old_content":"","_et_gb_content_width":"","wds_primary_category":0,"footnotes":""},"categories":[138],"tags":[],"class_list":["post-66997","post","type-post","status-publish","format-standard","has-post-thumbnail","hentry","category-geschichte-presse"],"_links":{"self":[{"href":"https:\/\/www.discover-innsbruck.at\/en\/wp-json\/wp\/v2\/posts\/66997","targetHints":{"allow":["GET"]}}],"collection":[{"href":"https:\/\/www.discover-innsbruck.at\/en\/wp-json\/wp\/v2\/posts"}],"about":[{"href":"https:\/\/www.discover-innsbruck.at\/en\/wp-json\/wp\/v2\/types\/post"}],"author":[{"embeddable":true,"href":"https:\/\/www.discover-innsbruck.at\/en\/wp-json\/wp\/v2\/users\/1"}],"replies":[{"embeddable":true,"href":"https:\/\/www.discover-innsbruck.at\/en\/wp-json\/wp\/v2\/comments?post=66997"}],"version-history":[{"count":0,"href":"https:\/\/www.discover-innsbruck.at\/en\/wp-json\/wp\/v2\/posts\/66997\/revisions"}],"wp:featuredmedia":[{"embeddable":true,"href":"https:\/\/www.discover-innsbruck.at\/en\/wp-json\/wp\/v2\/media\/66907"}],"wp:attachment":[{"href":"https:\/\/www.discover-innsbruck.at\/en\/wp-json\/wp\/v2\/media?parent=66997"}],"wp:term":[{"taxonomy":"category","embeddable":true,"href":"https:\/\/www.discover-innsbruck.at\/en\/wp-json\/wp\/v2\/categories?post=66997"},{"taxonomy":"post_tag","embeddable":true,"href":"https:\/\/www.discover-innsbruck.at\/en\/wp-json\/wp\/v2\/tags?post=66997"}],"curies":[{"name":"wp","href":"https:\/\/api.w.org\/{rel}","templated":true}]}}