{"id":67120,"date":"1939-07-24T13:18:07","date_gmt":"1939-07-24T13:18:07","guid":{"rendered":"https:\/\/www.discover-innsbruck.at\/?p=67120"},"modified":"2025-10-07T13:24:22","modified_gmt":"2025-10-07T13:24:22","slug":"zug-der-mittelgebirgsbahn-entgleist","status":"publish","type":"post","link":"https:\/\/www.discover-innsbruck.at\/en\/zug-der-mittelgebirgsbahn-entgleist\/","title":{"rendered":"Central mountain railway train derails"},"content":{"rendered":"<p>[et_pb_section fb_built=&#8220;1&#8243; specialty=&#8220;on&#8220; _builder_version=&#8220;4.24.3&#8243; _module_preset=&#8220;default&#8220; global_colors_info=&#8220;{}&#8220; theme_builder_area=&#8220;post_content&#8220;][et_pb_column type=&#8220;1_2&#8243; specialty_columns=&#8220;2&#8243; _builder_version=&#8220;4.16&#8243; custom_padding=&#8220;|||&#8220; global_colors_info=&#8220;{}&#8220; custom_padding__hover=&#8220;|||&#8220; theme_builder_area=&#8220;post_content&#8220;][et_pb_row_inner _builder_version=&#8220;4.16&#8243; _module_preset=&#8220;default&#8220; global_colors_info=&#8220;{}&#8220; theme_builder_area=&#8220;post_content&#8220;][et_pb_column_inner saved_specialty_column_type=&#8220;1_2&#8243; _builder_version=&#8220;4.16&#8243; _module_preset=&#8220;default&#8220; global_colors_info=&#8220;{}&#8220; theme_builder_area=&#8220;post_content&#8220;][et_pb_text admin_label=&#8220;Titel und Adresse&#8220; _builder_version=&#8220;4.27.4&#8243; text_text_color=&#8220;#000000&#8243; header_font=&#8220;|on|||&#8220; header_text_align=&#8220;center&#8220; header_text_color=&#8220;#e09900&#8243; header_font_size=&#8220;42px&#8220; header_line_height=&#8220;1.3em&#8220; header_2_text_color=&#8220;#e09900&#8243; background_color=&#8220;rgba(255,255,255,0.8)&#8220; background_layout=&#8220;dark&#8220; custom_padding=&#8220;20px|20px|20px|20px|true|true&#8220; hover_enabled=&#8220;0&#8243; header_font_size_last_edited=&#8220;off|desktop&#8220; border_radii=&#8220;on|10px|10px|10px|10px&#8220; box_shadow_style=&#8220;preset1&#8243; locked=&#8220;off&#8220; global_colors_info=&#8220;{}&#8220; theme_builder_area=&#8220;post_content&#8220; sticky_enabled=&#8220;0&#8243;]<\/p>\n<h2>Zug der Mittelgebirgsbahn entgleist<\/h2>\n<p>Folge eines Bubenstreichs. Niemand verletzt<\/p>\n<p>Erschienen: Innsbrucker Nachrichten \/ 24. Juli 1939<\/p>\n<p>[\/et_pb_text][et_pb_toggle title=&#8220;\u00dcber diesen Text&#8230;&#8220; open_toggle_text_color=&#8220;#e09900&#8243; open_toggle_background_color=&#8220;#ffffff&#8220; closed_toggle_text_color=&#8220;#e09900&#8243; closed_toggle_background_color=&#8220;#ffffff&#8220; icon_color=&#8220;#e09900&#8243; open_icon_color=&#8220;#e09900&#8243; admin_label=&#8220;\u00dcber diesen Text&#8220; _builder_version=&#8220;4.27.4&#8243; _module_preset=&#8220;default&#8220; title_text_color=&#8220;#e09900&#8243; title_font_size=&#8220;18px&#8220; hover_enabled=&#8220;0&#8243; border_radii=&#8220;on|5px|5px|5px|5px&#8220; box_shadow_style=&#8220;preset1&#8243; global_colors_info=&#8220;{}&#8220; theme_builder_area=&#8220;post_content&#8220; sticky_enabled=&#8220;0&#8243;]<\/p>\n<p>Viel Gl\u00fcck hatten die Passagiere der Stra\u00dfenbahnlinie 6 im Sommer 1939 bei der Heimfahrt von Innsbruck. Die heutige Stra\u00dfenbahnlinie 6 war damals als Mittelgebirgsbahn unterwegs und voll besetzt. Mittlerweile ist die Waldbahn nur noch touristische Attraktion.\u00a0<\/p>\n<p>[\/et_pb_toggle][\/et_pb_column_inner][\/et_pb_row_inner][\/et_pb_column][et_pb_column type=&#8220;1_2&#8243; _builder_version=&#8220;4.16&#8243; custom_padding=&#8220;|||&#8220; global_colors_info=&#8220;{}&#8220; custom_padding__hover=&#8220;|||&#8220; theme_builder_area=&#8220;post_content&#8220;][et_pb_toggle title=&#8220;Der Artikel&#8220; open=&#8220;on&#8220; open_toggle_text_color=&#8220;#e09900&#8243; open_toggle_background_color=&#8220;#ffffff&#8220; closed_toggle_text_color=&#8220;#e09900&#8243; closed_toggle_background_color=&#8220;#ffffff&#8220; icon_color=&#8220;#e09900&#8243; open_icon_color=&#8220;#e09900&#8243; admin_label=&#8220;Presseartikel Zug der Mittelgebirgsbahn entgleist&#8220; _builder_version=&#8220;4.27.4&#8243; _module_preset=&#8220;default&#8220; title_text_color=&#8220;#e09900&#8243; title_font_size=&#8220;18px&#8220; hover_enabled=&#8220;0&#8243; border_radii=&#8220;on|5px|5px|5px|5px&#8220; box_shadow_style=&#8220;preset1&#8243; global_colors_info=&#8220;{}&#8220; theme_builder_area=&#8220;post_content&#8220; sticky_enabled=&#8220;0&#8243; global_module=&#8220;67126&#8243; saved_tabs=&#8220;all&#8220;]<\/p>\n<p>Ein aus einem Triebwagen und vier Anhangern bestebender Zug der Innsbrucker Mittelgebirgsbahn, der den Berg-Isel-Bahnhof gestern um 15.15 Uhr verlassen hatte, entgleiste in der Kurve unterbalb der Haltestelle Tantegert. Der Triebwagen und zwei Anhanger sprangen aus den Gleisen. Der Zug prallte gegen einen Mast der elektrischen Oberleitung, der niedergerissen wurde. Gl\u00fccklicherweise kam bei dem Unfall keiner der Jnsassen des vollbesetzten Zuges ernstlich zu Schaden. Hingegen ist der Materialschaden ziemlich bedeutend, da auch die elektrische Oberleitung zerst\u00f6rt und die Wagen stark besch\u00e4digt wurden. Der Zugsverkehr auf der Mittelgebirgsbahn wurde unterbrochen. Mit der Wiederaufnahme ist bereits im Laufe des heutigen Tages zu rechnen. Die Lokalbahn setzte gestern mehrere Omnibusse ein, die die Personenbef\u00f6rderung nach Jgls \u00fcbernahmen. Wie einwandfrei feststeht, wurde der Unfall durch Steine verursacht, die vermutlich von Buben auf die Gleise gelegt worden waren. Von der Lokalbahndirektion war wegen \u00e4hnlicher Vorfiille, die jedoch bisher ohne Unfall abliefen, die Anzeige erstattet worden. Die Folgen, die derartige verantwortungslose Streiche nach sich ziehen k\u00f6nnen, zeigt der gestrige, noch glimpflich abgelaufene Unfall.<\/p>\n<p>[\/et_pb_toggle][\/et_pb_column][\/et_pb_section]<\/p>\n","protected":false},"excerpt":{"rendered":"<p>Innsbrucker Nachrichten \/ 24 July 1939<\/p>","protected":false},"author":1,"featured_media":0,"comment_status":"open","ping_status":"closed","sticky":false,"template":"","format":"standard","meta":{"_et_pb_use_builder":"on","_et_pb_old_content":"","_et_gb_content_width":"","wds_primary_category":0,"footnotes":""},"categories":[138,142],"tags":[],"class_list":["post-67120","post","type-post","status-publish","format-standard","hentry","category-geschichte-presse","category-innsbrucker-nachrichten"],"_links":{"self":[{"href":"https:\/\/www.discover-innsbruck.at\/en\/wp-json\/wp\/v2\/posts\/67120","targetHints":{"allow":["GET"]}}],"collection":[{"href":"https:\/\/www.discover-innsbruck.at\/en\/wp-json\/wp\/v2\/posts"}],"about":[{"href":"https:\/\/www.discover-innsbruck.at\/en\/wp-json\/wp\/v2\/types\/post"}],"author":[{"embeddable":true,"href":"https:\/\/www.discover-innsbruck.at\/en\/wp-json\/wp\/v2\/users\/1"}],"replies":[{"embeddable":true,"href":"https:\/\/www.discover-innsbruck.at\/en\/wp-json\/wp\/v2\/comments?post=67120"}],"version-history":[{"count":0,"href":"https:\/\/www.discover-innsbruck.at\/en\/wp-json\/wp\/v2\/posts\/67120\/revisions"}],"wp:attachment":[{"href":"https:\/\/www.discover-innsbruck.at\/en\/wp-json\/wp\/v2\/media?parent=67120"}],"wp:term":[{"taxonomy":"category","embeddable":true,"href":"https:\/\/www.discover-innsbruck.at\/en\/wp-json\/wp\/v2\/categories?post=67120"},{"taxonomy":"post_tag","embeddable":true,"href":"https:\/\/www.discover-innsbruck.at\/en\/wp-json\/wp\/v2\/tags?post=67120"}],"curies":[{"name":"wp","href":"https:\/\/api.w.org\/{rel}","templated":true}]}}