{"id":67242,"date":"2025-10-09T15:30:36","date_gmt":"2025-10-09T15:30:36","guid":{"rendered":"https:\/\/www.discover-innsbruck.at\/?p=67242"},"modified":"2025-12-19T11:43:41","modified_gmt":"2025-12-19T11:43:41","slug":"htl-anichstrase","status":"publish","type":"post","link":"https:\/\/www.discover-innsbruck.at\/en\/htl-anichstrase\/","title":{"rendered":"HTL Anichstra\u00dfe"},"content":{"rendered":"<p>[et_pb_section fb_built=&#8220;1&#8243; specialty=&#8220;on&#8220; _builder_version=&#8220;4.24.3&#8243; _module_preset=&#8220;default&#8220; global_colors_info=&#8220;{}&#8220;][et_pb_column type=&#8220;1_2&#8243; specialty_columns=&#8220;2&#8243; _builder_version=&#8220;4.16&#8243; custom_padding=&#8220;|||&#8220; global_colors_info=&#8220;{}&#8220; custom_padding__hover=&#8220;|||&#8220;][et_pb_row_inner _builder_version=&#8220;4.16&#8243; _module_preset=&#8220;default&#8220; global_colors_info=&#8220;{}&#8220;][et_pb_column_inner saved_specialty_column_type=&#8220;1_2&#8243; _builder_version=&#8220;4.16&#8243; _module_preset=&#8220;default&#8220; global_colors_info=&#8220;{}&#8220;][et_pb_text admin_label=&#8220;Titel und Adresse&#8220; _builder_version=&#8220;4.27.4&#8243; text_text_color=&#8220;#000000&#8243; header_font=&#8220;|on|||&#8220; header_text_align=&#8220;center&#8220; header_text_color=&#8220;#e09900&#8243; header_font_size=&#8220;42px&#8220; header_line_height=&#8220;1.3em&#8220; header_2_text_color=&#8220;#e09900&#8243; background_color=&#8220;rgba(255,255,255,0.8)&#8220; background_layout=&#8220;dark&#8220; custom_padding=&#8220;20px|20px|20px|20px|true|true&#8220; header_font_size_last_edited=&#8220;off|desktop&#8220; border_radii=&#8220;on|10px|10px|10px|10px&#8220; box_shadow_style=&#8220;preset1&#8243; locked=&#8220;off&#8220; global_colors_info=&#8220;{}&#8220;]<\/p>\n<h2>HTL Anichstra\u00dfe<\/h2>\n<p>Anichstra\u00dfe 26 \/ 28<\/p>\n<p>[\/et_pb_text][et_pb_gallery gallery_ids=&#8220;67235,67232,67233,67234&#8243; fullwidth=&#8220;on&#8220; admin_label=&#8220;Galerie HTL Anichstra\u00dfe&#8220; _builder_version=&#8220;4.27.4&#8243; _module_preset=&#8220;default&#8220; pagination_text_color=&#8220;#E09900&#8243; border_radii=&#8220;on|5px|5px|5px|5px&#8220; box_shadow_style=&#8220;preset1&#8243; global_module=&#8220;67247&#8243; saved_tabs=&#8220;all&#8220; global_colors_info=&#8220;{}&#8220;][\/et_pb_gallery][\/et_pb_column_inner][\/et_pb_row_inner][\/et_pb_column][et_pb_column type=&#8220;1_2&#8243; _builder_version=&#8220;4.16&#8243; custom_padding=&#8220;|||&#8220; global_colors_info=&#8220;{}&#8220; custom_padding__hover=&#8220;|||&#8220;][et_pb_toggle title=&#8220;Wissenswert&#8220; open=&#8220;on&#8220; open_toggle_text_color=&#8220;#e09900&#8243; open_toggle_background_color=&#8220;#ffffff&#8220; closed_toggle_text_color=&#8220;#e09900&#8243; closed_toggle_background_color=&#8220;#ffffff&#8220; icon_color=&#8220;#e09900&#8243; open_icon_color=&#8220;#e09900&#8243; admin_label=&#8220;HTL Anichstra\u00dfe&#8220; _builder_version=&#8220;4.27.4&#8243; _module_preset=&#8220;default&#8220; title_text_color=&#8220;#e09900&#8243; title_font_size=&#8220;18px&#8220; hover_enabled=&#8220;0&#8243; border_radii=&#8220;on|5px|5px|5px|5px&#8220; box_shadow_style=&#8220;preset1&#8243; global_module=&#8220;67245&#8243; saved_tabs=&#8220;all&#8220; global_colors_info=&#8220;{}&#8220; sticky_enabled=&#8220;0&#8243;]<\/p>\n<p>Ein gro\u00dfer Teil der Bauten, die im 20. Jahrhundert in Innsbruck entstanden, nahmen ihren Anfang in einer Schulform, die im 19. Jahrhundert ersonnen wurde und bis heute Ingenieure, Baumeister und Techniker aller Art produziert. Die <em>H\u00f6here Technische Lehranstalt<\/em> in der Anichstra\u00dfe geht nicht nur in ihrem \u00e4u\u00dferen Erscheinungsbild auf die b\u00fcrgerlich gepr\u00e4gte Gr\u00fcnderzeit zur\u00fcck, sondern zeigt auch die politischen und gesellschaftlichen Umbr\u00fcche dieser Epoche im Bildungswesen. Die k.u.k. Monarchie z\u00e4hlte in der zweiten H\u00e4lfte des 19. Jahrhunderts zwar zu den gr\u00f6\u00dften, nicht jedoch zu den innovativsten Staatsgebilden Europas. Sowohl Franz Josef I. wie auch ein gro\u00dfer Teil der Abgeordneten im Reichstag waren nicht up to date, was die rasend schnelle technische Entwicklung der Zeit anbelangte. Private Kapitalgeber hielten durch ihre Investitionen in Services und Infrastruktur den Laden am Laufen. Gaben die Fugger dem Kaiser im 16. Jahrhundert gro\u00dfz\u00fcgige Kredite f\u00fcr die Wahlbestechung, um sich Sch\u00fcrfrechte im Tiroler Bergbau zu sichern, holten sich moderne Aktiengesellschaften Konzessionen f\u00fcr Bahnlinien und Gaswerke im Gegenzug f\u00fcr ihr Engagement. Dem Staat waren sie willkommene Helfer, um die Modernisierung der Gesellschaft mit frischem Kapital und Ideen voranzutreiben. Neben eintr\u00e4glichen Gewinnmargen erkauften sie sich damit auch politischen Einfluss. Eine notwendige Forderung in ihren Augen war eine Reform des Schulwesens. Sp\u00e4testens mit der Beschau der technischen Innovation auf der Weltausstellung in Wien 1873 war klar geworden, dass es einer Ver\u00e4nderung in der Ausbildung junger Menschen bedurfte, um in einer immer st\u00e4rker industrialisierten und auf Fachkr\u00e4fte aufbauenden Welt bestehen zu k\u00f6nnen. Humanismus und milit\u00e4rische Erziehung konnten eine moderne berufsorientierte Ausbildung nicht ersetzen.<\/p>\n<p>Die ersten Fachschulen, die in \u00d6sterreich entstanden, hatten die Holzindustrie im Fokus. In Innsbruck hingegen entwickelte sich die <em>Staatsgewerbeschule<\/em> aus dem k\u00fcnstlerischen Umfeld heraus. Die Gr\u00fcnder und ersten Lehrer der Vorg\u00e4ngerinstitution der Staatsgewerbeschule in Innsbruck waren Johann Deiniger, Heinrich Fuss und Anton Roux, ihres Zeichens Bildhauer, Architekt und Landschaftsmaler. Deininger war 1876 aus Wien nach Innsbruck gekommen, um als technischer Beamter in der Verwaltung auf Schloss Ambras zu arbeiten. Im Folgejahr gr\u00fcndete er gemeinsam mit Fuss, den er von der Akademie der bildenden K\u00fcnste in Wien kannte, im Geb\u00e4ude der Volksschule Dreiheiligen eine Zeichen- und Modellierschule. Die beiden hatten bemerkt, dass das boomende Innsbrucker Baumeister- und Architekturgewerbe einer st\u00e4rkeren Professionalisierung bedurfte. Die Erweiterung der Stadt wurde von Baufirmen vorangetrieben, die oft stilistisches Copy-Paste auf Wunsch der Auftraggeber betrieben, anstatt eigene Ideen zu entwickeln und nachhaltig den Bedarf der Allgemeinheit, Originalit\u00e4t, Kreativit\u00e4t und Wirtschaftlichkeit von Bauprojekten zu ber\u00fccksichtigen. Deininger und Fuss trieben das ehrgeizige Projekt einer eigenen <em>k.k. Staatsgewerbeschule<\/em> in Innsbruck voran, von denen es in der gesamten Monarchie nur etwa 20 gab. Zeitgeist und Vorzeichen waren vielversprechend. 1880 \u00f6ffnete die Handelsakademie im Saggen ihre Pforten, um die Bank-, Steuer- und Finanzexperten von morgen zu z\u00fcchten. Im Jahr darauf begann der Bau an einem eigenen Schulgeb\u00e4ude f\u00fcr die von der Regierung in Aussicht gestellte Staatsgewerbeschule. Die \u00f6ffentliche Hand und die ebenfalls an einer Professionalisierung und Intensivierung des Baugewerbes interessierte Sparkasse finanzierten das Projekt. Nach Pl\u00e4nen von Natale Tommasi, der sp\u00e4ter die Hauptpost in der Maximilianstra\u00dfe und den Milit\u00e4rfriedhof in Amras mitgestaltete, entstand unter der Leitung der Firma <em>Johann Huter &amp; S\u00f6hne<\/em> das dreist\u00f6ckige klassizistische Geb\u00e4ude im Stile eines Stadtpalastes. Der Puttenfries zeigt sehenswert dargestellt Symbole aus Kunst, Technik und Baugewerbe.<\/p>\n<p>Obwohl B\u00fcrgermeister Falk darauf dr\u00e4ngte, dass dem holzverarbeitenden Gewerbe innerhalb des Geb\u00e4udes m\u00f6glichst viel Raum gegeben werden sollte, setzte sich die bildende Fraktion durch und konnte so, wohl unbewusst die Weichen f\u00fcr das Stadtbild des Innsbrucks der Ersten Republik stellen. 1882 \u00f6ffnete die <em>Werkmeisterschule f\u00fcr Bau- und Kunstgewerbe<\/em>. Anders als heute, mussten Sch\u00fcler, so sie nicht \u00fcberdurchschnittlich talentiert, aber mittellos waren, Schulgeld entrichten. Zwar gab es eine Fachschule f\u00fcr Holz- und Metallarbeiten, der Gro\u00dfteil der Lehrer kamen aber aus der Kreativbranche. Der Lehrk\u00f6rper bestand neben Architekt Deininger, Maler Roux und Bildhauer Fuss aus Architekt Max Haas und Werkst\u00e4ttenleiter Joseph Oppelt. Neben der bau- und kunstgewerblichen Abteilung der Schule und der Lehrwerkst\u00e4tte bot die Schule Zeichenkurse und Abendveranstaltungen f\u00fcr Erwachsene aus Baugewerbe und Handwerk in der gewerblichen Fortbildung an. Die Sch\u00fclerzahlen stiegen stetig an. Die Architektur galt in der Bl\u00fctezeit des Stadtwachstums in der sp\u00e4ten Monarchie als goldenes Gewerbe, \u00e4hnlich wie Informatik im ausgehenden 20. und 21. Jahrhundert. Bereits 1884 wurde die erfolgreich lancierte Schule zur <em>k.k. Staatsgewerbeschule<\/em> erhoben. Liest man die Biographien der Architekten- und K\u00fcnstlerszene des beginnenden 20. Jahrhunderts, genoss ein guter Teil der Gestalter des modernen Innsbrucks seine Ausbildung an der Staatsgewerbeschule. 1910 musste das Geb\u00e4ude zum ersten Mal erweitert werden. Fritz Konzert und Eduard Klingler planten das neue vierst\u00f6ckige Geb\u00e4ude, das sich wesentlich sachlicher und weniger opulent pr\u00e4sentiert als das Stammhaus. Es war Konzerts erster gro\u00dfer Auftrag in Innsbruck und deutete bereits sein moderneres Verst\u00e4ndnis von Architektur an. Au\u00dfer den Friesen mit geometrischen Figuren und Ornamenten im Jugendstil im obersten Stockwerk ist die Fassade komplett glatt. Nach dem Ersten Weltkrieg wandelte sich unter den gewandelten Anforderungen der neuen Staatsform nicht nur der Name, sondern auch der Charakter der Schule. Aus der <em>k.k. Staatsgewerbeschule<\/em> wurde in der Ersten Republik die <em>Bundesgewerbeschule<\/em>. In den 1920ern kamen mit der Ausbildung zum Maschinenschlosser und der Elektrotechnik zwei neue Zweige dazu. Unter Bundeskanzler Kurt Schuschnigg erfolgte 1936 erneut eine Namens\u00e4nderung in <em>Peter-Anich-Bundesgewerbeschule<\/em>, die dem Geb\u00e4ude auch die massive Bronzetafel mit dem Konterfei des Namenspatrons der Schule verschaffte. Peter Anich (1723 \u2013 1766) blickt bis heute dem Betrachter streng entgegen. Die Inschrift k\u00f6nnte typischer f\u00fcr den konservativen \u00f6sterreichischen St\u00e4ndestaat der 1930er nicht sein:<\/p>\n<p><em>\u201eAus eigener Kraft wird ein Bauer zum Meister der Sternen- und Erdkunde zum ber\u00fchmten Landmesser und Kartographen. Des Menschen Wesen ist sein Wille und Willensst\u00e4rke leitet zu den Sternen, wenn sie des Geistes Wundergabe n\u00fctzt.\u201c<\/em><\/p>\n<p>Nach dem Zweiten Weltkrieg erhielt der Schultyp seinen heutigen Namen <em>H\u00f6here Technische Lehranstalt<\/em>, der gut sichtbar \u00fcber dem Eingang prangt. Die steigenden Sch\u00fclerzahlen der Generation Babyboomer machten 1973 eine Teilung der Schule notwendig. In der H\u00f6ttinger Au entstand ein modernes Geb\u00e4ude, das heute die <em>HTL f\u00fcr Bau, Informatik und Design<\/em> beherbergt. Der stetig gewachsene Geb\u00e4udekomplex, der nach einem Bombentreffer 1944 renoviert wurde, ist mittlerweile denkmalgesch\u00fctzt und reicht mit einem \u00dcberbau des Hofes bis an den Innrain. Dank sich stetig\u00a0 an die technischen Entwicklungen anpassender Lehrpl\u00e4ne und Schulzweige innerhalb der HTL produziert man unter dem mahnenden Blick Peter Anichs wohl auch in Zukunft die Gestalter der Stadt von morgen.<\/p>\n<p>[\/et_pb_toggle][et_pb_toggle title=&#8220;Artikel Innsbrucker Nachrichten \/ 13. Februar 1882&#8243; open_toggle_text_color=&#8220;#e09900&#8243; open_toggle_background_color=&#8220;#ffffff&#8220; closed_toggle_text_color=&#8220;#e09900&#8243; closed_toggle_background_color=&#8220;#ffffff&#8220; icon_color=&#8220;#e09900&#8243; open_icon_color=&#8220;#e09900&#8243; admin_label=&#8220;Gemeinderatsitzung k.k. Staatsgewerbeschule&#8220; _builder_version=&#8220;4.27.4&#8243; _module_preset=&#8220;default&#8220; title_text_color=&#8220;#e09900&#8243; title_font_size=&#8220;18px&#8220; border_radii=&#8220;on|5px|5px|5px|5px&#8220; box_shadow_style=&#8220;preset1&#8243; global_module=&#8220;67211&#8243; global_colors_info=&#8220;{}&#8220;]<\/p>\n<p>Uebergehend zur Tagesordnung stellt der Vorsitzende, B\u00fcrgermeister Dr. Falk, betreffs der Errichtung einer k. k. Staatsgewerbeschule in Innsbruck den Antrag, es m\u00f6ge ihm die Erm\u00e4chtigung ertheilt werden, in dieser Angelegenheit an die hohe Regierung eine eindringliche Vorstellung zu richten, damit nicht durch vorzeitige Verf\u00fcgungen \u00fcber die R\u00e4umlichkeiten im neuen Schulgeb\u00e4ude der urspr\u00fcngliche Plan einer vollst\u00e4ndigen Staatsgewerbeschule wegen infolge dieser Verf\u00fcgungen nothwendigen Weise eintretenden Raummangels vereitelt werde. Zur Begr\u00fcndung seines Antrages bringt er eine Zuschrift der hohen Statthalterei zur Verlesung, woraus hervorgeht, dass man seitens des Ministeriums in Wien die R\u00e4umlichkeiten des Neubaues f\u00fcr die Staatsgewerbeschule derart f\u00fcr Unterbringung der Abtheilungen dieser Anstalt zu vertheilen und verwenden gedenkt, dass dieselben beinahe ausschlie\u00dflich von der Zeichnen und Modellierschule und der Centralanstalt f\u00fcr Holzindustrie in Anspruch genommen werden, so dass f\u00fcr Unterbringung weiterer Zweige des Baugewerbes, insbesondere auch der Metallindustrie nichts niehr \u00fcbrig bleibe, und die Errichtung beider Abtheilungen wenn nicht gar aufgegeben, doch in weite Ferne ger\u00fcckt werde. Die Stadt hat aber den Bau der Schule gef\u00fchrt und Sparkasse und Landtag haben ihre gro\u00dfm\u00fcthigen Beitr\u00e4ge zu dem Baue gegeben, nur in der Voraussetzung einer vollst\u00e4ndigen Gewerbeschule. Es entspinnt sich eine l\u00e4ngere Debatte, an der sich die Gemeinder\u00e4the, Director Deininger, R. v. Sch\u00fcllern, Sparcasse-Director Dr. Tschurtschenthaler, Prof. H\u00e4mmerle, Knoll und B\u00fcrgermeister Dr. Falk als Antragsteller betheiligen. Der B\u00fcrgermeister verliest noch eine Zuschrift der hohen Regierung vom 7. Mai v. Js, in dem allerdings die successive Ausbildung der Schule zu einer vollst\u00e4ndigen Staatsgewerbeschule zugesichert ist; doch macht derselbe aufmerksam, dass schon mehrere \u00e4hnliche Zusagen vorliegen, und dass sich die Stadtcommune infolge dieser Zusagen schon zu gro\u00dfen Opfern herbeigelassen habe, um z. B. den Bau des chemischen Laboratoriums, des Justizgeb\u00e4udes zu erm\u00f6glichen, ohne dass diese Zusagen der Regierung sich bis jetzt erf\u00fcllt h\u00e4tten<\/p>\n<p>[\/et_pb_toggle][et_pb_toggle title=&#8220;Klingler, Huter, Retter &#038; Co: Baumeister der Erweiterung&#8220; open_toggle_text_color=&#8220;#e09900&#8243; open_toggle_background_color=&#8220;#ffffff&#8220; closed_toggle_text_color=&#8220;#e09900&#8243; closed_toggle_background_color=&#8220;#ffffff&#8220; icon_color=&#8220;#e09900&#8243; open_icon_color=&#8220;#e09900&#8243; admin_label=&#8220;Klingler, Huter, Retter &#038; Co: Baumeister der Erweiterung&#8220; _builder_version=&#8220;4.27.4&#8243; _module_preset=&#8220;default&#8220; title_text_color=&#8220;#e09900&#8243; title_font_size=&#8220;18px&#8220; border_radii=&#8220;on|5px|5px|5px|5px&#8220; box_shadow_style=&#8220;preset1&#8243; global_module=&#8220;53750&#8243; saved_tabs=&#8220;all&#8220; global_colors_info=&#8220;{}&#8220;]<\/p>\n<p>is heute pr\u00e4gen die Geb\u00e4ude der sp\u00e4ten Monarchie das Stadtbild Innsbrucks. Die letzten Jahrzehnte des 19. Jahrhunderts gingen als <em>Gr\u00fcnderzeit<\/em> in die \u00f6sterreichische Geschichte ein. Nach einer Wirtschaftskrise 1873 begann sich die Stadt im Wiederaufschwung auszudehnen. Von 1880 bis 1900 wuchs Innsbrucks Bev\u00f6lkerung von 20.000 auf 26.000 Einwohner an. Das 1904 eingemeindete Wilten verdreifachte sich von 4000 auf 12.000. Zwischen 1850 und 1900 wuchs die Anzahl an Geb\u00e4uden innerhalb der Stadt von 600 auf \u00fcber 900 Geb\u00e4ude an, die meisten davon waren anders als die fr\u00fchneuzeitlichen, kleinen Objekte mehrst\u00f6ckige Zinsh\u00e4user. Im Zuge technischer Innovationen ver\u00e4nderte sich auch die Infrastruktur. Gas, Wasser, Elektrizit\u00e4t wurden Teil des Alltags von immer mehr Menschen. Das alte Stadtspital wich dem neuen Krankenhaus. Im Saggen entstanden das Waisenhaus und das Greisenasyl Sieberers.<\/p>\n<p>Die Geb\u00e4ude, die in den jungen Stadtvierteln gebaut wurden, waren ein Spiegel dieser neuen Gesellschaft. Unternehmer, Freiberufler, Angestellte und Arbeiter mit politischem Stimmrecht entwickelten andere Bed\u00fcrfnisse als Untertanen ohne dieses Recht. Ab den 1870er Jahren entstand in Innsbruck ein modernes Banksystem. Die Kreditinstitute wie die 1821 gegr\u00fcndete Sparkasse oder die Kreditanstalt, deren 1910 errichtetes Geb\u00e4ude bis heute wie ein kleiner Palast in der Maria-Theresien-Stra\u00dfe thront, erm\u00f6glichten nicht nur die Aufnahme von Krediten, sondern traten auch selbst als Bauherren auf. Die Zinsh\u00e4user die entstanden, erm\u00f6glichten auch Nicht-Wohnungseigent\u00fcmern ein modernes Leben. Anders als im l\u00e4ndlichen Bereich Tirols, wo Bauernfamilien samt Knechten und M\u00e4gden in Bauernh\u00e4usern im Verbund einer Sippschaft lebten, kam das Leben in der Stadt dem Familienleben, das wir heute kennen, nahe. Der Wohnraum musste dem entsprechen. Der Lifestyle der St\u00e4dter verlangte nach Mehrzimmerwohnungen und freien Fl\u00e4chen zur Erholung nach der Arbeitszeit. Das wohlhabende B\u00fcrgertum bestehend aus Unternehmern und Freiberuflern hatte den Adel zwar noch nicht \u00fcberholt, den Abstand aber verringert. Sie waren es, die nicht nur private Bauprojekte beauftragten, sondern \u00fcber ihre Stellung im Gemeinderat auch \u00fcber \u00f6ffentliche Bauten entschieden.<\/p>\n<p>Die 40 Jahre vor dem Ersten Weltkrieg waren f\u00fcr Baufirmen, Handwerker, Baumeister und Architekten eine Art Goldgr\u00e4berzeit. Die Geb\u00e4ude spiegelten die Weltanschauung ihrer Bauherren wider. Baumeister vereinten dabei mehrere Rollen und ersetzten oft den Architekten. Die meisten Kunden hatten sehr klare Vorstellungen, was sie wollten. Es sollten keine atemberaubenden Neukreationen sein, sondern Kopien und Anlehnungen an bestehende Geb\u00e4ude. Ganz im Geist der Zeit entwarfen die Innsbrucker Baumeister nach dem Wunsch der finanziell potenten Auftraggeber die Geb\u00e4ude in den Stilen des Historismus und des Klassizismus sowie des Tiroler Heimatstils. Die Wahl des Stils der beim Bau des Eigenheimes zur Anwendung kam, war oft nicht nur optisches, sondern auch ideologisches Statement des Bauherrn. Liberale bevorzugten meist den Klassizismus, Konservative waren dem Tiroler Heimatstil zugetan. W\u00e4hrend der Heimatstil sich neobarock und mit vielen Malereien zeigte, waren klare Formen, Statuen und S\u00e4ulen stilpr\u00e4gende Elemente bei der Anlage neuer Geb\u00e4ude des Klassizismus. In einem teils w\u00fcsten Stilmix wurden die Vorstellungen, die Menschen vom klassischen Griechenland und dem antiken Rom hatten, verwirklicht. Nicht nur Bahnh\u00f6fe und \u00f6ffentliche Geb\u00e4ude, auch gro\u00dfe Mietsh\u00e4user und ganze Stra\u00dfenz\u00fcge, sogar Kirchen und Friedh\u00f6fe entstanden entlang der alten Flurwege in diesem Design. Das gehobene B\u00fcrgertum zeigte sein Faible f\u00fcr die Antike mit neoklassizistischen Fassaden. Katholische Traditionalisten lie\u00dfen Heiligenbilder und Darstellungen der Landesgeschichte Tirols in Wandmalereien auf ihren Heimatstilh\u00e4usern anfertigen. W\u00e4hrend im Saggen und Wilten der Neoklassizismus dominiert, finden sich in Pradl Gro\u00dfteils Geb\u00e4ude im konservativen Heimatstil.<\/p>\n<p>Viele Bauexperten r\u00fcmpften lange Zeit die Nase \u00fcber die Bauten der Empork\u00f6mmlinge und Neureichen. Heinrich Hammer schrieb in seinem Standardwerk \u201e<em>Kunstgeschichte der Stadt Innsbruck<\/em>\u201c:<\/p>\n<p><em>\u201eSchon diese erste rasche Erweiterung der Stadt fiel nun freilich in jene bauk\u00fcnstlerisch unfruchtbare Epoche, in der die Architektur, statt eine selbstst\u00e4ndige, zeiteigene Bauweise auszudenken, der Reihe nach die Baustile der Vergangenheit wiederholte.\u201c<\/em><\/p>\n<p>Die Zeit der gro\u00dfen Villen, die die Adelsansitze vergangener Tage mit b\u00fcrgerlicher Note nachahmten, kam mangels Platzgr\u00fcnden nach einigen wilden Jahrzehnten an ihr Ende. Eine weitere Bebauung des Stadtgebietes mit Einzelh\u00e4usern war nicht mehr m\u00f6glich, zu eng war der Platz geworden. Der Bereich Falkstra\u00dfe \/ G\u00e4nsbachstra\u00dfe \/ Bienerstra\u00dfe gilt bis heute als <em>Villensaggen<\/em>, die Gebiete \u00f6stlich als <em>Blocksaggen<\/em>. In Wilten und Pradl kam es zu dieser Art der Bebauung gar nicht erst gar nicht. Trotzdem versiegelten Baumeister im Goldrausch immer mehr Boden. Albert Gruber hielt zu diesem Wachstum 1907 eine mahnende Rede, in der er vor Wildwuchs in der Stadtplanung und Bodenspekulation warnte.<\/p>\n<p><em>\u201eEs ist die schwierigste und verantwortungsvollste Aufgabe, welche unsere Stadtv\u00e4ter trifft. Bis zu den 80er Jahren (Anm.: 1880), sagen wir im Hinblick auf unsere Verh\u00e4ltnisse, ist noch ein gewisses langsames Tempo in der Stadterweiterung eingehalten worden. Seit den letzten 10 Jahren jedoch, kann man sagen, erweitern sich die St\u00e4dtebilder ungeheuer rasch. Es werden alte H\u00e4user niedergerissen und neue an ihrer Stelle gesetzt. Nat\u00fcrlich, wenn dieses Niederrei\u00dfen und Aufbauen planlos, ohne jede \u00dcberlegung, nur zum Vorteil des einzelnen Individuums getrieben wird, dann entstehen zumeist Ungl\u00fccke, sogenannte architektonische Verbrechen. Um solche planlose, der Allgemeinheit nicht zum Frommen und Nutzen gereichende Bauten zu verh\u00fcten, mu\u00df jede Stadt daf\u00fcr sorgen, da\u00df nicht der Einzelne machen kann, was er will: es mu\u00df die Stadt dem schrankenlosen Spekulantentum auf dem Gebiete der Stadterweiterung eine Grenze setzen. Hierher geh\u00f6rt vor allem die Bodenspekulation.\u201c<\/em><\/p>\n<p>Eine Handvoll Baumeister und das Bauamt Innsbruck begleiteten diese Entwicklung in Innsbruck. Bezeichnet man Wilhelm Greil als B\u00fcrgermeister der Erweiterung, verdient der geb\u00fcrtige Wiener Eduard Klingler (1861 \u2013 1916) wohl den Titel als deren Architekt. Klingler pr\u00e4gte das Stadtbild Innsbrucks in seiner Funktion als Beamter und Baumeister wesentlich mit. 1883 begann er f\u00fcr das Land Tirol zu arbeiten. 1889 trat er zum st\u00e4dtischen Bauamt \u00fcber, das er ab 1902 leitete.\u00a0 In Innsbruck gehen unter anderem die Handelsakademie, die Leitgebschule, der Friedhof Pradl, die Dermatologische Klinik im Klinikareal, der St\u00e4dtische Kindergarten in der Michael-Gaismair-Stra\u00dfe, die <em>Trainkaserne<\/em> (Anm.: heute ein Wohnhaus), die Markthalle und das Tiroler Landeskonservatorium auf Klinglers Konto als Leiter des Bauamtes. Ein sehenswertes Geb\u00e4ude im Heimatstil nach seinem Entwurf ist das Ulrichhaus am Berg Isel, das heute den Alt-Kaiserj\u00e4ger-Club beheimatet.<\/p>\n<p>Das bedeutendste Innsbrucker Baub\u00fcro war <em>Johann Huter &amp; S\u00f6hne<\/em>. Johann Huter \u00fcbernahm die Ziegelei seines Vaters. 1856 erwarb er das erste Firmengel\u00e4nde, die <em>Hutergr\u00fcnde<\/em>, am Innrain. Drei Jahre sp\u00e4ter entstand in der Meranerstra\u00dfe der erste repr\u00e4sentative Hauptsitz. Die Firmeneintragung gemeinsam mit seinen S\u00f6hnen Josef und Peter stellte 1860 den offiziellen Startschuss des bis heute existierenden Unternehmens dar. <em>Huter &amp; S\u00f6hne<\/em> verstand sich wie viele seiner Konkurrenten als kompletter Dienstleister. Eine eigene Ziegelei, eine Zementfabrik, eine Tischlerei und eine Schlosserei geh\u00f6rten ebenso zum Unternehmen wie das Planungsb\u00fcro und die eigentliche Baufirma. 1906\/07 errichteten die Huters ihren eigenen Firmensitz in der Kaiser-Josef-Stra\u00dfe 15 im typischen Stil der letzten Vorkriegsjahre. Das herrschaftliche Haus vereint den Tiroler Heimatstil umgeben von Garten und Natur mit neogotischen und neoromanischen Elementen. Bekannte von <em>Huter &amp; S\u00f6hne<\/em> errichtete Geb\u00e4ude in Innsbruck sind das Kloster der Ewigen Anbetung, die Pfarrkirche St. Nikolaus, das erste Geb\u00e4ude der neuen Klinik und mehrere Geb\u00e4ude am Claudiaplatz. Kurz vor Ausbruch des ersten Weltkriegs besch\u00e4ftigte die Baufirma mehr als 700 Personen.<\/p>\n<p>Der zweite gro\u00dfe Player war Josef Retter (1872 \u2013 1954). Der geb\u00fcrtige Nieder\u00f6sterreicher mit Tiroler Wurzeln absolvierte eine Maurerlehre bevor er die <em>k.k. Staatsgewerbeschule<\/em> in Wien und die Werkmeisterschule der baugewerblichen Abteilung besuchte. Nach Berufserfahrungen \u00fcber das Gebiet der Donaumonarchie verteilt in Wien, Kroatien und Bozen konnte er dank der Mitgift seiner Ehefrau im Alter von 29 Jahren seine eigene Baufirma mit Sitz in Innsbruck er\u00f6ffnen. Wie Huter beinhaltete auch sein Unternehmen ein S\u00e4gewerk, ein Sand- und Schotterwerk und eine Werkstatt f\u00fcr Steinmetzarbeiten. 1904 er\u00f6ffnete er in der Sch\u00f6pfstra\u00dfe 23a seine Wohn- und B\u00fcrogeb\u00e4ude, das bis heute als <em>Retterhaus<\/em> bekannt ist. Der neugotische, dunkle Bau mit dem markanten Erker mit S\u00e4ulen und einem T\u00fcrmchen wird von einem sehenswerten Mosaik, die eine Allegorie der Architektur darstellt, geschm\u00fcckt. Das Giebelrelief zeigt die Verbindung von Kunst und Handwerk, einem Symbol f\u00fcr den Werdegang Retters. Sein Unternehmen pr\u00e4gte vor allem Wilten und den Saggen. Mit einem Neubau des Akademischen Gymnasiums, dem burg\u00e4hnlichen Schulgeb\u00e4ude f\u00fcr die Handelsakademie, der Evangelischen Christuskirche im Saggen, dem Zelgerhaus in der Anichstra\u00dfe, der Sonnenburg in Wilten und dem neugotischen Schloss Mentlberg am Sieglanger realisierte er viele der bedeutendsten Geb\u00e4ude dieser Epoche in Innsbruck.<\/p>\n<p>Sp\u00e4tberufen aber mit einem \u00e4hnlich praxisorientieren Hintergrund, der typisch f\u00fcr die Baumeister des 19. Jahrhunderts war, startete Anton Fritz 1888 sein Baub\u00fcro. Er wuchs abgelegen in Graun im Vinschgau auf. Nach Stationen als Polier, Stuckateur und Maurer beschloss er mit 36 Jahren die Gewerbeschule in Innsbruck zu besuchen. Talent und Gl\u00fcck bescherten ihm mit der Villa im Landhausstil in der Karmelitergasse 12 seinen Durchbruch als Planer. Seine Baufirma besch\u00e4ftigte zur Bl\u00fctezeit 150 Personen. 1912, kurz vor dem Ausbruch des Ersten Weltkriegs und dem damit einhergehenden Einbruch der Baubranche, \u00fcbergab er sein Unternehmen an seinen Sohn Adalbert. Das eigene Wohnhaus in der M\u00fcllerstra\u00dfe 4, das Haus Mader in der Glasmalereistra\u00dfe sowie H\u00e4user am Claudiaplatz und dem Sonnenburgplatz z\u00e4hlen zu den Hinterlassenschaften von Anton Fritz.<\/p>\n<p>Mit Carl Kohnle, Carl Albert, Karl Lubomirski und Simon Tommasi hatte Innsbruck weitere Baumeister, die sich mit typischen Geb\u00e4uden des sp\u00e4ten 19. Jahrhunderts im Stadtbild verewigten. Sie alle lie\u00dfen Innsbrucks neue Stra\u00dfenz\u00fcge im architektonisch vorherrschenden Zeitgeist der letzten 30 Jahre der Donaumonarchie erstrahlen. Wohnh\u00e4user, Bahnh\u00f6fe, Amtsgeb\u00e4ude und Kirchen im Riesenreich zwischen der Ukraine und Tirol schauten sich fl\u00e4chendeckend \u00e4hnlich. Nur z\u00f6gerlich kamen neue Str\u00f6mungen wie der Jugendstil auf. In Innsbruck war es der M\u00fcnchner Architekt Josef Bachmann, der mit der Neugestaltung der Fassade des Winklerhauses einen neuen Akzent in der b\u00fcrgerlichen Gestaltung setzte. Mit dem Beginn des Ersten Weltkrieges setzte die Baut\u00e4tigkeit aus. Nach dem Krieg war die Zeit des neoklassizistischen Historismus und Heimatstils endg\u00fcltig Geschichte. Die Zeiten waren karger und die Anforderungen an Wohnbau hatte sich ge\u00e4ndert. Wichtiger als eine repr\u00e4sentative Fassade und gro\u00dfe, herrschaftliche R\u00e4ume wurden in der Zeit der Wohnungsnot der kargen, jungen Republik Deutsch\u00f6sterreich leistbarer Wohnraum und moderne Ausstattung mit sanit\u00e4ren Anlagen. Auch die professionellere Ausbildung der Baumeister und Architekten an der k.k. Staatsgewerbeschule trug ihren Teil zu einem neuen Verst\u00e4ndnis des Bauwesens bei als sie die oftmals autodidaktischen Veteranen der Goldgr\u00e4berzeit des Klassizismus hatten. Spazierg\u00e4nge im Saggen und in Teilen von Wilten und Pradl versetzen bis heute zur\u00fcck in die <em>Gr\u00fcnderzeit<\/em>. Der Claudiaplatz und der Sonnenburgplatz z\u00e4hlen zu den eindr\u00fccklichsten Beispielen. Die Baufirma <em>Huter und S\u00f6hne<\/em> existiert bis heute. Das Unternehmen ist mittlerweile im Sieglanger in der Josef-Franz-Huter-Stra\u00dfe, benannt nach dem Firmengr\u00fcnder. Das Wohnhaus in der Kaiser-Josef-Stra\u00dfe tr\u00e4gt zwar nicht mehr den Schriftzug der Firma, ist aber in seiner Opulenz noch immer ein sehenswertes Relikt dieser Zeit, die Innsbrucks \u00c4u\u00dferes f\u00fcr immer ver\u00e4nderte. Neben seinem Wohnhaus in der Sch\u00f6pfstra\u00dfe beherbergt Wilten ein zweites Geb\u00e4ude der Familie Retter. Am Innrain gegen\u00fcber der Uni befindet sich die <em>Villa Retter<\/em>. Josef Retters \u00e4lteste Tochter Maria Josefa, die selbst bei der Reformp\u00e4dagogin Maria Montessori erzogen wurde, er\u00f6ffnete 1932 das erst \u201e<em>Haus des Kindes<\/em>\u201c Innsbrucks. \u00dcber dem Eingang zeigt ein Portrait den M\u00e4zen Josef Retter, die S\u00fcdfassade schm\u00fcckt ein Mosaik im typischen Stil der 1930er Jahre, das auf den urspr\u00fcnglichen Zweck des Geb\u00e4udes hinweist. Ein l\u00e4chelndes, blondes M\u00e4dchen umarmt seine Mutter, die ein Buch in der Hand hat, und seinen Vater, der einen Hammer tr\u00e4gt. Auch die kleine Grabkapelle am Westfriedhof, die als Familiengrabst\u00e4tte der Retters fungiert, ist eine sehenswerte Hinterlassenschaft dieser f\u00fcr Innsbruck bedeutenden Familie.<\/p>\n<p>[\/et_pb_toggle][et_pb_toggle title=&#8220;Eine Republik entsteht&#8220; open_toggle_text_color=&#8220;#e09900&#8243; open_toggle_background_color=&#8220;#ffffff&#8220; closed_toggle_text_color=&#8220;#e09900&#8243; closed_toggle_background_color=&#8220;#ffffff&#8220; icon_color=&#8220;#e09900&#8243; open_icon_color=&#8220;#e09900&#8243; admin_label=&#8220;Eine Erste Republik entsteht&#8220; _builder_version=&#8220;4.27.4&#8243; _module_preset=&#8220;default&#8220; title_text_color=&#8220;#e09900&#8243; title_font_size=&#8220;18px&#8220; border_radii=&#8220;on|5px|5px|5px|5px&#8220; box_shadow_style=&#8220;preset1&#8243; global_module=&#8220;62863&#8243; saved_tabs=&#8220;all&#8220; global_colors_info=&#8220;{}&#8220;]<\/p>\n<p>Kaum eine Epoche ist schwerer zu fassen als die Zwischenkriegszeit. Die <em>Roaring Twenties<\/em>, Jazz und Automobile kommen einem ebenso in den Sinn wie Inflation und Wirtschaftskrise. In Gro\u00dfst\u00e4dten wie Berlin geb\u00e4rdeten sich junge Damen als <em>Flappers<\/em> mit Bubikopf, Zigarette und kurzen R\u00f6cken zu den neuen Kl\u00e4ngen lasziv, Innsbrucks Bev\u00f6lkerung geh\u00f6rte als Teil der jungen Republik \u00d6sterreich zum gr\u00f6\u00dften Teil zur Fraktion Armut, Wirtschaftskrise und politischer Polarisierung. Schon die Ausrufung der Republik am Parlament in Wien vor \u00fcber 100.000 mehr oder minder begeisterten, vor allem aber verunsicherten Menschen verlief mit Tumulten, Schie\u00dfereien, zwei Toten und 40 Verletzten alles andere als reibungsfrei. Wie es nach dem Ende der Monarchie und dem Wegfall eines gro\u00dfen Teils des Staatsterritoriums weitergehen sollte, wusste niemand. Das neue \u00d6sterreich erschien zu klein und nicht lebensf\u00e4hig. Der Beamtenstaat des k.u.k. Reiches setzte sich nahtlos unter neuer Fahne und Namen durch. Die Bundesl\u00e4nder als Nachfolger der alten Kronl\u00e4nder erhielten in der Verfassung im Rahmen des F\u00f6deralismus viel Spielraum in Gesetzgebung und Verwaltung. Die Begeisterung f\u00fcr den neuen Staat hielt sich aber in der Bev\u00f6lkerung in Grenzen. Nicht nur, dass die Versorgungslage nach dem Wegfall des allergr\u00f6\u00dften Teils des ehemaligen Riesenreiches der Habsburger miserabel war, die Menschen misstrauten dem Grundgedanken der Republik. Die Monarchie war nicht perfekt gewesen, mit dem Gedanken von Demokratie konnten aber nur die allerwenigsten etwas anfangen. Anstatt Untertan des Kaisers war man nun zwar B\u00fcrger, allerdings nur B\u00fcrger eines Zwergstaates mit \u00fcberdimensionierter und in den Bundesl\u00e4ndern wenig geliebter Hauptstadt anstatt eines gro\u00dfen Reiches. In den ehemaligen Kronl\u00e4ndern, die zum gro\u00dfen Teil christlich-sozial regiert wurden, sprach man gerne vom <em>Wiener Wasserkopf<\/em>, der sich mit den Ertr\u00e4gen der flei\u00dfigen Landbev\u00f6lkerung durchf\u00fcttern lie\u00df.<\/p>\n<p>Auch andere Bundesl\u00e4nder spielten mit dem Gedanken, sich von der Republik abzukoppeln, nachdem der von allen Parteien unterst\u00fctzte Plan sich Deutschland anzuschlie\u00dfen von den Siegerm\u00e4chten des Ersten Weltkriegs untersagt worden war. Die Tiroler Pl\u00e4ne allerdings waren besonders spektakul\u00e4r. Von einem neutralen Alpenstaat mit anderen Bundesl\u00e4ndern, einem Freistaat bestehend aus Tirol und Bayern oder von Kufstein bis Salurn, einem Anschluss an die Schweiz bis hin zu einem katholischen Kirchenstaat unter p\u00e4pstlicher F\u00fchrung gab es viele \u00dcberlegungen. Besonders popul\u00e4r war die naheliegendste L\u00f6sung. In Tirol war es nicht neu, sich als Deutscher zu f\u00fchlen. Warum sich also nicht auch politisch an den gro\u00dfen Bruder im Norden anh\u00e4ngen? Besonders unter st\u00e4dtischen Eliten und Studenten war dieser Wunsch sehr ausgepr\u00e4gt. Der Anschluss an Deutschland erhielt in Tirol bei einer Abstimmung in Tirol einen Zuspruch von 98%, kam aber nie zustande.<\/p>\n<p>Anstatt ein Teil Deutschlands zu werden, unterstand man den ungeliebten <em>Wallschen<\/em>. Knapp zwei Jahre lang besetzten italienische Truppen nach Kriegsende Innsbruck. Bei den Friedensverhandlungen in Paris war wurde der Brenner zur neuen Grenze erkl\u00e4rt. Das historische Tirol war zweigeteilt. Am Brenner stand Milit\u00e4r, um eine Grenze zu sichern, die es vorher nie gab und als unnat\u00fcrlich und ungerecht empfunden wurde. 1924 beschloss der Innsbrucker Gemeinderat, Pl\u00e4tze und Stra\u00dfen rund um den Hauptbahnhof nach S\u00fcdtiroler St\u00e4dten zu benennen. Der Bozner Platz sowie die Brixner- und die Salurnerstra\u00dfe tragen ihre Namen bis heute. Viele Menschen zu beiden Seiten des Brenners f\u00fchlten sich verraten. Man hatte den Krieg zwar bei Weitem nicht gewonnen, als Verlierer gegen\u00fcber Italien sah man sich aber nicht. Der Hass auf Italiener erreichte in der Zwischenkriegszeit seinen H\u00f6hepunkt, auch wenn die Besatzungstruppen sich betont milde gab. Eine Passage aus dem Erz\u00e4hlband \u201e<em>Die Front \u00fcber den Gipfeln<\/em>\u201c des nationalsozialistischen Autors Karl Springenschmid aus den 1930ern spiegelt die allgemeine Stimmung wider:<\/p>\n<p><em>\u201e`Walsch (Anm.:Italienisch) werden, das w\u00e4r das \u00c4rgste!` sagt die Junge. <\/em><\/p>\n<p><em>Da nickt der alte Tappeiner blo\u00df und schimpft: `Wei\u00df wohl selber und wir wissen es alle: Walsch werden, das w\u00e4r das \u00c4rgste.\u201c<\/em><\/p>\n<p>Ungemach drohte auch in der Innenpolitik. Die Revolution in Russland und der darauffolgende B\u00fcrgerkrieg mit Millionen von Todesopfern, Enteignung und kompletter Systemumkehr warf ihren langen Schatten bis nach \u00d6sterreich. Die Aussicht auf <em>sowjetische Zust\u00e4nde<\/em> machte den Menschen Angst. \u00d6sterreich war tief gespalten. Hauptstadt und Bundesl\u00e4nder, Stadt und Land, B\u00fcrger, Arbeiter und Bauern \u2013 im Vakuum der ersten Nachkriegsjahre wollte jede Gruppe die Zukunft nach ihren Vorstellungen gestalten. Die Kulturk\u00e4mpfe der sp\u00e4ten Monarchie zwischen Konservativen, Liberalen und Sozialisten setzte sich nahtlos fort. Die Kluft bestand nicht nur auf politischer Ebene. Moral, Familie, Freizeitgestaltung, Erziehung, Glaube, Rechtsverst\u00e4ndnis \u2013 jeder Lebensbereich war betroffen. Wer sollte regieren? Wie sollten Verm\u00f6gen, Rechte und Pflichten verteilt werden. Ein kommunistischer Umsturz war besonders in Tirol keine reale Gefahr, lie\u00df sich aber medial gut als Bedrohung instrumentalisieren, um die Sozialdemokratie in Verruf zu bringen. 1919 hatte sich in Innsbruck zwar ein <em>Arbeiter-, Bauer- und Soldatenrat <\/em>nach sowjetischem Vorbild ausgerufen, sein Einfluss blieb aber gering und wurde von keiner Partei unterst\u00fctzt. Ab 1920 bildeten sich offiziell sogenannten Soldatenr\u00e4te, die aber christlich-sozial dominiert waren. Das b\u00e4uerliche und b\u00fcrgerliche Lager rechts der Mitte militarisierte sich mit der <em>Tiroler Heimatwehr<\/em> professioneller und konnte sich \u00fcber st\u00e4rkeren Zulauf freuen als linke Gruppen, auch dank kirchlicher Unterst\u00fctzung. Die Sozialdemokratie wurde von den Kirchkanzeln herab und in konservativen Medien als <em>Judenpartei<\/em> und heimatlose Vaterlandsverr\u00e4ter bezeichnet. Allzu gerne gab man ihnen die Schuld am verlorenen Krieg und den Folgen gab. Der Tiroler Anzeiger brachte die Volks\u00e4ngste auf den Punkt: <em>\u201cWehe dem christlichen Volke, wenn bei den Wahlen die Juden=Sozi siegen!\u201c<\/em>.<\/p>\n<p>Der Innsbrucker Gemeinderat umfasste mit der neuen Gemeinderatsordnung, die das allgemeine Wahlrecht aller Erwachsenen vorsah, von 1919 40 Mitglieder. Von 24.644 zur Wahlurne gerufenen B\u00fcrgern machten unglaubliche 24.060 von ihrem Wahlrecht Gebrauch. Bereits im ersten Gemeinderat mit freien Wahlen waren drei Frauen vertreten. W\u00e4hrend in den l\u00e4ndlichen Bezirken die <em>Tiroler Volkspartei<\/em> als Zusammenschluss aus <em>Bauernbund<\/em>, <em>Volksverein<\/em> und <em>Katholischer Arbeiterschaft<\/em> dominierte, konnte die Sozialdemokratie unter der F\u00fchrung von Martin Rapoldi trotz des starken Gegenwindes in Innsbruck bei den ersten Wahlen 1919 stets zwischen 30 und 50% der Stimmen erringen. Dass es mit dem B\u00fcrgermeistersessel f\u00fcr die Sozialdemokraten nicht klappte, lag an den Mehrheiten im Gemeinderat durch B\u00fcndnisse der anderen Parteien. Liberale und <em>Tiroler Volkspartei<\/em> stand der Sozialdemokratie gegen\u00fcber mindestens so ablehnend gegen\u00fcber wie der Bundeshauptstadt Wien und den italienischen Besatzern.<\/p>\n<p>Die hohe Politik war aber nur der Rahmen des eigentlichen Elends. Die als <em>Spanische Grippe<\/em> in die Geschichte eingegangene Epidemie forderte in den Jahren nach dem Krieg auch in Innsbruck ihren Tribut. Genaue Zahlen wurden nicht erfasst, weltweit sch\u00e4tzt man die Zahl der Todesopfer auf 27 \u2013 50 Millionen. In Innsbruck sollen es in der Bl\u00fctezeit der Spanischen Grippe um die 100 Opfer t\u00e4glich gewesen sein, die der Krankheit zum Opfer fielen. Viele Innsbrucker waren von den Schlachtfeldern nicht nach Hause zur\u00fcckgekehrt und fehlten als V\u00e4ter, Ehem\u00e4nner und Arbeitskr\u00e4fte. Viele von denen, die es zur\u00fcckgeschafft hatten, waren verwundet und von den Kriegsgr\u00e4ueln gezeichnet. Noch im Februar 1920 veranstaltete der \u201e<em>Tiroler Ausschuss der Sibirier\u201c<\/em> im <em>Gasthof Brein\u00f6\u00dfl<\/em> <em>\u201e\u2026zu Gunsten des Fondes zur Heimbef\u00f6rderung unserer Kriegsgefangenen\u2026<\/em>\u201c einen Benefizabend. Noch lange nach dem Krieg bedurfte das Land Tirol Hilfe von ausw\u00e4rts, um die Bev\u00f6lkerung zu ern\u00e4hren. Unter der \u00dcberschrift \u201e<em>Erhebliche Ausdehnung der amerikanischen Kinderhilfsaktion in Tirol<\/em>\u201c stand am 9. April 1921 in den <em>Innsbrucker Nachrichten<\/em> zu lesen: \u201e<em>Den Bed\u00fcrfnissen des Landes Tirol Rechnung tragend, haben die amerikanischen Vertreter f\u00fcr Oesterreich in hochherzigster Weise die t\u00e4gliche Mahlzeitenanzahl auf 18.000 Portionen erh\u00f6ht<\/em>.\u201c<\/p>\n<p>Dazu kam die Arbeitslosigkeit. Vor allem Beamte und Mitarbeiter im \u00f6ffentlichen Dienst, hatten ihre Arbeit verloren, nachdem der V\u00f6lkerbund seine Anleihe an herbe Sparma\u00dfnahmen gekn\u00fcpft hatte. Die Geh\u00e4lter im \u00f6ffentlichen Dienst wurden gek\u00fcrzt. Es kam immer wieder zu Streiks. Der Tourismus als Wirtschaftsfaktor war ob der Probleme in den umliegenden, vom Krieg ebenfalls gebeutelten L\u00e4ndern inexistent. Die vor dem Krieg boomende Baubranche brach komplett ein. Innsbrucks gr\u00f6\u00dfte Firme <em>Huter &amp; S\u00f6hne<\/em> hatte 1913 \u00fcber 700 Mitarbeiter, am H\u00f6hepunkt der Wirtschaftskrise 1933 waren es nur noch 18. Der Mittelstand brach zu einem guten Teil zusammen. Der durchschnittliche Innsbrucker war mittellos und mangelern\u00e4hrt. Oft konnten nicht mehr als 800 Kalorien pro Tag zusammengekratzt werden. Die Kriminalit\u00e4tsrate war in diesem Klima der Armut h\u00f6her als je zuvor. Viele Menschen verloren ihre Bleibe. 1922 waren in Innsbruck 3000 Familien auf Wohnungssuche trotz eines st\u00e4dtischen Notwohnungsprogrammes, das bereits mehrere Jahre in Kraft war. In alle verf\u00fcgbaren Objekte wurden Wohnungen gebaut. Am 11. Februar 1921 fand sich in einer langen Liste in den <em>Innsbrucker Nachrichten<\/em> \u00fcber die einzelnen Projekte, die betrieben wurden unter anderem dieser Posten:<\/p>\n<p>\u201e<em>Das st\u00e4dtische Krankenhaus hat die Seuchenbaracke in Pradl aufgelassen und der Stadtgemeinde zur Herstellung von Notwohnungen zur Verf\u00fcgung gestellt. Zur Errichtung von 7 Notwohnungen wurde der erforderliche Kredit von 295 K (Anm.: Kronen) bewilligt.<\/em>\u201c<\/p>\n<p>In den ersten Jahren passierte nur sehr wenig. Dann erwachte die Politik aus ihrer Lethargie. Die Krone, ein Relikt aus der Monarchie, wurde 1m 1. Januar 1925 vom Schilling als offizielle W\u00e4hrung \u00d6sterreichs abgel\u00f6st. Die alte W\u00e4hrung hatte gegen\u00fcber dem Dollar zwischen 1918 und 1922 mehr als 95% ihres Wertes respektive dem Wechselkurses vor dem Krieg verloren. Innsbruck begann, wie viele andere \u00f6sterreichische Gemeinden, eigenes Geld zu drucken. Die Menge des Geldes, das im Umlauf war, stieg zwischen 1920 und 1922 von 12 Milliarden Kronen auf \u00fcber 3 Billionen Kronen an. Eine epochale Inflation war die Folge davon.<\/p>\n<p>Mit der W\u00e4hrungssanierung nach der V\u00f6lkerbundanleihe unter Kanzler Ignaz Seipel rappelten sich aber nicht nur Banken und B\u00fcrger auf, auch die Bauauftr\u00e4ge der \u00f6ffentlichen Hand nahmen wieder zu. Innsbruck modernisierte sich. Es trat das ein, was Wirtschaftswissenschaftler eine Scheinbl\u00fcte nennen. Diese kurzzeitige, wirtschaftliche Erholung war eine <em>Bubble,<\/em> bescherte der Stadt Innsbruck aber gro\u00dfe Projekte wie das Tivoli, das St\u00e4dtische Hallenbad, die H\u00f6henstra\u00dfe auf die Hungerburg, die Bergbahnen auf den Berg Isel und die Nordkette, neue Schulen und Wohnbl\u00f6cke. Die Stadt kaufte den Achensee und errichtete als Hauptaktion\u00e4r der TIWAG das Kraftwerk in Jenbach. In der Reichenau entstand 1925 der erste Flughafen, der Innsbruck 65 Jahre nach der Er\u00f6ffnung der Bahnlinie auch in den Luftverkehr involvierte. 1930 verband die Universit\u00e4tsbr\u00fccke die Klinik in Wilten und die H\u00f6ttinger Au. An der Sill entstanden die Pembaurbr\u00fccke und die Prinz-Eugen-Br\u00fccke. Die Handschrift der neuen, gro\u00dfen Massenparteien in der Gestaltung dieser Projekte ist dabei nicht zu \u00fcbersehen.<\/p>\n<p>Die erste Republik war eine schwere Geburt aus den \u00dcberbleibseln der einstigen Monarchie und sie sollte nicht lange halten. Trotz der Nachkriegsprobleme passierte in der Ersten Republik aber auch viel Positives. Aus Untertanen wurden B\u00fcrger. Was in der Zeit Maria Theresias begann, wurde nun unter neuen Vorzeichen weitergef\u00fchrt. Der Wechsel vom Untertanen zum B\u00fcrger zeichnete sich nicht nur durch ein neues Wahlrecht, sondern vor allem durch die verst\u00e4rkte Obsorge des Staates aus. Staatliche Regelungen, Schulen, Kinderg\u00e4rten, Arbeits\u00e4mter, Krankenh\u00e4user und st\u00e4dtische Wohnanlagen traten an die Stelle des Wohlwollens des Grundherrn, Landesf\u00fcrsten, wohlhabender B\u00fcrger, der Monarchie und der Kirche.<\/p>\n<p>Bis heute basiert vieles im \u00f6sterreichischen Staatswesen sowie im Innsbrucker Stadtbild und der Infrastruktur auf dem, was nach dem Zusammenbruch der Monarchie entstanden war. In Innsbruck gibt es keine bewussten Erinnerungsorte an die Entstehung der Ersten Republik in \u00d6sterreich. Die denkmalgesch\u00fctzten Wohnanlagen wie der <em>Schlachthofblock<\/em>, der <em>Pembaurblock<\/em> oder der <em>Mandelsbergerblock<\/em> oder die <em>Pembaurschule<\/em> sind Stein gewordene Zeitzeugen. Der Weltspartag erinnert seit 1925 allj\u00e4hrlich an die Einf\u00fchrung des Schillings. Kinder und Erwachsene sollten zum verantwortungsvollen Umgang mit Geld erzogen werden.<\/p>\n<p>[\/et_pb_toggle][et_pb_toggle title=&#8220;Die Bocksiedlung und der Austrofaschismus&#8220; open_toggle_text_color=&#8220;#e09900&#8243; open_toggle_background_color=&#8220;#ffffff&#8220; closed_toggle_text_color=&#8220;#e09900&#8243; closed_toggle_background_color=&#8220;#ffffff&#8220; icon_color=&#8220;#e09900&#8243; open_icon_color=&#8220;#e09900&#8243; admin_label=&#8220;Die Bocksiedlung und der Austrofaschismus&#8220; _builder_version=&#8220;4.27.4&#8243; _module_preset=&#8220;default&#8220; title_text_color=&#8220;#e09900&#8243; title_font_size=&#8220;18px&#8220; border_radii=&#8220;on|5px|5px|5px|5px&#8220; box_shadow_style=&#8220;preset1&#8243; global_module=&#8220;53753&#8243; saved_tabs=&#8220;all&#8220; global_colors_info=&#8220;{}&#8220;]<\/p>\n<p>Politische Polarisierung pr\u00e4gte neben Hunger das Leben der Menschen in den 1920er und 1930er Jahren. Der Zusammenbruch der Monarchie hatte zwar eine Republik hervorgebracht, die beiden gro\u00dfen Volksparteien, die Sozialdemokraten und die Christlichsozialen, standen sich aber feindselig wie zwei Skorpione gegen\u00fcber. Beide Parteien bauten paramilit\u00e4rische Bl\u00f6cke auf, um die politische Agenda notfalls auf der Stra\u00dfe mit Gewalt zu untermauern. Der <em>Republikanische Schutzbund<\/em> auf Seiten der Sozialdemokraten und verschiedene christlich-sozial oder gar monarchistisch orientierte <em>Heimwehren<\/em>, der Einfachheit halber sollen die unterschiedlichen Gruppen unter diesem Sammelbegriff zusammengefasst werden, belauerten sich wie B\u00fcrgerkriegsparteien. Viele Politiker und Funktion\u00e4re beider Seiten hatten im Krieg an der Front gek\u00e4mpft und waren dementsprechend militarisiert. Die <em>Tiroler Heimatwehr<\/em> konnte im l\u00e4ndlichen Tirol dank der Unterst\u00fctzung der katholischen Kirche auf bessere Infrastruktur und politisches Netzwerk zur\u00fcckgreifen. Am 12. November 1928, dem zehnten Jahrestag der Gr\u00fcndung der Republik, marschierten am Ersten gesamt\u00f6sterreichischen Heimwehraufmarsch 18.000 Heimatwehrm\u00e4nner durch die Stadt, um ihre \u00dcberlegenheit am h\u00f6chsten Feiertag der heimischen Sozialdemokratien zu untermauern. Als Mannschaftsquartier der steirischen Truppen diente unter anderem das Stift Wilten. \u00a0<\/p>\n<p>Ab 1930 zeigte auch die NSDAP immer mehr Pr\u00e4senz im \u00f6ffentlichen Raum. Besonders unter Studenten und jungen, desillusionierten Arbeitern konnte sie Anh\u00e4nger gewinnen. 1932 z\u00e4hlte die Partei bereits 2500 Mitglieder in Innsbruck. Immer wieder kam es zu gewaltsamen Zusammenst\u00f6\u00dfen zwischen den verfeindeten politischen Gruppen. Ber\u00fcchtigt wurde die sogenannte <em>H\u00f6ttinger Saalschlacht<\/em> vom 27. Mai 1932. H\u00f6tting war damals noch kein Teil Innsbrucks. In der Gemeinde lebten vor allem Arbeiter. In dieser <em>roten<\/em> Bastion Tirols planten Nationalsozialisten eine Kundgebung im Gasthof <em>Goldener B\u00e4r<\/em>, einem Treffpunkt der Sozialdemokraten. Diese Provokation endete in einem Kampf, der mit \u00fcber 30 Verletzten und einem Todesopfer auf Seiten der Nationalsozialisten durch eine Stichwunde endete. Die Ausschreitungen breiteten sich auf die ganze Stadt aus, sogar in der Klinik gerieten die Verletzten noch aneinander. Nur unter Einsatz der Gendarmerie und des Heeres konnten die Kontrahenten voneinander getrennt werden.<\/p>\n<p>Nach jahrelangen b\u00fcrgerkriegs\u00e4hnlichen Zust\u00e4nden setzten sich 1933 die Christlichsozialen unter Kanzler Engelbert Dollfu\u00df (1892 \u2013 1934) durch und schalteten das Parlament aus. In Innsbruck kam es dabei zu keinen nennenswerten Kampfhandlungen. Am 15. M\u00e4rz wurde das Parteihaus der <em>Sozialdemokratischen Arbeiterpartei Tirol<\/em> im <em>Hotel Sonne<\/em> ger\u00e4umt, der -Anf\u00fchrer des Republikanischen Schutzbundes Gustav Kuprian wegen Hochverrat festgenommen und die einzelnen Gruppen entwaffnet. Das Ziel Dollfu\u00df\u00b4 war die Errichtung des sogenannten <em>\u00d6sterreichischen St\u00e4ndestaats<\/em>, einem Einparteienstaat ohne Opposition unter Beschneidung elementarer Rechte wie Presse- oder Versammlungsfreiheit. In Tirol wurde 1933 die <em>Tiroler Wochenzeitung<\/em> neu gegr\u00fcndet um als Parteiorgan zu fungieren. Der gesamte Staatsapparat sollten analog zum Faschismus Mussolinis in Italien unter der <em>Vaterl\u00e4ndischen Front<\/em> geeint werden: Antisozialistisch, autorit\u00e4r, konservativ im Gesellschaftsbild, antidemokratisch, antisemitisch und militarisiert. Der Innsbrucker Gemeinderat wurde von 40 auf 28 Mitglieder verkleinert. Anstatt durch freie Wahlen wurden sie vom Landeshauptmann ernannt, was zur Folge hatte, dass nur noch konservative Gemeinder\u00e4te vertreten waren.<\/p>\n<p>Dollfu\u00df war in Tirol \u00fcberaus popul\u00e4r, wie Aufnahmen des vollen Platzes vor der Hofburg w\u00e4hrend einer seiner Ansprachen aus dem Jahr 1933 zeigen. Seine Politik war das, was der Habsburgermonarchie am n\u00e4chsten kam. Sein politischer Kurs wurde von der katholischen Kirche unterst\u00fctzt. Das gab ihm Zugriff auf Infrastruktur, Presseorgane und Vorfeldorganisationen. Gegen die verhassten Sozialisten ging die <em>Vaterl\u00e4ndische Front<\/em> mit ihren paramilit\u00e4rischen Einheiten hart vor. Man schreckte nicht vor Unterdr\u00fcckung und Gewalttaten gegen Leib und Leben sowie Einrichtungen der politischen Gegnerschaft zur\u00fcck. Sozialisten, Sozialdemokraten, Gewerkschafter und Kommunisten wurden immer wieder verhaftet. 1934 zerst\u00f6rten Mitglieder der Heimwehr das Denkmal des Sozialdemokraten Martin Rapoldi in Kranebitten. Die Presse war politisch gesteuert und zensuriert. Die Artikel glorifizierten das l\u00e4ndliche Leben in seiner Idylle. Kinderreiche Familien wurden finanziell unterst\u00fctzt. Die Geschlechtertrennung an Schulen und die Umgestaltung der Lehrpl\u00e4ne f\u00fcr M\u00e4dchen bei gleichzeitiger vormilit\u00e4rischer Ert\u00fcchtigung der Buben war im Sinn eines gro\u00dfen Teils der Bev\u00f6lkerung. Auch die traditionell orientierte Kulturpolitik, mit der sich \u00d6sterreich als das <em>bessere<\/em> Deutschland unter der antiklerikalen nationalsozialistischen F\u00fchrung positionierte, gefiel dem konservativen Teil der Gesellschaft. Bereits 1931 hatten sich einige Tiroler B\u00fcrgermeister zusammengeschlossen, um das Einreiseverbot f\u00fcr die Habsburger aufheben zu lassen, das unausgesprochene Fernziel der Neuinstallation der Monarchie durch die Christlichsozialen erfreute sich also einer breiten Unterst\u00fctzung.<\/p>\n<p>Am 25. Juli 1934 kam es in Wien zu einem Putschversuch der verbotenen Nationalsozialisten, bei dem Dollfu\u00df ums Leben kam. Auch in Innsbruck kam es zu einem Umsturzversuch. Beim Versuch einer Gruppe von Nationalsozialisten die Kontrolle \u00fcber die Stadt zu gelangen, wurde in der Herrengasse ein Polizist erschossen. Hitler, der die Anschl\u00e4ge nicht angeordnet hatte, distanzierte sich, die \u00f6sterreichischen Gruppen der verbotenen Partei wurden dadurch eingeschr\u00e4nkt. In Innsbruck wurde auf \u201e<em>Verf\u00fcgung des Regierungskommiss\u00e4rs der Landeshauptstadt Tirols\u201c<\/em> der Platz vor dem Tiroler Landestheater als <em>Dollfu\u00dfplatz<\/em> gef\u00fchrt. Hier hatte sich Dollfu\u00df bei einer Kundgebung zwei Wochen vor seinem Tod noch mit dem aus Tirol stammenden Heimwehrf\u00fchrer Richard Steidle getroffen. Steidle war selbst mehrmals Opfer politischer Gewalt geworden. 1932 wurde er nach der H\u00f6ttinger Saalschlacht in der Stra\u00dfenbahn attackiert, im Jahr darauf vor seinem Haus in der Leopoldstra\u00dfe Opfer eines Schussattentats. Nach der Machtergreifung durch die NSDAP kam er in das Konzentrationslager Buchenhausen, wo er 1940 starb.<\/p>\n<p>Dollfu\u00df\u00b4 Nachfolger als Kanzler Kurt Schuschnigg (1897 \u2013 1977) war geb\u00fcrtiger Tiroler und Mitglied der Innsbrucker Studentenverbindung <em>Austria<\/em>. Er betrieb lange Zeit eine Rechtsanwaltskanzlei in Innsbruck. 1930 gr\u00fcndete er eine paramilit\u00e4rische Einheit namens <em>Ostm\u00e4rkische Sturmscharen<\/em>, die das Gegengewicht der Christlich-Sozialen zu den radikalen Heimwehrgruppen bildeten. Nach dem Februaraufstand 1934 war er als Justizminister im Kabinett Dollfu\u00df mitverantwortlich f\u00fcr die Hinrichtung mehrerer Sozialdemokraten.<\/p>\n<p>Vor allem wirtschaftlich konnte aber auch der Austrofaschismus das Ruder in den 1930er Jahren nicht herumrei\u00dfen. Die Wirtschaftskrise, die 1931 auch \u00d6sterreich erreichte und die radikale, populistische Politik der NSDAP befeuerte, schlug hart zu. Die staatlichen Investitionen in gro\u00dfe Infrastrukturprojekte kamen zum Erliegen. Die Arbeitslosenquote lag 1933 bei 25%. Die Einschr\u00e4nkung der sozialen F\u00fcrsorge, die zu Beginn der <em>Ersten Republi<\/em>k eingef\u00fchrt worden war, hatte dramatische Auswirkungen. Langzeitarbeitslose wurden vom Bezug von Sozialleistungen als \u201e<em>Ausgesteuerte<\/em>\u201c ausgeschlossen. Die Armut lie\u00df die Kriminalit\u00e4tsrate ansteigen, \u00dcberf\u00e4lle, Raube und Diebst\u00e4hle h\u00e4uften sich.<\/p>\n<p>Ein besonderes Problem war wie schon in den Jahrzehnten zuvor die Wohnsituation. Trotz der Bem\u00fchungen seitens der Stadt modernen Wohnraum zu schaffen, hausten noch immer viele Innsbrucker in Bruchbuden. Badezimmer oder ein Schlafraum pro Person war die Ausnahme. Seit dem gro\u00dfen Wachstum Innsbrucks ab den 1880er Jahren war die Wohnsituation f\u00fcr viele Menschen prek\u00e4r. Eisenbahn, Industrialisierung, Fl\u00fcchtlinge aus den deutschsprachigen Gebieten Italiens und Wirtschaftskrise hatten Innsbruck an den Rand des M\u00f6glichen getrieben. Nach Wien hatte Innsbruck die zweith\u00f6chste Anzahl an Bewohnern pro Haus vorzuweisen. Die Mietpreise f\u00fcr Wohnraum waren derart hoch, dass Arbeiter h\u00e4ufig in Etappen schliefen, um sich die Kosten zu teilen. Zwar waren vor allem in Pradl neue Wohnbl\u00f6cke und Obdachlosenunterk\u00fcnfte entstanden wie das Wohnheim f\u00fcr Arbeiter in der Amthorstra\u00dfe im Jahr 1907, die Herberge in der Hunoldstra\u00dfe und der Pembaurblock, das gen\u00fcgte aber nicht um der Situation Herr zu werden. Aus dieser Not und Verzweiflung entstanden an den Randgebieten der Stadt mehrere Barackend\u00f6rfer und Siedlungen, gegr\u00fcndet von den Ausgeschlossenen, Verzweifelten und Abgeh\u00e4ngten, die im System keinen Platz fanden. Im Kriegsgefangenenlager in der H\u00f6ttinger Au quartierten sich nach dessen Ausmusterung Menschen in den Baracken ein. Die bis heute bekannteste und ber\u00fcchtigtste war die <em>Bocksiedlung<\/em> am Gebiet der heutigen Reichenau. Zwischen dem damals dort beheimateten Flughafen und den Baracken des Konzentrationslagers Reichenau siedelten sich ab 1930 mehrere Familien in Baracken und Wohnw\u00e4gen an. Die Entstehungslegende spricht von Otto und Josefa Rauth als Gr\u00fcnderinnen, deren Wohnwagen hier strandete. Rauth war nicht nur wirtschaftlich, sondern als bekennender Kommunist in Tiroler Lesart auch moralisch arm. Sein Flo\u00df, die <em>Arche Noah<\/em>, mit dem er \u00fcber Inn und Donau in die Sowjetunion gelangen wollte, ankerte vor dem Gasthof Sandwirt.<\/p>\n<p>Nach und nach entstand ein Bereich gleicherma\u00dfen am Rand der Stadt wie auch der Gesellschaft, der vom inoffiziellen B\u00fcrgermeister der Siedlung Johann Bock (1900 \u2013 1975) wie eine unabh\u00e4ngige Kommune geleitet wurde. Er regelte die Agenden in seinem Wirkungsbereich in rau-herzlicher Manier.<\/p>\n<p>Die <em>Bockala<\/em> hatten einen f\u00fcrchterlichen Ruf unter den braven B\u00fcrgern der Stadt. Bei aller Geschichtsgl\u00e4ttung und Nostalgie wohl nicht zu Unrecht. So hilfsbereit und solidarisch die oft exzentrischen Bewohner der Siedlung untereinander sein konnten, waren k\u00f6rperliche Gewalt und Kleinkriminalit\u00e4t an der Tagesordnung. \u00dcberm\u00e4\u00dfiger Alkoholkonsum war g\u00e4ngige Praxis. Die Stra\u00dfen waren nicht asphaltiert. Flie\u00dfendes Wasser, Kanalisation und Sanit\u00e4ranlagen gab es ebenso wenig wie eine regul\u00e4re Stromversorgung. Sogar die Versorgung mit Trinkwasser war lange prek\u00e4r, was die st\u00e4ndige Gefahr von Seuchen mit sich brachte.<\/p>\n<p>Viele, nicht aber alle Bewohner waren arbeitslos oder kriminell. Es waren vielfach Menschen, die durch das System fielen, die sich in der Bocksiedlung niederlie\u00dfen. Das falsche Parteibuch zu haben konnte gen\u00fcgen, um im Innsbruck der 1930er keinen Wohnraum ergattern zu k\u00f6nnen. Karl Jaworak, der 1924 ein Attentat auf Bundeskanzler Pr\u00e4lat Ignaz Seipel ver\u00fcbte, lebte nach seiner Haft und Deportation in ein Konzentrationslager w\u00e4hrend des NS-Regimes ab 1958 an der Adresse Reichenau 5a.<\/p>\n<p>Die Ausstattung der Behausungen der Bocksiedlung war ebenso heterogen wie die Bewohner. Es gab Wohn- und Zirkusw\u00e4gen, Holzbaracken, Wellblechh\u00fctten, Ziegel- und Betonh\u00e4user. Die Bocksiedlung hatte auch keine fixen Grenzen. <em>Bockala<\/em> zu sein war in Innsbruck ein sozialer Status, der zu einem gro\u00dfen Teil in der Imagination der Bev\u00f6lkerung entstand.<\/p>\n<p>Innerhalb der Siedlung kam es zu Vermietung und Verkauf der errichteten H\u00e4user und W\u00e4gen. Unter Duldung der Stadt Innsbruck entstanden ersessene Werte. Die Bewohner bewirtschafteten Selbstversorgerg\u00e4rten und hielten Vieh, auch Hund und Katze standen in kargen Zeiten am Speiseplan.<\/p>\n<p>Die Luftangriffe des Zweiten Weltkrieges versch\u00e4rften die Wohnsituation in Innsbruck und lie\u00dfen die <em>Bocksiedlung<\/em> wachsen. Um die 50 Unterk\u00fcnfte sollen es am H\u00f6hepunkt gewesen sein. Auch die Baracken des Konzentrationslagers Reichenau wurden als Schlafpl\u00e4tze genutzt, nachdem die letzten inhaftierten Nationalsozialisten, die dort verwahrt wurden, verlegt oder freigelassen worden waren, allerdings z\u00e4hlte das KZ nicht zur Bocksiedlung im engeren Sinn.<\/p>\n<p>Der Anfang vom Ende waren die Olympischen Spielen von 1964 und ein Brand in der Siedlung ein Jahr zuvor. B\u00f6se Zungen behaupten, dieser sei gelegt worden, um die R\u00e4umung zu beschleunigen.\u00a0 1967 verhandelten B\u00fcrgermeister Alois Lugger und Johann Bock, Erz\u00e4hlungen nach in alkoholgeschw\u00e4ngerter Atmosph\u00e4re, \u00fcber das weitere Vorgehen und Entsch\u00e4digungen seitens der Gemeinde f\u00fcr die R\u00e4umung. 1976 wurden die letzten Quartiere wegen hygienischer M\u00e4ngel ger\u00e4umt.<\/p>\n<p>Viele ehemalige Bewohner der <em>Bocksiedlung<\/em> wurden nach den Olympischen Spielen in st\u00e4dtische Wohnungen in Pradl, der Reichenau und im <em>O-Dorf<\/em> einquartiert. Die Sitten der <em>Bocksiedlung<\/em> lebten noch einige Jahre fort, was den schlechten Ruf der st\u00e4dtischen Wohnbl\u00f6cke dieser Stadtviertel bis heute ausmacht.<\/p>\n<p>Eine Aufarbeitung dessen, was von vielen Historikern als <em>Austrofaschismus<\/em> bezeichnet wird, ist in \u00d6sterreich bisher kaum passiert. So sind in der Kirche St. Jakob im Defereggen in Osttirol oder in der Pfarrkirche Fritzens noch Bilder mit Dollfu\u00df als Besch\u00fctzer der katholischen Kirche mehr oder minder unkommentiert zu sehen. In vielen Belangen reicht das Erbe der gespaltenen Situation der Zwischenkriegszeit in die Gegenwart. Bis heute gibt es rote und schwarze Autofahrerclubs, Sportverb\u00e4nde, Rettungsgesellschaften und Alpinverb\u00e4nde, deren Wurzeln in diese Zeit zur\u00fcckreichen.<\/p>\n<p>Die Geschichte der Bocksiedlung wurde in vielen Interviews und m\u00fchsamer Kleinarbeit vom Stadtarchiv f\u00fcr das Buch \u201e<em>Bocksiedlung. Ein St\u00fcck Innsbruck<\/em>\u201c des Stadtarchivs lesenswert aufbereitet.<\/p>\n<p>[\/et_pb_toggle][et_pb_toggle title=&#8220;Luftangriffe auf Innsbruck&#8220; open_toggle_text_color=&#8220;#e09900&#8243; open_toggle_background_color=&#8220;#ffffff&#8220; closed_toggle_text_color=&#8220;#e09900&#8243; closed_toggle_background_color=&#8220;#ffffff&#8220; icon_color=&#8220;#e09900&#8243; open_icon_color=&#8220;#e09900&#8243; admin_label=&#8220;Luftangriffe auf Innsbruck&#8220; _builder_version=&#8220;4.27.4&#8243; _module_preset=&#8220;default&#8220; title_text_color=&#8220;#e09900&#8243; title_font_size=&#8220;18px&#8220; border_radii=&#8220;on|5px|5px|5px|5px&#8220; box_shadow_style=&#8220;preset1&#8243; global_module=&#8220;53501&#8243; global_colors_info=&#8220;{}&#8220;]<\/p>\n<p>Wie der Lauf der Geschichte der Stadt unterliegt auch ihr Aussehen einem st\u00e4ndigen Wandel. Besonders gut sichtbare Ver\u00e4nderungen im Stadtbild erzeugten die Jahre rund um 1500 und zwischen 1850 bis 1900, als sich politische, wirtschaftliche und gesellschaftliche Ver\u00e4nderungen in besonders schnellem Tempo abspielten. Das einschneidendste Ereignis mit den gr\u00f6\u00dften Auswirkungen auf das Stadtbild waren aber wohl die Luftangriffe auf die Stadt im Zweiten Weltkrieg.<\/p>\n<p>Neben der Lebensmittelknappheit waren die Menschen an der von den Nationalsozialisten so genannten \u201e<em>Heimatfront<\/em>\u201c in der Stadt vor allem von den Luftangriffen der Alliierten betroffen. Innsbruck war ein wichtiger Versorgungsbahnhof f\u00fcr den Nachschub an der Italienfront.<\/p>\n<p>In der Nacht vom 15. auf den 16. Dezember 1943 erfolgte der erste alliierte Luftangriff auf die schlecht vorbereitete Stadt. 269 Menschen fielen den Bomben zum Opfer, 500 wurden verletzt und mehr als 1500 obdachlos. \u00dcber 300 Geb\u00e4ude, vor allem in Wilten und der Innenstadt, wurden zerst\u00f6rt und besch\u00e4digt. Am Montag, den 18. Dezember fanden sich in den <em>Innsbrucker Nachrichten<\/em>, dem Vorg\u00e4nger der <em>Tiroler Tageszeitung<\/em>, auf der Titelseite allerhand propagandistische Meldungen vom erfolgreichen und heroischen Abwehrkampf der Deutschen Wehrmacht an allen Fronten gegen\u00fcber dem B\u00fcndnis aus <em>Anglo-Amerikanern<\/em> und <em>dem Russen<\/em>, nicht aber vom Bombenangriff auf Innsbruck.<\/p>\n<p><strong><em>Bombenterror \u00fcber Innsbruck<\/em><\/strong><\/p>\n<p><em>Innsbruck, 17. Dez. Der 16. Dezember wird in der Geschichte Innsbrucks als der Tag vermerkt bleiben, an dem der Luftterror der Anglo-Amerikaner die Gauhauptstadt mit der ganzen Schwere dieser gemeinen und brutalen Kampfweise, die man nicht mehr Kriegf\u00fchrung nennen kann, getroffen hat. In mehreren Wellen flogen feindliche Kampfverb\u00e4nde die Stadt an und richteten ihre Angriffe mit zahlreichen Spreng- und Brandbomben gegen die Wohngebiete. Schwerste Sch\u00e4den an Wohngeb\u00e4uden, an Krankenh\u00e4usern und anderen Gemeinschaftseinrichtungen waren das traurige, alle bisherigen Sch\u00e4den \u00fcbersteigende Ergebnis dieses verbrecherischen \u00dcberfalles, der \u00fcber zahlreiche Familien unserer Stadt schwerste Leiden und empfindliche Belastung der Lebensf\u00fchrung, das bittere Los der Vernichtung liebgewordenen Besitzes, der Zerst\u00f6rung von Heim und Herd und der Heimatlosigkeit gebracht hat. Grenzenloser Ha\u00df und das gl\u00fchende Verlangen diese unmenschliche Untat mit schonungsloser Sch\u00e4rfe zu vergelten, sind die einzige Empfindung, die au\u00dfer der Auseinandersetzung mit den eigenen und den Gemeinschaftssorgen alle Gem\u00fcter bewegt. Wir alle blicken voll Vertrauen auf unsere Soldaten und erwarten mit Zuversicht den Tag, an dem der F\u00fchrer den Befehl geben wird, ihre geballte Kraft mit neuen Waffen gegen den Feind im Westen einzusetzen, der durch seinen Mord- und Brandterror gegen Wehrlose neuerdings bewiesen hat, da\u00df er sich von den asiatischen Bestien im Osten durch nichts unterscheidet \u2013 es w\u00e4re denn durch gr\u00f6\u00dfere Feigheit. Die Luftschutzeinrichtungen der Stadt haben sich ebenso bew\u00e4hrt, wie die Luftschutzdisziplin der Bev\u00f6lkerung. Bis zur Stunde sind 26 Gefallene gemeldet, deren Zahl sich aller Voraussicht nach nicht wesentlich erh\u00f6hen d\u00fcrfte. Die Hilfsma\u00dfnahmen haben unter F\u00fchrung der Partei und tatkr\u00e4ftigen Mitarbeit der Wehrmacht sofort und wirkungsvoll eingesetzt. <\/em><\/p>\n<p>Diese durch Zensur und Gleichschaltung der Medien fantasievoll gestaltete Nachricht schaffte es gerade mal auf Seite 3. Prominenter wollte man die schlechte Vorbereitung der Stadt auf das absehbare Bombardement wohl nicht dem Volksk\u00f6rper pr\u00e4sentieren. Ganz so gro\u00df wie 1938 nach dem Anschluss, als Hitler am 5. April von 100.000 Menschen in Innsbruck begeistert empfangen worden war, war die Begeisterung f\u00fcr den Nationalsozialismus nicht mehr. Zu gro\u00df waren die Sch\u00e4den an der Stadt und die pers\u00f6nlichen, tragischen Verluste in der Bev\u00f6lkerung. Im J\u00e4nner 1944 begann man Luftschutzstollen und andere Schutzma\u00dfnahmen zu errichten. Die Arbeiten wurden zu einem gro\u00dfen Teil von Gefangenen des Konzentrationslagers Reichenau durchgef\u00fchrt.<\/p>\n<p>Insgesamt wurde Innsbruck zwischen 1943 und 1945 zweiundzwanzig Mal angegriffen. Dabei wurden knapp 3833, also knapp 50%, der Geb\u00e4ude in der Stadt besch\u00e4digt und 504 Menschen starben. In den letzten Kriegsmonaten war an Normalit\u00e4t nicht mehr zu denken. Die Bev\u00f6lkerung lebte in dauerhafter Angst. Die Schulen wurden bereits vormittags geschlossen. An einen geregelten Alltag war nicht mehr zu denken.<\/p>\n<p>Die Stadt wurde zum Gl\u00fcck nur Opfer gezielter Angriffe. Deutsche St\u00e4dte wie Hamburg oder Dresden wurden von den Alliierten mit Feuerst\u00fcrmen mit Zehntausenden Toten innerhalb weniger Stunden komplett dem Erdboden gleichgemacht. Viele Geb\u00e4ude wie die Jesuitenkirche, das Stift Wilten, die Servitenkirche, der Dom, das Hallenbad in der Amraserstra\u00dfe wurden getroffen.<\/p>\n<p>Besondere Behandlung erfuhren w\u00e4hrend der Angriffe historische Geb\u00e4ude und Denkm\u00e4ler. Das <em>Goldene Dachl<\/em> wurde mit einer speziellen Konstruktion ebenso gesch\u00fctzt wie der Sarkophag Maximilians in der Hofkirche. Die Figuren der Hofkirche, die <em>Schwarzen Mannder<\/em>, wurden nach Kundl gebracht. Die Gnadenmutter, das ber\u00fchmte Bild aus dem Innsbrucker Dom, wurde w\u00e4hrend des Krieges ins \u00d6tztal \u00fcberf\u00fchrt.<\/p>\n<p>Der Luftschutzstollen s\u00fcdlich von Innsbruck an der Brennerstra\u00dfe und die Kennzeichnungen von H\u00e4usern mit Luftschutzkellern mit ihren schwarzen Vierecken und den wei\u00dfen Kreisen und Pfeilen kann man heute noch begutachten. In Pradl, wo neben Wilten die meisten Geb\u00e4ude besch\u00e4digt wurden, weisen an den betroffenen H\u00e4usern Bronzetafeln mit dem Hinweis auf den Wiederaufbau auf einen Bombentreffer hin.<\/p>\n<p>[\/et_pb_toggle][\/et_pb_column][\/et_pb_section]<\/p>\n","protected":false},"excerpt":{"rendered":"<p>Anichstrasse 26 \/ 28<\/p>","protected":false},"author":1,"featured_media":67235,"comment_status":"open","ping_status":"closed","sticky":false,"template":"","format":"standard","meta":{"_et_pb_use_builder":"on","_et_pb_old_content":"","_et_gb_content_width":"","wds_primary_category":0,"footnotes":""},"categories":[83,81,153,15,47],"tags":[],"class_list":["post-67242","post","type-post","status-publish","format-standard","has-post-thumbnail","hentry","category-die-zeit-des-austrofaschismus","category-eduard-klingler-der-baumeister-der-erweiterung","category-eine-erste-republik-entsteht","category-innenstadt-2","category-luftangriffe-auf-innsbruck"],"_links":{"self":[{"href":"https:\/\/www.discover-innsbruck.at\/en\/wp-json\/wp\/v2\/posts\/67242","targetHints":{"allow":["GET"]}}],"collection":[{"href":"https:\/\/www.discover-innsbruck.at\/en\/wp-json\/wp\/v2\/posts"}],"about":[{"href":"https:\/\/www.discover-innsbruck.at\/en\/wp-json\/wp\/v2\/types\/post"}],"author":[{"embeddable":true,"href":"https:\/\/www.discover-innsbruck.at\/en\/wp-json\/wp\/v2\/users\/1"}],"replies":[{"embeddable":true,"href":"https:\/\/www.discover-innsbruck.at\/en\/wp-json\/wp\/v2\/comments?post=67242"}],"version-history":[{"count":0,"href":"https:\/\/www.discover-innsbruck.at\/en\/wp-json\/wp\/v2\/posts\/67242\/revisions"}],"wp:featuredmedia":[{"embeddable":true,"href":"https:\/\/www.discover-innsbruck.at\/en\/wp-json\/wp\/v2\/media\/67235"}],"wp:attachment":[{"href":"https:\/\/www.discover-innsbruck.at\/en\/wp-json\/wp\/v2\/media?parent=67242"}],"wp:term":[{"taxonomy":"category","embeddable":true,"href":"https:\/\/www.discover-innsbruck.at\/en\/wp-json\/wp\/v2\/categories?post=67242"},{"taxonomy":"post_tag","embeddable":true,"href":"https:\/\/www.discover-innsbruck.at\/en\/wp-json\/wp\/v2\/tags?post=67242"}],"curies":[{"name":"wp","href":"https:\/\/api.w.org\/{rel}","templated":true}]}}