{"id":67466,"date":"2025-10-17T08:28:43","date_gmt":"2025-10-17T08:28:43","guid":{"rendered":"https:\/\/www.discover-innsbruck.at\/?p=67466"},"modified":"2026-04-08T07:15:04","modified_gmt":"2026-04-08T07:15:04","slug":"villensaggen","status":"publish","type":"post","link":"https:\/\/www.discover-innsbruck.at\/en\/villensaggen\/","title":{"rendered":"Villensaggen"},"content":{"rendered":"<p>[et_pb_section fb_built=&#8220;1&#8243; specialty=&#8220;on&#8220; _builder_version=&#8220;4.24.3&#8243; _module_preset=&#8220;default&#8220; global_colors_info=&#8220;{}&#8220;][et_pb_column type=&#8220;1_2&#8243; specialty_columns=&#8220;2&#8243; _builder_version=&#8220;4.16&#8243; custom_padding=&#8220;|||&#8220; global_colors_info=&#8220;{}&#8220; custom_padding__hover=&#8220;|||&#8220;][et_pb_row_inner _builder_version=&#8220;4.16&#8243; _module_preset=&#8220;default&#8220; global_colors_info=&#8220;{}&#8220;][et_pb_column_inner saved_specialty_column_type=&#8220;1_2&#8243; _builder_version=&#8220;4.16&#8243; _module_preset=&#8220;default&#8220; global_colors_info=&#8220;{}&#8220;][et_pb_text admin_label=&#8220;Titel und Adresse&#8220; _builder_version=&#8220;4.27.4&#8243; text_text_color=&#8220;#000000&#8243; header_font=&#8220;|on|||&#8220; header_text_align=&#8220;center&#8220; header_text_color=&#8220;#e09900&#8243; header_font_size=&#8220;42px&#8220; header_line_height=&#8220;1.3em&#8220; header_2_text_color=&#8220;#e09900&#8243; background_color=&#8220;rgba(255,255,255,0.8)&#8220; background_layout=&#8220;dark&#8220; custom_padding=&#8220;20px|20px|20px|20px|true|true&#8220; header_font_size_last_edited=&#8220;off|desktop&#8220; border_radii=&#8220;on|10px|10px|10px|10px&#8220; box_shadow_style=&#8220;preset1&#8243; locked=&#8220;off&#8220; global_colors_info=&#8220;{}&#8220;]<\/p>\n<h2>Villensaggen<\/h2>\n<p>Kaiserj\u00e4gerstra\u00dfe &#8211; Falkstra\u00dfe \u2013 Claudiastra\u00dfe \u2013 G\u00e4nsbacherstra\u00dfe &#8211; Bienerstra\u00dfe<\/p>\n<p>[\/et_pb_text][et_pb_gallery gallery_ids=&#8220;56163,67469,69573,64038,60599,60377,70007,65984,70015,58529,69720,55403&#8243; fullwidth=&#8220;on&#8220; admin_label=&#8220;Galerie Stadtsaggen&#8220; _builder_version=&#8220;4.27.4&#8243; _module_preset=&#8220;default&#8220; pagination_text_color=&#8220;#E09900&#8243; hover_enabled=&#8220;0&#8243; border_radii=&#8220;on|5px|5px|5px|5px&#8220; box_shadow_style=&#8220;preset1&#8243; global_module=&#8220;67470&#8243; saved_tabs=&#8220;all&#8220; global_colors_info=&#8220;{}&#8220; sticky_enabled=&#8220;0&#8243;][\/et_pb_gallery][\/et_pb_column_inner][\/et_pb_row_inner][\/et_pb_column][et_pb_column type=&#8220;1_2&#8243; _builder_version=&#8220;4.16&#8243; custom_padding=&#8220;|||&#8220; global_colors_info=&#8220;{}&#8220; custom_padding__hover=&#8220;|||&#8220;][et_pb_toggle title=&#8220;Wissenswert&#8220; open=&#8220;on&#8220; open_toggle_text_color=&#8220;#e09900&#8243; open_toggle_background_color=&#8220;#ffffff&#8220; closed_toggle_text_color=&#8220;#e09900&#8243; closed_toggle_background_color=&#8220;#ffffff&#8220; icon_color=&#8220;#e09900&#8243; open_icon_color=&#8220;#e09900&#8243; admin_label=&#8220;Villensaggen&#8220; _builder_version=&#8220;4.27.4&#8243; _module_preset=&#8220;default&#8220; title_text_color=&#8220;#e09900&#8243; title_font_size=&#8220;18px&#8220; border_radii=&#8220;on|5px|5px|5px|5px&#8220; box_shadow_style=&#8220;preset1&#8243; global_module=&#8220;67471&#8243; saved_tabs=&#8220;all&#8220; global_colors_info=&#8220;{}&#8220;]<\/p>\n<p>Kaum ein Innsbrucker kann wohl behaupten, noch nie davon getr\u00e4umt zu haben, in einer der sch\u00f6nen Villen im Saggen zu hausen. Zwischen Kaiserj\u00e4gerstra\u00dfe, Siebererstra\u00dfe und Claudiastra\u00dfe stehen einige der sch\u00f6nsten H\u00e4user der Stadt. Innsbrucks Nobelviertel entwickelte sich gegen Ende des 19. Jahrhunderts als eine Art Ghetto des gehobenen B\u00fcrgertums. Betrachtet man eine historische Karte von 1880 sieht man, dass das Gebiet zwischen der monumentalen Kettenbr\u00fccke im Norden und der Klosterkaserne beim Hofgarten fast unverbaut war. Die Stadtkarte von 1910 zeigt bereits mehr oder weniger die Bebauung, die heute noch vorhanden ist. Innerhalb von weniger als drei\u00dfig Jahren war ein Stadtviertel auf der gr\u00fcnen Wiese entstanden. Die erste Villa wurde an der Bienerstra\u00dfe 1 errichtet und verstrahlt heute noch den Glanz und Charme eines Anwesens im Stil des viktorianischen Englands. Nach und nach schossen die Nachbarh\u00e4user wie Pilze aus dem Boden. Die Hauptachse der neuen Siedlung war die Falkstra\u00dfe. Wie in einer r\u00f6mischen Planstadt sollte diese Allee im Stile eines <em>Cardo Maximus<\/em> die Siedlung von der Kettenbr\u00fccke im Norden bis zur Klosterkaserne beim Hofgarten verbinden. Die Villen wurden ganz im Stil der jeweiligen Zeit von den \u00fcblichen Verd\u00e4chtigen der Innsbrucker Architekturszene gebaut. Die Baumeister der Stadt tobten sich auf der freien Wiese aus. Tiroler Heimatstil, Klassizismus, Cottage-H\u00e4user und Jugendstil reihen sich in einem wilden Stilmix aneinander. Nach etwas mehr als zehn Jahren intensiven Bauens war die Fl\u00e4che bis zum Claudiaplatz erschlossen. Die Anrainer setzten sich aus dem Patriziat Innsbrucks zusammen. Mit wenigen Ausnahmen wie der Handelsakademie, die bereits vor 1886 errichtet wurde, dem \u00d6BB-Verwaltungsgeb\u00e4ude, dem ebenfalls vor 1886 geplanten Waisenhauses Johann Sieberers und der Evangelischen Christuskirche nach der Jahrhundertwende, gab es kaum Infrastruktur im neuen Viertel. Verm\u00f6gende Gewerbetreibende, Kaufleute, Unternehmer, Universit\u00e4tsprofessoren und Freiberufler blieben in ihren Refugien ohne l\u00e4stige St\u00f6rungen durch Gesch\u00e4fte, Fabriken, Kirchg\u00e4nger oder Gastst\u00e4tten unter sich, unbehelligt vom Stadtleben. 1898 schob der Gemeinderat unter B\u00fcrgermeister Greil dem Treiben im von der Presse liebevoll <em>Stadtsaggen<\/em> getauften Planquadrat einen Riegel vor. \u00d6stlich der Claudiastra\u00dfe durften nur noch Wohnh\u00e4user mit mindestens zwei Stockwerken gebaut werden. Die Zeit der Errichtung der Villen im gro\u00dfz\u00fcgigen Cottage Stil ging in der Kombination aus Platzmangel und steigender Einwohnerzahl unter. Wer sich nach 1900 den Traum vom b\u00fcrgerlichen Ansitz au\u00dferhalb des st\u00e4dtischen Trubels erf\u00fcllen wollte, musste ins neue, noch exklusivere Viertel hinauf auf die Hungerburg ziehen.<\/p>\n<p>Eines der markantesten Geb\u00e4ude ist die <em>Villa Exl<\/em> in der Falkstra\u00dfe 19. 1896 lie\u00df der Innsbrucker Gemeinderat und Immobilieninvestor Karl Wildling das Haus als <em>Villa Alpenheim<\/em> von der Firma <em>Josef Mayr &amp; S\u00f6hne<\/em> im Tiroler Heimatstil errichten. Mayr war bei mehreren H\u00e4usern in diesem Stil, zum Beispiel der <em>Villa Fiegl<\/em> in der Elisabethstra\u00dfe 3 mit der Gnadenmutter Mariahilf als Fassadenschmuck, an der Planung beteiligt. Die Fassade zeigt mit dem Heiligen Georg patriotisch den Schutzpatron Tirols und den Heiligen Christoph. Nach mehreren Besitzerwechseln gelangte das Haus 1918 in den Besitz der bekannten Theaterfamilie Exl. Mit \u00e4hnlicher Demut, die heute Pop- und Filmstars beschieden ist, tauften sie ihr Anwesen um in <em>Villa Exl<\/em> und lie\u00dfen den Schriftzug unter den Heiligen Christoph setzen. Als die letzte Erbin aus dieser Dynastie 2009 starb, vermachte sie die Villa ihrer Stiftung. Im Zuge einer Sanierung wurde ein unauff\u00e4lliges Holzgeb\u00e4ude geschmackvoll neben das Haus im Tiroler Heimatstil gesetzt.<\/p>\n<p>Die Ecke Bienerstra\u00dfe \/ Claudiastra\u00dfe am anderen Ende des Viertels beheimatet zwei sehenswerte Villen im Stil der Neorenaissance. Das kleiner Geb\u00e4ude ist die Fischervilla, die 1896 f\u00fcr den Innsbrucker Apotheker Carl Fischer errichtet wurde. Die orange <em>Villa St. Georg<\/em> liegt am \u00e4u\u00dfersten Rand des Villensaggen in der Claudiastra\u00dfe. Sie bildete wie ein besonders auff\u00e4lliger Vorposten dank ihrer f\u00fcr den Villensaggen ungew\u00f6hnlichen H\u00f6he und der massiven, kubischen Form eine fast nat\u00fcrlich organisch wirkende Grenze hin zum Blocksaggen. Das dreist\u00f6ckige Wohnhaus wurde von einem Metzgermeister bei den Baumeistern <em>Gogl &amp; Hupfauf<\/em> in Planung gegeben. Erster Besitzer und Betreiber der <em>Restauration Claudia<\/em> im Anbau war der Touristiker Sebastian Kandler. Auch er ver\u00e4u\u00dferte das Geb\u00e4ude nach kurzer Zeit, um sich der Erschlie\u00dfung der Hungerburg zu widmen. Nach mehreren Besitzerwechseln musste die Gastst\u00e4tte wegen beh\u00f6rdlicher Verweigerung der Schanklizenz 1925 ihre Pforten schlie\u00dfen. Der Prachtbau mit der sehenswerten Gartenanlage verstrahlt trotz mehrerer Zubauten noch immer den Charme der Jahrhundertwende.<\/p>\n<p>Der <em>Villensaggen<\/em> konnte sich als Gesamtkunstwerk \u00fcberraschend unbescholten von den Luftangriffen w\u00e4hrend des Zweiten Weltkriegs in seiner urspr\u00fcnglichen Form erhalten. Auf Luftaufnahmen wirkt das Gebiet wie eine wohl komponierte Ansammlung kleiner Schl\u00f6sschen. Fast alle der Geb\u00e4ude stehen unter Denkmalschutz und bilden die Kulisse f\u00fcr Spazierg\u00e4nge zur\u00fcck in die Zeit der <em>Belle Epoque<\/em> abseits der gro\u00dfen Touristenmassen.<\/p>\n<p>[\/et_pb_toggle][et_pb_toggle title=&#8220;Klingler, Huter, Retter &#038; Co: Baumeister der Erweiterung&#8220; open_toggle_text_color=&#8220;#e09900&#8243; open_toggle_background_color=&#8220;#ffffff&#8220; closed_toggle_text_color=&#8220;#e09900&#8243; closed_toggle_background_color=&#8220;#ffffff&#8220; icon_color=&#8220;#e09900&#8243; open_icon_color=&#8220;#e09900&#8243; admin_label=&#8220;Klingler, Huter, Retter &#038; Co: Baumeister der Erweiterung&#8220; _builder_version=&#8220;4.27.4&#8243; _module_preset=&#8220;default&#8220; title_text_color=&#8220;#e09900&#8243; title_font_size=&#8220;18px&#8220; border_radii=&#8220;on|5px|5px|5px|5px&#8220; box_shadow_style=&#8220;preset1&#8243; global_module=&#8220;53750&#8243; saved_tabs=&#8220;all&#8220; global_colors_info=&#8220;{}&#8220;]<\/p>\n<p>is heute pr\u00e4gen die Geb\u00e4ude der sp\u00e4ten Monarchie das Stadtbild Innsbrucks. Die letzten Jahrzehnte des 19. Jahrhunderts gingen als <em>Gr\u00fcnderzeit<\/em> in die \u00f6sterreichische Geschichte ein. Nach einer Wirtschaftskrise 1873 begann sich die Stadt im Wiederaufschwung auszudehnen. Von 1880 bis 1900 wuchs Innsbrucks Bev\u00f6lkerung von 20.000 auf 26.000 Einwohner an. Das 1904 eingemeindete Wilten verdreifachte sich von 4000 auf 12.000. Zwischen 1850 und 1900 wuchs die Anzahl an Geb\u00e4uden innerhalb der Stadt von 600 auf \u00fcber 900 Geb\u00e4ude an, die meisten davon waren anders als die fr\u00fchneuzeitlichen, kleinen Objekte mehrst\u00f6ckige Zinsh\u00e4user. Im Zuge technischer Innovationen ver\u00e4nderte sich auch die Infrastruktur. Gas, Wasser, Elektrizit\u00e4t wurden Teil des Alltags von immer mehr Menschen. Das alte Stadtspital wich dem neuen Krankenhaus. Im Saggen entstanden das Waisenhaus und das Greisenasyl Sieberers.<\/p>\n<p>Die Geb\u00e4ude, die in den jungen Stadtvierteln gebaut wurden, waren ein Spiegel dieser neuen Gesellschaft. Unternehmer, Freiberufler, Angestellte und Arbeiter mit politischem Stimmrecht entwickelten andere Bed\u00fcrfnisse als Untertanen ohne dieses Recht. Ab den 1870er Jahren entstand in Innsbruck ein modernes Banksystem. Die Kreditinstitute wie die 1821 gegr\u00fcndete Sparkasse oder die Kreditanstalt, deren 1910 errichtetes Geb\u00e4ude bis heute wie ein kleiner Palast in der Maria-Theresien-Stra\u00dfe thront, erm\u00f6glichten nicht nur die Aufnahme von Krediten, sondern traten auch selbst als Bauherren auf. Die Zinsh\u00e4user die entstanden, erm\u00f6glichten auch Nicht-Wohnungseigent\u00fcmern ein modernes Leben. Anders als im l\u00e4ndlichen Bereich Tirols, wo Bauernfamilien samt Knechten und M\u00e4gden in Bauernh\u00e4usern im Verbund einer Sippschaft lebten, kam das Leben in der Stadt dem Familienleben, das wir heute kennen, nahe. Der Wohnraum musste dem entsprechen. Der Lifestyle der St\u00e4dter verlangte nach Mehrzimmerwohnungen und freien Fl\u00e4chen zur Erholung nach der Arbeitszeit. Das wohlhabende B\u00fcrgertum bestehend aus Unternehmern und Freiberuflern hatte den Adel zwar noch nicht \u00fcberholt, den Abstand aber verringert. Sie waren es, die nicht nur private Bauprojekte beauftragten, sondern \u00fcber ihre Stellung im Gemeinderat auch \u00fcber \u00f6ffentliche Bauten entschieden.<\/p>\n<p>Die 40 Jahre vor dem Ersten Weltkrieg waren f\u00fcr Baufirmen, Handwerker, Baumeister und Architekten eine Art Goldgr\u00e4berzeit. Die Geb\u00e4ude spiegelten die Weltanschauung ihrer Bauherren wider. Baumeister vereinten dabei mehrere Rollen und ersetzten oft den Architekten. Die meisten Kunden hatten sehr klare Vorstellungen, was sie wollten. Es sollten keine atemberaubenden Neukreationen sein, sondern Kopien und Anlehnungen an bestehende Geb\u00e4ude. Ganz im Geist der Zeit entwarfen die Innsbrucker Baumeister nach dem Wunsch der finanziell potenten Auftraggeber die Geb\u00e4ude in den Stilen des Historismus und des Klassizismus sowie des Tiroler Heimatstils. Die Wahl des Stils der beim Bau des Eigenheimes zur Anwendung kam, war oft nicht nur optisches, sondern auch ideologisches Statement des Bauherrn. Liberale bevorzugten meist den Klassizismus, Konservative waren dem Tiroler Heimatstil zugetan. W\u00e4hrend der Heimatstil sich neobarock und mit vielen Malereien zeigte, waren klare Formen, Statuen und S\u00e4ulen stilpr\u00e4gende Elemente bei der Anlage neuer Geb\u00e4ude des Klassizismus. In einem teils w\u00fcsten Stilmix wurden die Vorstellungen, die Menschen vom klassischen Griechenland und dem antiken Rom hatten, verwirklicht. Nicht nur Bahnh\u00f6fe und \u00f6ffentliche Geb\u00e4ude, auch gro\u00dfe Mietsh\u00e4user und ganze Stra\u00dfenz\u00fcge, sogar Kirchen und Friedh\u00f6fe entstanden entlang der alten Flurwege in diesem Design. Das gehobene B\u00fcrgertum zeigte sein Faible f\u00fcr die Antike mit neoklassizistischen Fassaden. Katholische Traditionalisten lie\u00dfen Heiligenbilder und Darstellungen der Landesgeschichte Tirols in Wandmalereien auf ihren Heimatstilh\u00e4usern anfertigen. W\u00e4hrend im Saggen und Wilten der Neoklassizismus dominiert, finden sich in Pradl Gro\u00dfteils Geb\u00e4ude im konservativen Heimatstil.<\/p>\n<p>Viele Bauexperten r\u00fcmpften lange Zeit die Nase \u00fcber die Bauten der Empork\u00f6mmlinge und Neureichen. Heinrich Hammer schrieb in seinem Standardwerk \u201e<em>Kunstgeschichte der Stadt Innsbruck<\/em>\u201c:<\/p>\n<p><em>\u201eSchon diese erste rasche Erweiterung der Stadt fiel nun freilich in jene bauk\u00fcnstlerisch unfruchtbare Epoche, in der die Architektur, statt eine selbstst\u00e4ndige, zeiteigene Bauweise auszudenken, der Reihe nach die Baustile der Vergangenheit wiederholte.\u201c<\/em><\/p>\n<p>Die Zeit der gro\u00dfen Villen, die die Adelsansitze vergangener Tage mit b\u00fcrgerlicher Note nachahmten, kam mangels Platzgr\u00fcnden nach einigen wilden Jahrzehnten an ihr Ende. Eine weitere Bebauung des Stadtgebietes mit Einzelh\u00e4usern war nicht mehr m\u00f6glich, zu eng war der Platz geworden. Der Bereich Falkstra\u00dfe \/ G\u00e4nsbachstra\u00dfe \/ Bienerstra\u00dfe gilt bis heute als <em>Villensaggen<\/em>, die Gebiete \u00f6stlich als <em>Blocksaggen<\/em>. In Wilten und Pradl kam es zu dieser Art der Bebauung gar nicht erst gar nicht. Trotzdem versiegelten Baumeister im Goldrausch immer mehr Boden. Albert Gruber hielt zu diesem Wachstum 1907 eine mahnende Rede, in der er vor Wildwuchs in der Stadtplanung und Bodenspekulation warnte.<\/p>\n<p><em>\u201eEs ist die schwierigste und verantwortungsvollste Aufgabe, welche unsere Stadtv\u00e4ter trifft. Bis zu den 80er Jahren (Anm.: 1880), sagen wir im Hinblick auf unsere Verh\u00e4ltnisse, ist noch ein gewisses langsames Tempo in der Stadterweiterung eingehalten worden. Seit den letzten 10 Jahren jedoch, kann man sagen, erweitern sich die St\u00e4dtebilder ungeheuer rasch. Es werden alte H\u00e4user niedergerissen und neue an ihrer Stelle gesetzt. Nat\u00fcrlich, wenn dieses Niederrei\u00dfen und Aufbauen planlos, ohne jede \u00dcberlegung, nur zum Vorteil des einzelnen Individuums getrieben wird, dann entstehen zumeist Ungl\u00fccke, sogenannte architektonische Verbrechen. Um solche planlose, der Allgemeinheit nicht zum Frommen und Nutzen gereichende Bauten zu verh\u00fcten, mu\u00df jede Stadt daf\u00fcr sorgen, da\u00df nicht der Einzelne machen kann, was er will: es mu\u00df die Stadt dem schrankenlosen Spekulantentum auf dem Gebiete der Stadterweiterung eine Grenze setzen. Hierher geh\u00f6rt vor allem die Bodenspekulation.\u201c<\/em><\/p>\n<p>Eine Handvoll Baumeister und das Bauamt Innsbruck begleiteten diese Entwicklung in Innsbruck. Bezeichnet man Wilhelm Greil als B\u00fcrgermeister der Erweiterung, verdient der geb\u00fcrtige Wiener Eduard Klingler (1861 \u2013 1916) wohl den Titel als deren Architekt. Klingler pr\u00e4gte das Stadtbild Innsbrucks in seiner Funktion als Beamter und Baumeister wesentlich mit. 1883 begann er f\u00fcr das Land Tirol zu arbeiten. 1889 trat er zum st\u00e4dtischen Bauamt \u00fcber, das er ab 1902 leitete.\u00a0 In Innsbruck gehen unter anderem die Handelsakademie, die Leitgebschule, der Friedhof Pradl, die Dermatologische Klinik im Klinikareal, der St\u00e4dtische Kindergarten in der Michael-Gaismair-Stra\u00dfe, die <em>Trainkaserne<\/em> (Anm.: heute ein Wohnhaus), die Markthalle und das Tiroler Landeskonservatorium auf Klinglers Konto als Leiter des Bauamtes. Ein sehenswertes Geb\u00e4ude im Heimatstil nach seinem Entwurf ist das Ulrichhaus am Berg Isel, das heute den Alt-Kaiserj\u00e4ger-Club beheimatet.<\/p>\n<p>Das bedeutendste Innsbrucker Baub\u00fcro war <em>Johann Huter &amp; S\u00f6hne<\/em>. Johann Huter \u00fcbernahm die Ziegelei seines Vaters. 1856 erwarb er das erste Firmengel\u00e4nde, die <em>Hutergr\u00fcnde<\/em>, am Innrain. Drei Jahre sp\u00e4ter entstand in der Meranerstra\u00dfe der erste repr\u00e4sentative Hauptsitz. Die Firmeneintragung gemeinsam mit seinen S\u00f6hnen Josef und Peter stellte 1860 den offiziellen Startschuss des bis heute existierenden Unternehmens dar. <em>Huter &amp; S\u00f6hne<\/em> verstand sich wie viele seiner Konkurrenten als kompletter Dienstleister. Eine eigene Ziegelei, eine Zementfabrik, eine Tischlerei und eine Schlosserei geh\u00f6rten ebenso zum Unternehmen wie das Planungsb\u00fcro und die eigentliche Baufirma. 1906\/07 errichteten die Huters ihren eigenen Firmensitz in der Kaiser-Josef-Stra\u00dfe 15 im typischen Stil der letzten Vorkriegsjahre. Das herrschaftliche Haus vereint den Tiroler Heimatstil umgeben von Garten und Natur mit neogotischen und neoromanischen Elementen. Bekannte von <em>Huter &amp; S\u00f6hne<\/em> errichtete Geb\u00e4ude in Innsbruck sind das Kloster der Ewigen Anbetung, die Pfarrkirche St. Nikolaus, das erste Geb\u00e4ude der neuen Klinik und mehrere Geb\u00e4ude am Claudiaplatz. Kurz vor Ausbruch des ersten Weltkriegs besch\u00e4ftigte die Baufirma mehr als 700 Personen.<\/p>\n<p>Der zweite gro\u00dfe Player war Josef Retter (1872 \u2013 1954). Der geb\u00fcrtige Nieder\u00f6sterreicher mit Tiroler Wurzeln absolvierte eine Maurerlehre bevor er die <em>k.k. Staatsgewerbeschule<\/em> in Wien und die Werkmeisterschule der baugewerblichen Abteilung besuchte. Nach Berufserfahrungen \u00fcber das Gebiet der Donaumonarchie verteilt in Wien, Kroatien und Bozen konnte er dank der Mitgift seiner Ehefrau im Alter von 29 Jahren seine eigene Baufirma mit Sitz in Innsbruck er\u00f6ffnen. Wie Huter beinhaltete auch sein Unternehmen ein S\u00e4gewerk, ein Sand- und Schotterwerk und eine Werkstatt f\u00fcr Steinmetzarbeiten. 1904 er\u00f6ffnete er in der Sch\u00f6pfstra\u00dfe 23a seine Wohn- und B\u00fcrogeb\u00e4ude, das bis heute als <em>Retterhaus<\/em> bekannt ist. Der neugotische, dunkle Bau mit dem markanten Erker mit S\u00e4ulen und einem T\u00fcrmchen wird von einem sehenswerten Mosaik, die eine Allegorie der Architektur darstellt, geschm\u00fcckt. Das Giebelrelief zeigt die Verbindung von Kunst und Handwerk, einem Symbol f\u00fcr den Werdegang Retters. Sein Unternehmen pr\u00e4gte vor allem Wilten und den Saggen. Mit einem Neubau des Akademischen Gymnasiums, dem burg\u00e4hnlichen Schulgeb\u00e4ude f\u00fcr die Handelsakademie, der Evangelischen Christuskirche im Saggen, dem Zelgerhaus in der Anichstra\u00dfe, der Sonnenburg in Wilten und dem neugotischen Schloss Mentlberg am Sieglanger realisierte er viele der bedeutendsten Geb\u00e4ude dieser Epoche in Innsbruck.<\/p>\n<p>Sp\u00e4tberufen aber mit einem \u00e4hnlich praxisorientieren Hintergrund, der typisch f\u00fcr die Baumeister des 19. Jahrhunderts war, startete Anton Fritz 1888 sein Baub\u00fcro. Er wuchs abgelegen in Graun im Vinschgau auf. Nach Stationen als Polier, Stuckateur und Maurer beschloss er mit 36 Jahren die Gewerbeschule in Innsbruck zu besuchen. Talent und Gl\u00fcck bescherten ihm mit der Villa im Landhausstil in der Karmelitergasse 12 seinen Durchbruch als Planer. Seine Baufirma besch\u00e4ftigte zur Bl\u00fctezeit 150 Personen. 1912, kurz vor dem Ausbruch des Ersten Weltkriegs und dem damit einhergehenden Einbruch der Baubranche, \u00fcbergab er sein Unternehmen an seinen Sohn Adalbert. Das eigene Wohnhaus in der M\u00fcllerstra\u00dfe 4, das Haus Mader in der Glasmalereistra\u00dfe sowie H\u00e4user am Claudiaplatz und dem Sonnenburgplatz z\u00e4hlen zu den Hinterlassenschaften von Anton Fritz.<\/p>\n<p>Mit Carl Kohnle, Carl Albert, Karl Lubomirski und Simon Tommasi hatte Innsbruck weitere Baumeister, die sich mit typischen Geb\u00e4uden des sp\u00e4ten 19. Jahrhunderts im Stadtbild verewigten. Sie alle lie\u00dfen Innsbrucks neue Stra\u00dfenz\u00fcge im architektonisch vorherrschenden Zeitgeist der letzten 30 Jahre der Donaumonarchie erstrahlen. Wohnh\u00e4user, Bahnh\u00f6fe, Amtsgeb\u00e4ude und Kirchen im Riesenreich zwischen der Ukraine und Tirol schauten sich fl\u00e4chendeckend \u00e4hnlich. Nur z\u00f6gerlich kamen neue Str\u00f6mungen wie der Jugendstil auf. In Innsbruck war es der M\u00fcnchner Architekt Josef Bachmann, der mit der Neugestaltung der Fassade des Winklerhauses einen neuen Akzent in der b\u00fcrgerlichen Gestaltung setzte. Mit dem Beginn des Ersten Weltkrieges setzte die Baut\u00e4tigkeit aus. Nach dem Krieg war die Zeit des neoklassizistischen Historismus und Heimatstils endg\u00fcltig Geschichte. Die Zeiten waren karger und die Anforderungen an Wohnbau hatte sich ge\u00e4ndert. Wichtiger als eine repr\u00e4sentative Fassade und gro\u00dfe, herrschaftliche R\u00e4ume wurden in der Zeit der Wohnungsnot der kargen, jungen Republik Deutsch\u00f6sterreich leistbarer Wohnraum und moderne Ausstattung mit sanit\u00e4ren Anlagen. Auch die professionellere Ausbildung der Baumeister und Architekten an der k.k. Staatsgewerbeschule trug ihren Teil zu einem neuen Verst\u00e4ndnis des Bauwesens bei als sie die oftmals autodidaktischen Veteranen der Goldgr\u00e4berzeit des Klassizismus hatten. Spazierg\u00e4nge im Saggen und in Teilen von Wilten und Pradl versetzen bis heute zur\u00fcck in die <em>Gr\u00fcnderzeit<\/em>. Der Claudiaplatz und der Sonnenburgplatz z\u00e4hlen zu den eindr\u00fccklichsten Beispielen. Die Baufirma <em>Huter und S\u00f6hne<\/em> existiert bis heute. Das Unternehmen ist mittlerweile im Sieglanger in der Josef-Franz-Huter-Stra\u00dfe, benannt nach dem Firmengr\u00fcnder. Das Wohnhaus in der Kaiser-Josef-Stra\u00dfe tr\u00e4gt zwar nicht mehr den Schriftzug der Firma, ist aber in seiner Opulenz noch immer ein sehenswertes Relikt dieser Zeit, die Innsbrucks \u00c4u\u00dferes f\u00fcr immer ver\u00e4nderte. Neben seinem Wohnhaus in der Sch\u00f6pfstra\u00dfe beherbergt Wilten ein zweites Geb\u00e4ude der Familie Retter. Am Innrain gegen\u00fcber der Uni befindet sich die <em>Villa Retter<\/em>. Josef Retters \u00e4lteste Tochter Maria Josefa, die selbst bei der Reformp\u00e4dagogin Maria Montessori erzogen wurde, er\u00f6ffnete 1932 das erst \u201e<em>Haus des Kindes<\/em>\u201c Innsbrucks. \u00dcber dem Eingang zeigt ein Portrait den M\u00e4zen Josef Retter, die S\u00fcdfassade schm\u00fcckt ein Mosaik im typischen Stil der 1930er Jahre, das auf den urspr\u00fcnglichen Zweck des Geb\u00e4udes hinweist. Ein l\u00e4chelndes, blondes M\u00e4dchen umarmt seine Mutter, die ein Buch in der Hand hat, und seinen Vater, der einen Hammer tr\u00e4gt. Auch die kleine Grabkapelle am Westfriedhof, die als Familiengrabst\u00e4tte der Retters fungiert, ist eine sehenswerte Hinterlassenschaft dieser f\u00fcr Innsbruck bedeutenden Familie.<\/p>\n<p>[\/et_pb_toggle][et_pb_toggle title=&#8220;Das Jahr 1848 und seine Folgen&#8220; open_toggle_text_color=&#8220;#e09900&#8243; open_toggle_background_color=&#8220;#ffffff&#8220; closed_toggle_text_color=&#8220;#e09900&#8243; closed_toggle_background_color=&#8220;#ffffff&#8220; icon_color=&#8220;#e09900&#8243; open_icon_color=&#8220;#e09900&#8243; admin_label=&#8220;Das Jahr 1848 und seine Folgen&#8220; _builder_version=&#8220;4.27.4&#8243; _module_preset=&#8220;default&#8220; title_text_color=&#8220;#e09900&#8243; title_font_size=&#8220;18px&#8220; border_radii=&#8220;on|5px|5px|5px|5px&#8220; box_shadow_style=&#8220;preset1&#8243; global_module=&#8220;53607&#8243; global_colors_info=&#8220;{}&#8220;]<\/p>\n<p>Das Jahr 1848 nimmt einen mythischen Platz in der europ\u00e4ischen Geschichte ein. Die Hotspots waren zwar nicht im abgeschiedenen Tirol, sondern in den gro\u00dfen Metropolen wie Paris, Wien, Budapest, Mailand oder Berlin zu finden, auch im <em>Heiligen Land<\/em> hinterlie\u00df das Revolutionsjahr aber kr\u00e4ftige Spuren.\u00a0 Im Gegensatz zum b\u00e4uerlich gepr\u00e4gten Umland hatte sich in Innsbruck ein aufgekl\u00e4rtes Bildungsb\u00fcrgertum entwickelt. Aufgekl\u00e4rte Menschen wollten keine Untertanen eines Monarchen oder Landesf\u00fcrsten mehr sein, sondern B\u00fcrger mit Rechten und Pflichten gegen\u00fcber einem Staat. Studenten und Freiberufler forderten politische Mitsprache, Pressefreiheit und B\u00fcrgerrechte. Arbeiter verlangten nach besseren L\u00f6hnen und Arbeitsbedingungen. Besonders radikale Liberale und Nationalisten stellten sogar die Allmacht der Kirche in Frage.<\/p>\n<p>Im M\u00e4rz 1848 entlud sich in vielen St\u00e4dten Europas dieses sozial und politisch hochexplosive Gemisch in Aufst\u00e4nden. In Innsbruck feierten Studenten und Professoren die neu erlassene Pressefreiheit mit einem Fackelzug. Im Gro\u00dfen und Ganzen ging die Revolution im gem\u00e4chlichen Tirol aber ruhig vonstatten. Von einem spontanen Ausbruch der Emotionen zu sprechen w\u00e4re verwegen, der Termin des Zuges wurde wegen Schlechtwetter vom 20. auf den 21. M\u00e4rz verschoben. Es kam kaum zu antihabsburgischen Ausschreitungen oder \u00dcbergriffen, ein verirrter Stein in ein Fenster der Jesuiten war einer der H\u00f6hepunkte der alpinen Variante der Revolution von 1848. Die Studenten unterst\u00fctzten das Stadtmagistrat sogar dabei, die \u00f6ffentliche Ordnung zu \u00fcberwachen, um so dem Monarchen ihre Dankbarkeit f\u00fcr die neu gew\u00e4hrten Freiheiten und ihre Treue zu zeigen.<\/p>\n<p>Die anf\u00e4ngliche Begeisterung f\u00fcr b\u00fcrgerliche Revolution wurde in Innsbruck schnell von deutschnationalem, patriotischen Rausch abgel\u00f6st. Am 6. April 1848 wurde vom Gubernator Tirols die deutsche Fahne w\u00e4hrend eines feierlichen Umzugs geschwungen. Auch auf dem Stadtturm wurde eine deutsche <em>Tricolore<\/em> gehisst. W\u00e4hrend sich Studenten, Arbeiter, liberal-nationalistisch gesinnte B\u00fcrger, Republikaner, Anh\u00e4nger einer konstitutionellen Monarchie und katholische Konservative bei gesellschaftlichen Themen wie der Pressefreiheit nicht einig wurden, teilte man die Abneigung gegen die italienische Unabh\u00e4ngigkeitsbewegung, die von Piemont und Mailand ausgehend Norditalien erfasst hatte. Innsbrucker Studenten und Sch\u00fctzen zogen mit Unterst\u00fctzung der k.k. Armeef\u00fchrung ins Trentino, um die Unruhen und Aufst\u00e4nde im Keim zu ersticken. Bekannte Mitglieder dieses Korps waren der bereits in die Jahre gekommene Pater Haspinger, der bereits mit Andreas Hofer 1809 zu Felde zog, und Adolf Pichler. Johann Nepomuk Mahl-Schedl, verm\u00f6gender Besitzer von Schloss B\u00fcchsenhausen, stattete sogar eine eigene Kompanie aus, mit der er zur Grenzsicherung \u00fcber den Brenner zog.<\/p>\n<p>Auch die Stadt Innsbruck als politisches und wirtschaftliches Zentrum des multinationalen Kronlandes Tirol und Heimat vieler Italienischsprachiger wurde zur Arena dieses Nationalit\u00e4tenkonflikts. In Kombination mit reichlich Alkohol bereiteten anti-italienische Gef\u00fchle in Innsbruck mehr Gefahr f\u00fcr die \u00f6ffentliche Ordnung als die nach b\u00fcrgerlichen Freiheiten. Ein Streit zwischen einem deutschsprachigen Handwerker und einem italienischsprachigen Ladiner schaukelte sich derma\u00dfen auf, dass es beinahe zu einem Pogrom gegen\u00fcber den zahlreichen Betrieben und Gastst\u00e4tten von italienischsprachigen Tirolern gekommen w\u00e4re.<\/p>\n<p>Die relative Beschaulichkeit Innsbrucks kam dem unter Druck stehenden Kaiserhaus recht. Als es in Wien auch nach dem M\u00e4rz nicht aufh\u00f6rte zu brodeln, floh Kaiser Ferdinand im Mai nach Tirol. Folgt man den Presseberichten aus dieser Zeit, wurde er von der Bev\u00f6lkerung begeistert empfangen.<\/p>\n<p>&#8222;<em>Wie hei\u00dft das Land, dem solche Ehre zu Theil wird, wer ist das Volk, das ein solches Vertrauen genie\u00dft in dieser verh\u00e4ngni\u00dfvollen Zeit? St\u00fctzt sich die Ruhe und Sicherheit hier blo\u00df auf die Sage aus alter Zeit, oder liegt auch in der Gegenwart ein Grund, auf dem man bauen kann, den der Wind nicht weg bl\u00e4st, und der Sturm nicht ersch\u00fcttert? Dieses Alipenland hei\u00dft Tirol, gef\u00e4llts dir wohl? Ja, das tirolische Volk allein bew\u00e4hrt in der Mitte des aufgew\u00fchlten Europa die Ehrfurcht und Treue, den Muth und die Kraft f\u00fcr sein angestammtes Regentenhaus, w\u00e4hrend ringsum Auflehnung, Widerspruch. Trotz und Forderung, h\u00e4ufig sogar Aufruhr und Umsturz toben; Tirol allein h\u00e4lt fest ohne Wanken an Sitte und Gehorsam, auf Religion, Wahrheit und Recht, w\u00e4hrend anderw\u00e4rts die Frechheit und L\u00fcge, der Wahnsinn und die Leidenschaften herrschen anstatt folgen wollen. Und w\u00e4hrend im gro\u00dfen Kaiserreiche sich die Bande \u00fcberall lockern, oder gar zu l\u00f6sen drohen; wo die Willk\u00fchr, von den Begierden getrieben, Gesetze umst\u00fcrzt, offenen Aufruhr predigt, t\u00e4glich mit neuen Forderungen losgeht; eigenm\u00e4chtig ephemere- wie das Wetter wechselnde Einrichtungen schafft; w\u00e4hrend Wien, die alte sonst so friedliche Kaiserstadt, sich von der erhitzten Phantasie der Jugend lenken und g\u00e4ngeln l\u00e4\u00dft, und die R\u00e4the des Reichs auf eine schm\u00e4hliche Weise behandelt, nach Laune beliebig, und mit jakobinischer Anma\u00dfung, \u00fcber alle Provinzen verf\u00fcgend, absetzt und anstellt, ja sogar ohne Ehrfurcht, den Kaiser mit Sturm-Petitionen verfolgt; w\u00e4hrend jetzt von allen Seiten her Deputationen mit Ergebenheits-Addressen mit Bittgesuchen und Loyalit\u00e4tsversicherungen dem Kaiser nach Innsbruck folgen, steht Tirol ganz ruhig, gleich einer stillen Insel, mitten im brausenden Meeressturme, und des kleinen V\u00f6lkchens treue Brust bildet, wie seine Berge und Felsen, eine feste Mauer in Gesetz und Ordnung, f\u00fcr den Kaiser und das Vaterland.<\/em>&#8222;<\/p>\n<p>Im Juni stieg auch ein junger Franz Josef, damals noch nicht Kaiser, am R\u00fcckweg von den Schlachtfeldern Norditaliens in der Hofburg ab, anstatt direkt nach Wien zu reisen. Innsbruck war wieder Residenzstadt, wenn auch nur f\u00fcr einen Sommer. W\u00e4hrend in Wien, Mailand und Budapest Blut floss, genoss die kaiserliche Familie das Tiroler Landleben. Ferdinand, Franz Karl, seine Frau Sophie und Franz Josef empfingen G\u00e4ste von ausl\u00e4ndischen F\u00fcrstenh\u00f6fen und lie\u00dfen sich im Viersp\u00e4nner zu den Ausflugszielen der Region wie der Weiherburg, zur Stefansbr\u00fccke, nach Kranebitten und hoch hinauf bis Heiligwasser chauffieren. Wenig sp\u00e4ter war es allerdings vorbei mit der Gem\u00fctlichkeit. Der als nicht mehr amtstauglich geltende Ferdinand \u00fcbergab unter sanftem Druck die Fackel der Regentenw\u00fcrde an Franz Josef I. Im Juli 1848 kam es in Wien in der Hofreitschule zur Abhaltung einer ersten parlamentarischen Sitzung. Eine erste Verfassung wurde in Kraft gesetzt. Der Reformwille der Monarchie flachte aber schnell wieder ab. Das neue Parlament war ein Reichsrat, es konnte keine bindenden Gesetze erlassen, der Kaiser besuchte es Zeit seines Lebens nie und verstand auch nicht, warum die Donaumonarchie als von Gott eingesetzt diesen Rat ben\u00f6tigt.<\/p>\n<p>Die zart in Gang gesetzte Liberalisierung nahm in den St\u00e4dten trotzdem ihren Lauf. Innsbruck erhielt den Status einer Stadt mit eigenem Statut. Das Innsbrucker Gemeinderecht sah ein B\u00fcrgerrecht vor, das zwar an Besitz oder die Abgabe von Steuern gebunden war, jedoch den Angeh\u00f6rigen der Gemeinde gewisse Rechte gesetzlich zusicherte. Das Heimatrecht konnte durch Geburt, Verehelichung oder au\u00dferordentlicher Verleihung erworben werden und verlieh zumindest den m\u00e4nnlichen Vollj\u00e4hrigen das Wahlrecht auf kommunaler Ebene. Geriet man in finanzielle Notlage, so hatte man das Anrecht auf eine Grundversorgung durch die Stadt.<\/p>\n<p>Innerhalb der Stadtregierung setzte sich dank des Mehrheitswahlrechtes nach Zensus die gro\u00dfdeutsch-liberale Fraktion durch, in der H\u00e4ndler, Gewerbetreibende, Industrielle und Gastwirte den Ton angaben. Am 2. Juni 1848 erschien die erste Ausgabe der liberal und gro\u00dfdeutsch gesinnten <em>Innsbrucker Zeitung<\/em>, der obiger Artikel zur Ankunft des Kaisers in Innsbruck entnommen ist. Konservative hingegen lasen das <em>Volksblatt f\u00fcr Tirol und Vorarlberg<\/em>. Gem\u00e4\u00dfigte Leser, die eine konstitutionelle Monarchie bef\u00fcrworteten, konsumierten bevorzugt den <em>Bothen f\u00fcr Tirol und Vorarlberg<\/em>. Mit der Pressefreiheit war es aber schnell wieder vorbei. Die zuvor abgeschaffte Zensur wurde in Teilen wieder eingef\u00fchrt. Herausgeber von Zeitungen mussten einigen Schikanen der Obrigkeit unterziehen. Zeitungen durften nicht gegen Landesregierung, Monarchie oder Kirche schreiben.<\/p>\n<p><em>&#8222;Wer durch Druckschriften andere zu Handlungen auffordert, aneifert oder zu verleiten sucht, durch welche die gewaltsame Losrei\u00dfung eines Theiles von dem einheitlichen Staatsverbande&#8230; des Kaiserthums \u00d6sterreich bewirkt&#8230; oder der allgemeine \u00f6ster. Reichstag oder die Landtage der einzelnen Kronl\u00e4nder&#8230; gewaltt\u00e4tig st\u00f6rt&#8230; wird mit schwerem Kerker von zwei bis zehn Jahren Haft bestraft.&#8220;<\/em><\/p>\n<p>Nachdem Innsbruck 1849 Meran auch offiziell als Landeshauptstadt abgel\u00f6ste hatte und somit auch endg\u00fcltig zum politischen Zentrum Tirols geworden war, bildeten sich Parteien. Ab 1868 stellte die liberal und gro\u00dfdeutsch orientierte Partei den B\u00fcrgermeister der Stadt Innsbruck. Der Einfluss der Kirche nahm in Innsbruck im Gegensatz zu den Umlandgemeinden ab. Individualismus, Kapitalismus, Nationalismus und Konsum sprangen in die Bresche. Neue Arbeitswelten, Kaufh\u00e4user, Theater, Caf\u00e9s und Tanzlokale verdr\u00e4ngten Religion zwar auch in der Stadt nicht, die Gewichtung wurde durch die 1848 errungenen b\u00fcrgerlichen Freiheiten aber eine andere.<\/p>\n<p>Die vielleicht wichtigste Gesetzes\u00e4nderung war das <em>Grundentlastungspatent<\/em>. In Innsbruck hielt der Klerus, vor allem das Stift Wilten, einen gro\u00dfen Teil des b\u00e4uerlichen Grundbesitzes. Kirche und Adel waren nicht steuerpflichtig. 1848\/49 wurden in \u00d6sterreich Grundherrschaft und Untert\u00e4nigkeitsverh\u00e4ltnis aufgehoben. Abgel\u00f6st wurden damit Grundzinsen, Zehent und Robot. Die Grundherren erhielten im Rahmen der Grundentlastung ein Drittel des Wertes ihrer L\u00e4ndereien vom Staat, ein Drittel wurde als Steuererleichterung gewertet, ein Drittel der Abl\u00f6se mussten die Bauern selbst \u00fcbernehmen. Sie konnten diesen Betrag in Raten innert zwanzig Jahren abzahlen.<\/p>\n<p>Die Nachwirkungen sind bis heute zu sp\u00fcren. Die Nachkommen der damals erfolgreichen Bauern genie\u00dfen durch den geerbten Landbesitz, der auf die Grundentlastung 1848 zur\u00fcckzuf\u00fchren ist, die Fr\u00fcchte des Wohlstandes und auch politischen Einfluss durch Grundst\u00fccksverk\u00e4ufe f\u00fcr Wohnbau, Pachten und Abl\u00f6sen der \u00f6ffentlichen Hand f\u00fcr Infrastrukturprojekte. Die grundbesitzenden Adeligen von einst mussten sich mit der Schmach abfinden, b\u00fcrgerlicher Arbeit nachzugehen. Der \u00dcbergang vom Geburtsrecht zum privilegierten Status innerhalb der Gesellschaft dank finanzieller Mittel, Netzwerken und Ausbildung gelang h\u00e4ufig. Viele Innsbrucker Akademikerdynastien nahmen ihren Ausgang in den Jahrzehnten nach 1848.<\/p>\n<p>Das bis dato unbekannte Ph\u00e4nomen der Freizeit kam, wenn auch f\u00fcr den gr\u00f6\u00dften Teil nur sp\u00e4rlich, auf und beg\u00fcnstigte gemeinsam mit frei verf\u00fcgbarem Einkommen einer gr\u00f6\u00dferen Anzahl an Menschen Hobbies. Zivile Organisationen und Vereine, vom Lesezirkel \u00fcber S\u00e4ngerb\u00fcnde, Feuerwehren und Sportvereine, gr\u00fcndeten sich. Auch im Stadtbild manifestierte sich das Revolutionsjahr. Parks wie der Englische Garten beim Schloss Ambras oder der Hofgarten waren nicht mehr exklusiv der Aristokratie vorbehalten, sondern dienten den B\u00fcrgern als Naherholungsgebiete vom beengten Dasein. In St. Nikolaus entstand der <em>Waltherpark<\/em> als kleine Ruheoase. Einen Stock h\u00f6her er\u00f6ffnete im Schloss B\u00fcchsenhausen Tirols erste Schwimm- und Badeanstalt, wenig sp\u00e4ter folgte ein weiteres Bad in Dreiheiligen. Ausflugsgasth\u00f6fe rund um Innsbruck florierten. Neben den gehobenen Restaurants und Hotels entstand eine Szene aus Gastwirtschaften, in denen sich auch Arbeiter und Angestellte gem\u00fctliche Abende bei Theater, Musik und Tanz leisten konnten.<\/p>\n<p>[\/et_pb_toggle][et_pb_toggle title=&#8220;Wilhelm Greil: DER B\u00fcrgermeister Innsbrucks&#8220; open_toggle_text_color=&#8220;#e09900&#8243; open_toggle_background_color=&#8220;#ffffff&#8220; closed_toggle_text_color=&#8220;#e09900&#8243; closed_toggle_background_color=&#8220;#ffffff&#8220; icon_color=&#8220;#e09900&#8243; open_icon_color=&#8220;#e09900&#8243; admin_label=&#8220;Wilhelm Greil: DER B\u00fcrgermeister Innsbrucks&#8220; _builder_version=&#8220;4.27.4&#8243; _module_preset=&#8220;default&#8220; title_text_color=&#8220;#e09900&#8243; title_font_size=&#8220;18px&#8220; border_radii=&#8220;on|5px|5px|5px|5px&#8220; box_shadow_style=&#8220;preset1&#8243; global_module=&#8220;53535&#8243; global_colors_info=&#8220;{}&#8220;]<\/p>\n<p>Einer der wichtigsten Akteure der Stadtgeschichte war Wilhelm Greil (1850 \u2013 1923). Von 1896 bis 1923 bekleidete der Unternehmer das Amt des B\u00fcrgermeisters, nachdem er vorher bereits als Vizeb\u00fcrgermeister die Geschicke der Stadt mitgestaltet hatte. Es war die Zeit des Wachstums, der Eingemeindung ganzer Stadtviertel, technischer Innovationen und neuer Medien. Die vier Jahrzehnte zwischen der Wirtschaftskrise 1873 und dem Ersten Weltkrieg von einem nie dagewesenen Wirtschaftswachstum und einer rasenden Modernisierung gekennzeichnet. Private Investitionen in Infrastruktur wie Eisenbahn, Energie und Strom waren vom Staat gew\u00fcnscht und wurden steuerlich beg\u00fcnstigt, um die L\u00e4nder und St\u00e4dte der kr\u00e4nkelnden Donaumonarchie in die Moderne zu f\u00fchren. Die Wirtschaft der Stadt boomte. Betriebe in den neuen Stadtteilen Pradl und Wilten entstanden und lockten Arbeitskr\u00e4fte an. Auch der Tourismus brachte frisches Kapital in die Stadt. Die Ansammlung an Menschen auf engstem Raum unter teils prek\u00e4ren Hygieneverh\u00e4ltnissen brachte gleichzeitig aber auch Probleme mit sich. Besonders die Randbezirke der Stadt und die umliegenden D\u00f6rfer wurden regelm\u00e4\u00dfig von Typhus heimgesucht.<\/p>\n<p>Die Innsbrucker Stadtpolitik, in der Greil sich bewegte, war vom Kampf liberaler und konservativer Kr\u00e4fte gepr\u00e4gt. Greil geh\u00f6rte der &#8222;<em>Deutschen Volkspartei<\/em>&#8220; an, einer liberalen und national-gro\u00dfdeutschen Partei. Was heute als Widerspruch erscheint, liberal und national, war im 19. Jahrhundert ein politisch \u00fcbliches und gut funktionierendes Gedankenpaar. Der <em>Pangermanismus<\/em> war keine politische Besonderheit einer rechtsradikalen Minderheit, sondern besonders in deutschsprachigen St\u00e4dten des Reiches eine Str\u00f6mung der Mitte, die bis nach dem Zweiten Weltkrieg durch fast alle Parteien hindurch in unterschiedlicher Auspr\u00e4gung Bedeutung hatte. Innsbrucker, die auf sich hielten, bezeichneten sich nicht als \u00d6sterreicher, sondern als Deutsche. Wer Ausgaben der liberalen <em>Innsbrucker Nachrichten<\/em> der Zeit rund um die Jahrhundertwende unter die Lupe nimmt, findet unz\u00e4hlige Artikel, in denen das Gemeinsame zwischen dem Deutschen Reich und den deutschsprachigen L\u00e4ndern zum Thema des Tages gemacht wurde, w\u00e4hrend man sich von anderen Volksgruppen innerhalb des multinationalen Habsburgerreiches distanzierte. Greil war ein geschickter Politiker, der sich innerhalb der vorgegebenen Machtstrukturen seiner Zeit bewegte. Er wusste sich um die traditionellen Kr\u00e4fte, die Monarchie und den Klerus geschickt zu man\u00f6vrieren und sich mit ihnen zu arrangieren.<\/p>\n<p>Steuern, Gesellschaftspolitik, Bildungswesen, Wohnbau und die Gestaltung des \u00f6ffentlichen Raumes wurden mit Leidenschaft und Eifer diskutiert. Bedingt durch eine Wahlordnung, die auf das Stimmrecht \u00fcber Verm\u00f6gensklassen aufgebaut war, konnten nur etwa 10% der gesamten Innsbrucker Bev\u00f6lkerung zur Wahlurne schreiten. Frauen waren prinzipiell ausgeschlossen. Dabei galt das relative Wahlrecht innerhalb der drei Wahlk\u00f6rper, was so viel hei\u00dft wie: <em>The winner takes it all<\/em>. Greil wohne passenderweise \u00e4hnlich wie ein Renaissancef\u00fcrst. Er entstammte der gro\u00dfb\u00fcrgerlichen Upper Class. Sein Vater konnte es sich leisten, im Palais Lodron in der Maria-Theresienstra\u00dfe die Homebase der Familie zu gr\u00fcnden. Massenparteien wie die Sozialdemokratie konnten sich bis zur Wahlrechtsreform der Ersten Republik nicht durchsetzen. Konservative hatten es in Innsbruck auf Grund der Bev\u00f6lkerungszusammensetzung, besonders bis zur Eingemeindung von Wilten und Pradl, ebenfalls schwer. B\u00fcrgermeister Greil konnte auf 100% R\u00fcckhalt im Gemeinderat bauen, was die Entscheidungsfindung und Lenkung nat\u00fcrlich erheblich vereinfachte. Bei aller Effizienz, die Innsbrucker B\u00fcrgermeister bei oberfl\u00e4chlicher Betrachtung an den Tag legten, sollte man nicht vergessen, dass das nur m\u00f6glich war, weil sie als Teil einer Elite aus Unternehmern, Handelstreibenden und Freiberuflern ohne nennenswerte Opposition und R\u00fccksichtnahme auf andere Bev\u00f6lkerungsgruppen wie Arbeitern, Handwerkern und Angestellten in einer Art gew\u00e4hlten Diktatur durchregierten. Das Reichsgemeindegesetz von 1862 verlieh St\u00e4dten wie Innsbruck und damit den B\u00fcrgermeistern gr\u00f6\u00dfere Befugnisse. Es verwundert kaum, dass die Amtskette, die Greil zu seinem 60. Geburtstag von seinen Kollegen im Gemeinderat verliehen bekam, den Ordensketten des alten Adels erstaunlich \u00e4hnelte.<\/p>\n<p>Unter Greils \u00c4gide und dem allgemeinen wirtschaftlichen Aufschwung, angeheizt von privaten Investitionen, erweiterte sich Innsbruck im Eiltempo. Der Gemeinderat kaufte ganz im Stil eines Kaufmanns vorausschauend Grund an, um der Stadt Neuerungen zu erm\u00f6glichen. Der Politiker Greil konnte sich bei den gro\u00dfen Bauprojekten der Zeit auf die Beamten und Stadtplaner Eduard Klingler, Jakob Albert und Theodor Prachensky st\u00fctzen. Infrastrukturprojekte wie das neue Rathaus in der Maria-Theresienstra\u00dfe 1897, die Er\u00f6ffnung der Mittelgebirgsbahn, die Hungerburgbahn und die <em>Karwendelbahn<\/em> wurden w\u00e4hrend seiner Regierungszeit umgesetzt. Weitere gut sichtbare Meilensteine waren die Erneuerung des Marktplatzes und der Bau der Markthalle.\u00a0Neben den prestigetr\u00e4chtigen Gro\u00dfprojekten entstanden in den letzten Jahrzehnten des 19. Jahrhunderts aber viele unauff\u00e4llige Revolutionen. Vieles, was in der zweiten H\u00e4lfte des 19. Jahrhunderts vorangetrieben wurde, geh\u00f6rt heute zum Alltag. F\u00fcr die Menschen dieser Zeit waren diese Dinge aber eine echte Sensation und lebensver\u00e4ndernd. Bereits Greils Vorg\u00e4nger B\u00fcrgermeister Heinrich Falk (1840 \u2013 1917) hatte erheblich zur Modernisierung der Stadt und zur Besiedelung des Saggen beigetragen. Seit 1859 war die Beleuchtung der Stadt mit Gasrohrleitungen stetig vorangeschritten. Mit dem Wachstum der Stadt und der Modernisierung wurden die Senkgruben, die in Hinterh\u00f6fen der H\u00e4user als Abort dienten und nach Entleerung an umliegende Landwirte als D\u00fcnger verkauft wurden, zu einer Unzumutbarkeit f\u00fcr immer mehr Menschen. 1880 wurde das <em>Raggeln<\/em>, so der Name im Volksmund f\u00fcr die Entleerung der Aborte, in den Verantwortungsbereich der Stadt \u00fcbertragen. Zwei pneumatische Maschinen sollten den Vorgang zumindest etwas hygienischer gestalten. Zwischen 1887 und 1891 wurde Innsbruck mit einer modernen Hochdruckwasserleitung ausgestattet, \u00fcber die auch Wohnungen in h\u00f6her gelegenen Stockwerken mit frischem Wasser versorgt werden konnten. Wer auf sich hielt und es sich leisten konnte, hatte damit erstmals die Gelegenheit eine Sp\u00fcltoilette im Eigenheim zu installieren.<\/p>\n<p>Greil setzte diesen Feldzug der Modernisierung fort. Nach jahrzehntelangen Diskussionen wurde 1903 mit dem Bau einer modernen Schwemmkanalisation begonnen. Ausgehend von der Innenstadt wurden immer mehr Stadtteile an diesen heute allt\u00e4glichen Luxus angeschlossen. 1908 waren nur die <em>Koatlackler<\/em> Mariahilf und St. Nikolaus nicht an das Kanalsystem angeschlossen. Auch der neue Schlachthof im Saggen erh\u00f6hte Hygiene und Sauberkeit in der Stadt. Schlecht kontrollierte Hofschlachtungen geh\u00f6rten mit wenigen Ausnahmen der Vergangenheit an. Das Vieh kam im Zug am Sillspitz an und wurde in der modernen Anlage fachgerecht geschlachtet. Greil \u00fcberf\u00fchrte auch das Gaswerk in Pradl und das Elektrizit\u00e4tswerk in M\u00fchlau in st\u00e4dtischen Besitz. Die Stra\u00dfenbeleuchtung wurde im 20. Jahrhundert von den Gaslaternen auf elektrisches Licht umgestellt. 1888 \u00fcbersiedelte das Krankenhaus von der Maria-Theresienstra\u00dfe an seinen heutigen Standort.\u00a0B\u00fcrgermeister und Gemeinderat konnten sich bei dieser<em> Innsbrucker Renaissance <\/em>neben der wachsenden Wirtschaftskraft in der Vorkriegszeit auch auf M\u00e4zen aus dem B\u00fcrgertum st\u00fctzen. Waren technische Neuerungen und Infrastruktur Sache der Liberalen, verblieb die F\u00fcrsorge der \u00c4rmsten weiterhin bei klerikal gesinnten Kr\u00e4ften, wenn auch nicht mehr bei der Kirche selbst. Freiherr Johann von Sieberer stiftete das Greisenasyl und das Waisenhaus im Saggen. Leonhard Lang stiftete das Geb\u00e4ude in der Maria-Theresienstra\u00dfe, in der sich bis heute das Rathaus befindet gegen das Versprechen der Stadt ein Lehrlingsheim zu bauen.<\/p>\n<p>Im Gegensatz zur boomenden Vorkriegs\u00e4ra war die Zeit nach 1914 vom Krisenmanagement gepr\u00e4gt. In seinen letzten Amtsjahren begleitete Greil Innsbruck am \u00dcbergang von der Habsburgermonarchie zur Republik durch Jahre, die vor allem durch Hunger, Elend, Mittelknappheit und Unsicherheit gepr\u00e4gt waren. Er war 68 Jahre alt, als italienische Truppen nach dem Ersten Weltkrieg die Stadt besetzten und Tirol am Brenner geteilt wurde. Das Ende der Monarchie und des Zensuswahlrechts bedeuteten auch den Niedergang der Liberalen in Innsbruck, auch wenn Greil das in seiner aktiven Karriere nur teilweise miterlebte. 1919 konnten die Sozialdemokraten in Innsbruck zwar zum ersten Mal den Wahlsieg davontragen, dank der Mehrheiten im Gemeinderat blieb Greil aber B\u00fcrgermeister. 1928 verstarb er als Ehrenb\u00fcrger der Stadt Innsbruck im Alter von 78 Jahren. Die Wilhelm-Greil-Stra\u00dfe war noch zu seinen Lebzeiten nach ihm benannt worden.<\/p>\n<p>[\/et_pb_toggle][et_pb_toggle title=&#8220;Theater, Bauernb\u00fchnen, Kinos &#038; Kuno&#8220; open_toggle_text_color=&#8220;#e09900&#8243; open_toggle_background_color=&#8220;#ffffff&#8220; closed_toggle_text_color=&#8220;#e09900&#8243; closed_toggle_background_color=&#8220;#ffffff&#8220; icon_color=&#8220;#e09900&#8243; open_icon_color=&#8220;#e09900&#8243; admin_label=&#8220;Theater, Bauernb\u00fchnen, Kinos &#038; Kuno&#8220; _builder_version=&#8220;4.27.4&#8243; _module_preset=&#8220;default&#8220; title_text_color=&#8220;#e09900&#8243; title_font_size=&#8220;18px&#8220; border_radii=&#8220;on|5px|5px|5px|5px&#8220; box_shadow_style=&#8220;preset1&#8243; global_module=&#8220;66231&#8243; saved_tabs=&#8220;all&#8220; global_colors_info=&#8220;{}&#8220;]<\/p>\n<p>Das Tiroler Landestheater gegen\u00fcber der Hofburg mit seine klassizistischen Fassade ist bis heute das auff\u00e4lligste Denkmal bildungsb\u00fcrgerlicher, st\u00e4dtischer Abendunterhaltung der Stadt. Seit seinem Bestehen fristete dieses Haus der Hochkultur allerdings zu einem gro\u00dfen Teil ein tristes Dasein, was die Zuschauerzahlen anbelangt. Von barocken St\u00fccken rund um das Leiden Christi des 16. Jahrhunderts bis zu gewagten, vom Publikum oft mit wenig Applaus honorierten Inszenierungen knapp 500 Jahre sp\u00e4ter war das Treiben im Landestheater stets das Steckenpferd einer kleinen Elite. Die Mehrheit der Innsbrucker vertrieb sich die Zeit mit profanen Vergn\u00fcgungen.<\/p>\n<p>Schausteller und fahrendes Volk waren in St\u00e4dten immer schon gern gesehene G\u00e4ste. Nicht anders als heute gab es auch in vergangenen Zeiten eine strenge Zensur \u00f6ffentlicher Darstellungen. Was heute Altersbeschr\u00e4nkungen bei Kinofilmen sind, waren fr\u00fcher Einschr\u00e4nkungen von Gott nicht gef\u00e4lligen Auff\u00fchrungen bis hin zu kompletten Verboten von Theater und Schauspiel unter besonders frommen Landesf\u00fcrsten. Mit der steigenden Verb\u00fcrgerlichung und aufgekl\u00e4rteren Moralvorstellungen wurden die Regeln aber nach und nach lockerer.<\/p>\n<p>Das <em>Pradler Bauerntheater<\/em>, die \u00e4lteste bis heute institutionalisierte volkst\u00fcmliche Innsbrucker Theatergruppe, gr\u00fcndete sich nach eigenen Angaben 1762. Der erste Spielort war zwar eine Freiluftb\u00fchne in der H\u00f6ttinger Au und neben Bauern waren auch Handwerker und Studenten Teil des Ensembles, der Namens- und Herkunftsehre soll das an dieser Stelle aber keinen Abbruch tun. W\u00e4hrend im Landestheater oft vor halbleeren R\u00e4ngen gespielt wurde, erfreuten sich die Laiendarsteller mit ihren Lustspielen gro\u00dfer Beliebtheit. Angestellte und Arbeiter pilgerten am Wochenende aus der Stadt zu den Spielorten in den umliegenden D\u00f6rfern oder genossen in Wirtsh\u00e4usern die abendliche Zerstreuung. Besonders beliebt waren die sogenannten Ritterspiele mit entf\u00fchrten Prinzessinnen, heldenhaften Rettern und tollpatschigen B\u00f6sewichten. Anders als in den ernsten St\u00fccken im b\u00fcrgerlichen Theater traten die Darsteller der Bauerntheater mit den Besuchern in Kontakt. Zwischenrufe von den R\u00e4ngen wurden nicht unterbunden, sondern spontan ins St\u00fcck eingebaut. Es konnte sogar vorkommen, dass das nicht immer n\u00fcchterne Publikum handgreiflich in die Handlung eingriff.<\/p>\n<p>Mit zunehmendem Erfolg begann nach und nach eine Professionalisierung. 1870 \u00fcbersiedelte das <em>Pradler Bauerntheater<\/em> in einen zur B\u00fchne umgebauten Heustadl am <em>Lodronischen Hof<\/em> in der Egerdachstra\u00dfe. Innsbruck besa\u00df in der Zeit vor dem Siegeszug des Fernsehens eine ganze Reihe an Theatern und Lokalen, die ihr Publikum mit Theaterst\u00fccken und Musik unterhielten. 1892 er\u00f6ffnete die L\u00f6wenhaus-B\u00fchne am Rennweg, wo heute das Tiroler Landesstudio des ORF beheimatet ist. Das Holzgeb\u00e4ude brannte in den sp\u00e4ten 50er Jahren, p\u00fcnktlich zum Aufstieg des staatlichen Rundfunks ab. 1898 waren die Pradler auf Gastspiel im Ronacher in Wien. Der junge und ehrgeizige Ferdinand Exl (1875 \u2013 1942) beschritt einige Jahre sp\u00e4ter mit einem Teil der Truppe neue Wege. Lange galt die Weisheit: \u201e<em>Wer in ein Bauerntheater gehen will, kommt im Theater nicht auf seine Rechnung und wer im Theater nicht nur Unterhaltung, sondern literarische Anregung sucht, geht nicht ins Bauerntheater.<\/em>\u201c Exl erkannte den Trend der Zeit. Angestellte und Arbeiter konnten sich zwar die horrenden Ticketpreise des Landestheaters nicht leisten und wollten auch keine sich ziehenden Wagneropern oder St\u00fccke wie <em>Die Leiden des jungen Werther<\/em> sehen, eine gewisse Qualit\u00e4t in Inhalt und Darstellung erwartete man sich aber. Mit den sogenannten literarischen Volksst\u00fccken namhafter heimischer Autoren wie Ludwig Anzengruber, Franz Kranewitter oder Karl Sch\u00f6nherr vereinte Exl Unterhaltung und Niveau. Anzengruber fasste die Entwicklung zusammen:<\/p>\n<p>\u201e<em>Die Anzengruber\u2019schen Tiroler singen nicht nur Schnaderh\u00fcpfel, platteln d\u2019Schuh, fluchen wie Kroaten und raufen, sondern sie sind auch Menschen mit einer subtilen Psyche, die sich \u00fcber die verschiedensten Probleme ihre eigenen Gedanken machen, ihre eigene Philosophie entwickeln.<\/em>\u201c<\/p>\n<p>Das erste von Exl inszenierte St\u00fcck <em>Der Pfarrer von Kirchfeld<\/em> aus der Feder Anzengrubers kam 1902 im <em>\u00d6sterreichischen Hof<\/em> in Wilten auf die B\u00fchne. Die Truppe bestand vor allem aus Mitgliedern der Familie Exl und Auer. 1903 zog die als <em>Exl B\u00fchne<\/em> bekannte Schauspielertruppe ins <em>Adambr\u00e4u<\/em> in der Adamgasse, von 1904 bis 1915 spielten Publikumshits wie Kranewitters St\u00fccke <em>Michael Gaismair<\/em> und <em>Andre Hofer<\/em> im <em>L\u00f6wenhaus<\/em> beim Hofgarten. Neben den St\u00fccken wurde f\u00fcr Touristen auch landestypische Unterhaltung wie Zithervortr\u00e4ge und \u201e<em>echter, fescher Tiroler Schuhplattler-Tanz<\/em>\u201c geboten. 1904 startete die erste internationale Tournee in die Schweiz und nach Deutschland. Presse und Publikum waren von den deutschnational angehauchten St\u00fccken gespielt von kernigen Tiroler Burschen und h\u00fcbschen M\u00e4dchen begeistert. 1910 nahm Exl Abschied vom Dasein als Amateurtruppe und stellte neben einigen Altgedienten vor allem \u201e<em>Stadtleut<\/em>\u201c und professionelle Schauspieler an.<\/p>\n<p>Der Erste Weltkrieg und die damit einhergehenden Reisebeschr\u00e4nkungen bremste weitere Tourneen aber aus. Die Truppe wurde Teil des <em>Innsbrucker Stadttheaters<\/em>, dessen Publikum in den harten Zeiten ebenfalls empf\u00e4nglich f\u00fcr die leichtere Kost war. F\u00fcr die B\u00fchnenbilder war unter anderem Ernst Nepo zust\u00e4ndig, ein K\u00fcnstler, der sich durch seine Deutscht\u00fcmelei und einem fr\u00fchen Beitritt zur NSDAP auszeichnete.<\/p>\n<p>Nach den h\u00e4rtesten Nachkriegsjahren ging es wieder bergauf. Ab 1924 bespielte die <em>Exl B\u00fchne<\/em> neben dem Stadttheater im Winter auch das Raimundtheater und das Wiener Kom\u00f6dienhaus regelm\u00e4\u00dfig. Die politischen Entwicklungen der 1930er Jahre kamen dem deutschen Volksgeist, der vielen St\u00fccken innewohnte, die Exl auf die B\u00fchne brachte, sehr zugute. Wie Nepo trat auch er 1933 der in \u00d6sterreich verbotenen NSDAP bei. Ein Jahr sp\u00e4ter plante er die erste Tournee durch das Deutsche Reich. Die von Dollfu\u00df angef\u00fchrte \u00f6sterreichische Regierung untersagte die Auftritte in einem letzten Aufb\u00e4umen gegen die Nationalsozialisten. Erst 1935 konnte die Exl B\u00fchne in Berlin Karl Sch\u00f6nherrs St\u00fcck <em>Glaube und Heimat<\/em> auff\u00fchren. Die <em>Berliner Morgenpost <\/em>vom 4.4.1935 beschrieb das St\u00fcck als \u201e\u2026<em>Kunst, die aus der Tiefe deutschen Volkstums str\u00f6mt und zur\u00fcckflie\u00dft in das Herz ergriffener und dankbarer Zuh\u00f6rer<\/em>\u201c. Nach 1938 bekam Exl auch in Wien medialen R\u00fcckenwind und wurde als \u201e<em>\u2026Gegenpol gegen den v\u00f6llig verjudeten, k\u00fcnstlerisch bolschewisierten\u2026 Theaterbetrieb<\/em>\u201c gefeiert. 1942 verstarb der Gr\u00fcnder der Exl B\u00fchne. Seine Frau und sein Sohn \u00fcbernahmen den Betrieb und wurden nach dem Krieg Teil des Tiroler Landestheaters. In den 1950er gelang in West- und Ostdeutschland noch einmal eine erfolgreiche Tournee, bevor sich die Theatergruppe 1956 aufl\u00f6ste.<\/p>\n<p>Die Zeiten hatten sich ge\u00e4ndert, <em>Cinema killed the Theatre Star<\/em>. Bewegte Bilder in Kinos machten den B\u00fchnen Konkurrenz. Auch diese Entwicklung hatte der gesch\u00e4ftst\u00fcchtige Ferdinand Exl schon fr\u00fch vorhergesehen. 1912 trat sein Ensemble im franz\u00f6sischen Film <em>Speckbacher<\/em> auf, der die Tiroler Erhebung heroisch darstellte. Der erste Kinofilm flimmerte in Innsbruck bereits 1896, nur ein Jahr nach dem ersten Lichtspiel weltweit \u00fcberhaupt, vor einem faszinierten Publikum \u00fcber die Leinwand im Stadtsaal. Das Kino wurde schnell Teil des Alltags vieler Menschen. Neben Stummfilmen zeigte man dem Publikum vor allem w\u00e4hrend des Krieges propagandistisch genehme Nachrichten. Wie Pilze schossen Kinos in den folgenden Jahrzehnten aus dem Boden. 1909 \u00f6ffnete ein Lichtspielhaus in der Maria-Theresien-Stra\u00dfe 10, das sp\u00e4ter als <em>Zentral<\/em> in die Maria-Theresien-Stra\u00dfe 37 \u00fcbersiedelte. Nach dem Krieg wurde es zum <em>Nonstop Kino<\/em>, in dem man sein Ticket f\u00fcr einen Durchlauf von Nachrichten, Zeichentrick, Werbung und Spielfilmen bezahlte, der sich st\u00e4ndig wiederholte. 1928 er\u00f6ffnete das Rote Kreuz die Kammer Lichtspiele in der Wilhelm-Greilstra\u00dfe, um das neue Vereinsheim zu finanzieren. In der Maria-Theresien-Stra\u00dfe 17 war das Triumph ans\u00e4ssig, das sich als Central bis in die 1990er Jahre halten konnte. Dreiheiligen beherbergte das Forum Kino, wo heute das Jugendheim Z6 ist. 1933 er\u00f6ffnete in der H\u00f6ttinger Gasse das <em>L\u00f6wenkino<\/em>, das 1959 als Metropol ins denkmalgesch\u00fctzte <em>Malfattihaus<\/em> gegen\u00fcber der Innbr\u00fccke zog, wo es bis heute besteht. In der Endphase des Zweiten Weltkrieges \u00f6ffnete mit den <em>Laurin Lichtspielen<\/em> Innsbrucks gr\u00f6\u00dfter Kinosaal inmitten der S\u00fcdtiroler Siedlung in der Gumppstra\u00dfe seine Pforten. Robert und Walter Kinigadner, zwei S\u00fcdtiroler Optanten, die bereits in Brixen Erfahrung in der Kinobranche gesammelt hatten, \u00fcbernahmen den Betrieb des 800 Zuschauer fassenden Saales. Harmlose Heimatfilme wechselten sich mit NS-Propaganda ab. Auch die <em>Exl-B\u00fchne<\/em> nutzte das Laurin, das bis in die 1970er Jahre als Kino fungierte, f\u00fcr Theatervorstellungen. Heute befindet sich hinter den S\u00e4ulen am ehemals pomp\u00f6sen Eingang ein Supermarkt. An der Wand \u00fcber dem Kassenbereich kann man noch die Wandmalereien rund um die Legende vom sagenhaften Zwergenk\u00f6nig Laurin und dem deutschen Helden Dietrich von Bern in der typischen Optik nationalsozialistischer Kunst sehen. 1958 er\u00f6ffnete in den R\u00e4umlichkeiten des ehemaligen Katholischen Arbeitervereins Innsbruck das <em>Leokino<\/em>, das bis heute in Betrieb und fixer Bestandteil der Innsbruck Filmszene ist.<\/p>\n<p>F\u00fcr eine kurze Zeit koexistierten Kino und Theater, bevor das Kino die Oberhand \u00fcbernahm. Auf ihrem H\u00f6hepunkt 1958 z\u00e4hlten Innsbrucks Lichtspielh\u00e4user unfassbare 3.5 Millionen verkaufter Eintrittskarten. Dann \u00fcbernahm der Fernseher im eigenen Wohnzimmer nach und nach Information und Abendunterhaltung. Das Kino \u00fcbernahm neben der Unterhaltung auch in der sexuellen Aufkl\u00e4rung eine Rolle. In den 1970ern flimmerten erstmals nackte Br\u00fcste \u00fcber die Leinw\u00e4nde. Filme wie der Schulm\u00e4dchenreport oder Josefine Mutzenbacher brachten die sexuelle Revolution auch den Tirolern ein klein wenig n\u00e4her.<\/p>\n<p>Als der <em>\u00d6sterreichische Rundfunk<\/em> 1955 seinen Dienst antrat, hatte noch kaum jemand ein Endger\u00e4t, um das d\u00fcrftige Programm zu empfangen. Das sollte sich rasch \u00e4ndern. In Innsbruck gibt es mit dem <em>Metropol<\/em> an der Innbr\u00fccke und dem um die Jahrtausendwende errichteten <em>Cineplexx<\/em> in Wilten noch zwei gro\u00dfe Player. <em>Cinematograph<\/em> und<em> Leokino<\/em> richten sich abseits der Blockbuster an ein alternatives Publikum. Im August findet im Zeughaus das Open Air Kino statt. Von den Bauerntheatern konnte sich die Pradler Truppe bis heute halten, wenn auch unter neuem Namen. Sie fanden 1958 eine neue Heimat im Kulturgasthaus Bierstindl. Die Laientruppe <em>Innsbrucker Ritterspiele<\/em> erfreut sich bis heute gr\u00f6\u00dfter Beliebtheit und voller R\u00e4nge. Das St\u00fcck <em>Der Schurkische Kuno von Drachenfels<\/em> belebt allj\u00e4hrlich die Tradition vergangener Jahrhunderte samt Wiederholung der K\u00f6pfungsszene und humorvoller Interaktion mit dem Publikum. An Ferdinand Exl erinnert eine Stra\u00dfe im Stadtteil H\u00f6ttinger Au. Das Landhaus Alpenheim im Saggen, heute besser bekannt als Villa Exl, in dem die Familie ihren Wohnsitz hatte, ist ein sehenswertes Geb\u00e4ude im Tiroler Heimatstil mit Malereien Raphael Thalers.<\/p>\n<p>[\/et_pb_toggle][\/et_pb_column][\/et_pb_section]<\/p>\n","protected":false},"excerpt":{"rendered":"<p>Falkstrasse \/ Saggen<\/p>","protected":false},"author":1,"featured_media":56163,"comment_status":"open","ping_status":"closed","sticky":false,"template":"","format":"standard","meta":{"_et_pb_use_builder":"on","_et_pb_old_content":"","_et_gb_content_width":"","wds_primary_category":0,"footnotes":""},"categories":[61,81,26,165,23,54],"tags":[],"class_list":["post-67466","post","type-post","status-publish","format-standard","has-post-thumbnail","hentry","category-das-jahr-1848-und-die-industrialisierung","category-eduard-klingler-der-baumeister-der-erweiterung","category-saggen","category-theater-bauernbuhnen-kinos-und-kuno","category-top-10","category-wilhelm-greil-der-buergermeister-innsbrucks"],"_links":{"self":[{"href":"https:\/\/www.discover-innsbruck.at\/en\/wp-json\/wp\/v2\/posts\/67466","targetHints":{"allow":["GET"]}}],"collection":[{"href":"https:\/\/www.discover-innsbruck.at\/en\/wp-json\/wp\/v2\/posts"}],"about":[{"href":"https:\/\/www.discover-innsbruck.at\/en\/wp-json\/wp\/v2\/types\/post"}],"author":[{"embeddable":true,"href":"https:\/\/www.discover-innsbruck.at\/en\/wp-json\/wp\/v2\/users\/1"}],"replies":[{"embeddable":true,"href":"https:\/\/www.discover-innsbruck.at\/en\/wp-json\/wp\/v2\/comments?post=67466"}],"version-history":[{"count":0,"href":"https:\/\/www.discover-innsbruck.at\/en\/wp-json\/wp\/v2\/posts\/67466\/revisions"}],"wp:featuredmedia":[{"embeddable":true,"href":"https:\/\/www.discover-innsbruck.at\/en\/wp-json\/wp\/v2\/media\/56163"}],"wp:attachment":[{"href":"https:\/\/www.discover-innsbruck.at\/en\/wp-json\/wp\/v2\/media?parent=67466"}],"wp:term":[{"taxonomy":"category","embeddable":true,"href":"https:\/\/www.discover-innsbruck.at\/en\/wp-json\/wp\/v2\/categories?post=67466"},{"taxonomy":"post_tag","embeddable":true,"href":"https:\/\/www.discover-innsbruck.at\/en\/wp-json\/wp\/v2\/tags?post=67466"}],"curies":[{"name":"wp","href":"https:\/\/api.w.org\/{rel}","templated":true}]}}