{"id":67756,"date":"1945-12-19T15:29:14","date_gmt":"1945-12-19T15:29:14","guid":{"rendered":"https:\/\/www.discover-innsbruck.at\/?p=67756"},"modified":"2025-10-28T15:34:57","modified_gmt":"2025-10-28T15:34:57","slug":"ein-neues-alt-innsbrucker-buch","status":"publish","type":"post","link":"https:\/\/www.discover-innsbruck.at\/en\/ein-neues-alt-innsbrucker-buch\/","title":{"rendered":"A new old Innsbruck book"},"content":{"rendered":"<p>[et_pb_section fb_built=&#8220;1&#8243; specialty=&#8220;on&#8220; _builder_version=&#8220;4.24.3&#8243; _module_preset=&#8220;default&#8220; global_colors_info=&#8220;{}&#8220; theme_builder_area=&#8220;post_content&#8220;][et_pb_column type=&#8220;1_2&#8243; specialty_columns=&#8220;2&#8243; _builder_version=&#8220;4.16&#8243; custom_padding=&#8220;|||&#8220; global_colors_info=&#8220;{}&#8220; custom_padding__hover=&#8220;|||&#8220; theme_builder_area=&#8220;post_content&#8220;][et_pb_row_inner _builder_version=&#8220;4.16&#8243; _module_preset=&#8220;default&#8220; global_colors_info=&#8220;{}&#8220; theme_builder_area=&#8220;post_content&#8220;][et_pb_column_inner saved_specialty_column_type=&#8220;1_2&#8243; _builder_version=&#8220;4.16&#8243; _module_preset=&#8220;default&#8220; global_colors_info=&#8220;{}&#8220; theme_builder_area=&#8220;post_content&#8220;][et_pb_text admin_label=&#8220;Titel und Adresse&#8220; _builder_version=&#8220;4.27.4&#8243; text_text_color=&#8220;#000000&#8243; header_font=&#8220;|on|||&#8220; header_text_align=&#8220;center&#8220; header_text_color=&#8220;#e09900&#8243; header_font_size=&#8220;42px&#8220; header_line_height=&#8220;1.3em&#8220; header_2_text_color=&#8220;#e09900&#8243; background_color=&#8220;rgba(255,255,255,0.8)&#8220; background_layout=&#8220;dark&#8220; custom_padding=&#8220;20px|20px|20px|20px|true|true&#8220; hover_enabled=&#8220;0&#8243; header_font_size_last_edited=&#8220;off|desktop&#8220; border_radii=&#8220;on|10px|10px|10px|10px&#8220; box_shadow_style=&#8220;preset1&#8243; locked=&#8220;off&#8220; global_colors_info=&#8220;{}&#8220; theme_builder_area=&#8220;post_content&#8220; sticky_enabled=&#8220;0&#8243;]<\/p>\n<h2>Ein neues Alt-Innsbrucker-Buch<\/h2>\n<p>Zur Buchausgabe von <strong>Heinrich Hammers<\/strong> ausgew\u00e4hlten Aufs\u00e4tzen<\/p>\n<p>Erschienen: Innsbrucker Nachrichten \/ 19. Dezember 1942<\/p>\n<p>[\/et_pb_text][et_pb_toggle title=&#8220;\u00dcber diesen Text&#8230;&#8220; open_toggle_text_color=&#8220;#e09900&#8243; open_toggle_background_color=&#8220;#ffffff&#8220; closed_toggle_text_color=&#8220;#e09900&#8243; closed_toggle_background_color=&#8220;#ffffff&#8220; icon_color=&#8220;#e09900&#8243; open_icon_color=&#8220;#e09900&#8243; admin_label=&#8220;\u00dcber diesen Text&#8220; _builder_version=&#8220;4.27.4&#8243; _module_preset=&#8220;default&#8220; title_text_color=&#8220;#e09900&#8243; title_font_size=&#8220;18px&#8220; hover_enabled=&#8220;0&#8243; border_radii=&#8220;on|5px|5px|5px|5px&#8220; box_shadow_style=&#8220;preset1&#8243; global_colors_info=&#8220;{}&#8220; theme_builder_area=&#8220;post_content&#8220; sticky_enabled=&#8220;0&#8243;]<\/p>\n<p>Das Buch des heimischen Kunsthistorikers Dr. Heinrich Hammer traf den Gusto des nationalsozialistischen Regimes.<\/p>\n<p>[\/et_pb_toggle][\/et_pb_column_inner][\/et_pb_row_inner][\/et_pb_column][et_pb_column type=&#8220;1_2&#8243; _builder_version=&#8220;4.16&#8243; custom_padding=&#8220;|||&#8220; global_colors_info=&#8220;{}&#8220; custom_padding__hover=&#8220;|||&#8220; theme_builder_area=&#8220;post_content&#8220;][et_pb_toggle title=&#8220;Der Artikel&#8220; open=&#8220;on&#8220; open_toggle_text_color=&#8220;#e09900&#8243; open_toggle_background_color=&#8220;#ffffff&#8220; closed_toggle_text_color=&#8220;#e09900&#8243; closed_toggle_background_color=&#8220;#ffffff&#8220; icon_color=&#8220;#e09900&#8243; open_icon_color=&#8220;#e09900&#8243; admin_label=&#8220;Ein neues Alt-Innsbrucker-Buch&#8220; _builder_version=&#8220;4.27.4&#8243; _module_preset=&#8220;default&#8220; title_text_color=&#8220;#e09900&#8243; title_font_size=&#8220;18px&#8220; hover_enabled=&#8220;0&#8243; border_radii=&#8220;on|5px|5px|5px|5px&#8220; box_shadow_style=&#8220;preset1&#8243; global_colors_info=&#8220;{}&#8220; theme_builder_area=&#8220;post_content&#8220; sticky_enabled=&#8220;0&#8243; global_module=&#8220;67759&#8243; saved_tabs=&#8220;all&#8220;]<\/p>\n<p>Als vor rund einem Jahrzehnt <strong>Hans Schmid<\/strong>\u2019s \u201eInnsbruck\u201c erschien, wurde die st\u00e4dtische Heimatkunde von allen Freunden unserer alten Stadt mit Freude begr\u00fc\u00dft, denn es bot in seiner Mischung von wissenschaftlichem Element und eigenartigem Erz\u00e4hlungsduktus ein Bild, das das Wissen um Alt-Innsbruck in ansprechender Form darbot.<\/p>\n<p>Ein \u00e4hnliches Werk ist nun von <strong>Heinrich Hammer<\/strong> erschienen, der sich seit Jahrzehnten als unerm\u00fcdlicher Forscher und Schilderer Innsbrucks und seiner Umgebung bet\u00e4tigt. Das Buch enth\u00e4lt eine Auswahl von Hammers Aufs\u00e4tzen aus den letzten Jahrzehnten, die in verschiedenen Zeitschriften und Jahrb\u00fcchern erschienen sind.<\/p>\n<p>Es liegt wieder der Schwerpunkt auf der Baugeschichte Innsbrucks, auf der Entwicklung seiner Stra\u00dfen und Pl\u00e4tze, seiner H\u00e4user und seiner Kunstdenkm\u00e4ler. Hammer versteht es, die trockene Materie der Baugeschichte mit Leben zu erf\u00fcllen, indem er die Menschen, die hinter den Bauten stehen, die Meister und ihre Auftraggeber, die Zeitverh\u00e4ltnisse und die st\u00e4dtische Entwicklung in den Zusammenhang stellt.<\/p>\n<p>Die Aufs\u00e4tze sind nach Themen geordnet:<\/p>\n<ul>\n<li>Die Geschichte der Stadtbefestigung<\/li>\n<li>Die Entwicklung der Stadterweiterung<\/li>\n<li>Die Baugeschichte einzelner bedeutender Geb\u00e4ude<\/li>\n<li>Die kunsthistorische Bedeutung der Innsbrucker Kirchen und Profanbauten<\/li>\n<\/ul>\n<p>Besonders hervorzuheben sind die Studien \u00fcber die B\u00fcrgerh\u00e4user Innsbrucks, ihre Fassaden und ihre Innenr\u00e4ume, die in ihrer Eigenart und Sch\u00f6nheit ein Spiegel der Kultur vergangener Jahrhunderte sind.<\/p>\n<p>Hammer hat auch die Baugeschichte der Hofkirche und des Goldenen Dachls behandelt, ebenso die Entwicklung der Maria-Theresien-Stra\u00dfe und die Ver\u00e4nderungen im Stadtbild seit dem 18. Jahrhundert.<\/p>\n<p>\u00dcber drei Jahrzehnte hinweg hat <strong>Heinrich Hammer<\/strong> diese Forschungen betrieben, und das vorliegende Buch ist eine wertvolle Zusammenfassung seiner Arbeiten. Es ist nicht nur f\u00fcr den Fachmann, sondern auch f\u00fcr den heimatkundlich interessierten Laien von gro\u00dfem Wert.<\/p>\n<p>Das Buch enth\u00e4lt zahlreiche Abbildungen, die die Ausf\u00fchrungen des Verfassers veranschaulichen und dem Leser ein lebendiges Bild von Alt-Innsbruck vermitteln.<\/p>\n<p>[\/et_pb_toggle][\/et_pb_column][\/et_pb_section]<\/p>\n","protected":false},"excerpt":{"rendered":"<p>Innsbrucker Nachrichten \/ 19 December 1942<\/p>","protected":false},"author":1,"featured_media":67760,"comment_status":"open","ping_status":"closed","sticky":false,"template":"","format":"standard","meta":{"_et_pb_use_builder":"on","_et_pb_old_content":"","_et_gb_content_width":"","wds_primary_category":0,"footnotes":""},"categories":[138,142],"tags":[],"class_list":["post-67756","post","type-post","status-publish","format-standard","has-post-thumbnail","hentry","category-geschichte-presse","category-innsbrucker-nachrichten"],"_links":{"self":[{"href":"https:\/\/www.discover-innsbruck.at\/en\/wp-json\/wp\/v2\/posts\/67756","targetHints":{"allow":["GET"]}}],"collection":[{"href":"https:\/\/www.discover-innsbruck.at\/en\/wp-json\/wp\/v2\/posts"}],"about":[{"href":"https:\/\/www.discover-innsbruck.at\/en\/wp-json\/wp\/v2\/types\/post"}],"author":[{"embeddable":true,"href":"https:\/\/www.discover-innsbruck.at\/en\/wp-json\/wp\/v2\/users\/1"}],"replies":[{"embeddable":true,"href":"https:\/\/www.discover-innsbruck.at\/en\/wp-json\/wp\/v2\/comments?post=67756"}],"version-history":[{"count":0,"href":"https:\/\/www.discover-innsbruck.at\/en\/wp-json\/wp\/v2\/posts\/67756\/revisions"}],"wp:featuredmedia":[{"embeddable":true,"href":"https:\/\/www.discover-innsbruck.at\/en\/wp-json\/wp\/v2\/media\/67760"}],"wp:attachment":[{"href":"https:\/\/www.discover-innsbruck.at\/en\/wp-json\/wp\/v2\/media?parent=67756"}],"wp:term":[{"taxonomy":"category","embeddable":true,"href":"https:\/\/www.discover-innsbruck.at\/en\/wp-json\/wp\/v2\/categories?post=67756"},{"taxonomy":"post_tag","embeddable":true,"href":"https:\/\/www.discover-innsbruck.at\/en\/wp-json\/wp\/v2\/tags?post=67756"}],"curies":[{"name":"wp","href":"https:\/\/api.w.org\/{rel}","templated":true}]}}