{"id":68456,"date":"1929-06-10T09:46:14","date_gmt":"1929-06-10T09:46:14","guid":{"rendered":"https:\/\/www.discover-innsbruck.at\/?p=68456"},"modified":"2025-11-20T09:57:00","modified_gmt":"2025-11-20T09:57:00","slug":"die-eroffnung-des-innsbrucker-hallenschwimmbads","status":"publish","type":"post","link":"https:\/\/www.discover-innsbruck.at\/en\/die-eroffnung-des-innsbrucker-hallenschwimmbads\/","title":{"rendered":"Die Er\u00f6ffnung des Innsbrucker Hallenschwimmbads"},"content":{"rendered":"<p>[et_pb_section fb_built=&#8220;1&#8243; specialty=&#8220;on&#8220; _builder_version=&#8220;4.24.3&#8243; _module_preset=&#8220;default&#8220; global_colors_info=&#8220;{}&#8220;][et_pb_column type=&#8220;1_2&#8243; specialty_columns=&#8220;2&#8243; _builder_version=&#8220;4.16&#8243; custom_padding=&#8220;|||&#8220; global_colors_info=&#8220;{}&#8220; custom_padding__hover=&#8220;|||&#8220;][et_pb_row_inner _builder_version=&#8220;4.16&#8243; _module_preset=&#8220;default&#8220; global_colors_info=&#8220;{}&#8220;][et_pb_column_inner saved_specialty_column_type=&#8220;1_2&#8243; _builder_version=&#8220;4.16&#8243; _module_preset=&#8220;default&#8220; global_colors_info=&#8220;{}&#8220;][et_pb_text admin_label=&#8220;Titel und Adresse&#8220; _builder_version=&#8220;4.27.4&#8243; text_text_color=&#8220;#000000&#8243; header_font=&#8220;|on|||&#8220; header_text_align=&#8220;center&#8220; header_text_color=&#8220;#e09900&#8243; header_font_size=&#8220;42px&#8220; header_line_height=&#8220;1.3em&#8220; header_2_text_color=&#8220;#e09900&#8243; background_color=&#8220;rgba(255,255,255,0.8)&#8220; background_layout=&#8220;dark&#8220; custom_padding=&#8220;20px|20px|20px|20px|true|true&#8220; header_font_size_last_edited=&#8220;off|desktop&#8220; border_radii=&#8220;on|10px|10px|10px|10px&#8220; box_shadow_style=&#8220;preset1&#8243; locked=&#8220;off&#8220; global_colors_info=&#8220;{}&#8220;]<\/p>\n<h2>Die Er\u00f6ffnung des Innsbrucker Hallenschwimmbades<\/h2>\n<p>Erschienen: Innsbrucker Nachrichten \/ 10. Juni 1929<\/p>\n<p>[\/et_pb_text][et_pb_toggle title=&#8220;\u00dcber diesen Text&#8230;&#8220; open_toggle_text_color=&#8220;#e09900&#8243; open_toggle_background_color=&#8220;#ffffff&#8220; closed_toggle_text_color=&#8220;#e09900&#8243; closed_toggle_background_color=&#8220;#ffffff&#8220; icon_color=&#8220;#e09900&#8243; open_icon_color=&#8220;#e09900&#8243; admin_label=&#8220;\u00dcber diesen Text&#8220; _builder_version=&#8220;4.27.4&#8243; _module_preset=&#8220;default&#8220; title_text_color=&#8220;#e09900&#8243; title_font_size=&#8220;18px&#8220; border_radii=&#8220;on|5px|5px|5px|5px&#8220; box_shadow_style=&#8220;preset1&#8243; global_colors_info=&#8220;{}&#8220;]<\/p>\n<p>Endlich war es da, das lang ersehnte und falsch kalkulierte Hallenbad in Pradl. Die vorangegangenen Diskussionen zwischen der Redaktion der Innsbrucker Nachrichten und dem St\u00e4dtischen Bauamt erinnern an Gro\u00dfprojekte des 21. Jahrhunderts wie dem Haus der Musik, der neuen Berg Isel Schanze, der Nordkettenbahn und dem Patscherkofel. Am Ende zeigte man sich aber sichtlich zufrieden mit dem Ergebnis, das sich bis heute sehen lassen kann.\u00a0<\/p>\n<p>[\/et_pb_toggle][\/et_pb_column_inner][\/et_pb_row_inner][\/et_pb_column][et_pb_column type=&#8220;1_2&#8243; _builder_version=&#8220;4.16&#8243; custom_padding=&#8220;|||&#8220; global_colors_info=&#8220;{}&#8220; custom_padding__hover=&#8220;|||&#8220;][et_pb_toggle title=&#8220;Der Artikel&#8220; open=&#8220;on&#8220; open_toggle_text_color=&#8220;#e09900&#8243; open_toggle_background_color=&#8220;#ffffff&#8220; closed_toggle_text_color=&#8220;#e09900&#8243; closed_toggle_background_color=&#8220;#ffffff&#8220; icon_color=&#8220;#e09900&#8243; open_icon_color=&#8220;#e09900&#8243; admin_label=&#8220;Die Er\u00f6ffnung des Innsbrucker Hallenschwimmbades&#8220; _builder_version=&#8220;4.27.4&#8243; _module_preset=&#8220;default&#8220; title_text_color=&#8220;#e09900&#8243; title_font_size=&#8220;18px&#8220; hover_enabled=&#8220;0&#8243; border_radii=&#8220;on|5px|5px|5px|5px&#8220; box_shadow_style=&#8220;preset1&#8243; global_module=&#8220;68453&#8243; saved_tabs=&#8220;all&#8220; global_colors_info=&#8220;{}&#8220; sticky_enabled=&#8220;0&#8243;]<\/p>\n<p>Wie uns das Direktorat des st\u00e4dtischen Gaswerkes mitteilt, wird das neue Hallenschwimmbad am Sonntag, den 22. November, vormittags 11 Uhr, feierlich er\u00f6ffnet werden.<\/p>\n<p>Das Schwimmhalle ist mit einem Umstand, der f\u00fcr die Stadt Innsbruck von gro\u00dfer Bedeutung ist, ausgestattet: Es ist das erste Hallenschwimmbad Tirols und wird nicht nur den Sportfreunden, sondern auch der gesamten Bev\u00f6lkerung zur Verf\u00fcgung stehen.<\/p>\n<p>Die Anlage umfasst ein gro\u00dfes Schwimmbecken von 25 Meter L\u00e4nge und 12 Meter Breite, ferner ein kleineres Becken f\u00fcr Nichtschwimmer, sowie Duschen und Umkleider\u00e4ume. Die Wasseraufbereitung erfolgt nach den modernsten hygienischen Grunds\u00e4tzen.<\/p>\n<p>Die Er\u00f6ffnung wird in Anwesenheit zahlreicher Vertreter der Stadtverwaltung und der Sportvereine stattfinden. Nach der offiziellen Begr\u00fc\u00dfung durch den B\u00fcrgermeister wird das Bad der Ben\u00fctzung \u00fcbergeben.<\/p>\n<p>Die Eintrittspreise sind so bemessen, dass jedermann Gelegenheit hat, die neue Einrichtung zu ben\u00fctzen. F\u00fcr Sch\u00fcler und Jugendliche sind erm\u00e4\u00dfigte Tarife vorgesehen.<\/p>\n<hr \/>\n<p><strong>Das Schwimmhalle ist mit einer Umw\u00e4lzanlage versehen, die eine st\u00e4ndige Reinigung und Erneuerung des Wassers gew\u00e4hrleistet. Die Temperatur des Wassers wird durch eine besondere Heizvorrichtung auf angenehme W\u00e4rme gebracht.<\/strong><\/p>\n<p>Die Baukosten f\u00fcr das Hallenschwimmbad belaufen sich auf rund 450.000 Schilling. Die Stadt Innsbruck hat damit eine Einrichtung geschaffen, die nicht nur dem Sport, sondern auch der Volksgesundheit dient.<\/p>\n<p>Die \u00d6ffnungszeiten sind so festgelegt, dass sowohl Berufst\u00e4tige als auch Sch\u00fcler und Studenten Gelegenheit zum Besuch haben. An bestimmten Tagen sind Stunden f\u00fcr den Schulunterricht im Schwimmen vorgesehen.<\/p>\n<p>Die Schwimmhalle ist mit einer Trib\u00fcne ausgestattet, die den Besuchern Gelegenheit gibt, die Wettk\u00e4mpfe zu verfolgen. Es ist vorgesehen, dass in der Halle auch Schwimmkurse und Wettk\u00e4mpfe stattfinden.<\/p>\n<p>Das neue Hallenschwimmbad bedeutet f\u00fcr Innsbruck einen gro\u00dfen Fortschritt. Es wird nicht nur den Schwimmsport f\u00f6rdern, sondern auch zur Hebung der allgemeinen K\u00f6rperkultur beitragen. Die Stadtverwaltung hofft, dass die Bev\u00f6lkerung von dieser neuen Einrichtung regen Gebrauch machen wird.<\/p>\n<h3><strong>Die Preise<\/strong><\/h3>\n<p>Hauptbad: Die Eintrittspreise sind wie folgt:<\/p>\n<ul>\n<li>Erwachsene: 1 Schilling<\/li>\n<li>Kinder unter 14 Jahren: 60 Groschen<\/li>\n<li>Sch\u00fcler und Jugendliche: 80 Groschen<\/li>\n<\/ul>\n<p>F\u00fcr die Ben\u00fctzung der Warmwasserduschen wird ein Zuschlag von 20 Groschen erhoben.<br \/>Monatskarten f\u00fcr Erwachsene kosten 16 Schilling, f\u00fcr Sch\u00fcler und Jugendliche 10 Schilling.<br \/>Die Familienkarten sind besonders g\u00fcnstig bemessen.<\/p>\n<p>[\/et_pb_toggle][\/et_pb_column][\/et_pb_section]<\/p>\n","protected":false},"excerpt":{"rendered":"<p>Innsbrucker Nachrichten \/ 10. Juni 1929<\/p>","protected":false},"author":1,"featured_media":0,"comment_status":"open","ping_status":"closed","sticky":false,"template":"","format":"standard","meta":{"_et_pb_use_builder":"on","_et_pb_old_content":"","_et_gb_content_width":"","wds_primary_category":0,"footnotes":""},"categories":[138,142],"tags":[],"class_list":["post-68456","post","type-post","status-publish","format-standard","hentry","category-geschichte-presse","category-innsbrucker-nachrichten"],"_links":{"self":[{"href":"https:\/\/www.discover-innsbruck.at\/en\/wp-json\/wp\/v2\/posts\/68456","targetHints":{"allow":["GET"]}}],"collection":[{"href":"https:\/\/www.discover-innsbruck.at\/en\/wp-json\/wp\/v2\/posts"}],"about":[{"href":"https:\/\/www.discover-innsbruck.at\/en\/wp-json\/wp\/v2\/types\/post"}],"author":[{"embeddable":true,"href":"https:\/\/www.discover-innsbruck.at\/en\/wp-json\/wp\/v2\/users\/1"}],"replies":[{"embeddable":true,"href":"https:\/\/www.discover-innsbruck.at\/en\/wp-json\/wp\/v2\/comments?post=68456"}],"version-history":[{"count":0,"href":"https:\/\/www.discover-innsbruck.at\/en\/wp-json\/wp\/v2\/posts\/68456\/revisions"}],"wp:attachment":[{"href":"https:\/\/www.discover-innsbruck.at\/en\/wp-json\/wp\/v2\/media?parent=68456"}],"wp:term":[{"taxonomy":"category","embeddable":true,"href":"https:\/\/www.discover-innsbruck.at\/en\/wp-json\/wp\/v2\/categories?post=68456"},{"taxonomy":"post_tag","embeddable":true,"href":"https:\/\/www.discover-innsbruck.at\/en\/wp-json\/wp\/v2\/tags?post=68456"}],"curies":[{"name":"wp","href":"https:\/\/api.w.org\/{rel}","templated":true}]}}